{"id":1556,"date":"2021-04-23T23:28:22","date_gmt":"2021-04-24T02:28:22","guid":{"rendered":"https:\/\/elcanillita.info\/press\/?p=1556"},"modified":"2021-04-23T23:44:04","modified_gmt":"2021-04-24T02:44:04","slug":"ue-cierra-acuerdo-vacunas-pfizer-biontech","status":"publish","type":"post","link":"https:\/\/elcanillita.info\/press\/2021\/04\/23\/ue-cierra-acuerdo-vacunas-pfizer-biontech\/","title":{"rendered":"La UE cierra el mayor acuerdo de vacunas del mundo con Pfizer y BioNTech"},"content":{"rendered":"\n<div class=\"wp-block-image\"><figure class=\"aligncenter size-large\"><img loading=\"lazy\" decoding=\"async\" width=\"600\" height=\"375\" src=\"https:\/\/elcanillita.info\/press\/images\/2021\/04\/Pressue.jpg\" alt=\"\" class=\"wp-image-1558\" srcset=\"https:\/\/elcanillita.info\/press\/images\/2021\/04\/Pressue.jpg 600w, https:\/\/elcanillita.info\/press\/images\/2021\/04\/Pressue-300x188.jpg 300w\" sizes=\"auto, (max-width: 600px) 100vw, 600px\" \/><figcaption><strong><small>La presidente de la Comisi\u00f3n Europea, Ursula von der Leyen, visitando la f\u00e1brica de Pfizer en la localidad belga de Puurs el 23 de abril<\/small><\/strong><\/figcaption><\/figure><\/div>\n\n\n\n<p> La noticia llega mientras la OMS advierte que los pa\u00edses m\u00e1s pobres se est\u00e1n quedando atr\u00e1s en la carrera de la inoculaci\u00f3n<\/p>\n\n\n\n<p>La Comisi\u00f3n Europea ha declarado que espera sellar en unos d\u00edas el mayor acuerdo de suministro de vacunas del mundo, comprando hasta 1.800 millones de dosis de la vacuna Covid-19 de Pfizer para los pr\u00f3ximos a\u00f1os.<\/p>\n\n\n\n<p>La noticia llega cuando la Organizaci\u00f3n Mundial de la Salud ha advertido que las vacunas siguen estando fuera del alcance de las personas m\u00e1s pobres del mundo.<\/p>\n\n\n\n<p>Las vacunas de la farmac\u00e9utica estadounidense y de su socio alem\u00e1n BioNTech se suministrar\u00e1n a lo largo de 2021-2023, seg\u00fan declar\u00f3 la Presidente de la Comisi\u00f3n, Ursula von der Leyen, durante una visita a la f\u00e1brica de vacunas de Pfizer en Puurs (B\u00e9lgica).<\/p>\n\n\n\n<p>El acuerdo ser\u00eda suficiente para inocular a los 450 millones de habitantes de la UE durante dos a\u00f1os y llega en un momento en que el bloque busca reforzar el suministro a largo plazo.<\/p>\n\n\n\n<p>Este es el tercer contrato acordado por el bloque con las dos empresas, que ya han pactado suministrar 600 millones de dosis de la vacuna de dos unidades este a\u00f1o, en virtud de dos contratos anteriores.<\/p>\n\n\n\n<p>La jefa de la Comisi\u00f3n Europea, Ursula von der Leyen, declar\u00f3 el viernes que la Uni\u00f3n Europea tendr\u00e1 dosis suficientes para inocular al menos al 70% de los adultos de la UE a finales de julio.<\/p>\n\n\n\n<p>La jefa de la UE hab\u00eda fijado previamente el objetivo para finales de septiembre.<\/p>\n\n\n\n<p>El anuncio se produce en un momento en el que la Comisi\u00f3n pretende romper sus relaciones con AstraZeneca, despu\u00e9s de que la farmac\u00e9utica redujera sus objetivos de suministro por problemas de producci\u00f3n.<\/p>\n\n\n\n<p>El viernes dijo que a\u00fan estaba decidiendo si emprender\u00eda acciones legales contra la farmac\u00e9utica brit\u00e1nico-sueca.<\/p>\n\n\n\n<p>Un funcionario de la UE dijo que el acuerdo de suministro se hab\u00eda acordado en principio, pero que ambas partes necesitaban unos d\u00edas para concretar los t\u00e9rminos finales.<\/p>\n\n\n\n<p>&#8220;Lo concluiremos en los pr\u00f3ximos d\u00edas. Garantizar\u00e1 las dosis necesarias para administrar vacunas de refuerzo para aumentar la inmunidad&#8221;, dijo la Sra. von der Leyen en una reuni\u00f3n informativa en la f\u00e1brica de Puurs.<\/p>\n\n\n\n<p>Pfizer se ha esforzado por aumentar la producci\u00f3n en los \u00faltimos meses en sus plantas de Estados Unidos y B\u00e9lgica para satisfacer la creciente demanda.<\/p>\n\n\n\n<p>El director general de Pfizer, Albert Bourla, dijo que se espera que Puurs tenga la capacidad de producir m\u00e1s de 100 millones de dosis para mayo.<\/p>\n\n\n\n<p>Por otra parte, el organismo regulador de medicamentos de la UE dijo que hab\u00eda aprobado un aumento del tama\u00f1o de los lotes de las vacunas fabricadas all\u00ed, lo que, seg\u00fan von der Leyen, supondr\u00e1 un incremento del 20% de la producci\u00f3n.<\/p>\n\n\n\n<p>Un funcionario de la empresa dijo que ha exportado unos 300 millones de vacunas a m\u00e1s de 80 pa\u00edses de todo el mundo.<\/p>\n\n\n\n<p>Sin embargo, el acuerdo probablemente agitar\u00e1 el debate sobre la creciente brecha con los pa\u00edses de menores ingresos, ya que las naciones m\u00e1s ricas del mundo se hacen con las reservas y se apresuran a realizar campa\u00f1as de inoculaci\u00f3n.<\/p>\n\n\n\n<p>El viernes, el director general de la Organizaci\u00f3n Mundial de la Salud (OMS), Tedros Adhanom Ghebreyesus, dijo que las vacunas siguen estando fuera del alcance de los pa\u00edses de ingresos m\u00e1s bajos, en comentarios realizados con motivo del primer aniversario del mecanismo de reparto de dosis de COVAX.<\/p>\n\n\n\n<p>&#8220;Se han administrado casi 900 millones de dosis de vacunas en todo el mundo, pero m\u00e1s del 81% han ido a parar a los pa\u00edses de renta alta o media-alta, mientras que los pa\u00edses de renta baja s\u00f3lo han recibido el 0,3%&#8221;, dijo Tedros en relaci\u00f3n con el acelerador ACT (Access to COVID-19 Tools) creado hace un a\u00f1o.<\/p>\n\n\n\n<p>Estados Unidos ha administrado a m\u00e1s del 40% de su poblaci\u00f3n al menos una dosis, mientras que en la India, donde las infecciones han batido r\u00e9cords, solo el 8% ha recibido una primera dosis y muchos pa\u00edses africanos solo el 1%, seg\u00fan un an\u00e1lisis de Reuters.<\/p>\n\n\n\n<p class=\"has-text-align-left\">El presidente franc\u00e9s Emmanuel Macron ha dicho que las cifras son &#8220;inaceptables&#8221;.<br><br><small>Copyright \u00a9 2021 ElCanillita.info &#8211; SalaStampa.Eu \/RMAG\/ PanPress.Eu &#8211; All Rights Reserved<\/small> <\/p>\n","protected":false},"excerpt":{"rendered":"<p>Estados Unidos ha administrado a m\u00e1s del 40% de su poblaci\u00f3n al menos una dosis, mientras que en la India, donde las infecciones han batido r\u00e9cords, solo el 8% ha recibido una primera dosis y muchos pa\u00edses africanos solo el 1%, seg\u00fan un an\u00e1lisis de Reuters.<\/p>\n","protected":false},"author":1,"featured_media":1557,"comment_status":"closed","ping_status":"closed","sticky":false,"template":"","format":"standard","meta":{"footnotes":"","_links_to":"","_links_to_target":""},"categories":[70,24,5,78,25],"tags":[],"class_list":["post-1556","post","type-post","status-publish","format-standard","has-post-thumbnail","hentry","category-actualidad","category-ciencia-tecnologia","category-europa","category-sanidad","category-sociedad","entry","double"],"yoast_head":"<!-- This site is optimized with the Yoast SEO plugin v27.4 - https:\/\/yoast.com\/product\/yoast-seo-wordpress\/ -->\n<title>La UE cierra el mayor acuerdo de vacunas del mundo con Pfizer y BioNTech - ElCanillita.Info<\/title>\n<meta name=\"robots\" content=\"index, follow, max-snippet:-1, max-image-preview:large, max-video-preview:-1\" \/>\n<link rel=\"canonical\" href=\"https:\/\/elcanillita.info\/press\/2021\/04\/23\/ue-cierra-acuerdo-vacunas-pfizer-biontech\/\" \/>\n<meta property=\"og:locale\" content=\"es_ES\" \/>\n<meta property=\"og:type\" content=\"article\" \/>\n<meta property=\"og:title\" content=\"La UE cierra el mayor acuerdo de vacunas del mundo con Pfizer y BioNTech - ElCanillita.Info\" \/>\n<meta property=\"og:description\" content=\"Estados Unidos ha administrado a m\u00e1s del 40% de su poblaci\u00f3n al menos una dosis, mientras que en la India, donde las infecciones han batido r\u00e9cords, solo el 8% ha recibido una primera dosis y muchos pa\u00edses africanos solo el 1%, seg\u00fan un an\u00e1lisis de Reuters.\" \/>\n<meta property=\"og:url\" content=\"https:\/\/elcanillita.info\/press\/2021\/04\/23\/ue-cierra-acuerdo-vacunas-pfizer-biontech\/\" \/>\n<meta property=\"og:site_name\" content=\"ElCanillita.Info\" \/>\n<meta property=\"article:publisher\" content=\"https:\/\/ar-ar.facebook.com\/ElCanillitainfo-114249515285712\/\" \/>\n<meta property=\"article:published_time\" content=\"2021-04-24T02:28:22+00:00\" \/>\n<meta property=\"article:modified_time\" content=\"2021-04-24T02:44:04+00:00\" \/>\n<meta property=\"og:image\" content=\"https:\/\/elcanillita.info\/press\/images\/2021\/04\/covidindia.jpg\" \/>\n\t<meta property=\"og:image:width\" content=\"600\" \/>\n\t<meta property=\"og:image:height\" content=\"375\" \/>\n\t<meta property=\"og:image:type\" content=\"image\/jpeg\" \/>\n<meta name=\"author\" content=\"SalaStampa.eu, world press service\" \/>\n<meta name=\"twitter:card\" content=\"summary_large_image\" \/>\n<meta name=\"twitter:label1\" content=\"Escrito por\" \/>\n\t<meta name=\"twitter:data1\" content=\"SalaStampa.eu, world press service\" \/>\n\t<meta name=\"twitter:label2\" content=\"Tiempo de lectura\" \/>\n\t<meta name=\"twitter:data2\" content=\"4 minutos\" \/>\n<script type=\"application\/ld+json\" class=\"yoast-schema-graph\">{\"@context\":\"https:\\\/\\\/schema.org\",\"@graph\":[{\"@type\":\"Article\",\"@id\":\"https:\\\/\\\/elcanillita.info\\\/press\\\/2021\\\/04\\\/23\\\/ue-cierra-acuerdo-vacunas-pfizer-biontech\\\/#article\",\"isPartOf\":{\"@id\":\"https:\\\/\\\/elcanillita.info\\\/press\\\/2021\\\/04\\\/23\\\/ue-cierra-acuerdo-vacunas-pfizer-biontech\\\/\"},\"author\":{\"name\":\"SalaStampa.eu, world press service\",\"@id\":\"https:\\\/\\\/elcanillita.info\\\/press\\\/#\\\/schema\\\/person\\\/7fcb79f38045700919f7da6d97e71ba0\"},\"headline\":\"La UE cierra el mayor acuerdo de vacunas del mundo con Pfizer y BioNTech\",\"datePublished\":\"2021-04-24T02:28:22+00:00\",\"dateModified\":\"2021-04-24T02:44:04+00:00\",\"mainEntityOfPage\":{\"@id\":\"https:\\\/\\\/elcanillita.info\\\/press\\\/2021\\\/04\\\/23\\\/ue-cierra-acuerdo-vacunas-pfizer-biontech\\\/\"},\"wordCount\":782,\"publisher\":{\"@id\":\"https:\\\/\\\/elcanillita.info\\\/press\\\/#organization\"},\"image\":{\"@id\":\"https:\\\/\\\/elcanillita.info\\\/press\\\/2021\\\/04\\\/23\\\/ue-cierra-acuerdo-vacunas-pfizer-biontech\\\/#primaryimage\"},\"thumbnailUrl\":\"https:\\\/\\\/elcanillita.info\\\/press\\\/images\\\/2021\\\/04\\\/covidindia.jpg\",\"articleSection\":[\"Actualidad\",\"Ciencia y Tecnologia\",\"Europa\",\"Sanidad\",\"Sociedad\"],\"inLanguage\":\"es-AR\"},{\"@type\":\"WebPage\",\"@id\":\"https:\\\/\\\/elcanillita.info\\\/press\\\/2021\\\/04\\\/23\\\/ue-cierra-acuerdo-vacunas-pfizer-biontech\\\/\",\"url\":\"https:\\\/\\\/elcanillita.info\\\/press\\\/2021\\\/04\\\/23\\\/ue-cierra-acuerdo-vacunas-pfizer-biontech\\\/\",\"name\":\"La UE cierra el mayor acuerdo de vacunas del mundo con Pfizer y BioNTech - ElCanillita.Info\",\"isPartOf\":{\"@id\":\"https:\\\/\\\/elcanillita.info\\\/press\\\/#website\"},\"primaryImageOfPage\":{\"@id\":\"https:\\\/\\\/elcanillita.info\\\/press\\\/2021\\\/04\\\/23\\\/ue-cierra-acuerdo-vacunas-pfizer-biontech\\\/#primaryimage\"},\"image\":{\"@id\":\"https:\\\/\\\/elcanillita.info\\\/press\\\/2021\\\/04\\\/23\\\/ue-cierra-acuerdo-vacunas-pfizer-biontech\\\/#primaryimage\"},\"thumbnailUrl\":\"https:\\\/\\\/elcanillita.info\\\/press\\\/images\\\/2021\\\/04\\\/covidindia.jpg\",\"datePublished\":\"2021-04-24T02:28:22+00:00\",\"dateModified\":\"2021-04-24T02:44:04+00:00\",\"inLanguage\":\"es-AR\",\"potentialAction\":[{\"@type\":\"ReadAction\",\"target\":[\"https:\\\/\\\/elcanillita.info\\\/press\\\/2021\\\/04\\\/23\\\/ue-cierra-acuerdo-vacunas-pfizer-biontech\\\/\"]}]},{\"@type\":\"ImageObject\",\"inLanguage\":\"es-AR\",\"@id\":\"https:\\\/\\\/elcanillita.info\\\/press\\\/2021\\\/04\\\/23\\\/ue-cierra-acuerdo-vacunas-pfizer-biontech\\\/#primaryimage\",\"url\":\"https:\\\/\\\/elcanillita.info\\\/press\\\/images\\\/2021\\\/04\\\/covidindia.jpg\",\"contentUrl\":\"https:\\\/\\\/elcanillita.info\\\/press\\\/images\\\/2021\\\/04\\\/covidindia.jpg\",\"width\":600,\"height\":375},{\"@type\":\"WebSite\",\"@id\":\"https:\\\/\\\/elcanillita.info\\\/press\\\/#website\",\"url\":\"https:\\\/\\\/elcanillita.info\\\/press\\\/\",\"name\":\"ElCanillita.Info\",\"description\":\"desde los Apeninos a los Andes\",\"publisher\":{\"@id\":\"https:\\\/\\\/elcanillita.info\\\/press\\\/#organization\"},\"potentialAction\":[{\"@type\":\"SearchAction\",\"target\":{\"@type\":\"EntryPoint\",\"urlTemplate\":\"https:\\\/\\\/elcanillita.info\\\/press\\\/?s={search_term_string}\"},\"query-input\":{\"@type\":\"PropertyValueSpecification\",\"valueRequired\":true,\"valueName\":\"search_term_string\"}}],\"inLanguage\":\"es-AR\"},{\"@type\":\"Organization\",\"@id\":\"https:\\\/\\\/elcanillita.info\\\/press\\\/#organization\",\"name\":\"Guzzo Photos & Graphic Publications\",\"url\":\"https:\\\/\\\/elcanillita.info\\\/press\\\/\",\"logo\":{\"@type\":\"ImageObject\",\"inLanguage\":\"es-AR\",\"@id\":\"https:\\\/\\\/elcanillita.info\\\/press\\\/#\\\/schema\\\/logo\\\/image\\\/\",\"url\":\"https:\\\/\\\/elcanillita.info\\\/press\\\/images\\\/2020\\\/01\\\/cropped-cropped-cropped-elcanillitainfo.png\",\"contentUrl\":\"https:\\\/\\\/elcanillita.info\\\/press\\\/images\\\/2020\\\/01\\\/cropped-cropped-cropped-elcanillitainfo.png\",\"width\":460,\"height\":50,\"caption\":\"Guzzo Photos & Graphic Publications\"},\"image\":{\"@id\":\"https:\\\/\\\/elcanillita.info\\\/press\\\/#\\\/schema\\\/logo\\\/image\\\/\"},\"sameAs\":[\"https:\\\/\\\/ar-ar.facebook.com\\\/ElCanillitainfo-114249515285712\\\/\"]},{\"@type\":\"Person\",\"@id\":\"https:\\\/\\\/elcanillita.info\\\/press\\\/#\\\/schema\\\/person\\\/7fcb79f38045700919f7da6d97e71ba0\",\"name\":\"SalaStampa.eu, world press service\",\"image\":{\"@type\":\"ImageObject\",\"inLanguage\":\"es-AR\",\"@id\":\"https:\\\/\\\/secure.gravatar.com\\\/avatar\\\/c2f0e0d515a107624234994507816ca4724c7199cef73fc8bedebf6931d73888?s=96&d=mm&r=g\",\"url\":\"https:\\\/\\\/secure.gravatar.com\\\/avatar\\\/c2f0e0d515a107624234994507816ca4724c7199cef73fc8bedebf6931d73888?s=96&d=mm&r=g\",\"contentUrl\":\"https:\\\/\\\/secure.gravatar.com\\\/avatar\\\/c2f0e0d515a107624234994507816ca4724c7199cef73fc8bedebf6931d73888?s=96&d=mm&r=g\",\"caption\":\"SalaStampa.eu, world press service\"}}]}<\/script>\n<!-- \/ Yoast SEO plugin. -->","yoast_head_json":{"title":"La UE cierra el mayor acuerdo de vacunas del mundo con Pfizer y BioNTech - ElCanillita.Info","robots":{"index":"index","follow":"follow","max-snippet":"max-snippet:-1","max-image-preview":"max-image-preview:large","max-video-preview":"max-video-preview:-1"},"canonical":"https:\/\/elcanillita.info\/press\/2021\/04\/23\/ue-cierra-acuerdo-vacunas-pfizer-biontech\/","og_locale":"es_ES","og_type":"article","og_title":"La UE cierra el mayor acuerdo de vacunas del mundo con Pfizer y BioNTech - ElCanillita.Info","og_description":"Estados Unidos ha administrado a m\u00e1s del 40% de su poblaci\u00f3n al menos una dosis, mientras que en la India, donde las infecciones han batido r\u00e9cords, solo el 8% ha recibido una primera dosis y muchos pa\u00edses africanos solo el 1%, seg\u00fan un an\u00e1lisis de Reuters.","og_url":"https:\/\/elcanillita.info\/press\/2021\/04\/23\/ue-cierra-acuerdo-vacunas-pfizer-biontech\/","og_site_name":"ElCanillita.Info","article_publisher":"https:\/\/ar-ar.facebook.com\/ElCanillitainfo-114249515285712\/","article_published_time":"2021-04-24T02:28:22+00:00","article_modified_time":"2021-04-24T02:44:04+00:00","og_image":[{"width":600,"height":375,"url":"https:\/\/elcanillita.info\/press\/images\/2021\/04\/covidindia.jpg","type":"image\/jpeg"}],"author":"SalaStampa.eu, world press service","twitter_card":"summary_large_image","twitter_misc":{"Escrito por":"SalaStampa.eu, world press service","Tiempo de lectura":"4 minutos"},"schema":{"@context":"https:\/\/schema.org","@graph":[{"@type":"Article","@id":"https:\/\/elcanillita.info\/press\/2021\/04\/23\/ue-cierra-acuerdo-vacunas-pfizer-biontech\/#article","isPartOf":{"@id":"https:\/\/elcanillita.info\/press\/2021\/04\/23\/ue-cierra-acuerdo-vacunas-pfizer-biontech\/"},"author":{"name":"SalaStampa.eu, world press service","@id":"https:\/\/elcanillita.info\/press\/#\/schema\/person\/7fcb79f38045700919f7da6d97e71ba0"},"headline":"La UE cierra el mayor acuerdo de vacunas del mundo con Pfizer y BioNTech","datePublished":"2021-04-24T02:28:22+00:00","dateModified":"2021-04-24T02:44:04+00:00","mainEntityOfPage":{"@id":"https:\/\/elcanillita.info\/press\/2021\/04\/23\/ue-cierra-acuerdo-vacunas-pfizer-biontech\/"},"wordCount":782,"publisher":{"@id":"https:\/\/elcanillita.info\/press\/#organization"},"image":{"@id":"https:\/\/elcanillita.info\/press\/2021\/04\/23\/ue-cierra-acuerdo-vacunas-pfizer-biontech\/#primaryimage"},"thumbnailUrl":"https:\/\/elcanillita.info\/press\/images\/2021\/04\/covidindia.jpg","articleSection":["Actualidad","Ciencia y Tecnologia","Europa","Sanidad","Sociedad"],"inLanguage":"es-AR"},{"@type":"WebPage","@id":"https:\/\/elcanillita.info\/press\/2021\/04\/23\/ue-cierra-acuerdo-vacunas-pfizer-biontech\/","url":"https:\/\/elcanillita.info\/press\/2021\/04\/23\/ue-cierra-acuerdo-vacunas-pfizer-biontech\/","name":"La UE cierra el mayor acuerdo de vacunas del mundo con Pfizer y BioNTech - ElCanillita.Info","isPartOf":{"@id":"https:\/\/elcanillita.info\/press\/#website"},"primaryImageOfPage":{"@id":"https:\/\/elcanillita.info\/press\/2021\/04\/23\/ue-cierra-acuerdo-vacunas-pfizer-biontech\/#primaryimage"},"image":{"@id":"https:\/\/elcanillita.info\/press\/2021\/04\/23\/ue-cierra-acuerdo-vacunas-pfizer-biontech\/#primaryimage"},"thumbnailUrl":"https:\/\/elcanillita.info\/press\/images\/2021\/04\/covidindia.jpg","datePublished":"2021-04-24T02:28:22+00:00","dateModified":"2021-04-24T02:44:04+00:00","inLanguage":"es-AR","potentialAction":[{"@type":"ReadAction","target":["https:\/\/elcanillita.info\/press\/2021\/04\/23\/ue-cierra-acuerdo-vacunas-pfizer-biontech\/"]}]},{"@type":"ImageObject","inLanguage":"es-AR","@id":"https:\/\/elcanillita.info\/press\/2021\/04\/23\/ue-cierra-acuerdo-vacunas-pfizer-biontech\/#primaryimage","url":"https:\/\/elcanillita.info\/press\/images\/2021\/04\/covidindia.jpg","contentUrl":"https:\/\/elcanillita.info\/press\/images\/2021\/04\/covidindia.jpg","width":600,"height":375},{"@type":"WebSite","@id":"https:\/\/elcanillita.info\/press\/#website","url":"https:\/\/elcanillita.info\/press\/","name":"ElCanillita.Info","description":"desde los Apeninos a los Andes","publisher":{"@id":"https:\/\/elcanillita.info\/press\/#organization"},"potentialAction":[{"@type":"SearchAction","target":{"@type":"EntryPoint","urlTemplate":"https:\/\/elcanillita.info\/press\/?s={search_term_string}"},"query-input":{"@type":"PropertyValueSpecification","valueRequired":true,"valueName":"search_term_string"}}],"inLanguage":"es-AR"},{"@type":"Organization","@id":"https:\/\/elcanillita.info\/press\/#organization","name":"Guzzo Photos & Graphic Publications","url":"https:\/\/elcanillita.info\/press\/","logo":{"@type":"ImageObject","inLanguage":"es-AR","@id":"https:\/\/elcanillita.info\/press\/#\/schema\/logo\/image\/","url":"https:\/\/elcanillita.info\/press\/images\/2020\/01\/cropped-cropped-cropped-elcanillitainfo.png","contentUrl":"https:\/\/elcanillita.info\/press\/images\/2020\/01\/cropped-cropped-cropped-elcanillitainfo.png","width":460,"height":50,"caption":"Guzzo Photos & Graphic Publications"},"image":{"@id":"https:\/\/elcanillita.info\/press\/#\/schema\/logo\/image\/"},"sameAs":["https:\/\/ar-ar.facebook.com\/ElCanillitainfo-114249515285712\/"]},{"@type":"Person","@id":"https:\/\/elcanillita.info\/press\/#\/schema\/person\/7fcb79f38045700919f7da6d97e71ba0","name":"SalaStampa.eu, world press service","image":{"@type":"ImageObject","inLanguage":"es-AR","@id":"https:\/\/secure.gravatar.com\/avatar\/c2f0e0d515a107624234994507816ca4724c7199cef73fc8bedebf6931d73888?s=96&d=mm&r=g","url":"https:\/\/secure.gravatar.com\/avatar\/c2f0e0d515a107624234994507816ca4724c7199cef73fc8bedebf6931d73888?s=96&d=mm&r=g","contentUrl":"https:\/\/secure.gravatar.com\/avatar\/c2f0e0d515a107624234994507816ca4724c7199cef73fc8bedebf6931d73888?s=96&d=mm&r=g","caption":"SalaStampa.eu, world press service"}}]}},"views":641,"_links":{"self":[{"href":"https:\/\/elcanillita.info\/press\/wp-json\/wp\/v2\/posts\/1556","targetHints":{"allow":["GET"]}}],"collection":[{"href":"https:\/\/elcanillita.info\/press\/wp-json\/wp\/v2\/posts"}],"about":[{"href":"https:\/\/elcanillita.info\/press\/wp-json\/wp\/v2\/types\/post"}],"author":[{"embeddable":true,"href":"https:\/\/elcanillita.info\/press\/wp-json\/wp\/v2\/users\/1"}],"replies":[{"embeddable":true,"href":"https:\/\/elcanillita.info\/press\/wp-json\/wp\/v2\/comments?post=1556"}],"version-history":[{"count":0,"href":"https:\/\/elcanillita.info\/press\/wp-json\/wp\/v2\/posts\/1556\/revisions"}],"wp:featuredmedia":[{"embeddable":true,"href":"https:\/\/elcanillita.info\/press\/wp-json\/wp\/v2\/media\/1557"}],"wp:attachment":[{"href":"https:\/\/elcanillita.info\/press\/wp-json\/wp\/v2\/media?parent=1556"}],"wp:term":[{"taxonomy":"category","embeddable":true,"href":"https:\/\/elcanillita.info\/press\/wp-json\/wp\/v2\/categories?post=1556"},{"taxonomy":"post_tag","embeddable":true,"href":"https:\/\/elcanillita.info\/press\/wp-json\/wp\/v2\/tags?post=1556"}],"curies":[{"name":"wp","href":"https:\/\/api.w.org\/{rel}","templated":true}]}}