{"id":1549,"date":"2021-04-22T17:47:30","date_gmt":"2021-04-22T20:47:30","guid":{"rendered":"https:\/\/elcanillita.info\/press\/?p=1549"},"modified":"2021-04-22T19:25:58","modified_gmt":"2021-04-22T22:25:58","slug":"mario-draghi-apuesta-reactivacion-maltrecha-economia-italiana-221-000-millones-euros","status":"publish","type":"post","link":"https:\/\/elcanillita.info\/press\/2021\/04\/22\/mario-draghi-apuesta-reactivacion-maltrecha-economia-italiana-221-000-millones-euros\/","title":{"rendered":"Mario Draghi apuesta por la reactivaci\u00f3n de la maltrecha econom\u00eda italiana con 221.000 millones de euros"},"content":{"rendered":"\n<div class=\"wp-block-image\"><figure class=\"aligncenter size-large\"><img loading=\"lazy\" decoding=\"async\" width=\"600\" height=\"800\" src=\"https:\/\/elcanillita.info\/press\/images\/2021\/04\/TO_20210421-ed.jpg\" alt=\"\" class=\"wp-image-1554\" srcset=\"https:\/\/elcanillita.info\/press\/images\/2021\/04\/TO_20210421-ed.jpg 600w, https:\/\/elcanillita.info\/press\/images\/2021\/04\/TO_20210421-ed-225x300.jpg 225w\" sizes=\"auto, (max-width: 600px) 100vw, 600px\" \/><figcaption><strong><small>Torino, 21.04.2021 &#8211; lenta recuperaci\u00f3n de la vida en ciudad tras la crisis.<\/small><\/strong><\/figcaption><\/figure><\/div>\n\n\n\n<p>Mario Draghi apuesta por un enorme paquete de est\u00edmulo de 221.000 millones de euros de inversi\u00f3n verde y ferrocarril de alta velocidad para impulsar la recuperaci\u00f3n de Italia tras la crisis.<\/p>\n\n\n\n<p>El ex presidente del Banco Central Europeo -que ahora lidera un gobierno de unidad nacional- est\u00e1 preparado para desvelar los planes la pr\u00f3xima semana, seg\u00fan informa el Financial Times.<\/p>\n\n\n\n<p>El gasto se financiar\u00e1 en su mayor parte con pr\u00e9stamos y subvenciones del Fondo de Recuperaci\u00f3n de la Uni\u00f3n Europea de 750.000 millones de euros, junto con 30.000 millones de euros de fondos propios de Italia.<\/p>\n\n\n\n<p>Los planes de Draghi llegan en un momento en el que el pa\u00eds, una de las peores v\u00edctimas de la pandemia en Europa, trata de acelerar su recuperaci\u00f3n tras la ca\u00edda r\u00e9cord del 8,9% del a\u00f1o pasado.<\/p>\n\n\n\n<p>El grupo de presi\u00f3n empresarial Confindustria espera que la econom\u00eda se recupere a menos de la mitad de ese ritmo este a\u00f1o y prev\u00e9 que &#8220;apenas superar\u00e1 la brecha&#8221; a finales del pr\u00f3ximo a\u00f1o.<\/p>\n\n\n\n<p>Adem\u00e1s del gasto en infraestructuras, Draghi tambi\u00e9n tiene como objetivo la modernizaci\u00f3n del Estado italiano mediante una mayor digitalizaci\u00f3n, as\u00ed como la aceleraci\u00f3n de su penosamente lento sistema judicial, seg\u00fan el informe.<\/p>\n\n\n\n<p>El proceso judicial italiano es uno de los m\u00e1s lentos de la UE y puede tardar m\u00e1s de tres a\u00f1os en media para hacer cumplir los contratos comerciales, lo que se considera un factor de disuasi\u00f3n de la inversi\u00f3n extranjera en su escler\u00f3tica econom\u00eda.<\/p>\n\n\n\n<p>Los miembros de la UE tienen hasta el 30 de abril para presentar sus planes a la Comisi\u00f3n Europea, que luego recaudar\u00e1 dinero en los mercados de bonos para financiar las propuestas.<\/p>\n\n\n\n<p>Los Estados miembros emitir\u00e1n por primera vez cantidades significativas de deuda conjunta, un paso hacia la aproximaci\u00f3n de los bonos fiscales que enfureci\u00f3 a los cr\u00edticos en Alemania.<\/p>\n\n\n\n<p>Sin embargo, el m\u00e1ximo tribunal alem\u00e1n elimin\u00f3 esta semana un obst\u00e1culo a los planes tras rechazar un recurso legal que amenazaba con retrasar el Fondo de Recuperaci\u00f3n.<\/p>\n\n\n\n<p>El Tribunal Constitucional del pa\u00eds -que a menudo se ha mostrado contrario a estrechar los lazos econ\u00f3micos con Europa- desestim\u00f3 una medida cautelar para frenar el est\u00edmulo, despejando el camino para que el acuerdo sea ratificado en Alemania.<\/p>\n\n\n\n<p>El Tribunal de Karlsruhe dijo que las consecuencias de aprobar el acuerdo y luego declarar su inconstitucionalidad eran &#8220;menos graves&#8221; que retener el plan y luego decidir en contra.<br><br> <small>Copyright \u00a9 2021 PanPress.Eu \/ SalaStampa.Eu \/ RMAG- ElCanillita.info &#8211; All Rights Reserved<\/small> <\/p>\n","protected":false},"excerpt":{"rendered":"<p>Los planes italianos de inversi\u00f3n ecol\u00f3gica y alta velocidad ferroviaria se presentar\u00e1n a la UE la pr\u00f3xima semana<\/p>\n","protected":false},"author":1,"featured_media":1553,"comment_status":"closed","ping_status":"closed","sticky":false,"template":"","format":"standard","meta":{"footnotes":"","_links_to":"","_links_to_target":""},"categories":[70,20,5,23,25],"tags":[],"class_list":["post-1549","post","type-post","status-publish","format-standard","has-post-thumbnail","hentry","category-actualidad","category-economia","category-europa","category-politica","category-sociedad","entry","double"],"yoast_head":"<!-- This site is optimized with the Yoast SEO plugin v27.4 - https:\/\/yoast.com\/product\/yoast-seo-wordpress\/ -->\n<title>Mario Draghi apuesta por la reactivaci\u00f3n de la maltrecha econom\u00eda italiana con 221.000 millones de euros - ElCanillita.Info<\/title>\n<meta name=\"robots\" content=\"index, follow, max-snippet:-1, max-image-preview:large, max-video-preview:-1\" \/>\n<link rel=\"canonical\" href=\"https:\/\/elcanillita.info\/press\/2021\/04\/22\/mario-draghi-apuesta-reactivacion-maltrecha-economia-italiana-221-000-millones-euros\/\" \/>\n<meta property=\"og:locale\" content=\"es_ES\" \/>\n<meta property=\"og:type\" content=\"article\" \/>\n<meta property=\"og:title\" content=\"Mario Draghi apuesta por la reactivaci\u00f3n de la maltrecha econom\u00eda italiana con 221.000 millones de euros - ElCanillita.Info\" \/>\n<meta property=\"og:description\" content=\"Los planes italianos de inversi\u00f3n ecol\u00f3gica y alta velocidad ferroviaria se presentar\u00e1n a la UE la pr\u00f3xima semana\" \/>\n<meta property=\"og:url\" content=\"https:\/\/elcanillita.info\/press\/2021\/04\/22\/mario-draghi-apuesta-reactivacion-maltrecha-economia-italiana-221-000-millones-euros\/\" \/>\n<meta property=\"og:site_name\" content=\"ElCanillita.Info\" \/>\n<meta property=\"article:publisher\" content=\"https:\/\/ar-ar.facebook.com\/ElCanillitainfo-114249515285712\/\" \/>\n<meta property=\"article:published_time\" content=\"2021-04-22T20:47:30+00:00\" \/>\n<meta property=\"article:modified_time\" content=\"2021-04-22T22:25:58+00:00\" \/>\n<meta property=\"og:image\" content=\"https:\/\/elcanillita.info\/press\/images\/2021\/04\/TO20210421-pb.jpg\" \/>\n\t<meta property=\"og:image:width\" content=\"800\" \/>\n\t<meta property=\"og:image:height\" content=\"600\" \/>\n\t<meta property=\"og:image:type\" content=\"image\/jpeg\" \/>\n<meta name=\"author\" content=\"SalaStampa.eu, world press service\" \/>\n<meta name=\"twitter:card\" content=\"summary_large_image\" \/>\n<meta name=\"twitter:label1\" content=\"Escrito por\" \/>\n\t<meta name=\"twitter:data1\" content=\"SalaStampa.eu, world press service\" \/>\n\t<meta name=\"twitter:label2\" content=\"Tiempo de lectura\" \/>\n\t<meta name=\"twitter:data2\" content=\"3 minutos\" \/>\n<script type=\"application\/ld+json\" class=\"yoast-schema-graph\">{\"@context\":\"https:\\\/\\\/schema.org\",\"@graph\":[{\"@type\":\"Article\",\"@id\":\"https:\\\/\\\/elcanillita.info\\\/press\\\/2021\\\/04\\\/22\\\/mario-draghi-apuesta-reactivacion-maltrecha-economia-italiana-221-000-millones-euros\\\/#article\",\"isPartOf\":{\"@id\":\"https:\\\/\\\/elcanillita.info\\\/press\\\/2021\\\/04\\\/22\\\/mario-draghi-apuesta-reactivacion-maltrecha-economia-italiana-221-000-millones-euros\\\/\"},\"author\":{\"name\":\"SalaStampa.eu, world press service\",\"@id\":\"https:\\\/\\\/elcanillita.info\\\/press\\\/#\\\/schema\\\/person\\\/7fcb79f38045700919f7da6d97e71ba0\"},\"headline\":\"Mario Draghi apuesta por la reactivaci\u00f3n de la maltrecha econom\u00eda italiana con 221.000 millones de euros\",\"datePublished\":\"2021-04-22T20:47:30+00:00\",\"dateModified\":\"2021-04-22T22:25:58+00:00\",\"mainEntityOfPage\":{\"@id\":\"https:\\\/\\\/elcanillita.info\\\/press\\\/2021\\\/04\\\/22\\\/mario-draghi-apuesta-reactivacion-maltrecha-economia-italiana-221-000-millones-euros\\\/\"},\"wordCount\":477,\"publisher\":{\"@id\":\"https:\\\/\\\/elcanillita.info\\\/press\\\/#organization\"},\"image\":{\"@id\":\"https:\\\/\\\/elcanillita.info\\\/press\\\/2021\\\/04\\\/22\\\/mario-draghi-apuesta-reactivacion-maltrecha-economia-italiana-221-000-millones-euros\\\/#primaryimage\"},\"thumbnailUrl\":\"https:\\\/\\\/elcanillita.info\\\/press\\\/images\\\/2021\\\/04\\\/TO20210421-pb.jpg\",\"articleSection\":[\"Actualidad\",\"Economia\",\"Europa\",\"Politica\",\"Sociedad\"],\"inLanguage\":\"es-AR\"},{\"@type\":\"WebPage\",\"@id\":\"https:\\\/\\\/elcanillita.info\\\/press\\\/2021\\\/04\\\/22\\\/mario-draghi-apuesta-reactivacion-maltrecha-economia-italiana-221-000-millones-euros\\\/\",\"url\":\"https:\\\/\\\/elcanillita.info\\\/press\\\/2021\\\/04\\\/22\\\/mario-draghi-apuesta-reactivacion-maltrecha-economia-italiana-221-000-millones-euros\\\/\",\"name\":\"Mario Draghi apuesta por la reactivaci\u00f3n de la maltrecha econom\u00eda italiana con 221.000 millones de euros - ElCanillita.Info\",\"isPartOf\":{\"@id\":\"https:\\\/\\\/elcanillita.info\\\/press\\\/#website\"},\"primaryImageOfPage\":{\"@id\":\"https:\\\/\\\/elcanillita.info\\\/press\\\/2021\\\/04\\\/22\\\/mario-draghi-apuesta-reactivacion-maltrecha-economia-italiana-221-000-millones-euros\\\/#primaryimage\"},\"image\":{\"@id\":\"https:\\\/\\\/elcanillita.info\\\/press\\\/2021\\\/04\\\/22\\\/mario-draghi-apuesta-reactivacion-maltrecha-economia-italiana-221-000-millones-euros\\\/#primaryimage\"},\"thumbnailUrl\":\"https:\\\/\\\/elcanillita.info\\\/press\\\/images\\\/2021\\\/04\\\/TO20210421-pb.jpg\",\"datePublished\":\"2021-04-22T20:47:30+00:00\",\"dateModified\":\"2021-04-22T22:25:58+00:00\",\"inLanguage\":\"es-AR\",\"potentialAction\":[{\"@type\":\"ReadAction\",\"target\":[\"https:\\\/\\\/elcanillita.info\\\/press\\\/2021\\\/04\\\/22\\\/mario-draghi-apuesta-reactivacion-maltrecha-economia-italiana-221-000-millones-euros\\\/\"]}]},{\"@type\":\"ImageObject\",\"inLanguage\":\"es-AR\",\"@id\":\"https:\\\/\\\/elcanillita.info\\\/press\\\/2021\\\/04\\\/22\\\/mario-draghi-apuesta-reactivacion-maltrecha-economia-italiana-221-000-millones-euros\\\/#primaryimage\",\"url\":\"https:\\\/\\\/elcanillita.info\\\/press\\\/images\\\/2021\\\/04\\\/TO20210421-pb.jpg\",\"contentUrl\":\"https:\\\/\\\/elcanillita.info\\\/press\\\/images\\\/2021\\\/04\\\/TO20210421-pb.jpg\",\"width\":800,\"height\":600},{\"@type\":\"WebSite\",\"@id\":\"https:\\\/\\\/elcanillita.info\\\/press\\\/#website\",\"url\":\"https:\\\/\\\/elcanillita.info\\\/press\\\/\",\"name\":\"ElCanillita.Info\",\"description\":\"desde los Apeninos a los Andes\",\"publisher\":{\"@id\":\"https:\\\/\\\/elcanillita.info\\\/press\\\/#organization\"},\"potentialAction\":[{\"@type\":\"SearchAction\",\"target\":{\"@type\":\"EntryPoint\",\"urlTemplate\":\"https:\\\/\\\/elcanillita.info\\\/press\\\/?s={search_term_string}\"},\"query-input\":{\"@type\":\"PropertyValueSpecification\",\"valueRequired\":true,\"valueName\":\"search_term_string\"}}],\"inLanguage\":\"es-AR\"},{\"@type\":\"Organization\",\"@id\":\"https:\\\/\\\/elcanillita.info\\\/press\\\/#organization\",\"name\":\"Guzzo Photos & Graphic Publications\",\"url\":\"https:\\\/\\\/elcanillita.info\\\/press\\\/\",\"logo\":{\"@type\":\"ImageObject\",\"inLanguage\":\"es-AR\",\"@id\":\"https:\\\/\\\/elcanillita.info\\\/press\\\/#\\\/schema\\\/logo\\\/image\\\/\",\"url\":\"https:\\\/\\\/elcanillita.info\\\/press\\\/images\\\/2020\\\/01\\\/cropped-cropped-cropped-elcanillitainfo.png\",\"contentUrl\":\"https:\\\/\\\/elcanillita.info\\\/press\\\/images\\\/2020\\\/01\\\/cropped-cropped-cropped-elcanillitainfo.png\",\"width\":460,\"height\":50,\"caption\":\"Guzzo Photos & Graphic Publications\"},\"image\":{\"@id\":\"https:\\\/\\\/elcanillita.info\\\/press\\\/#\\\/schema\\\/logo\\\/image\\\/\"},\"sameAs\":[\"https:\\\/\\\/ar-ar.facebook.com\\\/ElCanillitainfo-114249515285712\\\/\"]},{\"@type\":\"Person\",\"@id\":\"https:\\\/\\\/elcanillita.info\\\/press\\\/#\\\/schema\\\/person\\\/7fcb79f38045700919f7da6d97e71ba0\",\"name\":\"SalaStampa.eu, world press service\",\"image\":{\"@type\":\"ImageObject\",\"inLanguage\":\"es-AR\",\"@id\":\"https:\\\/\\\/secure.gravatar.com\\\/avatar\\\/c2f0e0d515a107624234994507816ca4724c7199cef73fc8bedebf6931d73888?s=96&d=mm&r=g\",\"url\":\"https:\\\/\\\/secure.gravatar.com\\\/avatar\\\/c2f0e0d515a107624234994507816ca4724c7199cef73fc8bedebf6931d73888?s=96&d=mm&r=g\",\"contentUrl\":\"https:\\\/\\\/secure.gravatar.com\\\/avatar\\\/c2f0e0d515a107624234994507816ca4724c7199cef73fc8bedebf6931d73888?s=96&d=mm&r=g\",\"caption\":\"SalaStampa.eu, world press service\"}}]}<\/script>\n<!-- \/ Yoast SEO plugin. -->","yoast_head_json":{"title":"Mario Draghi apuesta por la reactivaci\u00f3n de la maltrecha econom\u00eda italiana con 221.000 millones de euros - ElCanillita.Info","robots":{"index":"index","follow":"follow","max-snippet":"max-snippet:-1","max-image-preview":"max-image-preview:large","max-video-preview":"max-video-preview:-1"},"canonical":"https:\/\/elcanillita.info\/press\/2021\/04\/22\/mario-draghi-apuesta-reactivacion-maltrecha-economia-italiana-221-000-millones-euros\/","og_locale":"es_ES","og_type":"article","og_title":"Mario Draghi apuesta por la reactivaci\u00f3n de la maltrecha econom\u00eda italiana con 221.000 millones de euros - ElCanillita.Info","og_description":"Los planes italianos de inversi\u00f3n ecol\u00f3gica y alta velocidad ferroviaria se presentar\u00e1n a la UE la pr\u00f3xima semana","og_url":"https:\/\/elcanillita.info\/press\/2021\/04\/22\/mario-draghi-apuesta-reactivacion-maltrecha-economia-italiana-221-000-millones-euros\/","og_site_name":"ElCanillita.Info","article_publisher":"https:\/\/ar-ar.facebook.com\/ElCanillitainfo-114249515285712\/","article_published_time":"2021-04-22T20:47:30+00:00","article_modified_time":"2021-04-22T22:25:58+00:00","og_image":[{"width":800,"height":600,"url":"https:\/\/elcanillita.info\/press\/images\/2021\/04\/TO20210421-pb.jpg","type":"image\/jpeg"}],"author":"SalaStampa.eu, world press service","twitter_card":"summary_large_image","twitter_misc":{"Escrito por":"SalaStampa.eu, world press service","Tiempo de lectura":"3 minutos"},"schema":{"@context":"https:\/\/schema.org","@graph":[{"@type":"Article","@id":"https:\/\/elcanillita.info\/press\/2021\/04\/22\/mario-draghi-apuesta-reactivacion-maltrecha-economia-italiana-221-000-millones-euros\/#article","isPartOf":{"@id":"https:\/\/elcanillita.info\/press\/2021\/04\/22\/mario-draghi-apuesta-reactivacion-maltrecha-economia-italiana-221-000-millones-euros\/"},"author":{"name":"SalaStampa.eu, world press service","@id":"https:\/\/elcanillita.info\/press\/#\/schema\/person\/7fcb79f38045700919f7da6d97e71ba0"},"headline":"Mario Draghi apuesta por la reactivaci\u00f3n de la maltrecha econom\u00eda italiana con 221.000 millones de euros","datePublished":"2021-04-22T20:47:30+00:00","dateModified":"2021-04-22T22:25:58+00:00","mainEntityOfPage":{"@id":"https:\/\/elcanillita.info\/press\/2021\/04\/22\/mario-draghi-apuesta-reactivacion-maltrecha-economia-italiana-221-000-millones-euros\/"},"wordCount":477,"publisher":{"@id":"https:\/\/elcanillita.info\/press\/#organization"},"image":{"@id":"https:\/\/elcanillita.info\/press\/2021\/04\/22\/mario-draghi-apuesta-reactivacion-maltrecha-economia-italiana-221-000-millones-euros\/#primaryimage"},"thumbnailUrl":"https:\/\/elcanillita.info\/press\/images\/2021\/04\/TO20210421-pb.jpg","articleSection":["Actualidad","Economia","Europa","Politica","Sociedad"],"inLanguage":"es-AR"},{"@type":"WebPage","@id":"https:\/\/elcanillita.info\/press\/2021\/04\/22\/mario-draghi-apuesta-reactivacion-maltrecha-economia-italiana-221-000-millones-euros\/","url":"https:\/\/elcanillita.info\/press\/2021\/04\/22\/mario-draghi-apuesta-reactivacion-maltrecha-economia-italiana-221-000-millones-euros\/","name":"Mario Draghi apuesta por la reactivaci\u00f3n de la maltrecha econom\u00eda italiana con 221.000 millones de euros - ElCanillita.Info","isPartOf":{"@id":"https:\/\/elcanillita.info\/press\/#website"},"primaryImageOfPage":{"@id":"https:\/\/elcanillita.info\/press\/2021\/04\/22\/mario-draghi-apuesta-reactivacion-maltrecha-economia-italiana-221-000-millones-euros\/#primaryimage"},"image":{"@id":"https:\/\/elcanillita.info\/press\/2021\/04\/22\/mario-draghi-apuesta-reactivacion-maltrecha-economia-italiana-221-000-millones-euros\/#primaryimage"},"thumbnailUrl":"https:\/\/elcanillita.info\/press\/images\/2021\/04\/TO20210421-pb.jpg","datePublished":"2021-04-22T20:47:30+00:00","dateModified":"2021-04-22T22:25:58+00:00","inLanguage":"es-AR","potentialAction":[{"@type":"ReadAction","target":["https:\/\/elcanillita.info\/press\/2021\/04\/22\/mario-draghi-apuesta-reactivacion-maltrecha-economia-italiana-221-000-millones-euros\/"]}]},{"@type":"ImageObject","inLanguage":"es-AR","@id":"https:\/\/elcanillita.info\/press\/2021\/04\/22\/mario-draghi-apuesta-reactivacion-maltrecha-economia-italiana-221-000-millones-euros\/#primaryimage","url":"https:\/\/elcanillita.info\/press\/images\/2021\/04\/TO20210421-pb.jpg","contentUrl":"https:\/\/elcanillita.info\/press\/images\/2021\/04\/TO20210421-pb.jpg","width":800,"height":600},{"@type":"WebSite","@id":"https:\/\/elcanillita.info\/press\/#website","url":"https:\/\/elcanillita.info\/press\/","name":"ElCanillita.Info","description":"desde los Apeninos a los Andes","publisher":{"@id":"https:\/\/elcanillita.info\/press\/#organization"},"potentialAction":[{"@type":"SearchAction","target":{"@type":"EntryPoint","urlTemplate":"https:\/\/elcanillita.info\/press\/?s={search_term_string}"},"query-input":{"@type":"PropertyValueSpecification","valueRequired":true,"valueName":"search_term_string"}}],"inLanguage":"es-AR"},{"@type":"Organization","@id":"https:\/\/elcanillita.info\/press\/#organization","name":"Guzzo Photos & Graphic Publications","url":"https:\/\/elcanillita.info\/press\/","logo":{"@type":"ImageObject","inLanguage":"es-AR","@id":"https:\/\/elcanillita.info\/press\/#\/schema\/logo\/image\/","url":"https:\/\/elcanillita.info\/press\/images\/2020\/01\/cropped-cropped-cropped-elcanillitainfo.png","contentUrl":"https:\/\/elcanillita.info\/press\/images\/2020\/01\/cropped-cropped-cropped-elcanillitainfo.png","width":460,"height":50,"caption":"Guzzo Photos & Graphic Publications"},"image":{"@id":"https:\/\/elcanillita.info\/press\/#\/schema\/logo\/image\/"},"sameAs":["https:\/\/ar-ar.facebook.com\/ElCanillitainfo-114249515285712\/"]},{"@type":"Person","@id":"https:\/\/elcanillita.info\/press\/#\/schema\/person\/7fcb79f38045700919f7da6d97e71ba0","name":"SalaStampa.eu, world press service","image":{"@type":"ImageObject","inLanguage":"es-AR","@id":"https:\/\/secure.gravatar.com\/avatar\/c2f0e0d515a107624234994507816ca4724c7199cef73fc8bedebf6931d73888?s=96&d=mm&r=g","url":"https:\/\/secure.gravatar.com\/avatar\/c2f0e0d515a107624234994507816ca4724c7199cef73fc8bedebf6931d73888?s=96&d=mm&r=g","contentUrl":"https:\/\/secure.gravatar.com\/avatar\/c2f0e0d515a107624234994507816ca4724c7199cef73fc8bedebf6931d73888?s=96&d=mm&r=g","caption":"SalaStampa.eu, world press service"}}]}},"views":616,"_links":{"self":[{"href":"https:\/\/elcanillita.info\/press\/wp-json\/wp\/v2\/posts\/1549","targetHints":{"allow":["GET"]}}],"collection":[{"href":"https:\/\/elcanillita.info\/press\/wp-json\/wp\/v2\/posts"}],"about":[{"href":"https:\/\/elcanillita.info\/press\/wp-json\/wp\/v2\/types\/post"}],"author":[{"embeddable":true,"href":"https:\/\/elcanillita.info\/press\/wp-json\/wp\/v2\/users\/1"}],"replies":[{"embeddable":true,"href":"https:\/\/elcanillita.info\/press\/wp-json\/wp\/v2\/comments?post=1549"}],"version-history":[{"count":0,"href":"https:\/\/elcanillita.info\/press\/wp-json\/wp\/v2\/posts\/1549\/revisions"}],"wp:featuredmedia":[{"embeddable":true,"href":"https:\/\/elcanillita.info\/press\/wp-json\/wp\/v2\/media\/1553"}],"wp:attachment":[{"href":"https:\/\/elcanillita.info\/press\/wp-json\/wp\/v2\/media?parent=1549"}],"wp:term":[{"taxonomy":"category","embeddable":true,"href":"https:\/\/elcanillita.info\/press\/wp-json\/wp\/v2\/categories?post=1549"},{"taxonomy":"post_tag","embeddable":true,"href":"https:\/\/elcanillita.info\/press\/wp-json\/wp\/v2\/tags?post=1549"}],"curies":[{"name":"wp","href":"https:\/\/api.w.org\/{rel}","templated":true}]}}