{"id":1527,"date":"2021-04-20T04:07:39","date_gmt":"2021-04-20T07:07:39","guid":{"rendered":"https:\/\/elcanillita.info\/press\/?p=1527"},"modified":"2021-04-20T07:23:26","modified_gmt":"2021-04-20T10:23:26","slug":"divorcio-ingles","status":"publish","type":"post","link":"https:\/\/elcanillita.info\/press\/2021\/04\/20\/divorcio-ingles\/","title":{"rendered":"El Divorcio ingl\u00e9s"},"content":{"rendered":"\n<figure class=\"wp-block-image size-large\"><img loading=\"lazy\" decoding=\"async\" width=\"600\" height=\"537\" src=\"https:\/\/elcanillita.info\/press\/images\/2021\/04\/Juncker.jpg\" alt=\"\" class=\"wp-image-1529\" srcset=\"https:\/\/elcanillita.info\/press\/images\/2021\/04\/Juncker.jpg 600w, https:\/\/elcanillita.info\/press\/images\/2021\/04\/Juncker-300x269.jpg 300w\" sizes=\"auto, (max-width: 600px) 100vw, 600px\" \/><\/figure>\n\n\n\n<p>En los a\u00f1os transcurridos desde el refer\u00e9ndum sobre el divorcio brit\u00e1nico de la Uni\u00f3n Europea, muchos partidarios del &#8220;Remain&#8221; han podido reflexionar sobre su derrota, cuestion\u00e1ndose cual ingrediente ha faltado en su campa\u00f1a que pudiera inclinar la balanza a su favor.<\/p>\n\n\n\n<p>Los estudios de opini\u00f3n realizados antes del refer\u00e9ndum, no lograron localizar una &#8220;barita m\u00e1gica&#8221; que ayudara a los ingleses a permanecer en la UE inclinando el resultado a su favor.<\/p>\n\n\n\n<p>Tal vez, si Angela Merkel, hubiese permitido un poco m\u00e1s de control de la inmigraci\u00f3n, en el acuerdo alcanzado con David Cameron sobre la renegociaci\u00f3n de las condiciones de adhesi\u00f3n del Reino Unido, el partido &#8220;Remain&#8221; podr\u00eda haber confiado en el \u00e9xito. Pero no lo hizo.<\/p>\n\n\n\n<p>El ex Presidente de la Commisi\u00f3n europea Jean-Claude Juncker, acaba de revelar que est\u00e1 arrepentido de su decisi\u00f3n de aceptar el consejo de Cameron y del gobierno brit\u00e1nico de mantenerse al margen de la campa\u00f1a, declarando (cito): &#8220;No deber\u00eda haber escuchado a David Cameron. Me dijo que no interfiriera en el debate en el Reino Unido, que no viajara a Londres, que no hiciera entrevistas con la prensa brit\u00e1nica. Comet\u00ed un error, porque no defend\u00ed el punto de vista de la UE en el Reino Unido. Me pidieron que me callara, y as\u00ed lo hice&#8221;.<\/p>\n\n\n\n<p>Cameron, en cambio, prepar\u00f3 a Barack Obama para que fuera el l\u00edder de ultramar que presentara la parrilla medi\u00e1tica del &#8220;Remain&#8221; y el presidente de EE.UU pronunci\u00f3 un discurso en el que suger\u00eda que, fuera de la UE, el Reino Unido ser\u00eda un &#8220;vagon de cola&#8221; para un acuerdo comercial con Estados Unidos.<\/p>\n\n\n\n<p>A pesar de ser estratosf\u00e9ricamente popular en Gran Breta\u00f1a, la amenaza de Obama fue proverbial con el p\u00fablico brit\u00e1nico, ayud\u00e1ndo, en lugar de obstaculizar la campa\u00f1a a favor del Brexit.<\/p>\n\n\n\n<p>Si bien Juncker es un operador pol\u00edtico con cierto encanto y capacidad, la idea de que la campa\u00f1a a favor de la permanencia en la UE podr\u00eda haberse beneficiado con el intervento del eur\u00f3crata en jefe, es descabellada, porque es dificil dar lecciones de pol\u00edtica a los brit\u00e1nicos.<\/p>\n\n\n\n<p>En uno de sus discursos sobre el &#8220;Estado de la Uni\u00f3n&#8221; en el Parlamento, Juncker dio un argumento suficiente a los defensores del &#8220;Leave&#8221; para actuar, refiri\u00e9ndose a una disposici\u00f3n del Tratado de Lisboa, para dejar de lado los vetos nacionales y pasar a una votaci\u00f3n por mayor\u00eda cualificada, con el objeto de obtener un &#8220;tesoro escondido&#8221;, europizando m\u00e1s a Gran Breta\u00f1a.<\/p>\n\n\n\n<p>Si bien siempre manifest\u00f3 no ser un federalista en busca de los Estados Unidos de Europa, son\u00f3 como tal a los o\u00eddos euroesc\u00e9pticos. No obstante tener a su favor simpat\u00eda y buen sentido del humor.<\/p>\n\n\n\n<p>Se convirti\u00f3 en un chiste permanente en sus apariciones p\u00fablicas. Antes de la hora del almuerzo sol\u00eda ser poco convincente, mientras que despu\u00e9s, demostraba una cierta ebullici\u00f3n que caracteriz\u00f3 su entrega y estilo de debate. Ahora dice que nunca se ha emborrachado y atribuye las veces que se mostr\u00f3 inestable a la ci\u00e1tica y al efecto de los analg\u00e9sicos. Habr\u00eda que tener un coraz\u00f3n muy duro para negar a un renombrado hombre de buen vivir, la coartada que ha elegido.<\/p>\n\n\n\n<p>Sin embargo, el problema b\u00e1sico de la idea de Juncker como potencial cosechador de votos pro-UE en Gran Breta\u00f1a, no es que ha defraudado al bando &#8220;Remain&#8221; por ser erroneo, sino que habria escrito la historia de la UE con demasiada autenticidad.<\/p>\n\n\n\n<p>Realmente buscaba aglomerar m\u00e1s y m\u00e1s poder pol\u00edtico; consideraba las nuevas competencia de la UE en \u00e1reas como la pol\u00edtica exterior en modo abrumador; se tomaba muy en serio la misi\u00f3n establecida en el Tratado de Roma, de &#8220;una uni\u00f3n cada vez m\u00e1s estrecha&#8221;. Y el pueblo brit\u00e1nico no estaba dispuesto a nada de eso.<\/p>\n\n\n\n<p>A pesar de su bagaje y su afici\u00f3n por la buena vida, Juncker es uno de los idealistas originales de la UE, mucho m\u00e1s capaz de comunicar una visi\u00f3n de conjunto que su sucesora tecn\u00f3crata Ursula von der Leyen. El problema es que el pueblo brit\u00e1nico nunca lo crey\u00f3 y, durante varias d\u00e9cadas, la clase dirigente brit\u00e1nica pro-UE respondi\u00f3 creando una Gran Mentira, en la que los acaparamientos de poder por parte de Bruselas eran producto de la imaginaci\u00f3n paranoica de los euroesc\u00e9pticos.<\/p>\n\n\n\n<p>Una vez expuesta esa mentira, la campa\u00f1a a favor de la permanencia no pod\u00eda hacer mucho para cambiar el resultado del refer\u00e9ndum. Negar al viejo muchacho su oportunidad de exponer su caso idealista de &#8220;le grand projet&#8221; de la unidad europea, condujo sin duda a una campa\u00f1a del Remain menos colorida y con m\u00e1s disciplina de mensaje. Pero no cambi\u00f3 el resultado.<br><br>Como dijera el General Bosquet durante la Carga del Seicientos en la Batalla de Balaclava: &#8220;C&#8217;est magnifique, mais ce n&#8217;est pas la guerre: c&#8217;est de la folie&#8221;.<br><br><small>Copyright \u00a9 2021 ElCanillita.info &#8211; SalaStampa.Eu \/ R M A Guzzo- All Rights Reserved<\/small> <\/p>\n","protected":false},"excerpt":{"rendered":"<p>Jean-Claude Juncker se autoenga\u00f1a si cree que podr\u00eda haber evitado el Brexit.<\/p>\n","protected":false},"author":1,"featured_media":1531,"comment_status":"closed","ping_status":"closed","sticky":false,"template":"","format":"standard","meta":{"footnotes":"","_links_to":"","_links_to_target":""},"categories":[5,23],"tags":[58],"class_list":["post-1527","post","type-post","status-publish","format-standard","has-post-thumbnail","hentry","category-europa","category-politica","tag-reino-unido","entry","double"],"yoast_head":"<!-- This site is optimized with the Yoast SEO plugin v27.4 - https:\/\/yoast.com\/product\/yoast-seo-wordpress\/ -->\n<title>El Divorcio ingl\u00e9s - ElCanillita.Info<\/title>\n<meta name=\"robots\" content=\"index, follow, max-snippet:-1, max-image-preview:large, max-video-preview:-1\" \/>\n<link rel=\"canonical\" href=\"https:\/\/elcanillita.info\/press\/2021\/04\/20\/divorcio-ingles\/\" \/>\n<meta property=\"og:locale\" content=\"es_ES\" \/>\n<meta property=\"og:type\" content=\"article\" \/>\n<meta property=\"og:title\" content=\"El Divorcio ingl\u00e9s - ElCanillita.Info\" \/>\n<meta property=\"og:description\" content=\"Jean-Claude Juncker se autoenga\u00f1a si cree que podr\u00eda haber evitado el Brexit.\" \/>\n<meta property=\"og:url\" content=\"https:\/\/elcanillita.info\/press\/2021\/04\/20\/divorcio-ingles\/\" \/>\n<meta property=\"og:site_name\" content=\"ElCanillita.Info\" \/>\n<meta property=\"article:publisher\" content=\"https:\/\/ar-ar.facebook.com\/ElCanillitainfo-114249515285712\/\" \/>\n<meta property=\"article:published_time\" content=\"2021-04-20T07:07:39+00:00\" \/>\n<meta property=\"article:modified_time\" content=\"2021-04-20T10:23:26+00:00\" \/>\n<meta property=\"og:image\" content=\"https:\/\/elcanillita.info\/press\/images\/2021\/04\/brexit-1.jpg\" \/>\n\t<meta property=\"og:image:width\" content=\"600\" \/>\n\t<meta property=\"og:image:height\" content=\"384\" \/>\n\t<meta property=\"og:image:type\" content=\"image\/jpeg\" \/>\n<meta name=\"author\" content=\"SalaStampa.eu, world press service\" \/>\n<meta name=\"twitter:card\" content=\"summary_large_image\" \/>\n<meta name=\"twitter:label1\" content=\"Escrito por\" \/>\n\t<meta name=\"twitter:data1\" content=\"SalaStampa.eu, world press service\" \/>\n\t<meta name=\"twitter:label2\" content=\"Tiempo de lectura\" \/>\n\t<meta name=\"twitter:data2\" content=\"4 minutos\" \/>\n<script type=\"application\/ld+json\" class=\"yoast-schema-graph\">{\"@context\":\"https:\\\/\\\/schema.org\",\"@graph\":[{\"@type\":\"Article\",\"@id\":\"https:\\\/\\\/elcanillita.info\\\/press\\\/2021\\\/04\\\/20\\\/divorcio-ingles\\\/#article\",\"isPartOf\":{\"@id\":\"https:\\\/\\\/elcanillita.info\\\/press\\\/2021\\\/04\\\/20\\\/divorcio-ingles\\\/\"},\"author\":{\"name\":\"SalaStampa.eu, world press service\",\"@id\":\"https:\\\/\\\/elcanillita.info\\\/press\\\/#\\\/schema\\\/person\\\/7fcb79f38045700919f7da6d97e71ba0\"},\"headline\":\"El Divorcio ingl\u00e9s\",\"datePublished\":\"2021-04-20T07:07:39+00:00\",\"dateModified\":\"2021-04-20T10:23:26+00:00\",\"mainEntityOfPage\":{\"@id\":\"https:\\\/\\\/elcanillita.info\\\/press\\\/2021\\\/04\\\/20\\\/divorcio-ingles\\\/\"},\"wordCount\":888,\"publisher\":{\"@id\":\"https:\\\/\\\/elcanillita.info\\\/press\\\/#organization\"},\"image\":{\"@id\":\"https:\\\/\\\/elcanillita.info\\\/press\\\/2021\\\/04\\\/20\\\/divorcio-ingles\\\/#primaryimage\"},\"thumbnailUrl\":\"https:\\\/\\\/elcanillita.info\\\/press\\\/images\\\/2021\\\/04\\\/brexit-1.jpg\",\"keywords\":[\"Reino Unido\"],\"articleSection\":[\"Europa\",\"Politica\"],\"inLanguage\":\"es-AR\"},{\"@type\":\"WebPage\",\"@id\":\"https:\\\/\\\/elcanillita.info\\\/press\\\/2021\\\/04\\\/20\\\/divorcio-ingles\\\/\",\"url\":\"https:\\\/\\\/elcanillita.info\\\/press\\\/2021\\\/04\\\/20\\\/divorcio-ingles\\\/\",\"name\":\"El Divorcio ingl\u00e9s - ElCanillita.Info\",\"isPartOf\":{\"@id\":\"https:\\\/\\\/elcanillita.info\\\/press\\\/#website\"},\"primaryImageOfPage\":{\"@id\":\"https:\\\/\\\/elcanillita.info\\\/press\\\/2021\\\/04\\\/20\\\/divorcio-ingles\\\/#primaryimage\"},\"image\":{\"@id\":\"https:\\\/\\\/elcanillita.info\\\/press\\\/2021\\\/04\\\/20\\\/divorcio-ingles\\\/#primaryimage\"},\"thumbnailUrl\":\"https:\\\/\\\/elcanillita.info\\\/press\\\/images\\\/2021\\\/04\\\/brexit-1.jpg\",\"datePublished\":\"2021-04-20T07:07:39+00:00\",\"dateModified\":\"2021-04-20T10:23:26+00:00\",\"inLanguage\":\"es-AR\",\"potentialAction\":[{\"@type\":\"ReadAction\",\"target\":[\"https:\\\/\\\/elcanillita.info\\\/press\\\/2021\\\/04\\\/20\\\/divorcio-ingles\\\/\"]}]},{\"@type\":\"ImageObject\",\"inLanguage\":\"es-AR\",\"@id\":\"https:\\\/\\\/elcanillita.info\\\/press\\\/2021\\\/04\\\/20\\\/divorcio-ingles\\\/#primaryimage\",\"url\":\"https:\\\/\\\/elcanillita.info\\\/press\\\/images\\\/2021\\\/04\\\/brexit-1.jpg\",\"contentUrl\":\"https:\\\/\\\/elcanillita.info\\\/press\\\/images\\\/2021\\\/04\\\/brexit-1.jpg\",\"width\":600,\"height\":384},{\"@type\":\"WebSite\",\"@id\":\"https:\\\/\\\/elcanillita.info\\\/press\\\/#website\",\"url\":\"https:\\\/\\\/elcanillita.info\\\/press\\\/\",\"name\":\"ElCanillita.Info\",\"description\":\"desde los Apeninos a los Andes\",\"publisher\":{\"@id\":\"https:\\\/\\\/elcanillita.info\\\/press\\\/#organization\"},\"potentialAction\":[{\"@type\":\"SearchAction\",\"target\":{\"@type\":\"EntryPoint\",\"urlTemplate\":\"https:\\\/\\\/elcanillita.info\\\/press\\\/?s={search_term_string}\"},\"query-input\":{\"@type\":\"PropertyValueSpecification\",\"valueRequired\":true,\"valueName\":\"search_term_string\"}}],\"inLanguage\":\"es-AR\"},{\"@type\":\"Organization\",\"@id\":\"https:\\\/\\\/elcanillita.info\\\/press\\\/#organization\",\"name\":\"Guzzo Photos & Graphic Publications\",\"url\":\"https:\\\/\\\/elcanillita.info\\\/press\\\/\",\"logo\":{\"@type\":\"ImageObject\",\"inLanguage\":\"es-AR\",\"@id\":\"https:\\\/\\\/elcanillita.info\\\/press\\\/#\\\/schema\\\/logo\\\/image\\\/\",\"url\":\"https:\\\/\\\/elcanillita.info\\\/press\\\/images\\\/2020\\\/01\\\/cropped-cropped-cropped-elcanillitainfo.png\",\"contentUrl\":\"https:\\\/\\\/elcanillita.info\\\/press\\\/images\\\/2020\\\/01\\\/cropped-cropped-cropped-elcanillitainfo.png\",\"width\":460,\"height\":50,\"caption\":\"Guzzo Photos & Graphic Publications\"},\"image\":{\"@id\":\"https:\\\/\\\/elcanillita.info\\\/press\\\/#\\\/schema\\\/logo\\\/image\\\/\"},\"sameAs\":[\"https:\\\/\\\/ar-ar.facebook.com\\\/ElCanillitainfo-114249515285712\\\/\"]},{\"@type\":\"Person\",\"@id\":\"https:\\\/\\\/elcanillita.info\\\/press\\\/#\\\/schema\\\/person\\\/7fcb79f38045700919f7da6d97e71ba0\",\"name\":\"SalaStampa.eu, world press service\",\"image\":{\"@type\":\"ImageObject\",\"inLanguage\":\"es-AR\",\"@id\":\"https:\\\/\\\/secure.gravatar.com\\\/avatar\\\/c2f0e0d515a107624234994507816ca4724c7199cef73fc8bedebf6931d73888?s=96&d=mm&r=g\",\"url\":\"https:\\\/\\\/secure.gravatar.com\\\/avatar\\\/c2f0e0d515a107624234994507816ca4724c7199cef73fc8bedebf6931d73888?s=96&d=mm&r=g\",\"contentUrl\":\"https:\\\/\\\/secure.gravatar.com\\\/avatar\\\/c2f0e0d515a107624234994507816ca4724c7199cef73fc8bedebf6931d73888?s=96&d=mm&r=g\",\"caption\":\"SalaStampa.eu, world press service\"}}]}<\/script>\n<!-- \/ Yoast SEO plugin. -->","yoast_head_json":{"title":"El Divorcio ingl\u00e9s - ElCanillita.Info","robots":{"index":"index","follow":"follow","max-snippet":"max-snippet:-1","max-image-preview":"max-image-preview:large","max-video-preview":"max-video-preview:-1"},"canonical":"https:\/\/elcanillita.info\/press\/2021\/04\/20\/divorcio-ingles\/","og_locale":"es_ES","og_type":"article","og_title":"El Divorcio ingl\u00e9s - ElCanillita.Info","og_description":"Jean-Claude Juncker se autoenga\u00f1a si cree que podr\u00eda haber evitado el Brexit.","og_url":"https:\/\/elcanillita.info\/press\/2021\/04\/20\/divorcio-ingles\/","og_site_name":"ElCanillita.Info","article_publisher":"https:\/\/ar-ar.facebook.com\/ElCanillitainfo-114249515285712\/","article_published_time":"2021-04-20T07:07:39+00:00","article_modified_time":"2021-04-20T10:23:26+00:00","og_image":[{"width":600,"height":384,"url":"https:\/\/elcanillita.info\/press\/images\/2021\/04\/brexit-1.jpg","type":"image\/jpeg"}],"author":"SalaStampa.eu, world press service","twitter_card":"summary_large_image","twitter_misc":{"Escrito por":"SalaStampa.eu, world press service","Tiempo de lectura":"4 minutos"},"schema":{"@context":"https:\/\/schema.org","@graph":[{"@type":"Article","@id":"https:\/\/elcanillita.info\/press\/2021\/04\/20\/divorcio-ingles\/#article","isPartOf":{"@id":"https:\/\/elcanillita.info\/press\/2021\/04\/20\/divorcio-ingles\/"},"author":{"name":"SalaStampa.eu, world press service","@id":"https:\/\/elcanillita.info\/press\/#\/schema\/person\/7fcb79f38045700919f7da6d97e71ba0"},"headline":"El Divorcio ingl\u00e9s","datePublished":"2021-04-20T07:07:39+00:00","dateModified":"2021-04-20T10:23:26+00:00","mainEntityOfPage":{"@id":"https:\/\/elcanillita.info\/press\/2021\/04\/20\/divorcio-ingles\/"},"wordCount":888,"publisher":{"@id":"https:\/\/elcanillita.info\/press\/#organization"},"image":{"@id":"https:\/\/elcanillita.info\/press\/2021\/04\/20\/divorcio-ingles\/#primaryimage"},"thumbnailUrl":"https:\/\/elcanillita.info\/press\/images\/2021\/04\/brexit-1.jpg","keywords":["Reino Unido"],"articleSection":["Europa","Politica"],"inLanguage":"es-AR"},{"@type":"WebPage","@id":"https:\/\/elcanillita.info\/press\/2021\/04\/20\/divorcio-ingles\/","url":"https:\/\/elcanillita.info\/press\/2021\/04\/20\/divorcio-ingles\/","name":"El Divorcio ingl\u00e9s - ElCanillita.Info","isPartOf":{"@id":"https:\/\/elcanillita.info\/press\/#website"},"primaryImageOfPage":{"@id":"https:\/\/elcanillita.info\/press\/2021\/04\/20\/divorcio-ingles\/#primaryimage"},"image":{"@id":"https:\/\/elcanillita.info\/press\/2021\/04\/20\/divorcio-ingles\/#primaryimage"},"thumbnailUrl":"https:\/\/elcanillita.info\/press\/images\/2021\/04\/brexit-1.jpg","datePublished":"2021-04-20T07:07:39+00:00","dateModified":"2021-04-20T10:23:26+00:00","inLanguage":"es-AR","potentialAction":[{"@type":"ReadAction","target":["https:\/\/elcanillita.info\/press\/2021\/04\/20\/divorcio-ingles\/"]}]},{"@type":"ImageObject","inLanguage":"es-AR","@id":"https:\/\/elcanillita.info\/press\/2021\/04\/20\/divorcio-ingles\/#primaryimage","url":"https:\/\/elcanillita.info\/press\/images\/2021\/04\/brexit-1.jpg","contentUrl":"https:\/\/elcanillita.info\/press\/images\/2021\/04\/brexit-1.jpg","width":600,"height":384},{"@type":"WebSite","@id":"https:\/\/elcanillita.info\/press\/#website","url":"https:\/\/elcanillita.info\/press\/","name":"ElCanillita.Info","description":"desde los Apeninos a los Andes","publisher":{"@id":"https:\/\/elcanillita.info\/press\/#organization"},"potentialAction":[{"@type":"SearchAction","target":{"@type":"EntryPoint","urlTemplate":"https:\/\/elcanillita.info\/press\/?s={search_term_string}"},"query-input":{"@type":"PropertyValueSpecification","valueRequired":true,"valueName":"search_term_string"}}],"inLanguage":"es-AR"},{"@type":"Organization","@id":"https:\/\/elcanillita.info\/press\/#organization","name":"Guzzo Photos & Graphic Publications","url":"https:\/\/elcanillita.info\/press\/","logo":{"@type":"ImageObject","inLanguage":"es-AR","@id":"https:\/\/elcanillita.info\/press\/#\/schema\/logo\/image\/","url":"https:\/\/elcanillita.info\/press\/images\/2020\/01\/cropped-cropped-cropped-elcanillitainfo.png","contentUrl":"https:\/\/elcanillita.info\/press\/images\/2020\/01\/cropped-cropped-cropped-elcanillitainfo.png","width":460,"height":50,"caption":"Guzzo Photos & Graphic Publications"},"image":{"@id":"https:\/\/elcanillita.info\/press\/#\/schema\/logo\/image\/"},"sameAs":["https:\/\/ar-ar.facebook.com\/ElCanillitainfo-114249515285712\/"]},{"@type":"Person","@id":"https:\/\/elcanillita.info\/press\/#\/schema\/person\/7fcb79f38045700919f7da6d97e71ba0","name":"SalaStampa.eu, world press service","image":{"@type":"ImageObject","inLanguage":"es-AR","@id":"https:\/\/secure.gravatar.com\/avatar\/c2f0e0d515a107624234994507816ca4724c7199cef73fc8bedebf6931d73888?s=96&d=mm&r=g","url":"https:\/\/secure.gravatar.com\/avatar\/c2f0e0d515a107624234994507816ca4724c7199cef73fc8bedebf6931d73888?s=96&d=mm&r=g","contentUrl":"https:\/\/secure.gravatar.com\/avatar\/c2f0e0d515a107624234994507816ca4724c7199cef73fc8bedebf6931d73888?s=96&d=mm&r=g","caption":"SalaStampa.eu, world press service"}}]}},"views":579,"_links":{"self":[{"href":"https:\/\/elcanillita.info\/press\/wp-json\/wp\/v2\/posts\/1527","targetHints":{"allow":["GET"]}}],"collection":[{"href":"https:\/\/elcanillita.info\/press\/wp-json\/wp\/v2\/posts"}],"about":[{"href":"https:\/\/elcanillita.info\/press\/wp-json\/wp\/v2\/types\/post"}],"author":[{"embeddable":true,"href":"https:\/\/elcanillita.info\/press\/wp-json\/wp\/v2\/users\/1"}],"replies":[{"embeddable":true,"href":"https:\/\/elcanillita.info\/press\/wp-json\/wp\/v2\/comments?post=1527"}],"version-history":[{"count":0,"href":"https:\/\/elcanillita.info\/press\/wp-json\/wp\/v2\/posts\/1527\/revisions"}],"wp:featuredmedia":[{"embeddable":true,"href":"https:\/\/elcanillita.info\/press\/wp-json\/wp\/v2\/media\/1531"}],"wp:attachment":[{"href":"https:\/\/elcanillita.info\/press\/wp-json\/wp\/v2\/media?parent=1527"}],"wp:term":[{"taxonomy":"category","embeddable":true,"href":"https:\/\/elcanillita.info\/press\/wp-json\/wp\/v2\/categories?post=1527"},{"taxonomy":"post_tag","embeddable":true,"href":"https:\/\/elcanillita.info\/press\/wp-json\/wp\/v2\/tags?post=1527"}],"curies":[{"name":"wp","href":"https:\/\/api.w.org\/{rel}","templated":true}]}}