{"id":1523,"date":"2021-04-17T17:55:38","date_gmt":"2021-04-17T20:55:38","guid":{"rendered":"https:\/\/elcanillita.info\/press\/?p=1523"},"modified":"2021-04-17T18:31:53","modified_gmt":"2021-04-17T21:31:53","slug":"__trashed","status":"publish","type":"post","link":"https:\/\/elcanillita.info\/press\/2021\/04\/17\/__trashed\/","title":{"rendered":"La ceremonia funebre del pr\u00edncipe Felipe fue celebrada en la capilla San Jorge del castillo de Windsor"},"content":{"rendered":"\n<div class=\"wp-block-image\"><figure class=\"aligncenter size-large\"><img loading=\"lazy\" decoding=\"async\" width=\"600\" height=\"400\" src=\"https:\/\/elcanillita.info\/press\/images\/2021\/04\/ReIs.jpg\" alt=\"\" class=\"wp-image-1525\" srcset=\"https:\/\/elcanillita.info\/press\/images\/2021\/04\/ReIs.jpg 600w, https:\/\/elcanillita.info\/press\/images\/2021\/04\/ReIs-300x200.jpg 300w\" sizes=\"auto, (max-width: 600px) 100vw, 600px\" \/><figcaption><strong><small>Isabel II durante la ceremonia f\u00fanebre de su esposo \u00a9 Royal.uk<\/small><\/strong><\/figcaption><\/figure><\/div>\n\n\n\n<p>El monarca fue enterrado en la Capilla de San Jorge en el Castillo de Windsor, una residencia cerca de Londres. Pero sus restos encontrar\u00e1n su \u00faltimo lugar de descanso despu\u00e9s de la muerte de su viuda.<br><br>Ser\u00e1n transportados donde ya est\u00e1n enterrados los padres de la reina: el rey Jorge VI y la reina Isabel, su hermana menor, la princesa Margarita, y donde m\u00e1s tarde ser\u00e1 sepultada la propia Isabel II.<\/p>\n\n\n\n<p>Por cierto, el duque de Edimburgo no quiso &#8220;exagerar&#8221; en torno a su funeral, y la pandemia de coronavirus permiti\u00f3 que su deseo se hiciera realidad. Al servicio f\u00fanebre asistieron, de acuerdo con las reglas antiguas, solo 30 familiares cercanos del fallecido.<\/p>\n\n\n\n<p>Un coche f\u00fanebre, basado en un Jeep Land Rover Defender, se acerc\u00f3 a la entrada principal del castillo detr\u00e1s del cuerpo de Philip. Luego, el difunto pr\u00edncipe, que sirvi\u00f3 en la Armada brit\u00e1nica, fue honrado por representantes de varias ramas del ej\u00e9rcito. En total, m\u00e1s de 700 militares y cuatro orquestas participan en el evento.<\/p>\n\n\n\n<p>La noticia de que el esposo de Isabel II, el pr\u00edncipe Felipe , hab\u00eda muerto a la edad de 100 a\u00f1os , lleg\u00f3 el 9 de abril. En febrero de este a\u00f1o, el duque de Edimburgo debido a malestar fue internado en el hospital , donde se someti\u00f3 a un tratamiento card\u00edaco, antes de fallecer se conoci\u00f3 su \u00faltimo deseo: Ata\u00fad de plomo, entierro y beneficencia en lugar de flores.<\/p>\n\n\n\n<p><strong>La muerte de un monarca es un hecho hist\u00f3rico para el pueblo britanico. <\/strong><br><br>Durante su vida, el pr\u00edncipe pens\u00f3 en el escenario de su propio funeral. Seg\u00fan su testamento, el funeral debia ser un evento privado, sin ceremonia p\u00fablica ni ruido, y el ata\u00fad permanecer cerrado a las miradas indiscretas. Y la pandemia de coronavirus ha integrado con \u00e9xito en los deseos del fallecido.<\/p>\n\n\n\n<p>El ata\u00fad para el anciano de la familia real se realiz\u00f3 hace 30 a\u00f1os. El producto est\u00e1 elaborado en roble ingl\u00e9s con un revestimiento tradicional de plomo, ya que es costumbre que los miembros de la familia real sean enterrados en ata\u00fades que preserven la r\u00e1pida descomposici\u00f3n. El ata\u00fad de Diana, por ejemplo, pesaba m\u00e1s de 250 kilogramos. <\/p>\n\n\n\n<p>Seg\u00fan la tradici\u00f3n, los habitantes del reino se despiden de los fallecidos. En 2002, durante tres d\u00edas, 200 mil personas visitaron Westminster para rendir homenaje a la madre de Isabel II. Pero con el pr\u00edncipe Felipe, esto no fue as\u00ed.<br><br>El funeral de los miembros de la Familia Real de Gran Breta\u00f1a es una continuaci\u00f3n centenaria de tradiciones, que se lleva a cabo en una estricta ceremonia. Cada paso del triste evento se ensaya cuidadosamente con anticipaci\u00f3n.<\/p>\n\n\n\n<p>Marines y personal militar de otras unidades marcharon junto al autom\u00f3vil en el que se pos\u00f3 el cuerpo de Philip. Acompa\u00f1anolo a lo largo de la ruta, a continuaci\u00f3n segu\u00edan miembros de la familia real, incluidos los pr\u00edncipes Carlos, William y Harry.<\/p>\n\n\n\n<p>Por cierto, la propia viuda no particip\u00f3 en la procesi\u00f3n f\u00fanebre. La Reina fue llevadadirectamente al lugar del funeral. Meghan Markle tampoco apareci\u00f3 en el funeral por su embarazo.<\/p>\n\n\n\n<p>El duque de Edimburgo fue enterrado en la cripta familiar cerca de la Capilla de San Jorge en el Castillo de Windsor. Pero este no es el \u00faltimo lugar de descanso del pr\u00edncipe Felipe. Tras la muerte de Isabel II, el ata\u00fad con el cuerpo del duque ser\u00e1 desenterrado y trasladado a otra tumba. As\u00ed que la pareja real volver\u00e1 a estar junta en la Capilla Conmemorativa del Rey Jorge VI en los jardines de la finca Frogmore.<br><br> <small>Copyright \u00a9 2021 PanPress.Eu \/ SalaStampa.Eu &#8211; ElCanillita.info &#8211; All Rights Reserved<\/small> <\/p>\n","protected":false},"excerpt":{"rendered":"<p>El monarca fue enterrado en la Capilla de San Jorge en el Castillo de Windsor, una residencia cerca de Londres. Pero sus restos encontrar\u00e1n su \u00faltimo lugar de descanso despu\u00e9s de la muerte de su viuda.<\/p>\n","protected":false},"author":1,"featured_media":1524,"comment_status":"closed","ping_status":"closed","sticky":false,"template":"","format":"standard","meta":{"footnotes":"","_links_to":"","_links_to_target":""},"categories":[70,5,25],"tags":[58],"class_list":["post-1523","post","type-post","status-publish","format-standard","has-post-thumbnail","hentry","category-actualidad","category-europa","category-sociedad","tag-reino-unido","entry","double"],"yoast_head":"<!-- This site is optimized with the Yoast SEO plugin v27.4 - https:\/\/yoast.com\/product\/yoast-seo-wordpress\/ -->\n<title>La ceremonia funebre del pr\u00edncipe Felipe fue celebrada en la capilla San Jorge del castillo de Windsor - ElCanillita.Info<\/title>\n<meta name=\"robots\" content=\"index, follow, max-snippet:-1, max-image-preview:large, max-video-preview:-1\" \/>\n<link rel=\"canonical\" href=\"https:\/\/elcanillita.info\/press\/2021\/04\/17\/__trashed\/\" \/>\n<meta property=\"og:locale\" content=\"es_ES\" \/>\n<meta property=\"og:type\" content=\"article\" \/>\n<meta property=\"og:title\" content=\"La ceremonia funebre del pr\u00edncipe Felipe fue celebrada en la capilla San Jorge del castillo de Windsor - ElCanillita.Info\" \/>\n<meta property=\"og:description\" content=\"El monarca fue enterrado en la Capilla de San Jorge en el Castillo de Windsor, una residencia cerca de Londres. Pero sus restos encontrar\u00e1n su \u00faltimo lugar de descanso despu\u00e9s de la muerte de su viuda.\" \/>\n<meta property=\"og:url\" content=\"https:\/\/elcanillita.info\/press\/2021\/04\/17\/__trashed\/\" \/>\n<meta property=\"og:site_name\" content=\"ElCanillita.Info\" \/>\n<meta property=\"article:publisher\" content=\"https:\/\/ar-ar.facebook.com\/ElCanillitainfo-114249515285712\/\" \/>\n<meta property=\"article:published_time\" content=\"2021-04-17T20:55:38+00:00\" \/>\n<meta property=\"article:modified_time\" content=\"2021-04-17T21:31:53+00:00\" \/>\n<meta property=\"og:image\" content=\"https:\/\/elcanillita.info\/press\/images\/2021\/04\/dukWinsor20210417.jpg\" \/>\n\t<meta property=\"og:image:width\" content=\"600\" \/>\n\t<meta property=\"og:image:height\" content=\"375\" \/>\n\t<meta property=\"og:image:type\" content=\"image\/jpeg\" \/>\n<meta name=\"author\" content=\"SalaStampa.eu, world press service\" \/>\n<meta name=\"twitter:card\" content=\"summary_large_image\" \/>\n<meta name=\"twitter:label1\" content=\"Escrito por\" \/>\n\t<meta name=\"twitter:data1\" content=\"SalaStampa.eu, world press service\" \/>\n\t<meta name=\"twitter:label2\" content=\"Tiempo de lectura\" \/>\n\t<meta name=\"twitter:data2\" content=\"3 minutos\" \/>\n<script type=\"application\/ld+json\" class=\"yoast-schema-graph\">{\"@context\":\"https:\\\/\\\/schema.org\",\"@graph\":[{\"@type\":\"Article\",\"@id\":\"https:\\\/\\\/elcanillita.info\\\/press\\\/2021\\\/04\\\/17\\\/__trashed\\\/#article\",\"isPartOf\":{\"@id\":\"https:\\\/\\\/elcanillita.info\\\/press\\\/2021\\\/04\\\/17\\\/__trashed\\\/\"},\"author\":{\"name\":\"SalaStampa.eu, world press service\",\"@id\":\"https:\\\/\\\/elcanillita.info\\\/press\\\/#\\\/schema\\\/person\\\/7fcb79f38045700919f7da6d97e71ba0\"},\"headline\":\"La ceremonia funebre del pr\u00edncipe Felipe fue celebrada en la capilla San Jorge del castillo de Windsor\",\"datePublished\":\"2021-04-17T20:55:38+00:00\",\"dateModified\":\"2021-04-17T21:31:53+00:00\",\"mainEntityOfPage\":{\"@id\":\"https:\\\/\\\/elcanillita.info\\\/press\\\/2021\\\/04\\\/17\\\/__trashed\\\/\"},\"wordCount\":664,\"publisher\":{\"@id\":\"https:\\\/\\\/elcanillita.info\\\/press\\\/#organization\"},\"image\":{\"@id\":\"https:\\\/\\\/elcanillita.info\\\/press\\\/2021\\\/04\\\/17\\\/__trashed\\\/#primaryimage\"},\"thumbnailUrl\":\"https:\\\/\\\/elcanillita.info\\\/press\\\/images\\\/2021\\\/04\\\/dukWinsor20210417.jpg\",\"keywords\":[\"Reino Unido\"],\"articleSection\":[\"Actualidad\",\"Europa\",\"Sociedad\"],\"inLanguage\":\"es-AR\"},{\"@type\":\"WebPage\",\"@id\":\"https:\\\/\\\/elcanillita.info\\\/press\\\/2021\\\/04\\\/17\\\/__trashed\\\/\",\"url\":\"https:\\\/\\\/elcanillita.info\\\/press\\\/2021\\\/04\\\/17\\\/__trashed\\\/\",\"name\":\"La ceremonia funebre del pr\u00edncipe Felipe fue celebrada en la capilla San Jorge del castillo de Windsor - ElCanillita.Info\",\"isPartOf\":{\"@id\":\"https:\\\/\\\/elcanillita.info\\\/press\\\/#website\"},\"primaryImageOfPage\":{\"@id\":\"https:\\\/\\\/elcanillita.info\\\/press\\\/2021\\\/04\\\/17\\\/__trashed\\\/#primaryimage\"},\"image\":{\"@id\":\"https:\\\/\\\/elcanillita.info\\\/press\\\/2021\\\/04\\\/17\\\/__trashed\\\/#primaryimage\"},\"thumbnailUrl\":\"https:\\\/\\\/elcanillita.info\\\/press\\\/images\\\/2021\\\/04\\\/dukWinsor20210417.jpg\",\"datePublished\":\"2021-04-17T20:55:38+00:00\",\"dateModified\":\"2021-04-17T21:31:53+00:00\",\"inLanguage\":\"es-AR\",\"potentialAction\":[{\"@type\":\"ReadAction\",\"target\":[\"https:\\\/\\\/elcanillita.info\\\/press\\\/2021\\\/04\\\/17\\\/__trashed\\\/\"]}]},{\"@type\":\"ImageObject\",\"inLanguage\":\"es-AR\",\"@id\":\"https:\\\/\\\/elcanillita.info\\\/press\\\/2021\\\/04\\\/17\\\/__trashed\\\/#primaryimage\",\"url\":\"https:\\\/\\\/elcanillita.info\\\/press\\\/images\\\/2021\\\/04\\\/dukWinsor20210417.jpg\",\"contentUrl\":\"https:\\\/\\\/elcanillita.info\\\/press\\\/images\\\/2021\\\/04\\\/dukWinsor20210417.jpg\",\"width\":600,\"height\":375},{\"@type\":\"WebSite\",\"@id\":\"https:\\\/\\\/elcanillita.info\\\/press\\\/#website\",\"url\":\"https:\\\/\\\/elcanillita.info\\\/press\\\/\",\"name\":\"ElCanillita.Info\",\"description\":\"desde los Apeninos a los Andes\",\"publisher\":{\"@id\":\"https:\\\/\\\/elcanillita.info\\\/press\\\/#organization\"},\"potentialAction\":[{\"@type\":\"SearchAction\",\"target\":{\"@type\":\"EntryPoint\",\"urlTemplate\":\"https:\\\/\\\/elcanillita.info\\\/press\\\/?s={search_term_string}\"},\"query-input\":{\"@type\":\"PropertyValueSpecification\",\"valueRequired\":true,\"valueName\":\"search_term_string\"}}],\"inLanguage\":\"es-AR\"},{\"@type\":\"Organization\",\"@id\":\"https:\\\/\\\/elcanillita.info\\\/press\\\/#organization\",\"name\":\"Guzzo Photos & Graphic Publications\",\"url\":\"https:\\\/\\\/elcanillita.info\\\/press\\\/\",\"logo\":{\"@type\":\"ImageObject\",\"inLanguage\":\"es-AR\",\"@id\":\"https:\\\/\\\/elcanillita.info\\\/press\\\/#\\\/schema\\\/logo\\\/image\\\/\",\"url\":\"https:\\\/\\\/elcanillita.info\\\/press\\\/images\\\/2020\\\/01\\\/cropped-cropped-cropped-elcanillitainfo.png\",\"contentUrl\":\"https:\\\/\\\/elcanillita.info\\\/press\\\/images\\\/2020\\\/01\\\/cropped-cropped-cropped-elcanillitainfo.png\",\"width\":460,\"height\":50,\"caption\":\"Guzzo Photos & Graphic Publications\"},\"image\":{\"@id\":\"https:\\\/\\\/elcanillita.info\\\/press\\\/#\\\/schema\\\/logo\\\/image\\\/\"},\"sameAs\":[\"https:\\\/\\\/ar-ar.facebook.com\\\/ElCanillitainfo-114249515285712\\\/\"]},{\"@type\":\"Person\",\"@id\":\"https:\\\/\\\/elcanillita.info\\\/press\\\/#\\\/schema\\\/person\\\/7fcb79f38045700919f7da6d97e71ba0\",\"name\":\"SalaStampa.eu, world press service\",\"image\":{\"@type\":\"ImageObject\",\"inLanguage\":\"es-AR\",\"@id\":\"https:\\\/\\\/secure.gravatar.com\\\/avatar\\\/c2f0e0d515a107624234994507816ca4724c7199cef73fc8bedebf6931d73888?s=96&d=mm&r=g\",\"url\":\"https:\\\/\\\/secure.gravatar.com\\\/avatar\\\/c2f0e0d515a107624234994507816ca4724c7199cef73fc8bedebf6931d73888?s=96&d=mm&r=g\",\"contentUrl\":\"https:\\\/\\\/secure.gravatar.com\\\/avatar\\\/c2f0e0d515a107624234994507816ca4724c7199cef73fc8bedebf6931d73888?s=96&d=mm&r=g\",\"caption\":\"SalaStampa.eu, world press service\"}}]}<\/script>\n<!-- \/ Yoast SEO plugin. -->","yoast_head_json":{"title":"La ceremonia funebre del pr\u00edncipe Felipe fue celebrada en la capilla San Jorge del castillo de Windsor - ElCanillita.Info","robots":{"index":"index","follow":"follow","max-snippet":"max-snippet:-1","max-image-preview":"max-image-preview:large","max-video-preview":"max-video-preview:-1"},"canonical":"https:\/\/elcanillita.info\/press\/2021\/04\/17\/__trashed\/","og_locale":"es_ES","og_type":"article","og_title":"La ceremonia funebre del pr\u00edncipe Felipe fue celebrada en la capilla San Jorge del castillo de Windsor - ElCanillita.Info","og_description":"El monarca fue enterrado en la Capilla de San Jorge en el Castillo de Windsor, una residencia cerca de Londres. Pero sus restos encontrar\u00e1n su \u00faltimo lugar de descanso despu\u00e9s de la muerte de su viuda.","og_url":"https:\/\/elcanillita.info\/press\/2021\/04\/17\/__trashed\/","og_site_name":"ElCanillita.Info","article_publisher":"https:\/\/ar-ar.facebook.com\/ElCanillitainfo-114249515285712\/","article_published_time":"2021-04-17T20:55:38+00:00","article_modified_time":"2021-04-17T21:31:53+00:00","og_image":[{"width":600,"height":375,"url":"https:\/\/elcanillita.info\/press\/images\/2021\/04\/dukWinsor20210417.jpg","type":"image\/jpeg"}],"author":"SalaStampa.eu, world press service","twitter_card":"summary_large_image","twitter_misc":{"Escrito por":"SalaStampa.eu, world press service","Tiempo de lectura":"3 minutos"},"schema":{"@context":"https:\/\/schema.org","@graph":[{"@type":"Article","@id":"https:\/\/elcanillita.info\/press\/2021\/04\/17\/__trashed\/#article","isPartOf":{"@id":"https:\/\/elcanillita.info\/press\/2021\/04\/17\/__trashed\/"},"author":{"name":"SalaStampa.eu, world press service","@id":"https:\/\/elcanillita.info\/press\/#\/schema\/person\/7fcb79f38045700919f7da6d97e71ba0"},"headline":"La ceremonia funebre del pr\u00edncipe Felipe fue celebrada en la capilla San Jorge del castillo de Windsor","datePublished":"2021-04-17T20:55:38+00:00","dateModified":"2021-04-17T21:31:53+00:00","mainEntityOfPage":{"@id":"https:\/\/elcanillita.info\/press\/2021\/04\/17\/__trashed\/"},"wordCount":664,"publisher":{"@id":"https:\/\/elcanillita.info\/press\/#organization"},"image":{"@id":"https:\/\/elcanillita.info\/press\/2021\/04\/17\/__trashed\/#primaryimage"},"thumbnailUrl":"https:\/\/elcanillita.info\/press\/images\/2021\/04\/dukWinsor20210417.jpg","keywords":["Reino Unido"],"articleSection":["Actualidad","Europa","Sociedad"],"inLanguage":"es-AR"},{"@type":"WebPage","@id":"https:\/\/elcanillita.info\/press\/2021\/04\/17\/__trashed\/","url":"https:\/\/elcanillita.info\/press\/2021\/04\/17\/__trashed\/","name":"La ceremonia funebre del pr\u00edncipe Felipe fue celebrada en la capilla San Jorge del castillo de Windsor - ElCanillita.Info","isPartOf":{"@id":"https:\/\/elcanillita.info\/press\/#website"},"primaryImageOfPage":{"@id":"https:\/\/elcanillita.info\/press\/2021\/04\/17\/__trashed\/#primaryimage"},"image":{"@id":"https:\/\/elcanillita.info\/press\/2021\/04\/17\/__trashed\/#primaryimage"},"thumbnailUrl":"https:\/\/elcanillita.info\/press\/images\/2021\/04\/dukWinsor20210417.jpg","datePublished":"2021-04-17T20:55:38+00:00","dateModified":"2021-04-17T21:31:53+00:00","inLanguage":"es-AR","potentialAction":[{"@type":"ReadAction","target":["https:\/\/elcanillita.info\/press\/2021\/04\/17\/__trashed\/"]}]},{"@type":"ImageObject","inLanguage":"es-AR","@id":"https:\/\/elcanillita.info\/press\/2021\/04\/17\/__trashed\/#primaryimage","url":"https:\/\/elcanillita.info\/press\/images\/2021\/04\/dukWinsor20210417.jpg","contentUrl":"https:\/\/elcanillita.info\/press\/images\/2021\/04\/dukWinsor20210417.jpg","width":600,"height":375},{"@type":"WebSite","@id":"https:\/\/elcanillita.info\/press\/#website","url":"https:\/\/elcanillita.info\/press\/","name":"ElCanillita.Info","description":"desde los Apeninos a los Andes","publisher":{"@id":"https:\/\/elcanillita.info\/press\/#organization"},"potentialAction":[{"@type":"SearchAction","target":{"@type":"EntryPoint","urlTemplate":"https:\/\/elcanillita.info\/press\/?s={search_term_string}"},"query-input":{"@type":"PropertyValueSpecification","valueRequired":true,"valueName":"search_term_string"}}],"inLanguage":"es-AR"},{"@type":"Organization","@id":"https:\/\/elcanillita.info\/press\/#organization","name":"Guzzo Photos & Graphic Publications","url":"https:\/\/elcanillita.info\/press\/","logo":{"@type":"ImageObject","inLanguage":"es-AR","@id":"https:\/\/elcanillita.info\/press\/#\/schema\/logo\/image\/","url":"https:\/\/elcanillita.info\/press\/images\/2020\/01\/cropped-cropped-cropped-elcanillitainfo.png","contentUrl":"https:\/\/elcanillita.info\/press\/images\/2020\/01\/cropped-cropped-cropped-elcanillitainfo.png","width":460,"height":50,"caption":"Guzzo Photos & Graphic Publications"},"image":{"@id":"https:\/\/elcanillita.info\/press\/#\/schema\/logo\/image\/"},"sameAs":["https:\/\/ar-ar.facebook.com\/ElCanillitainfo-114249515285712\/"]},{"@type":"Person","@id":"https:\/\/elcanillita.info\/press\/#\/schema\/person\/7fcb79f38045700919f7da6d97e71ba0","name":"SalaStampa.eu, world press service","image":{"@type":"ImageObject","inLanguage":"es-AR","@id":"https:\/\/secure.gravatar.com\/avatar\/c2f0e0d515a107624234994507816ca4724c7199cef73fc8bedebf6931d73888?s=96&d=mm&r=g","url":"https:\/\/secure.gravatar.com\/avatar\/c2f0e0d515a107624234994507816ca4724c7199cef73fc8bedebf6931d73888?s=96&d=mm&r=g","contentUrl":"https:\/\/secure.gravatar.com\/avatar\/c2f0e0d515a107624234994507816ca4724c7199cef73fc8bedebf6931d73888?s=96&d=mm&r=g","caption":"SalaStampa.eu, world press service"}}]}},"views":592,"_links":{"self":[{"href":"https:\/\/elcanillita.info\/press\/wp-json\/wp\/v2\/posts\/1523","targetHints":{"allow":["GET"]}}],"collection":[{"href":"https:\/\/elcanillita.info\/press\/wp-json\/wp\/v2\/posts"}],"about":[{"href":"https:\/\/elcanillita.info\/press\/wp-json\/wp\/v2\/types\/post"}],"author":[{"embeddable":true,"href":"https:\/\/elcanillita.info\/press\/wp-json\/wp\/v2\/users\/1"}],"replies":[{"embeddable":true,"href":"https:\/\/elcanillita.info\/press\/wp-json\/wp\/v2\/comments?post=1523"}],"version-history":[{"count":0,"href":"https:\/\/elcanillita.info\/press\/wp-json\/wp\/v2\/posts\/1523\/revisions"}],"wp:featuredmedia":[{"embeddable":true,"href":"https:\/\/elcanillita.info\/press\/wp-json\/wp\/v2\/media\/1524"}],"wp:attachment":[{"href":"https:\/\/elcanillita.info\/press\/wp-json\/wp\/v2\/media?parent=1523"}],"wp:term":[{"taxonomy":"category","embeddable":true,"href":"https:\/\/elcanillita.info\/press\/wp-json\/wp\/v2\/categories?post=1523"},{"taxonomy":"post_tag","embeddable":true,"href":"https:\/\/elcanillita.info\/press\/wp-json\/wp\/v2\/tags?post=1523"}],"curies":[{"name":"wp","href":"https:\/\/api.w.org\/{rel}","templated":true}]}}