{"id":1516,"date":"2021-04-03T19:39:11","date_gmt":"2021-04-03T22:39:11","guid":{"rendered":"https:\/\/elcanillita.info\/press\/?p=1516"},"modified":"2021-04-03T19:39:14","modified_gmt":"2021-04-03T22:39:14","slug":"cierre-internet-birmania-aumenta-temor-ciudadanos","status":"publish","type":"post","link":"https:\/\/elcanillita.info\/press\/2021\/04\/03\/cierre-internet-birmania-aumenta-temor-ciudadanos\/","title":{"rendered":"El cierre de Internet en Birmania ahoga el flujo de noticias y aumenta el temor de los ciudadanos"},"content":{"rendered":"\n<div class=\"wp-block-image\"><figure class=\"aligncenter size-large\"><img loading=\"lazy\" decoding=\"async\" width=\"526\" height=\"350\" src=\"https:\/\/elcanillita.info\/press\/images\/2021\/04\/Birmania-II-20210402.jpg\" alt=\"\" class=\"wp-image-1518\" srcset=\"https:\/\/elcanillita.info\/press\/images\/2021\/04\/Birmania-II-20210402.jpg 526w, https:\/\/elcanillita.info\/press\/images\/2021\/04\/Birmania-II-20210402-300x200.jpg 300w\" sizes=\"auto, (max-width: 526px) 100vw, 526px\" \/><figcaption><small>Funeral de la v\u00edctima del tiroteo Su Su Kyi, quien recibi\u00f3 un disparo el 31\/03\/2021 en un autom\u00f3vil cuando regresaba a casa desde el trabajo en Shinhan, Cr\u00e9dito: RFA<\/figcaption><\/figure><\/div>\n\n\n\n<p>El viernes, los ciudadanos de Myanmar lucharon con un corte dr\u00e1stico de Internet y los servicios de datos inal\u00e1mbricos, luego de una orden de la junta militar destinada a detener el flujo de videos y fotos de atrocidades para una audiencia global, dijeron activistas y usuarios de la web.<\/p>\n\n\n\n<p>El Ministerio de Transportes y Comunicaciones orden\u00f3 el jueves la suspensi\u00f3n de todos los servicios inal\u00e1mbricos de datos de banda ancha, dijeron los proveedores, intensificando la represi\u00f3n contra la difusi\u00f3n de informaci\u00f3n, que comenz\u00f3 con el bloqueo de los sitios de redes sociales y un corte del servicio inal\u00e1mbrico de 1:00 p.m. a 9:00 a.m. d\u00edas despu\u00e9s del golpe del 1 de febrero.<\/p>\n\n\n\n<p>&#8220;Este cierre se debe principalmente a que no quieren que las noticias de los periodistas ciudadanos sobre el terreno, lleguen a los medios de comunicaci\u00f3n y pasen de los medios al p\u00fablico&#8221;, dijo J. Paing, de la agencia fotogr\u00e1fica de prensa de Myanmar.<\/p>\n\n\n\n<p>&#8220;Otro prop\u00f3sito es mantener desinformados a los periodistas que trabajan sobre el terreno&#8221;, dijo al Servicio de Myanmar de RFA, y se\u00f1al\u00f3 que la falta de acceso a Internet dificultaba mucho la obtenci\u00f3n de informaci\u00f3n local.<\/p>\n\n\n\n<p>&#8220;Ahora que se han hecho nuevos recortes de Internet, es posible que est\u00e9n preparados para cometer violaciones de derechos humanos m\u00e1s brutales&#8221;, dijo Nicky Diamond, de la ONG Fortify Rights.<\/p>\n\n\n\n<p>\u201cCondenamos tales cortes de servicios, sin acceso a Internet el p\u00fablico ser\u00e1 m\u00e1s vulnerable, porque los militares golpistas podran reprimir a las personas con m\u00e1s violencia\u201d, dijo.<\/p>\n\n\n\n<p>&#8220;Est\u00e1n tratando de ocultar la evidencia de sus cr\u00edmenes&#8221;, agreg\u00f3 Diamond.<\/p>\n\n\n\n<p>En los dos meses transcurridos desde que las tropas depusieron al gobierno electo de la l\u00edder Aung San Su Kyi, m\u00e1s de 500 personas han muerto y unas 2.700 han sido arrestadas, seg\u00fan cifras de RFA y una ONG regional.<\/p>\n\n\n\n<p>En medio de tiroteos diarios, un residente de South Dagon, un municipio de Yangon que ha sufrido la mayor violencia contra los manifestantes y que est\u00e1 bajo la ley marcial, dijo que la falta de acceso a informaci\u00f3n oportuna hace que la gente &#8220;se sienta insegura&#8221;.<\/p>\n\n\n\n<p>\u201cLa vida ha sido dif\u00edcil desde el 1 de febrero, cuando dieron el golpe, y desde entonces empezaron un apag\u00f3n informativo. Se cort\u00f3 Internet y ahora los ISP \u201d, dijo.<\/p>\n\n\n\n<p>&#8220;Sin Wi-Fi, no podemos recibir todas las noticias. No s\u00e9 exactamente qu\u00e9 est\u00e1 pasando y me siento inseguro. Siento que ya no estoy seguro ni siquiera en casa\u201d, le dijo a RFA.<\/p>\n\n\n\n<p>El corte de Internet tambi\u00e9n ha obstaculizado el intercambio de informaci\u00f3n sobre la pandemia de coronavirus y ha dificultado a quienes usan aplicaciones para realizar pagos, en ausencia de una banca regular, que ha sido interrumpida por el golpe.<\/p>\n\n\n\n<p>&#8220;Internet es bueno para nosotros, es bueno para los lazos sociales y econ\u00f3micos, y es m\u00e1s conveniente&#8221;, dijo un empresario, quien pidi\u00f3 el anonimato para hablar libremente.<\/p>\n\n\n\n<p>Mientras corta severamente los canales de informaci\u00f3n, la junta de Myanmar ha arrestado a 56 periodistas desde el 1 de febrero, liberando a 30 desde entonces, seg\u00fan un recuento de la RFA.<\/p>\n\n\n\n<p>Al subrayar los peligros que implica compartir informaci\u00f3n sobre el golpe con el mundo exterior, los testigos dijeron que la polic\u00eda arrest\u00f3 a dos mujeres del mercado Ten Mile en Yangon despu\u00e9s de que hablaron con un reportero de CNN durante su visita el jueves.<\/p>\n\n\n\n<p>Los vendedores y propietarios de tiendas en el mercado Ten Mile en el norte de Yangon dijeron que la polic\u00eda hab\u00eda llegado al mercado y patrullaron el \u00e1rea antes de la visita de la reportera de CNN Clarissa Ward.<\/p>\n\n\n\n<p>\u201cAlrededor de las 9 am, la reportera y su equipo llegaron al mercado y comenzaron a hablar con la gente\u201d, dijo un proveedor.<\/p>\n\n\n\n<p>\u201cLa gente del barrio empez\u00f3 a golpear las ollas y gritar &#8216;Queremos democracia&#8217; o &#8216;Justicia para Myanmar. La gente dej\u00f3 de golpear las cacerolas cuando entraron al mercado alrededor de diez polic\u00edas. Pero la gente segu\u00eda cantando \u201d, agreg\u00f3 el vendedor.<\/p>\n\n\n\n<p>\u201cUna due\u00f1a de una tienda en el mercado vino al lugar y habl\u00f3 con el reportero. Ella fue entrevistada y ella es la que fue arrestada \u201d, dijo el vendedor. \u201cSu familia nos dijo que hab\u00eda sido detenida en la comisar\u00eda de polic\u00eda de Mayangone. Ahora est\u00e1n luchando por su liberaci\u00f3n &#8220;.<\/p>\n\n\n\n<p>Aproximadamente cinco personas fueron vistas hablando con el reportero de CNN y dos mujeres que hablaron con la red de noticias por cable de EE. UU., La propietaria de la tienda de iluminaci\u00f3n electr\u00f3nica Asia Light y su empleada, fueron arrestadas el viernes, dijo el vendedor.<\/p>\n\n\n\n<p>El equipo de CNN \u201cpregunt\u00f3 por qu\u00e9 la gente est\u00e1 golpeando cacerolas, cuando las autoridades afirmaron que el pa\u00eds ahora es pac\u00edfico. El entrevistado dijo que es mentira y la gente est\u00e1 golpeando cacerolas porque no les gusta el gobierno \u201d, dijo un hombre que escuch\u00f3 la entrevista el jueves.<\/p>\n\n\n\n<p>\u201cEl entrevistado dijo solo dos l\u00edneas y tuvieron que huir porque hab\u00eda llegado la polic\u00eda. Ahora todos los que hablaron con el reportero est\u00e1n tratando de mantenerse fuera de casa para evitar ser arrestados \u201d, dijo el testigo, describiendo a las personas que temen represalias de la junta por hablar con CNN.<\/p>\n\n\n\n<p>Yin Thet Tin, de 23 a\u00f1os, una de las personas entrevistadas en el mercado Ten Mile de Yangon por la CNN tambi\u00e9n fue arrestada y llevada a un centro de interrogatorios en Shwepyithar por las fuerzas militares, confirm\u00f3 su familia a RFA.<\/p>\n\n\n\n<p>RFA intent\u00f3 comunicarse con la Oficina de Relaciones P\u00fablicas de Asia Pac\u00edfico de CNN para comentar sobre los arrestos, pero no recibi\u00f3 respuesta hasta el viernes por la noche.<\/p>\n\n\n\n<p>El n\u00famero de muertos que llega a 550, seg\u00fan la Asociaci\u00f3n de Asistencia a Presos Pol\u00edticos con sede en Tailandia y se teme que aumente en la medida que se confirmen m\u00e1s asesinatos. Los activistas antigolpistas organizaron simb\u00f3licas &#8220;protestas florales&#8221; en memoria de los que murieron manifestando contra el r\u00e9gimen militar.<\/p>\n\n\n\n<p>Se colocaron ramos de rosas blancas y ramitas de hojas de Eugenia con notas de protesta en cruces populares y en lugares de ciudades de Myanmar donde las fuerzas de seguridad dispararon contra manifestantes. Los manifestantes anti-junta tambi\u00e9n llevaron flores mientras marchaban.<\/p>\n\n\n\n<p>Familiares y colegas celebraron un emotivo funeral por Su Su Kyi, una empleada del Shinhan Bank de Corea del Sur, quien recibi\u00f3 un disparo el mi\u00e9rcoles en Yangon mientras se trasladaba al trabajo.<\/p>\n\n\n\n<p>El jueves por la noche en la ciudad de Sagaing, un hombre de 36 a\u00f1os llamado Ko Chan Aye fue asesinado a tiros por las fuerzas de seguridad cuando ingresaban al vecindario disparando indiscriminadamente, dijo su esposa.<\/p>\n\n\n\n<p>&#8220;Lo golpearon poco despu\u00e9s de la medianoche y muri\u00f3 alrededor de las 2.30 am. Fue golpeado una vez en la ingle y otra en el vientre, y tambi\u00e9n en la espalda con dos balas de goma&#8221;, dijo a RFA.<\/p>\n\n\n\n<p>\u201cLo incineramos temprano esta ma\u00f1ana, porque ten\u00edamos miedo de que vinieran a buscar el cuerpo\u201d.<\/p>\n\n\n\n<p>En otra violencia en la regi\u00f3n de Sagaing, estallaron enfrentamientos entre los aldeanos y las fuerzas de la junta militar cuando las tropas intentaron arrestar a Ven. Thawparka, un abad budista. Un aldeano muri\u00f3 y tres resultaron gravemente heridos, dijo un testigo.<\/p>\n\n\n\n<p>\u201cAproximadamente a las tres de la ma\u00f1ana, fui rodeado en el monasterio por una fuerza de alrededor de cien soldados. Me escond\u00ed y cuando no pudieron atraparme, tomaron como rehenes a cuatro aldeanos \u201d, dijo el abad. \u201cHubo un enfrentamiento entre ellos y los aldeanos que vinieron a protegerme durante varias horas\u201d.<\/p>\n\n\n\n<p>Un estudiante universitario llamado Maung Nyan Lin fue asesinado a tiros el jueves por la noche cerca de la Universidad Kalemyo de Sagaing por la polic\u00eda, y su cuerpo fue dejado en la puerta de la universidad el viernes por la ma\u00f1ana, dijeron los residentes locales a RFA.<\/p>\n\n\n\n<p>En la ciudad de Lashio, en el norte del estado de Shan, las fuerzas de seguridad ingresaron a las casas con el pretexto de verificar las listas de hogares y arrestaron a personas en las casas donde se encontraron carteles de vinilo utilizados por los manifestantes.<\/p>\n\n\n\n<p>\u201cTen\u00edamos esos carteles de vinilo que dejaron los j\u00f3venes en mi casa despu\u00e9s de las protestas\u201d, dijo un residente del distrito 9 de Lashio, cuya esposa, Ei Moe, fue arrestada.<\/p>\n\n\n\n<p>\u201cLas tropas vinieron el primer d\u00eda y preguntaron por Ko Tun Way y se fueron cuando dijimos que estaba en un viaje por carretera. Luego volvieron al d\u00eda siguiente, derribaron la puerta de metal frontal \u201d, dijo.<\/p>\n\n\n\n<p>&#8220;Sal\u00ed de la casa por la parte de atr\u00e1s. Encontraron los carteles de vinilo y una bandera de la LND y se llevaron a mi esposa&#8221;, agreg\u00f3 el hombre.<\/p>\n\n\n\n<p><small>Informe del Servicio de Myanmar de RFA. Traducido por Khin Maung Nyane, Ye Kaung Myint Maung y Kyaw Min Htun. Escrito en castellano por R.MA.Guzzo \u00a9 2021 SalaStampa.Eu affiliate with USAGM \/ VOA Copyright \u00a9 1998-2021, RFA. Reprinted by ElCanillita.Info with the permission of Radio Free Asia, 2025 M St. NW, Suite 300, Washington DC 20036<\/small><br><br><\/p>\n","protected":false},"excerpt":{"rendered":"<p>El Ministerio de Transportes y Comunicaciones orden\u00f3 el jueves la suspensi\u00f3n de todos los servicios inal\u00e1mbricos de datos de banda ancha<\/p>\n","protected":false},"author":1,"featured_media":1517,"comment_status":"closed","ping_status":"closed","sticky":false,"template":"","format":"standard","meta":{"footnotes":"","_links_to":"","_links_to_target":""},"categories":[70,16,23,25],"tags":[],"class_list":["post-1516","post","type-post","status-publish","format-standard","has-post-thumbnail","hentry","category-actualidad","category-asia","category-politica","category-sociedad","entry","double"],"yoast_head":"<!-- This site is optimized with the Yoast SEO plugin v27.4 - https:\/\/yoast.com\/product\/yoast-seo-wordpress\/ -->\n<title>El cierre de Internet en Birmania ahoga el flujo de noticias y aumenta el temor de los ciudadanos - ElCanillita.Info<\/title>\n<meta name=\"robots\" content=\"index, follow, max-snippet:-1, max-image-preview:large, max-video-preview:-1\" \/>\n<link rel=\"canonical\" href=\"https:\/\/elcanillita.info\/press\/2021\/04\/03\/cierre-internet-birmania-aumenta-temor-ciudadanos\/\" \/>\n<meta property=\"og:locale\" content=\"es_ES\" \/>\n<meta property=\"og:type\" content=\"article\" \/>\n<meta property=\"og:title\" content=\"El cierre de Internet en Birmania ahoga el flujo de noticias y aumenta el temor de los ciudadanos - ElCanillita.Info\" \/>\n<meta property=\"og:description\" content=\"El Ministerio de Transportes y Comunicaciones orden\u00f3 el jueves la suspensi\u00f3n de todos los servicios inal\u00e1mbricos de datos de banda ancha\" \/>\n<meta property=\"og:url\" content=\"https:\/\/elcanillita.info\/press\/2021\/04\/03\/cierre-internet-birmania-aumenta-temor-ciudadanos\/\" \/>\n<meta property=\"og:site_name\" content=\"ElCanillita.Info\" \/>\n<meta property=\"article:publisher\" content=\"https:\/\/ar-ar.facebook.com\/ElCanillitainfo-114249515285712\/\" \/>\n<meta property=\"article:published_time\" content=\"2021-04-03T22:39:11+00:00\" \/>\n<meta property=\"article:modified_time\" content=\"2021-04-03T22:39:14+00:00\" \/>\n<meta property=\"og:image\" content=\"https:\/\/elcanillita.info\/press\/images\/2021\/04\/Birmania-20210402.jpg\" \/>\n\t<meta property=\"og:image:width\" content=\"600\" \/>\n\t<meta property=\"og:image:height\" content=\"399\" \/>\n\t<meta property=\"og:image:type\" content=\"image\/jpeg\" \/>\n<meta name=\"author\" content=\"SalaStampa.eu, world press service\" \/>\n<meta name=\"twitter:card\" content=\"summary_large_image\" \/>\n<meta name=\"twitter:label1\" content=\"Escrito por\" \/>\n\t<meta name=\"twitter:data1\" content=\"SalaStampa.eu, world press service\" \/>\n\t<meta name=\"twitter:label2\" content=\"Tiempo de lectura\" \/>\n\t<meta name=\"twitter:data2\" content=\"7 minutos\" \/>\n<script type=\"application\/ld+json\" class=\"yoast-schema-graph\">{\"@context\":\"https:\\\/\\\/schema.org\",\"@graph\":[{\"@type\":\"Article\",\"@id\":\"https:\\\/\\\/elcanillita.info\\\/press\\\/2021\\\/04\\\/03\\\/cierre-internet-birmania-aumenta-temor-ciudadanos\\\/#article\",\"isPartOf\":{\"@id\":\"https:\\\/\\\/elcanillita.info\\\/press\\\/2021\\\/04\\\/03\\\/cierre-internet-birmania-aumenta-temor-ciudadanos\\\/\"},\"author\":{\"name\":\"SalaStampa.eu, world press service\",\"@id\":\"https:\\\/\\\/elcanillita.info\\\/press\\\/#\\\/schema\\\/person\\\/7fcb79f38045700919f7da6d97e71ba0\"},\"headline\":\"El cierre de Internet en Birmania ahoga el flujo de noticias y aumenta el temor de los ciudadanos\",\"datePublished\":\"2021-04-03T22:39:11+00:00\",\"dateModified\":\"2021-04-03T22:39:14+00:00\",\"mainEntityOfPage\":{\"@id\":\"https:\\\/\\\/elcanillita.info\\\/press\\\/2021\\\/04\\\/03\\\/cierre-internet-birmania-aumenta-temor-ciudadanos\\\/\"},\"wordCount\":1591,\"publisher\":{\"@id\":\"https:\\\/\\\/elcanillita.info\\\/press\\\/#organization\"},\"image\":{\"@id\":\"https:\\\/\\\/elcanillita.info\\\/press\\\/2021\\\/04\\\/03\\\/cierre-internet-birmania-aumenta-temor-ciudadanos\\\/#primaryimage\"},\"thumbnailUrl\":\"https:\\\/\\\/elcanillita.info\\\/press\\\/images\\\/2021\\\/04\\\/Birmania-20210402.jpg\",\"articleSection\":[\"Actualidad\",\"Asia\",\"Politica\",\"Sociedad\"],\"inLanguage\":\"es-AR\"},{\"@type\":\"WebPage\",\"@id\":\"https:\\\/\\\/elcanillita.info\\\/press\\\/2021\\\/04\\\/03\\\/cierre-internet-birmania-aumenta-temor-ciudadanos\\\/\",\"url\":\"https:\\\/\\\/elcanillita.info\\\/press\\\/2021\\\/04\\\/03\\\/cierre-internet-birmania-aumenta-temor-ciudadanos\\\/\",\"name\":\"El cierre de Internet en Birmania ahoga el flujo de noticias y aumenta el temor de los ciudadanos - ElCanillita.Info\",\"isPartOf\":{\"@id\":\"https:\\\/\\\/elcanillita.info\\\/press\\\/#website\"},\"primaryImageOfPage\":{\"@id\":\"https:\\\/\\\/elcanillita.info\\\/press\\\/2021\\\/04\\\/03\\\/cierre-internet-birmania-aumenta-temor-ciudadanos\\\/#primaryimage\"},\"image\":{\"@id\":\"https:\\\/\\\/elcanillita.info\\\/press\\\/2021\\\/04\\\/03\\\/cierre-internet-birmania-aumenta-temor-ciudadanos\\\/#primaryimage\"},\"thumbnailUrl\":\"https:\\\/\\\/elcanillita.info\\\/press\\\/images\\\/2021\\\/04\\\/Birmania-20210402.jpg\",\"datePublished\":\"2021-04-03T22:39:11+00:00\",\"dateModified\":\"2021-04-03T22:39:14+00:00\",\"inLanguage\":\"es-AR\",\"potentialAction\":[{\"@type\":\"ReadAction\",\"target\":[\"https:\\\/\\\/elcanillita.info\\\/press\\\/2021\\\/04\\\/03\\\/cierre-internet-birmania-aumenta-temor-ciudadanos\\\/\"]}]},{\"@type\":\"ImageObject\",\"inLanguage\":\"es-AR\",\"@id\":\"https:\\\/\\\/elcanillita.info\\\/press\\\/2021\\\/04\\\/03\\\/cierre-internet-birmania-aumenta-temor-ciudadanos\\\/#primaryimage\",\"url\":\"https:\\\/\\\/elcanillita.info\\\/press\\\/images\\\/2021\\\/04\\\/Birmania-20210402.jpg\",\"contentUrl\":\"https:\\\/\\\/elcanillita.info\\\/press\\\/images\\\/2021\\\/04\\\/Birmania-20210402.jpg\",\"width\":600,\"height\":399},{\"@type\":\"WebSite\",\"@id\":\"https:\\\/\\\/elcanillita.info\\\/press\\\/#website\",\"url\":\"https:\\\/\\\/elcanillita.info\\\/press\\\/\",\"name\":\"ElCanillita.Info\",\"description\":\"desde los Apeninos a los Andes\",\"publisher\":{\"@id\":\"https:\\\/\\\/elcanillita.info\\\/press\\\/#organization\"},\"potentialAction\":[{\"@type\":\"SearchAction\",\"target\":{\"@type\":\"EntryPoint\",\"urlTemplate\":\"https:\\\/\\\/elcanillita.info\\\/press\\\/?s={search_term_string}\"},\"query-input\":{\"@type\":\"PropertyValueSpecification\",\"valueRequired\":true,\"valueName\":\"search_term_string\"}}],\"inLanguage\":\"es-AR\"},{\"@type\":\"Organization\",\"@id\":\"https:\\\/\\\/elcanillita.info\\\/press\\\/#organization\",\"name\":\"Guzzo Photos & Graphic Publications\",\"url\":\"https:\\\/\\\/elcanillita.info\\\/press\\\/\",\"logo\":{\"@type\":\"ImageObject\",\"inLanguage\":\"es-AR\",\"@id\":\"https:\\\/\\\/elcanillita.info\\\/press\\\/#\\\/schema\\\/logo\\\/image\\\/\",\"url\":\"https:\\\/\\\/elcanillita.info\\\/press\\\/images\\\/2020\\\/01\\\/cropped-cropped-cropped-elcanillitainfo.png\",\"contentUrl\":\"https:\\\/\\\/elcanillita.info\\\/press\\\/images\\\/2020\\\/01\\\/cropped-cropped-cropped-elcanillitainfo.png\",\"width\":460,\"height\":50,\"caption\":\"Guzzo Photos & Graphic Publications\"},\"image\":{\"@id\":\"https:\\\/\\\/elcanillita.info\\\/press\\\/#\\\/schema\\\/logo\\\/image\\\/\"},\"sameAs\":[\"https:\\\/\\\/ar-ar.facebook.com\\\/ElCanillitainfo-114249515285712\\\/\"]},{\"@type\":\"Person\",\"@id\":\"https:\\\/\\\/elcanillita.info\\\/press\\\/#\\\/schema\\\/person\\\/7fcb79f38045700919f7da6d97e71ba0\",\"name\":\"SalaStampa.eu, world press service\",\"image\":{\"@type\":\"ImageObject\",\"inLanguage\":\"es-AR\",\"@id\":\"https:\\\/\\\/secure.gravatar.com\\\/avatar\\\/c2f0e0d515a107624234994507816ca4724c7199cef73fc8bedebf6931d73888?s=96&d=mm&r=g\",\"url\":\"https:\\\/\\\/secure.gravatar.com\\\/avatar\\\/c2f0e0d515a107624234994507816ca4724c7199cef73fc8bedebf6931d73888?s=96&d=mm&r=g\",\"contentUrl\":\"https:\\\/\\\/secure.gravatar.com\\\/avatar\\\/c2f0e0d515a107624234994507816ca4724c7199cef73fc8bedebf6931d73888?s=96&d=mm&r=g\",\"caption\":\"SalaStampa.eu, world press service\"}}]}<\/script>\n<!-- \/ Yoast SEO plugin. -->","yoast_head_json":{"title":"El cierre de Internet en Birmania ahoga el flujo de noticias y aumenta el temor de los ciudadanos - ElCanillita.Info","robots":{"index":"index","follow":"follow","max-snippet":"max-snippet:-1","max-image-preview":"max-image-preview:large","max-video-preview":"max-video-preview:-1"},"canonical":"https:\/\/elcanillita.info\/press\/2021\/04\/03\/cierre-internet-birmania-aumenta-temor-ciudadanos\/","og_locale":"es_ES","og_type":"article","og_title":"El cierre de Internet en Birmania ahoga el flujo de noticias y aumenta el temor de los ciudadanos - ElCanillita.Info","og_description":"El Ministerio de Transportes y Comunicaciones orden\u00f3 el jueves la suspensi\u00f3n de todos los servicios inal\u00e1mbricos de datos de banda ancha","og_url":"https:\/\/elcanillita.info\/press\/2021\/04\/03\/cierre-internet-birmania-aumenta-temor-ciudadanos\/","og_site_name":"ElCanillita.Info","article_publisher":"https:\/\/ar-ar.facebook.com\/ElCanillitainfo-114249515285712\/","article_published_time":"2021-04-03T22:39:11+00:00","article_modified_time":"2021-04-03T22:39:14+00:00","og_image":[{"width":600,"height":399,"url":"https:\/\/elcanillita.info\/press\/images\/2021\/04\/Birmania-20210402.jpg","type":"image\/jpeg"}],"author":"SalaStampa.eu, world press service","twitter_card":"summary_large_image","twitter_misc":{"Escrito por":"SalaStampa.eu, world press service","Tiempo de lectura":"7 minutos"},"schema":{"@context":"https:\/\/schema.org","@graph":[{"@type":"Article","@id":"https:\/\/elcanillita.info\/press\/2021\/04\/03\/cierre-internet-birmania-aumenta-temor-ciudadanos\/#article","isPartOf":{"@id":"https:\/\/elcanillita.info\/press\/2021\/04\/03\/cierre-internet-birmania-aumenta-temor-ciudadanos\/"},"author":{"name":"SalaStampa.eu, world press service","@id":"https:\/\/elcanillita.info\/press\/#\/schema\/person\/7fcb79f38045700919f7da6d97e71ba0"},"headline":"El cierre de Internet en Birmania ahoga el flujo de noticias y aumenta el temor de los ciudadanos","datePublished":"2021-04-03T22:39:11+00:00","dateModified":"2021-04-03T22:39:14+00:00","mainEntityOfPage":{"@id":"https:\/\/elcanillita.info\/press\/2021\/04\/03\/cierre-internet-birmania-aumenta-temor-ciudadanos\/"},"wordCount":1591,"publisher":{"@id":"https:\/\/elcanillita.info\/press\/#organization"},"image":{"@id":"https:\/\/elcanillita.info\/press\/2021\/04\/03\/cierre-internet-birmania-aumenta-temor-ciudadanos\/#primaryimage"},"thumbnailUrl":"https:\/\/elcanillita.info\/press\/images\/2021\/04\/Birmania-20210402.jpg","articleSection":["Actualidad","Asia","Politica","Sociedad"],"inLanguage":"es-AR"},{"@type":"WebPage","@id":"https:\/\/elcanillita.info\/press\/2021\/04\/03\/cierre-internet-birmania-aumenta-temor-ciudadanos\/","url":"https:\/\/elcanillita.info\/press\/2021\/04\/03\/cierre-internet-birmania-aumenta-temor-ciudadanos\/","name":"El cierre de Internet en Birmania ahoga el flujo de noticias y aumenta el temor de los ciudadanos - ElCanillita.Info","isPartOf":{"@id":"https:\/\/elcanillita.info\/press\/#website"},"primaryImageOfPage":{"@id":"https:\/\/elcanillita.info\/press\/2021\/04\/03\/cierre-internet-birmania-aumenta-temor-ciudadanos\/#primaryimage"},"image":{"@id":"https:\/\/elcanillita.info\/press\/2021\/04\/03\/cierre-internet-birmania-aumenta-temor-ciudadanos\/#primaryimage"},"thumbnailUrl":"https:\/\/elcanillita.info\/press\/images\/2021\/04\/Birmania-20210402.jpg","datePublished":"2021-04-03T22:39:11+00:00","dateModified":"2021-04-03T22:39:14+00:00","inLanguage":"es-AR","potentialAction":[{"@type":"ReadAction","target":["https:\/\/elcanillita.info\/press\/2021\/04\/03\/cierre-internet-birmania-aumenta-temor-ciudadanos\/"]}]},{"@type":"ImageObject","inLanguage":"es-AR","@id":"https:\/\/elcanillita.info\/press\/2021\/04\/03\/cierre-internet-birmania-aumenta-temor-ciudadanos\/#primaryimage","url":"https:\/\/elcanillita.info\/press\/images\/2021\/04\/Birmania-20210402.jpg","contentUrl":"https:\/\/elcanillita.info\/press\/images\/2021\/04\/Birmania-20210402.jpg","width":600,"height":399},{"@type":"WebSite","@id":"https:\/\/elcanillita.info\/press\/#website","url":"https:\/\/elcanillita.info\/press\/","name":"ElCanillita.Info","description":"desde los Apeninos a los Andes","publisher":{"@id":"https:\/\/elcanillita.info\/press\/#organization"},"potentialAction":[{"@type":"SearchAction","target":{"@type":"EntryPoint","urlTemplate":"https:\/\/elcanillita.info\/press\/?s={search_term_string}"},"query-input":{"@type":"PropertyValueSpecification","valueRequired":true,"valueName":"search_term_string"}}],"inLanguage":"es-AR"},{"@type":"Organization","@id":"https:\/\/elcanillita.info\/press\/#organization","name":"Guzzo Photos & Graphic Publications","url":"https:\/\/elcanillita.info\/press\/","logo":{"@type":"ImageObject","inLanguage":"es-AR","@id":"https:\/\/elcanillita.info\/press\/#\/schema\/logo\/image\/","url":"https:\/\/elcanillita.info\/press\/images\/2020\/01\/cropped-cropped-cropped-elcanillitainfo.png","contentUrl":"https:\/\/elcanillita.info\/press\/images\/2020\/01\/cropped-cropped-cropped-elcanillitainfo.png","width":460,"height":50,"caption":"Guzzo Photos & Graphic Publications"},"image":{"@id":"https:\/\/elcanillita.info\/press\/#\/schema\/logo\/image\/"},"sameAs":["https:\/\/ar-ar.facebook.com\/ElCanillitainfo-114249515285712\/"]},{"@type":"Person","@id":"https:\/\/elcanillita.info\/press\/#\/schema\/person\/7fcb79f38045700919f7da6d97e71ba0","name":"SalaStampa.eu, world press service","image":{"@type":"ImageObject","inLanguage":"es-AR","@id":"https:\/\/secure.gravatar.com\/avatar\/c2f0e0d515a107624234994507816ca4724c7199cef73fc8bedebf6931d73888?s=96&d=mm&r=g","url":"https:\/\/secure.gravatar.com\/avatar\/c2f0e0d515a107624234994507816ca4724c7199cef73fc8bedebf6931d73888?s=96&d=mm&r=g","contentUrl":"https:\/\/secure.gravatar.com\/avatar\/c2f0e0d515a107624234994507816ca4724c7199cef73fc8bedebf6931d73888?s=96&d=mm&r=g","caption":"SalaStampa.eu, world press service"}}]}},"views":600,"_links":{"self":[{"href":"https:\/\/elcanillita.info\/press\/wp-json\/wp\/v2\/posts\/1516","targetHints":{"allow":["GET"]}}],"collection":[{"href":"https:\/\/elcanillita.info\/press\/wp-json\/wp\/v2\/posts"}],"about":[{"href":"https:\/\/elcanillita.info\/press\/wp-json\/wp\/v2\/types\/post"}],"author":[{"embeddable":true,"href":"https:\/\/elcanillita.info\/press\/wp-json\/wp\/v2\/users\/1"}],"replies":[{"embeddable":true,"href":"https:\/\/elcanillita.info\/press\/wp-json\/wp\/v2\/comments?post=1516"}],"version-history":[{"count":0,"href":"https:\/\/elcanillita.info\/press\/wp-json\/wp\/v2\/posts\/1516\/revisions"}],"wp:featuredmedia":[{"embeddable":true,"href":"https:\/\/elcanillita.info\/press\/wp-json\/wp\/v2\/media\/1517"}],"wp:attachment":[{"href":"https:\/\/elcanillita.info\/press\/wp-json\/wp\/v2\/media?parent=1516"}],"wp:term":[{"taxonomy":"category","embeddable":true,"href":"https:\/\/elcanillita.info\/press\/wp-json\/wp\/v2\/categories?post=1516"},{"taxonomy":"post_tag","embeddable":true,"href":"https:\/\/elcanillita.info\/press\/wp-json\/wp\/v2\/tags?post=1516"}],"curies":[{"name":"wp","href":"https:\/\/api.w.org\/{rel}","templated":true}]}}