{"id":1511,"date":"2021-03-25T17:18:08","date_gmt":"2021-03-25T20:18:08","guid":{"rendered":"https:\/\/elcanillita.info\/press\/?p=1511"},"modified":"2021-03-25T17:32:40","modified_gmt":"2021-03-25T20:32:40","slug":"20-000-positivos-400-muertos-hoy-italia","status":"publish","type":"post","link":"https:\/\/elcanillita.info\/press\/2021\/03\/25\/20-000-positivos-400-muertos-hoy-italia\/","title":{"rendered":"M\u00e1s de 20.000 + y 400 muertos hoy en Italia de 349.472 frotis moleculares realizados por Covid-19."},"content":{"rendered":"\n<p> <\/p>\n\n\n\n<div class=\"wp-block-image\"><figure class=\"aligncenter size-large\"><img loading=\"lazy\" decoding=\"async\" width=\"600\" height=\"400\" src=\"https:\/\/elcanillita.info\/press\/images\/2021\/03\/covid_20210325.jpg\" alt=\"\" class=\"wp-image-1512\" srcset=\"https:\/\/elcanillita.info\/press\/images\/2021\/03\/covid_20210325.jpg 600w, https:\/\/elcanillita.info\/press\/images\/2021\/03\/covid_20210325-300x200.jpg 300w\" sizes=\"auto, (max-width: 600px) 100vw, 600px\" \/><figcaption><strong><small>La tasa de positividad por el Covid en Italia sube al 6,8%.<\/small><\/strong><\/figcaption><\/figure><\/div>\n\n\n\n<p>Han sido realizados 349.472 hisopos moleculares y antig\u00e9nicos para el coronavirus en las \u00faltimas 24 horas en Italia. Ayer las pruebas fueron 363.767. La tasa de positividad es del 6,8%, ayer era del 5,8%, lo que supone un aumento del 1%.<\/p>\n\n\n\n<p>Hay 3.620 pacientes hospitalizados en cuidados intensivos por Covid en Italia, 32 m\u00e1s que ayer en el balance diario entre entradas y salidas, mientras que los ingresos diarios en reanimaci\u00f3n son 260. Ayer hab\u00eda 300. En las salas ordinarias hay 28.424 personas hospitalizadas, con un descenso sin precedentes de 14 unidades en las \u00faltimas 24 horas, despu\u00e9s de muchos d\u00edas de fuerte aumento.<\/p>\n\n\n\n<p>Las restricciones en medio de la tercera ola de Covid-19 apaentemente permiten ver los primeros signos de mejora. Despu\u00e9s de cuatro semanas consecutivas se invierte la tendencia de nuevos casos semanales y se reduce el porcentaje de aumento de nuevos casos. En la semana del 17 al 23 de marzo, las nuevas infecciones fueron 150.033 frente a 157.677, lo que equivale a un -4,8%. Pero aumenta la carga de las salas y los cuidados intensivos. En 10 regiones, el porcentaje de aumento de nuevos casos sigue creciendo. Esto es lo que se desprende del nuevo seguimiento de la fundaci\u00f3n Gimbe (Grupo Italiano para la Medicina basada sobre la Evicencia).<\/p>\n\n\n\n<p>En la mayor\u00eda de las regiones que se encontraban en la zona roja o naranja o que hab\u00edan aplicado estrictas restricciones selectivas, la variaci\u00f3n porcentual de los nuevos casos ha disminu\u00eddo: Abruzo, Basilicata, Campania, Emilia-Roma\u00f1a, Lombard\u00eda, Las Marcas, Molise, P.A. Bolzano, P.A. Trento, Umbr\u00eda. Y viceversa.<\/p>\n\n\n\n<p>La misma cifra aumenta en Calabria, Lacio, Liguria, Apulia, Cerde\u00f1a, Sicilia, Valle de Aosta y V\u00e9neto, que hace 3 semanas estaban en la zona amarilla o blanca.<br>Sigue creciendo, sin embargo, la carga de los centros sanitarios: a nivel semanal, aumentan las personas en aislamiento domiciliario (528.680 frente a 506.761, lo que equivale a un +4,3%), las hospitalizaciones con s\u00edntomas (28.428 frente a 26.098, +8,9%) y los cuidados intensivos (3.546 frente a 3.256, +8,9%), mientras que disminuyen las muertes (2.327 frente a 2.522, -7,7%).<\/p>\n\n\n\n<p>A pesar de la ligera disminuci\u00f3n de la curva de infecciones Renata Gili, Jefe de Investigaci\u00f3n de Servicios de Salud Gimbe  dijo que la situaci\u00f3n es peor en el sector hospitalario, porque la tercera ola ha comenzado a partir de un alto n\u00famero de camas ocupadas. De hecho, los umbrales de alerta de ocupaci\u00f3n de camas por pacientes de Covid en el \u00e1rea m\u00e9dica y en cuidados intensivos han sido superados en 10 y 12 regiones respectivamente.<br><br>\n<small>Copyright \u00a9 2021 PanPress.eu  \/ SalaStampa.eu &#8211; ElCanillita.info &#8211; Derechos Reservados<\/small>\n<\/p>\n","protected":false},"excerpt":{"rendered":"<p>A pesar de la ligera disminuci\u00f3n de la curva de infecciones la situaci\u00f3n es peor en el sector  hospitalario<\/p>\n","protected":false},"author":1,"featured_media":1512,"comment_status":"closed","ping_status":"closed","sticky":false,"template":"","format":"standard","meta":{"footnotes":"","_links_to":"","_links_to_target":""},"categories":[70,5,78,25],"tags":[60],"class_list":["post-1511","post","type-post","status-publish","format-standard","has-post-thumbnail","hentry","category-actualidad","category-europa","category-sanidad","category-sociedad","tag-italia","entry","double"],"yoast_head":"<!-- This site is optimized with the Yoast SEO plugin v27.4 - https:\/\/yoast.com\/product\/yoast-seo-wordpress\/ -->\n<title>M\u00e1s de 20.000 + y 400 muertos hoy en Italia de 349.472 frotis moleculares realizados por Covid-19. - ElCanillita.Info<\/title>\n<meta name=\"robots\" content=\"index, follow, max-snippet:-1, max-image-preview:large, max-video-preview:-1\" \/>\n<link rel=\"canonical\" href=\"https:\/\/elcanillita.info\/press\/2021\/03\/25\/20-000-positivos-400-muertos-hoy-italia\/\" \/>\n<meta property=\"og:locale\" content=\"es_ES\" \/>\n<meta property=\"og:type\" content=\"article\" \/>\n<meta property=\"og:title\" content=\"M\u00e1s de 20.000 + y 400 muertos hoy en Italia de 349.472 frotis moleculares realizados por Covid-19. - ElCanillita.Info\" \/>\n<meta property=\"og:description\" content=\"A pesar de la ligera disminuci\u00f3n de la curva de infecciones la situaci\u00f3n es peor en el sector hospitalario\" \/>\n<meta property=\"og:url\" content=\"https:\/\/elcanillita.info\/press\/2021\/03\/25\/20-000-positivos-400-muertos-hoy-italia\/\" \/>\n<meta property=\"og:site_name\" content=\"ElCanillita.Info\" \/>\n<meta property=\"article:publisher\" content=\"https:\/\/ar-ar.facebook.com\/ElCanillitainfo-114249515285712\/\" \/>\n<meta property=\"article:published_time\" content=\"2021-03-25T20:18:08+00:00\" \/>\n<meta property=\"article:modified_time\" content=\"2021-03-25T20:32:40+00:00\" \/>\n<meta property=\"og:image\" content=\"https:\/\/elcanillita.info\/press\/images\/2021\/03\/covid_20210325.jpg\" \/>\n\t<meta property=\"og:image:width\" content=\"600\" \/>\n\t<meta property=\"og:image:height\" content=\"400\" \/>\n\t<meta property=\"og:image:type\" content=\"image\/jpeg\" \/>\n<meta name=\"author\" content=\"SalaStampa.eu, world press service\" \/>\n<meta name=\"twitter:card\" content=\"summary_large_image\" \/>\n<meta name=\"twitter:label1\" content=\"Escrito por\" \/>\n\t<meta name=\"twitter:data1\" content=\"SalaStampa.eu, world press service\" \/>\n\t<meta name=\"twitter:label2\" content=\"Tiempo de lectura\" \/>\n\t<meta name=\"twitter:data2\" content=\"3 minutos\" \/>\n<script type=\"application\/ld+json\" class=\"yoast-schema-graph\">{\"@context\":\"https:\\\/\\\/schema.org\",\"@graph\":[{\"@type\":\"Article\",\"@id\":\"https:\\\/\\\/elcanillita.info\\\/press\\\/2021\\\/03\\\/25\\\/20-000-positivos-400-muertos-hoy-italia\\\/#article\",\"isPartOf\":{\"@id\":\"https:\\\/\\\/elcanillita.info\\\/press\\\/2021\\\/03\\\/25\\\/20-000-positivos-400-muertos-hoy-italia\\\/\"},\"author\":{\"name\":\"SalaStampa.eu, world press service\",\"@id\":\"https:\\\/\\\/elcanillita.info\\\/press\\\/#\\\/schema\\\/person\\\/7fcb79f38045700919f7da6d97e71ba0\"},\"headline\":\"M\u00e1s de 20.000 + y 400 muertos hoy en Italia de 349.472 frotis moleculares realizados por Covid-19.\",\"datePublished\":\"2021-03-25T20:18:08+00:00\",\"dateModified\":\"2021-03-25T20:32:40+00:00\",\"mainEntityOfPage\":{\"@id\":\"https:\\\/\\\/elcanillita.info\\\/press\\\/2021\\\/03\\\/25\\\/20-000-positivos-400-muertos-hoy-italia\\\/\"},\"wordCount\":450,\"publisher\":{\"@id\":\"https:\\\/\\\/elcanillita.info\\\/press\\\/#organization\"},\"image\":{\"@id\":\"https:\\\/\\\/elcanillita.info\\\/press\\\/2021\\\/03\\\/25\\\/20-000-positivos-400-muertos-hoy-italia\\\/#primaryimage\"},\"thumbnailUrl\":\"https:\\\/\\\/elcanillita.info\\\/press\\\/images\\\/2021\\\/03\\\/covid_20210325.jpg\",\"keywords\":[\"Italia\"],\"articleSection\":[\"Actualidad\",\"Europa\",\"Sanidad\",\"Sociedad\"],\"inLanguage\":\"es-AR\"},{\"@type\":\"WebPage\",\"@id\":\"https:\\\/\\\/elcanillita.info\\\/press\\\/2021\\\/03\\\/25\\\/20-000-positivos-400-muertos-hoy-italia\\\/\",\"url\":\"https:\\\/\\\/elcanillita.info\\\/press\\\/2021\\\/03\\\/25\\\/20-000-positivos-400-muertos-hoy-italia\\\/\",\"name\":\"M\u00e1s de 20.000 + y 400 muertos hoy en Italia de 349.472 frotis moleculares realizados por Covid-19. - ElCanillita.Info\",\"isPartOf\":{\"@id\":\"https:\\\/\\\/elcanillita.info\\\/press\\\/#website\"},\"primaryImageOfPage\":{\"@id\":\"https:\\\/\\\/elcanillita.info\\\/press\\\/2021\\\/03\\\/25\\\/20-000-positivos-400-muertos-hoy-italia\\\/#primaryimage\"},\"image\":{\"@id\":\"https:\\\/\\\/elcanillita.info\\\/press\\\/2021\\\/03\\\/25\\\/20-000-positivos-400-muertos-hoy-italia\\\/#primaryimage\"},\"thumbnailUrl\":\"https:\\\/\\\/elcanillita.info\\\/press\\\/images\\\/2021\\\/03\\\/covid_20210325.jpg\",\"datePublished\":\"2021-03-25T20:18:08+00:00\",\"dateModified\":\"2021-03-25T20:32:40+00:00\",\"inLanguage\":\"es-AR\",\"potentialAction\":[{\"@type\":\"ReadAction\",\"target\":[\"https:\\\/\\\/elcanillita.info\\\/press\\\/2021\\\/03\\\/25\\\/20-000-positivos-400-muertos-hoy-italia\\\/\"]}]},{\"@type\":\"ImageObject\",\"inLanguage\":\"es-AR\",\"@id\":\"https:\\\/\\\/elcanillita.info\\\/press\\\/2021\\\/03\\\/25\\\/20-000-positivos-400-muertos-hoy-italia\\\/#primaryimage\",\"url\":\"https:\\\/\\\/elcanillita.info\\\/press\\\/images\\\/2021\\\/03\\\/covid_20210325.jpg\",\"contentUrl\":\"https:\\\/\\\/elcanillita.info\\\/press\\\/images\\\/2021\\\/03\\\/covid_20210325.jpg\",\"width\":600,\"height\":400},{\"@type\":\"WebSite\",\"@id\":\"https:\\\/\\\/elcanillita.info\\\/press\\\/#website\",\"url\":\"https:\\\/\\\/elcanillita.info\\\/press\\\/\",\"name\":\"ElCanillita.Info\",\"description\":\"desde los Apeninos a los Andes\",\"publisher\":{\"@id\":\"https:\\\/\\\/elcanillita.info\\\/press\\\/#organization\"},\"potentialAction\":[{\"@type\":\"SearchAction\",\"target\":{\"@type\":\"EntryPoint\",\"urlTemplate\":\"https:\\\/\\\/elcanillita.info\\\/press\\\/?s={search_term_string}\"},\"query-input\":{\"@type\":\"PropertyValueSpecification\",\"valueRequired\":true,\"valueName\":\"search_term_string\"}}],\"inLanguage\":\"es-AR\"},{\"@type\":\"Organization\",\"@id\":\"https:\\\/\\\/elcanillita.info\\\/press\\\/#organization\",\"name\":\"Guzzo Photos & Graphic Publications\",\"url\":\"https:\\\/\\\/elcanillita.info\\\/press\\\/\",\"logo\":{\"@type\":\"ImageObject\",\"inLanguage\":\"es-AR\",\"@id\":\"https:\\\/\\\/elcanillita.info\\\/press\\\/#\\\/schema\\\/logo\\\/image\\\/\",\"url\":\"https:\\\/\\\/elcanillita.info\\\/press\\\/images\\\/2020\\\/01\\\/cropped-cropped-cropped-elcanillitainfo.png\",\"contentUrl\":\"https:\\\/\\\/elcanillita.info\\\/press\\\/images\\\/2020\\\/01\\\/cropped-cropped-cropped-elcanillitainfo.png\",\"width\":460,\"height\":50,\"caption\":\"Guzzo Photos & Graphic Publications\"},\"image\":{\"@id\":\"https:\\\/\\\/elcanillita.info\\\/press\\\/#\\\/schema\\\/logo\\\/image\\\/\"},\"sameAs\":[\"https:\\\/\\\/ar-ar.facebook.com\\\/ElCanillitainfo-114249515285712\\\/\"]},{\"@type\":\"Person\",\"@id\":\"https:\\\/\\\/elcanillita.info\\\/press\\\/#\\\/schema\\\/person\\\/7fcb79f38045700919f7da6d97e71ba0\",\"name\":\"SalaStampa.eu, world press service\",\"image\":{\"@type\":\"ImageObject\",\"inLanguage\":\"es-AR\",\"@id\":\"https:\\\/\\\/secure.gravatar.com\\\/avatar\\\/c2f0e0d515a107624234994507816ca4724c7199cef73fc8bedebf6931d73888?s=96&d=mm&r=g\",\"url\":\"https:\\\/\\\/secure.gravatar.com\\\/avatar\\\/c2f0e0d515a107624234994507816ca4724c7199cef73fc8bedebf6931d73888?s=96&d=mm&r=g\",\"contentUrl\":\"https:\\\/\\\/secure.gravatar.com\\\/avatar\\\/c2f0e0d515a107624234994507816ca4724c7199cef73fc8bedebf6931d73888?s=96&d=mm&r=g\",\"caption\":\"SalaStampa.eu, world press service\"}}]}<\/script>\n<!-- \/ Yoast SEO plugin. -->","yoast_head_json":{"title":"M\u00e1s de 20.000 + y 400 muertos hoy en Italia de 349.472 frotis moleculares realizados por Covid-19. - ElCanillita.Info","robots":{"index":"index","follow":"follow","max-snippet":"max-snippet:-1","max-image-preview":"max-image-preview:large","max-video-preview":"max-video-preview:-1"},"canonical":"https:\/\/elcanillita.info\/press\/2021\/03\/25\/20-000-positivos-400-muertos-hoy-italia\/","og_locale":"es_ES","og_type":"article","og_title":"M\u00e1s de 20.000 + y 400 muertos hoy en Italia de 349.472 frotis moleculares realizados por Covid-19. - ElCanillita.Info","og_description":"A pesar de la ligera disminuci\u00f3n de la curva de infecciones la situaci\u00f3n es peor en el sector hospitalario","og_url":"https:\/\/elcanillita.info\/press\/2021\/03\/25\/20-000-positivos-400-muertos-hoy-italia\/","og_site_name":"ElCanillita.Info","article_publisher":"https:\/\/ar-ar.facebook.com\/ElCanillitainfo-114249515285712\/","article_published_time":"2021-03-25T20:18:08+00:00","article_modified_time":"2021-03-25T20:32:40+00:00","og_image":[{"width":600,"height":400,"url":"https:\/\/elcanillita.info\/press\/images\/2021\/03\/covid_20210325.jpg","type":"image\/jpeg"}],"author":"SalaStampa.eu, world press service","twitter_card":"summary_large_image","twitter_misc":{"Escrito por":"SalaStampa.eu, world press service","Tiempo de lectura":"3 minutos"},"schema":{"@context":"https:\/\/schema.org","@graph":[{"@type":"Article","@id":"https:\/\/elcanillita.info\/press\/2021\/03\/25\/20-000-positivos-400-muertos-hoy-italia\/#article","isPartOf":{"@id":"https:\/\/elcanillita.info\/press\/2021\/03\/25\/20-000-positivos-400-muertos-hoy-italia\/"},"author":{"name":"SalaStampa.eu, world press service","@id":"https:\/\/elcanillita.info\/press\/#\/schema\/person\/7fcb79f38045700919f7da6d97e71ba0"},"headline":"M\u00e1s de 20.000 + y 400 muertos hoy en Italia de 349.472 frotis moleculares realizados por Covid-19.","datePublished":"2021-03-25T20:18:08+00:00","dateModified":"2021-03-25T20:32:40+00:00","mainEntityOfPage":{"@id":"https:\/\/elcanillita.info\/press\/2021\/03\/25\/20-000-positivos-400-muertos-hoy-italia\/"},"wordCount":450,"publisher":{"@id":"https:\/\/elcanillita.info\/press\/#organization"},"image":{"@id":"https:\/\/elcanillita.info\/press\/2021\/03\/25\/20-000-positivos-400-muertos-hoy-italia\/#primaryimage"},"thumbnailUrl":"https:\/\/elcanillita.info\/press\/images\/2021\/03\/covid_20210325.jpg","keywords":["Italia"],"articleSection":["Actualidad","Europa","Sanidad","Sociedad"],"inLanguage":"es-AR"},{"@type":"WebPage","@id":"https:\/\/elcanillita.info\/press\/2021\/03\/25\/20-000-positivos-400-muertos-hoy-italia\/","url":"https:\/\/elcanillita.info\/press\/2021\/03\/25\/20-000-positivos-400-muertos-hoy-italia\/","name":"M\u00e1s de 20.000 + y 400 muertos hoy en Italia de 349.472 frotis moleculares realizados por Covid-19. - ElCanillita.Info","isPartOf":{"@id":"https:\/\/elcanillita.info\/press\/#website"},"primaryImageOfPage":{"@id":"https:\/\/elcanillita.info\/press\/2021\/03\/25\/20-000-positivos-400-muertos-hoy-italia\/#primaryimage"},"image":{"@id":"https:\/\/elcanillita.info\/press\/2021\/03\/25\/20-000-positivos-400-muertos-hoy-italia\/#primaryimage"},"thumbnailUrl":"https:\/\/elcanillita.info\/press\/images\/2021\/03\/covid_20210325.jpg","datePublished":"2021-03-25T20:18:08+00:00","dateModified":"2021-03-25T20:32:40+00:00","inLanguage":"es-AR","potentialAction":[{"@type":"ReadAction","target":["https:\/\/elcanillita.info\/press\/2021\/03\/25\/20-000-positivos-400-muertos-hoy-italia\/"]}]},{"@type":"ImageObject","inLanguage":"es-AR","@id":"https:\/\/elcanillita.info\/press\/2021\/03\/25\/20-000-positivos-400-muertos-hoy-italia\/#primaryimage","url":"https:\/\/elcanillita.info\/press\/images\/2021\/03\/covid_20210325.jpg","contentUrl":"https:\/\/elcanillita.info\/press\/images\/2021\/03\/covid_20210325.jpg","width":600,"height":400},{"@type":"WebSite","@id":"https:\/\/elcanillita.info\/press\/#website","url":"https:\/\/elcanillita.info\/press\/","name":"ElCanillita.Info","description":"desde los Apeninos a los Andes","publisher":{"@id":"https:\/\/elcanillita.info\/press\/#organization"},"potentialAction":[{"@type":"SearchAction","target":{"@type":"EntryPoint","urlTemplate":"https:\/\/elcanillita.info\/press\/?s={search_term_string}"},"query-input":{"@type":"PropertyValueSpecification","valueRequired":true,"valueName":"search_term_string"}}],"inLanguage":"es-AR"},{"@type":"Organization","@id":"https:\/\/elcanillita.info\/press\/#organization","name":"Guzzo Photos & Graphic Publications","url":"https:\/\/elcanillita.info\/press\/","logo":{"@type":"ImageObject","inLanguage":"es-AR","@id":"https:\/\/elcanillita.info\/press\/#\/schema\/logo\/image\/","url":"https:\/\/elcanillita.info\/press\/images\/2020\/01\/cropped-cropped-cropped-elcanillitainfo.png","contentUrl":"https:\/\/elcanillita.info\/press\/images\/2020\/01\/cropped-cropped-cropped-elcanillitainfo.png","width":460,"height":50,"caption":"Guzzo Photos & Graphic Publications"},"image":{"@id":"https:\/\/elcanillita.info\/press\/#\/schema\/logo\/image\/"},"sameAs":["https:\/\/ar-ar.facebook.com\/ElCanillitainfo-114249515285712\/"]},{"@type":"Person","@id":"https:\/\/elcanillita.info\/press\/#\/schema\/person\/7fcb79f38045700919f7da6d97e71ba0","name":"SalaStampa.eu, world press service","image":{"@type":"ImageObject","inLanguage":"es-AR","@id":"https:\/\/secure.gravatar.com\/avatar\/c2f0e0d515a107624234994507816ca4724c7199cef73fc8bedebf6931d73888?s=96&d=mm&r=g","url":"https:\/\/secure.gravatar.com\/avatar\/c2f0e0d515a107624234994507816ca4724c7199cef73fc8bedebf6931d73888?s=96&d=mm&r=g","contentUrl":"https:\/\/secure.gravatar.com\/avatar\/c2f0e0d515a107624234994507816ca4724c7199cef73fc8bedebf6931d73888?s=96&d=mm&r=g","caption":"SalaStampa.eu, world press service"}}]}},"views":761,"_links":{"self":[{"href":"https:\/\/elcanillita.info\/press\/wp-json\/wp\/v2\/posts\/1511","targetHints":{"allow":["GET"]}}],"collection":[{"href":"https:\/\/elcanillita.info\/press\/wp-json\/wp\/v2\/posts"}],"about":[{"href":"https:\/\/elcanillita.info\/press\/wp-json\/wp\/v2\/types\/post"}],"author":[{"embeddable":true,"href":"https:\/\/elcanillita.info\/press\/wp-json\/wp\/v2\/users\/1"}],"replies":[{"embeddable":true,"href":"https:\/\/elcanillita.info\/press\/wp-json\/wp\/v2\/comments?post=1511"}],"version-history":[{"count":0,"href":"https:\/\/elcanillita.info\/press\/wp-json\/wp\/v2\/posts\/1511\/revisions"}],"wp:featuredmedia":[{"embeddable":true,"href":"https:\/\/elcanillita.info\/press\/wp-json\/wp\/v2\/media\/1512"}],"wp:attachment":[{"href":"https:\/\/elcanillita.info\/press\/wp-json\/wp\/v2\/media?parent=1511"}],"wp:term":[{"taxonomy":"category","embeddable":true,"href":"https:\/\/elcanillita.info\/press\/wp-json\/wp\/v2\/categories?post=1511"},{"taxonomy":"post_tag","embeddable":true,"href":"https:\/\/elcanillita.info\/press\/wp-json\/wp\/v2\/tags?post=1511"}],"curies":[{"name":"wp","href":"https:\/\/api.w.org\/{rel}","templated":true}]}}