{"id":1507,"date":"2021-03-24T08:28:01","date_gmt":"2021-03-24T11:28:01","guid":{"rendered":"https:\/\/elcanillita.info\/press\/?p=1507"},"modified":"2021-03-25T16:55:06","modified_gmt":"2021-03-25T19:55:06","slug":"santos-vienen-marchando","status":"publish","type":"post","link":"https:\/\/elcanillita.info\/press\/2021\/03\/24\/santos-vienen-marchando\/","title":{"rendered":"Cuando los Santos vienen marchando"},"content":{"rendered":"\n<div class=\"wp-block-image\"><figure class=\"aligncenter size-large\"><img loading=\"lazy\" decoding=\"async\" width=\"600\" height=\"400\" src=\"https:\/\/elcanillita.info\/press\/images\/2021\/03\/berkir_20230324-1.jpg\" alt=\"\" class=\"wp-image-1509\" srcset=\"https:\/\/elcanillita.info\/press\/images\/2021\/03\/berkir_20230324-1.jpg 600w, https:\/\/elcanillita.info\/press\/images\/2021\/03\/berkir_20230324-1-300x200.jpg 300w\" sizes=\"auto, (max-width: 600px) 100vw, 600px\" \/><figcaption><small><strong>La viuda  Kirchner y Silvio Berlusconi &#8211; Los imputados m\u00e1s votados<\/strong><\/small><\/figcaption><\/figure><\/div>\n\n\n\n<p>El ex Primer Ministro Silvio Berlusconi est\u00e1 hospitalizado desde el lunes por la ma\u00f1ana por problemas de salud. As\u00ed lo explic\u00f3 su abogado, Federico Cecconi, al inicio de la vista del juicio milan\u00e9s sobre el caso Ruby.<\/p>\n\n\n\n<p>El abogado, al inicio de la audiencia en la sala magna de la Feria, frente a los jueces de la s\u00e9ptima corte penal, quiso reconocer en el acta que Silvio Berlusconi por problemas de salud est\u00e1 hospitalizado desde el lunes por la ma\u00f1ana. <br><br>Al igual que en las anteriores vistas, la defensa del ex presidente decidi\u00f3 no alegar impedimento leg\u00edtimo para solicitar el aplazamiento del juicio, por lo que las actividades de hoy en la sala seguir\u00e1n adelante.<\/p>\n\n\n\n<p>Desde hace algunos meses, en el juicio de Mil\u00e1n sobre el caso Ruby, en el que Berlusconi y otros 28 imputados est\u00e1n acusados de soborno y perjurio, se est\u00e1 llevando a cabo una seguimiento del juicio sobre las condiciones de salud de Berlusconi, como lo defini\u00f3 el abogado Cecconi el pasado Enero.<\/p>\n\n\n\n<p>El 27 de enero, el abogado del ex primer ministro hab\u00eda presentado un certificado m\u00e9dico en el que se afirmaba que el l\u00edder de Forza Italia, que ya hab\u00eda sido golpeado por el Covid, se hab\u00eda recuperado, pero luego hab\u00eda sido hospitalizado de nuevo por problemas card\u00edacos y necesitaba reposo absoluto.<\/p>\n\n\n\n<p>Mientras tanto, al comienzo de la vista, los jueces tambi\u00e9n informaron a las partes de que el abogado Mauro Ruffini, el letrado de la demandante que asist\u00eda a Ambra Battilana, hab\u00eda fallecido en los \u00faltimos d\u00edas y que se presentar\u00e1 un nuevo nombramiento m\u00e1s adelante.<br>Giuseppe Spinelli, el contable del ex Primer Ministro, deber\u00eda haber comparecido hoy como testigo, pero se le impidi\u00f3 declarar y lo har\u00e1 en otra vista. Hoy deben comparecer algunos testigos de la polic\u00eda judicial y en la sala, mientras tanto, se discute un informe t\u00e9cnico.<br><br>\n <small>Copyright \u00a9 2021 PanPres.Eu \/ SalaStampa.Eu &#8211; ElCanillita.info &#8211; All Rights Reserved<\/small> <\/p>\n","protected":false},"excerpt":{"rendered":"<p>El ex Primer Ministro Silvio Berlusconi est\u00e1 hospitalizado desde el lunes por la ma\u00f1ana por problemas de salud. As\u00ed lo explic\u00f3 su abogado, Federico Cecconi, al inicio de la vista del juicio milan\u00e9s sobre el caso Ruby.<\/p>\n","protected":false},"author":1,"featured_media":1508,"comment_status":"closed","ping_status":"closed","sticky":false,"template":"","format":"standard","meta":{"footnotes":"","_links_to":"","_links_to_target":""},"categories":[70,23],"tags":[60],"class_list":["post-1507","post","type-post","status-publish","format-standard","has-post-thumbnail","hentry","category-actualidad","category-politica","tag-italia","entry","double"],"yoast_head":"<!-- This site is optimized with the Yoast SEO plugin v27.4 - https:\/\/yoast.com\/product\/yoast-seo-wordpress\/ -->\n<title>Cuando los Santos vienen marchando - ElCanillita.Info<\/title>\n<meta name=\"robots\" content=\"index, follow, max-snippet:-1, max-image-preview:large, max-video-preview:-1\" \/>\n<link rel=\"canonical\" href=\"https:\/\/elcanillita.info\/press\/2021\/03\/24\/santos-vienen-marchando\/\" \/>\n<meta property=\"og:locale\" content=\"es_ES\" \/>\n<meta property=\"og:type\" content=\"article\" \/>\n<meta property=\"og:title\" content=\"Cuando los Santos vienen marchando - ElCanillita.Info\" \/>\n<meta property=\"og:description\" content=\"El ex Primer Ministro Silvio Berlusconi est\u00e1 hospitalizado desde el lunes por la ma\u00f1ana por problemas de salud. As\u00ed lo explic\u00f3 su abogado, Federico Cecconi, al inicio de la vista del juicio milan\u00e9s sobre el caso Ruby.\" \/>\n<meta property=\"og:url\" content=\"https:\/\/elcanillita.info\/press\/2021\/03\/24\/santos-vienen-marchando\/\" \/>\n<meta property=\"og:site_name\" content=\"ElCanillita.Info\" \/>\n<meta property=\"article:publisher\" content=\"https:\/\/ar-ar.facebook.com\/ElCanillitainfo-114249515285712\/\" \/>\n<meta property=\"article:published_time\" content=\"2021-03-24T11:28:01+00:00\" \/>\n<meta property=\"article:modified_time\" content=\"2021-03-25T19:55:06+00:00\" \/>\n<meta property=\"og:image\" content=\"https:\/\/elcanillita.info\/press\/images\/2021\/03\/berkir_20230324.jpg\" \/>\n\t<meta property=\"og:image:width\" content=\"600\" \/>\n\t<meta property=\"og:image:height\" content=\"400\" \/>\n\t<meta property=\"og:image:type\" content=\"image\/jpeg\" \/>\n<meta name=\"author\" content=\"SalaStampa.eu, world press service\" \/>\n<meta name=\"twitter:card\" content=\"summary_large_image\" \/>\n<meta name=\"twitter:label1\" content=\"Escrito por\" \/>\n\t<meta name=\"twitter:data1\" content=\"SalaStampa.eu, world press service\" \/>\n\t<meta name=\"twitter:label2\" content=\"Tiempo de lectura\" \/>\n\t<meta name=\"twitter:data2\" content=\"2 minutos\" \/>\n<script type=\"application\/ld+json\" class=\"yoast-schema-graph\">{\"@context\":\"https:\\\/\\\/schema.org\",\"@graph\":[{\"@type\":\"Article\",\"@id\":\"https:\\\/\\\/elcanillita.info\\\/press\\\/2021\\\/03\\\/24\\\/santos-vienen-marchando\\\/#article\",\"isPartOf\":{\"@id\":\"https:\\\/\\\/elcanillita.info\\\/press\\\/2021\\\/03\\\/24\\\/santos-vienen-marchando\\\/\"},\"author\":{\"name\":\"SalaStampa.eu, world press service\",\"@id\":\"https:\\\/\\\/elcanillita.info\\\/press\\\/#\\\/schema\\\/person\\\/7fcb79f38045700919f7da6d97e71ba0\"},\"headline\":\"Cuando los Santos vienen marchando\",\"datePublished\":\"2021-03-24T11:28:01+00:00\",\"dateModified\":\"2021-03-25T19:55:06+00:00\",\"mainEntityOfPage\":{\"@id\":\"https:\\\/\\\/elcanillita.info\\\/press\\\/2021\\\/03\\\/24\\\/santos-vienen-marchando\\\/\"},\"wordCount\":358,\"publisher\":{\"@id\":\"https:\\\/\\\/elcanillita.info\\\/press\\\/#organization\"},\"image\":{\"@id\":\"https:\\\/\\\/elcanillita.info\\\/press\\\/2021\\\/03\\\/24\\\/santos-vienen-marchando\\\/#primaryimage\"},\"thumbnailUrl\":\"https:\\\/\\\/elcanillita.info\\\/press\\\/images\\\/2021\\\/03\\\/berkir_20230324.jpg\",\"keywords\":[\"Italia\"],\"articleSection\":[\"Actualidad\",\"Politica\"],\"inLanguage\":\"es-AR\"},{\"@type\":\"WebPage\",\"@id\":\"https:\\\/\\\/elcanillita.info\\\/press\\\/2021\\\/03\\\/24\\\/santos-vienen-marchando\\\/\",\"url\":\"https:\\\/\\\/elcanillita.info\\\/press\\\/2021\\\/03\\\/24\\\/santos-vienen-marchando\\\/\",\"name\":\"Cuando los Santos vienen marchando - ElCanillita.Info\",\"isPartOf\":{\"@id\":\"https:\\\/\\\/elcanillita.info\\\/press\\\/#website\"},\"primaryImageOfPage\":{\"@id\":\"https:\\\/\\\/elcanillita.info\\\/press\\\/2021\\\/03\\\/24\\\/santos-vienen-marchando\\\/#primaryimage\"},\"image\":{\"@id\":\"https:\\\/\\\/elcanillita.info\\\/press\\\/2021\\\/03\\\/24\\\/santos-vienen-marchando\\\/#primaryimage\"},\"thumbnailUrl\":\"https:\\\/\\\/elcanillita.info\\\/press\\\/images\\\/2021\\\/03\\\/berkir_20230324.jpg\",\"datePublished\":\"2021-03-24T11:28:01+00:00\",\"dateModified\":\"2021-03-25T19:55:06+00:00\",\"inLanguage\":\"es-AR\",\"potentialAction\":[{\"@type\":\"ReadAction\",\"target\":[\"https:\\\/\\\/elcanillita.info\\\/press\\\/2021\\\/03\\\/24\\\/santos-vienen-marchando\\\/\"]}]},{\"@type\":\"ImageObject\",\"inLanguage\":\"es-AR\",\"@id\":\"https:\\\/\\\/elcanillita.info\\\/press\\\/2021\\\/03\\\/24\\\/santos-vienen-marchando\\\/#primaryimage\",\"url\":\"https:\\\/\\\/elcanillita.info\\\/press\\\/images\\\/2021\\\/03\\\/berkir_20230324.jpg\",\"contentUrl\":\"https:\\\/\\\/elcanillita.info\\\/press\\\/images\\\/2021\\\/03\\\/berkir_20230324.jpg\",\"width\":600,\"height\":400,\"caption\":\"Berkirch\"},{\"@type\":\"WebSite\",\"@id\":\"https:\\\/\\\/elcanillita.info\\\/press\\\/#website\",\"url\":\"https:\\\/\\\/elcanillita.info\\\/press\\\/\",\"name\":\"ElCanillita.Info\",\"description\":\"desde los Apeninos a los Andes\",\"publisher\":{\"@id\":\"https:\\\/\\\/elcanillita.info\\\/press\\\/#organization\"},\"potentialAction\":[{\"@type\":\"SearchAction\",\"target\":{\"@type\":\"EntryPoint\",\"urlTemplate\":\"https:\\\/\\\/elcanillita.info\\\/press\\\/?s={search_term_string}\"},\"query-input\":{\"@type\":\"PropertyValueSpecification\",\"valueRequired\":true,\"valueName\":\"search_term_string\"}}],\"inLanguage\":\"es-AR\"},{\"@type\":\"Organization\",\"@id\":\"https:\\\/\\\/elcanillita.info\\\/press\\\/#organization\",\"name\":\"Guzzo Photos & Graphic Publications\",\"url\":\"https:\\\/\\\/elcanillita.info\\\/press\\\/\",\"logo\":{\"@type\":\"ImageObject\",\"inLanguage\":\"es-AR\",\"@id\":\"https:\\\/\\\/elcanillita.info\\\/press\\\/#\\\/schema\\\/logo\\\/image\\\/\",\"url\":\"https:\\\/\\\/elcanillita.info\\\/press\\\/images\\\/2020\\\/01\\\/cropped-cropped-cropped-elcanillitainfo.png\",\"contentUrl\":\"https:\\\/\\\/elcanillita.info\\\/press\\\/images\\\/2020\\\/01\\\/cropped-cropped-cropped-elcanillitainfo.png\",\"width\":460,\"height\":50,\"caption\":\"Guzzo Photos & Graphic Publications\"},\"image\":{\"@id\":\"https:\\\/\\\/elcanillita.info\\\/press\\\/#\\\/schema\\\/logo\\\/image\\\/\"},\"sameAs\":[\"https:\\\/\\\/ar-ar.facebook.com\\\/ElCanillitainfo-114249515285712\\\/\"]},{\"@type\":\"Person\",\"@id\":\"https:\\\/\\\/elcanillita.info\\\/press\\\/#\\\/schema\\\/person\\\/7fcb79f38045700919f7da6d97e71ba0\",\"name\":\"SalaStampa.eu, world press service\",\"image\":{\"@type\":\"ImageObject\",\"inLanguage\":\"es-AR\",\"@id\":\"https:\\\/\\\/secure.gravatar.com\\\/avatar\\\/c2f0e0d515a107624234994507816ca4724c7199cef73fc8bedebf6931d73888?s=96&d=mm&r=g\",\"url\":\"https:\\\/\\\/secure.gravatar.com\\\/avatar\\\/c2f0e0d515a107624234994507816ca4724c7199cef73fc8bedebf6931d73888?s=96&d=mm&r=g\",\"contentUrl\":\"https:\\\/\\\/secure.gravatar.com\\\/avatar\\\/c2f0e0d515a107624234994507816ca4724c7199cef73fc8bedebf6931d73888?s=96&d=mm&r=g\",\"caption\":\"SalaStampa.eu, world press service\"}}]}<\/script>\n<!-- \/ Yoast SEO plugin. -->","yoast_head_json":{"title":"Cuando los Santos vienen marchando - ElCanillita.Info","robots":{"index":"index","follow":"follow","max-snippet":"max-snippet:-1","max-image-preview":"max-image-preview:large","max-video-preview":"max-video-preview:-1"},"canonical":"https:\/\/elcanillita.info\/press\/2021\/03\/24\/santos-vienen-marchando\/","og_locale":"es_ES","og_type":"article","og_title":"Cuando los Santos vienen marchando - ElCanillita.Info","og_description":"El ex Primer Ministro Silvio Berlusconi est\u00e1 hospitalizado desde el lunes por la ma\u00f1ana por problemas de salud. As\u00ed lo explic\u00f3 su abogado, Federico Cecconi, al inicio de la vista del juicio milan\u00e9s sobre el caso Ruby.","og_url":"https:\/\/elcanillita.info\/press\/2021\/03\/24\/santos-vienen-marchando\/","og_site_name":"ElCanillita.Info","article_publisher":"https:\/\/ar-ar.facebook.com\/ElCanillitainfo-114249515285712\/","article_published_time":"2021-03-24T11:28:01+00:00","article_modified_time":"2021-03-25T19:55:06+00:00","og_image":[{"width":600,"height":400,"url":"https:\/\/elcanillita.info\/press\/images\/2021\/03\/berkir_20230324.jpg","type":"image\/jpeg"}],"author":"SalaStampa.eu, world press service","twitter_card":"summary_large_image","twitter_misc":{"Escrito por":"SalaStampa.eu, world press service","Tiempo de lectura":"2 minutos"},"schema":{"@context":"https:\/\/schema.org","@graph":[{"@type":"Article","@id":"https:\/\/elcanillita.info\/press\/2021\/03\/24\/santos-vienen-marchando\/#article","isPartOf":{"@id":"https:\/\/elcanillita.info\/press\/2021\/03\/24\/santos-vienen-marchando\/"},"author":{"name":"SalaStampa.eu, world press service","@id":"https:\/\/elcanillita.info\/press\/#\/schema\/person\/7fcb79f38045700919f7da6d97e71ba0"},"headline":"Cuando los Santos vienen marchando","datePublished":"2021-03-24T11:28:01+00:00","dateModified":"2021-03-25T19:55:06+00:00","mainEntityOfPage":{"@id":"https:\/\/elcanillita.info\/press\/2021\/03\/24\/santos-vienen-marchando\/"},"wordCount":358,"publisher":{"@id":"https:\/\/elcanillita.info\/press\/#organization"},"image":{"@id":"https:\/\/elcanillita.info\/press\/2021\/03\/24\/santos-vienen-marchando\/#primaryimage"},"thumbnailUrl":"https:\/\/elcanillita.info\/press\/images\/2021\/03\/berkir_20230324.jpg","keywords":["Italia"],"articleSection":["Actualidad","Politica"],"inLanguage":"es-AR"},{"@type":"WebPage","@id":"https:\/\/elcanillita.info\/press\/2021\/03\/24\/santos-vienen-marchando\/","url":"https:\/\/elcanillita.info\/press\/2021\/03\/24\/santos-vienen-marchando\/","name":"Cuando los Santos vienen marchando - ElCanillita.Info","isPartOf":{"@id":"https:\/\/elcanillita.info\/press\/#website"},"primaryImageOfPage":{"@id":"https:\/\/elcanillita.info\/press\/2021\/03\/24\/santos-vienen-marchando\/#primaryimage"},"image":{"@id":"https:\/\/elcanillita.info\/press\/2021\/03\/24\/santos-vienen-marchando\/#primaryimage"},"thumbnailUrl":"https:\/\/elcanillita.info\/press\/images\/2021\/03\/berkir_20230324.jpg","datePublished":"2021-03-24T11:28:01+00:00","dateModified":"2021-03-25T19:55:06+00:00","inLanguage":"es-AR","potentialAction":[{"@type":"ReadAction","target":["https:\/\/elcanillita.info\/press\/2021\/03\/24\/santos-vienen-marchando\/"]}]},{"@type":"ImageObject","inLanguage":"es-AR","@id":"https:\/\/elcanillita.info\/press\/2021\/03\/24\/santos-vienen-marchando\/#primaryimage","url":"https:\/\/elcanillita.info\/press\/images\/2021\/03\/berkir_20230324.jpg","contentUrl":"https:\/\/elcanillita.info\/press\/images\/2021\/03\/berkir_20230324.jpg","width":600,"height":400,"caption":"Berkirch"},{"@type":"WebSite","@id":"https:\/\/elcanillita.info\/press\/#website","url":"https:\/\/elcanillita.info\/press\/","name":"ElCanillita.Info","description":"desde los Apeninos a los Andes","publisher":{"@id":"https:\/\/elcanillita.info\/press\/#organization"},"potentialAction":[{"@type":"SearchAction","target":{"@type":"EntryPoint","urlTemplate":"https:\/\/elcanillita.info\/press\/?s={search_term_string}"},"query-input":{"@type":"PropertyValueSpecification","valueRequired":true,"valueName":"search_term_string"}}],"inLanguage":"es-AR"},{"@type":"Organization","@id":"https:\/\/elcanillita.info\/press\/#organization","name":"Guzzo Photos & Graphic Publications","url":"https:\/\/elcanillita.info\/press\/","logo":{"@type":"ImageObject","inLanguage":"es-AR","@id":"https:\/\/elcanillita.info\/press\/#\/schema\/logo\/image\/","url":"https:\/\/elcanillita.info\/press\/images\/2020\/01\/cropped-cropped-cropped-elcanillitainfo.png","contentUrl":"https:\/\/elcanillita.info\/press\/images\/2020\/01\/cropped-cropped-cropped-elcanillitainfo.png","width":460,"height":50,"caption":"Guzzo Photos & Graphic Publications"},"image":{"@id":"https:\/\/elcanillita.info\/press\/#\/schema\/logo\/image\/"},"sameAs":["https:\/\/ar-ar.facebook.com\/ElCanillitainfo-114249515285712\/"]},{"@type":"Person","@id":"https:\/\/elcanillita.info\/press\/#\/schema\/person\/7fcb79f38045700919f7da6d97e71ba0","name":"SalaStampa.eu, world press service","image":{"@type":"ImageObject","inLanguage":"es-AR","@id":"https:\/\/secure.gravatar.com\/avatar\/c2f0e0d515a107624234994507816ca4724c7199cef73fc8bedebf6931d73888?s=96&d=mm&r=g","url":"https:\/\/secure.gravatar.com\/avatar\/c2f0e0d515a107624234994507816ca4724c7199cef73fc8bedebf6931d73888?s=96&d=mm&r=g","contentUrl":"https:\/\/secure.gravatar.com\/avatar\/c2f0e0d515a107624234994507816ca4724c7199cef73fc8bedebf6931d73888?s=96&d=mm&r=g","caption":"SalaStampa.eu, world press service"}}]}},"views":671,"_links":{"self":[{"href":"https:\/\/elcanillita.info\/press\/wp-json\/wp\/v2\/posts\/1507","targetHints":{"allow":["GET"]}}],"collection":[{"href":"https:\/\/elcanillita.info\/press\/wp-json\/wp\/v2\/posts"}],"about":[{"href":"https:\/\/elcanillita.info\/press\/wp-json\/wp\/v2\/types\/post"}],"author":[{"embeddable":true,"href":"https:\/\/elcanillita.info\/press\/wp-json\/wp\/v2\/users\/1"}],"replies":[{"embeddable":true,"href":"https:\/\/elcanillita.info\/press\/wp-json\/wp\/v2\/comments?post=1507"}],"version-history":[{"count":0,"href":"https:\/\/elcanillita.info\/press\/wp-json\/wp\/v2\/posts\/1507\/revisions"}],"wp:featuredmedia":[{"embeddable":true,"href":"https:\/\/elcanillita.info\/press\/wp-json\/wp\/v2\/media\/1508"}],"wp:attachment":[{"href":"https:\/\/elcanillita.info\/press\/wp-json\/wp\/v2\/media?parent=1507"}],"wp:term":[{"taxonomy":"category","embeddable":true,"href":"https:\/\/elcanillita.info\/press\/wp-json\/wp\/v2\/categories?post=1507"},{"taxonomy":"post_tag","embeddable":true,"href":"https:\/\/elcanillita.info\/press\/wp-json\/wp\/v2\/tags?post=1507"}],"curies":[{"name":"wp","href":"https:\/\/api.w.org\/{rel}","templated":true}]}}