{"id":1485,"date":"2021-03-20T07:09:38","date_gmt":"2021-03-20T10:09:38","guid":{"rendered":"https:\/\/elcanillita.info\/press\/?p=1485"},"modified":"2021-03-20T18:01:36","modified_gmt":"2021-03-20T21:01:36","slug":"detenidos-dos-periodistas-myanmar-matan-10-manifestantes-antigolpistas","status":"publish","type":"post","link":"https:\/\/elcanillita.info\/press\/2021\/03\/20\/detenidos-dos-periodistas-myanmar-matan-10-manifestantes-antigolpistas\/","title":{"rendered":"Fueron detenidos dos periodistas en Myanmar,  donde las fuerzas matan a 10 manifestantes antigolpistas"},"content":{"rendered":"\n<p><strong>Los gobiernos internacionales condenan la toma de posesi\u00f3n militar y la violenta represi\u00f3n de las protestas.<\/strong><\/p>\n\n\n\n<div class=\"wp-block-image\"><figure class=\"alignleft size-large\"><img loading=\"lazy\" decoding=\"async\" width=\"600\" height=\"412\" src=\"https:\/\/elcanillita.info\/press\/images\/2021\/03\/Birmania_20210320_1_pub.jpg\" alt=\"\" class=\"wp-image-1493\" srcset=\"https:\/\/elcanillita.info\/press\/images\/2021\/03\/Birmania_20210320_1_pub.jpg 600w, https:\/\/elcanillita.info\/press\/images\/2021\/03\/Birmania_20210320_1_pub-300x206.jpg 300w\" sizes=\"auto, (max-width: 600px) 100vw, 600px\" \/><figcaption><small>Un hombre parado sobre un cartel en el que aparece el jefe de las fuerzas armadas, el general de divisi\u00f3n Min Aung Hlaing,  intenta apagar un gas lacrim\u00f3geno, durante la represi\u00f3n de las fuerzas de seguridad contra una manifestaci\u00f3n de protesta por el golpe militar, en el municipio de Thaketa, en Yangon, el 19 de marzo de 2021. &#8211; RFA<\/small> <\/figcaption><\/figure><\/div>\n\n\n\n<p>La polic\u00eda de Myanmar detuvo el viernes a dos periodistas que cubr\u00edan el juicio de un funcionario civil destituido en la toma de posesi\u00f3n militar del mes pasado, mientras la brutal represi\u00f3n de las protestas antigolpistas causaba la muerte de al menos 10 personas, seg\u00fan informaron fuentes de Myanmar a RFA.<\/p>\n\n\n\n<p>Aung Thura, del servicio en lengua birmana de la BBC, y Than Htike Aung, de una agencia de noticias local, se encontraban en un tribunal de la capital, Naypyidaw, para asistir al juicio de Win Htein, un alto cargo de la Liga Nacional para la Democracia (LND), el partido destituido en la toma de posesi\u00f3n militar del 1 de febrero.<\/p>\n\n\n\n<p>Los dos periodistas fueron detenidos por dos hombres vestidos de civil, que se cree que son agentes de seguridad. Seg\u00fan la BBC, los hombres se presentaron en el juzgado en una furgoneta sin distintivos, exigiendo ver a los reporteros.<\/p>\n\n\n\n<p>La BBC perdi\u00f3 el contacto con Aung Thura despu\u00e9s de que se llevaran a los dos reporteros.<\/p>\n\n\n\n<p>&#8220;Estamos muy preocupados por nuestro reportero birmano de la BBC, Aung Thura, que ha sido secuestrado por hombres no identificados&#8221;, declar\u00f3 la BBC en un comunicado. Se pide a las autoridades que ayuden a localizarlo.<\/p>\n\n\n\n<p>El medio de comunicaci\u00f3n de Than Htike Aung, Mizzima News, es una de las cinco agencias de noticias o peri\u00f3dicos nacionales a los que la Junta Militar retir\u00f3 la licencia de explotaci\u00f3n a principios de este mes.<\/p>\n\n\n\n<p>Un recuento de Radio Free Asia  muestra que, desde se produjo el golpe  de Estado, unos 40 periodistas han sido arrestados y cerca de la mitad siguen detenidos.<\/p>\n\n\n\n<p>A pesar de la atm\u00f3sfera de amenaza y de la creciente brutalidad de las fuerzas de seguridad, los manifestantes volvieron a salir a la calle el viernes en m\u00faltiples ciudades del pa\u00eds de 54 millones de habitantes, y las manifestaciones fueron reprimidas violentamente, con 10 muertos, seg\u00fan informan testigos y medios de comunicaci\u00f3n social de los ciudadanos.<\/p>\n\n\n\n<p>Nueve de las 10 v\u00edctimas mortales del viernes se produjeron en la ciudad de Aungban, en el estado de Shan, en el sur del pa\u00eds, donde, seg\u00fan testigos, la polic\u00eda abri\u00f3 fuego contra un grupo de manifestantes que intentaba despejar su barricada improvisada.<\/p>\n\n\n\n<p>Un hombre que ayudaba a los heridos poco despu\u00e9s del tiroteo dijo al servicio de RFA en Myanmar que la polic\u00eda confisc\u00f3 seis cad\u00e1veres. En ese momento se sab\u00eda que hab\u00edan muerto ocho.<\/p>\n\n\n\n<p>&#8220;Creemos que se llevaron los cuerpos a la comisar\u00eda de Aungban. Otro muri\u00f3 en el hospital de Kalaw y otro en su casa despu\u00e9s de que sus amigos y familiares lo llevaran all\u00ed&#8221;, dijo el hombre, que pidi\u00f3 el anonimato debido a la naturaleza sensible del incidente. <br><br><strong>Un testigo dijo que el tiroteo se produjo sin previo aviso.<\/strong><\/p>\n\n\n\n<p>&#8220;Salieron de sus veh\u00edculos inmediatamente y dispararon sus armas autom\u00e1ticas contra los manifestantes. Ni siquiera utilizaron gases lacrim\u00f3genos. No dispararon balas sueltas. Fue un fuego autom\u00e1tico como en una guerra, as\u00ed que la gente tuvo que correr para salvar sus vidas&#8221;, dijo.<\/p>\n\n\n\n<p>El portal de noticias Myanmar Now inform\u00f3 de la muerte de otro manifestante en la ciudad nororiental de Loikaw.<\/p>\n\n\n\n<p>En Yangon, la antigua capital y centro comercial que ha sido el escenario principal de seis semanas de protestas, la polic\u00eda y los soldados ordenaron a los residentes locales a punta de pistola que despejaran las barricadas improvisadas de las carreteras mientras buscaban a los l\u00edderes de las protestas.<\/p>\n\n\n\n<p>En un v\u00eddeo de un ciudadano, la polic\u00eda, con las armas desenfundadas, oblig\u00f3 a un hombre a arrastrarse por el suelo despu\u00e9s de que les pidiera que no le hicieran cargar con sacos de arena.<\/p>\n\n\n\n<p>En el municipio de Dawbon, en Yangon, cuatro personas resultaron heridas cuando las fuerzas de seguridad dispararon contra zonas residenciales, mientras que en el municipio de Thingangyun, los agentes de seguridad da\u00f1aron 30 veh\u00edculos aparcados junto a la carretera.<\/p>\n\n\n\n<p>Reuters inform\u00f3 de que en las redes sociales aparec\u00eda otro muerto por disparos en Yangon, pero no pudo confirmar la muerte.<\/p>\n\n\n\n<p>Mientras tanto, en Kawlin, en la regi\u00f3n de Sagaing, la polic\u00eda abri\u00f3 fuego contra una marcha de protesta. Los primeros informes dicen que muchos manifestantes resultaron heridos.<\/p>\n\n\n\n<p>En Mandalay, la segunda ciudad m\u00e1s grande del pa\u00eds, los residentes recorrieron las calles en motocicletas coreando lemas antimilitares. La concentraci\u00f3n de motos coincidi\u00f3 con las marchas de protesta en el barrio de Myadaung de la ciudad. Los soldados y la polic\u00eda salieron en masa, y las protestas siguieron siendo pac\u00edficas.<\/p>\n\n\n\n<p>En la cercana Myingyan, un hombre de 27 a\u00f1os muri\u00f3 el viernes, sucumbiendo a las heridas sufridas cuando la polic\u00eda le dispar\u00f3 en la cara el 15 de marzo. Era el sexto de la ciudad que mor\u00eda a manos de la polic\u00eda o de los soldados.<\/p>\n\n\n\n<p>Los manifestantes tambi\u00e9n organizaron concentraciones en los estados de Mon y Kachin, y las autoridades declararon la ley marcial en Monywa, la mayor ciudad de la regi\u00f3n de Sagaing, al norte del pa\u00eds.<\/p>\n\n\n\n<p>Seg\u00fan las estad\u00edsticas de la Asociaci\u00f3n de Asistencia a los Presos Pol\u00edticos (AAPP), la represi\u00f3n ha causado la muerte de 224 personas desde el golpe de Estado del 1 de febrero, y m\u00e1s de 2.200 han sido detenidas, y muchas se han escondido para evitar ser arrestadas.<\/p>\n\n\n\n<p>Radio Free Asia (RFA) ha confirmado m\u00e1s de 200 muertes y muchos casos de personas desaparecidas.<\/p>\n\n\n\n<p><strong>Reacci\u00f3n internacional<\/strong><\/p>\n\n\n\n<p>Los enviados a Myanmar de varios pa\u00edses occidentales condenaron la violencia actual como &#8220;inmoral e indefendible&#8221;, en una declaraci\u00f3n conjunta que abordaba el reciente derramamiento de sangre en el distrito industrial de Hlaing Tharyar, en Yangon, donde muchas personas murieron en los d\u00edas posteriores al incendio de f\u00e1bricas de ropa de propiedad china.<\/p>\n\n\n\n<p>&#8220;Los cortes de Internet y la supresi\u00f3n de los medios de comunicaci\u00f3n no ocultar\u00e1n las abominables acciones de los militares&#8221;, dijeron los embajadores en una declaraci\u00f3n conjunta el viernes.<\/p>\n\n\n\n<p>El presidente indonesio, Joko Widodo, conden\u00f3 en un discurso virtual la violencia y pidi\u00f3 una reuni\u00f3n de emergencia de la ASEAN para abordar el asunto.<\/p>\n\n\n\n<p>&#8220;Indonesia insta a que el uso de la violencia en Myanmar se detenga inmediatamente para que no haya m\u00e1s v\u00edctimas&#8221;, dijo.<\/p>\n\n\n\n<p>&#8220;La seguridad y el bienestar de la poblaci\u00f3n deben ser la m\u00e1xima prioridad. Indonesia tambi\u00e9n insta al di\u00e1logo, a que la reconciliaci\u00f3n se lleve a cabo inmediatamente para restaurar la democracia, para restaurar la paz y para restaurar la estabilidad en Myanmar&#8221;, dijo Joko Widodo.<\/p>\n\n\n\n<p>Los l\u00edderes de Malasia y Filipinas tambi\u00e9n hicieron un llamamiento a la ASEAN para que act\u00fae en la situaci\u00f3n de Myanmar.<\/p>\n\n\n\n<p>Los comentarios de los l\u00edderes son una rara muestra de desaprobaci\u00f3n, ya que tradicionalmente los 10 pa\u00edses de la ASEAN se abstienen de discutir cuestiones internas.<\/p>\n\n\n\n<p>Mientras tanto, el general golpista Min Aung Hlaing celebr\u00f3 una videoconferencia con los jefes de defensa de los pa\u00edses vecinos, en lo que fue su primer acto internacional desde que tom\u00f3 el poder.<\/p>\n\n\n\n<p>Los jefes de los ej\u00e9rcitos de Indonesia y Singapur expresaron su preocupaci\u00f3n por la situaci\u00f3n de Myanmar e instaron al general a abstenerse de utilizar la fuerza letal.<\/p>\n\n\n\n<p>En Washington, la C\u00e1mara de Representantes de Estados Unidos aprob\u00f3 el viernes, por 398 votos a favor y 14 en contra, una ley que condena el golpe de Estado. La resoluci\u00f3n tambi\u00e9n condenaba la detenci\u00f3n de los l\u00edderes civiles de Myanmar y ped\u00eda su liberaci\u00f3n inmediata, as\u00ed como la restituci\u00f3n de los miembros electos del parlamento a sus puestos.<\/p>\n\n\n\n<p>Los legisladores se manifestaron en contra de lo que denominaron t\u00e1cticas duras empleadas por la junta para reprimir las protestas.<\/p>\n\n\n\n<p>&#8220;Debemos dejar claro que Estados Unidos est\u00e1 observando y que apoyamos el restablecimiento de la democracia&#8221;, declar\u00f3 el representante Gregory Meeks, presidente dem\u00f3crata de la Comisi\u00f3n de Asuntos Exteriores de la C\u00e1mara de Representantes, al argumentar a favor de la legislaci\u00f3n.<\/p>\n\n\n\n<p>Se espera que la Uni\u00f3n Europea promulgue medidas similares la pr\u00f3xima semana.<\/p>\n\n\n\n<p>Mientras tanto, en Par\u00eds, los patrocinadores franceses de un importante proyecto hidroel\u00e9ctrico en Myanmar se retiraron del acuerdo.<\/p>\n\n\n\n<p>\u00c9lectricit\u00e9 de France (EDF) comunic\u00f3 a la ONG Justice for Myanmar que suspend\u00eda su participaci\u00f3n en el proyecto hidroel\u00e9ctrico Shweli 3 por motivos de derechos humanos.<\/p>\n\n\n\n<p>Justice for Myanmar acogi\u00f3 con satisfacci\u00f3n la retirada, afirmando que continuar con el proyecto habr\u00eda exigido que EDF hiciera negocios con la junta.<\/p>\n\n\n\n<p><small>Informe del servicio de Radio Free Asia en Myanmar. Traducido por Khin Maung Nyane. <\/small><br><small>Escrito en castellano por RMAGUZZO<\/small> <small>\u00a9 2021 SalaStampa.Eu  affiliate with USAGM \/ VOA Copyright \u00a9 1998-2021, RFA. Reprinted by ElCanillita.Info with the permission of Radio Free Asia, 2025 M St. NW, Suite 300, Washington DC 20036<\/small><\/p>\n\n\n\n<p><strong><a href=\"http:\/\/bit.ly\/3cQXAPR\" target=\"_blank\" rel=\"noreferrer noopener\">*Video Documento Relacionado*<\/a><\/strong><\/p>\n","protected":false},"excerpt":{"rendered":"<p>Manifestantes en Yangon devuelven una bomba de humo a la polic\u00eda el 17-03-2021. Foto cortes\u00eda de un periodista ciudadano.<\/p>\n","protected":false},"author":1,"featured_media":1496,"comment_status":"closed","ping_status":"closed","sticky":false,"template":"","format":"standard","meta":{"footnotes":"","_links_to":"","_links_to_target":""},"categories":[70,16,23,25],"tags":[],"class_list":["post-1485","post","type-post","status-publish","format-standard","has-post-thumbnail","hentry","category-actualidad","category-asia","category-politica","category-sociedad","entry","double"],"yoast_head":"<!-- This site is optimized with the Yoast SEO plugin v27.4 - https:\/\/yoast.com\/product\/yoast-seo-wordpress\/ -->\n<title>Fueron detenidos dos periodistas en Myanmar, donde las fuerzas matan a 10 manifestantes antigolpistas - ElCanillita.Info<\/title>\n<meta name=\"robots\" content=\"index, follow, max-snippet:-1, max-image-preview:large, max-video-preview:-1\" \/>\n<link rel=\"canonical\" href=\"https:\/\/elcanillita.info\/press\/2021\/03\/20\/detenidos-dos-periodistas-myanmar-matan-10-manifestantes-antigolpistas\/\" \/>\n<meta property=\"og:locale\" content=\"es_ES\" \/>\n<meta property=\"og:type\" content=\"article\" \/>\n<meta property=\"og:title\" content=\"Fueron detenidos dos periodistas en Myanmar, donde las fuerzas matan a 10 manifestantes antigolpistas - ElCanillita.Info\" \/>\n<meta property=\"og:description\" content=\"Manifestantes en Yangon devuelven una bomba de humo a la polic\u00eda el 17-03-2021. Foto cortes\u00eda de un periodista ciudadano.\" \/>\n<meta property=\"og:url\" content=\"https:\/\/elcanillita.info\/press\/2021\/03\/20\/detenidos-dos-periodistas-myanmar-matan-10-manifestantes-antigolpistas\/\" \/>\n<meta property=\"og:site_name\" content=\"ElCanillita.Info\" \/>\n<meta property=\"article:publisher\" content=\"https:\/\/ar-ar.facebook.com\/ElCanillitainfo-114249515285712\/\" \/>\n<meta property=\"article:published_time\" content=\"2021-03-20T10:09:38+00:00\" \/>\n<meta property=\"article:modified_time\" content=\"2021-03-20T21:01:36+00:00\" \/>\n<meta property=\"og:image\" content=\"https:\/\/elcanillita.info\/press\/images\/2021\/03\/Birmania_20210320_2pub.jpg\" \/>\n\t<meta property=\"og:image:width\" content=\"600\" \/>\n\t<meta property=\"og:image:height\" content=\"424\" \/>\n\t<meta property=\"og:image:type\" content=\"image\/jpeg\" \/>\n<meta name=\"author\" content=\"SalaStampa.eu, world press service\" \/>\n<meta name=\"twitter:card\" content=\"summary_large_image\" \/>\n<meta name=\"twitter:label1\" content=\"Escrito por\" \/>\n\t<meta name=\"twitter:data1\" content=\"SalaStampa.eu, world press service\" \/>\n\t<meta name=\"twitter:label2\" content=\"Tiempo de lectura\" \/>\n\t<meta name=\"twitter:data2\" content=\"7 minutos\" \/>\n<script type=\"application\/ld+json\" class=\"yoast-schema-graph\">{\"@context\":\"https:\\\/\\\/schema.org\",\"@graph\":[{\"@type\":\"Article\",\"@id\":\"https:\\\/\\\/elcanillita.info\\\/press\\\/2021\\\/03\\\/20\\\/detenidos-dos-periodistas-myanmar-matan-10-manifestantes-antigolpistas\\\/#article\",\"isPartOf\":{\"@id\":\"https:\\\/\\\/elcanillita.info\\\/press\\\/2021\\\/03\\\/20\\\/detenidos-dos-periodistas-myanmar-matan-10-manifestantes-antigolpistas\\\/\"},\"author\":{\"name\":\"SalaStampa.eu, world press service\",\"@id\":\"https:\\\/\\\/elcanillita.info\\\/press\\\/#\\\/schema\\\/person\\\/7fcb79f38045700919f7da6d97e71ba0\"},\"headline\":\"Fueron detenidos dos periodistas en Myanmar, donde las fuerzas matan a 10 manifestantes antigolpistas\",\"datePublished\":\"2021-03-20T10:09:38+00:00\",\"dateModified\":\"2021-03-20T21:01:36+00:00\",\"mainEntityOfPage\":{\"@id\":\"https:\\\/\\\/elcanillita.info\\\/press\\\/2021\\\/03\\\/20\\\/detenidos-dos-periodistas-myanmar-matan-10-manifestantes-antigolpistas\\\/\"},\"wordCount\":1599,\"publisher\":{\"@id\":\"https:\\\/\\\/elcanillita.info\\\/press\\\/#organization\"},\"image\":{\"@id\":\"https:\\\/\\\/elcanillita.info\\\/press\\\/2021\\\/03\\\/20\\\/detenidos-dos-periodistas-myanmar-matan-10-manifestantes-antigolpistas\\\/#primaryimage\"},\"thumbnailUrl\":\"https:\\\/\\\/elcanillita.info\\\/press\\\/images\\\/2021\\\/03\\\/Birmania_20210320_2pub.jpg\",\"articleSection\":[\"Actualidad\",\"Asia\",\"Politica\",\"Sociedad\"],\"inLanguage\":\"es-AR\"},{\"@type\":\"WebPage\",\"@id\":\"https:\\\/\\\/elcanillita.info\\\/press\\\/2021\\\/03\\\/20\\\/detenidos-dos-periodistas-myanmar-matan-10-manifestantes-antigolpistas\\\/\",\"url\":\"https:\\\/\\\/elcanillita.info\\\/press\\\/2021\\\/03\\\/20\\\/detenidos-dos-periodistas-myanmar-matan-10-manifestantes-antigolpistas\\\/\",\"name\":\"Fueron detenidos dos periodistas en Myanmar, donde las fuerzas matan a 10 manifestantes antigolpistas - ElCanillita.Info\",\"isPartOf\":{\"@id\":\"https:\\\/\\\/elcanillita.info\\\/press\\\/#website\"},\"primaryImageOfPage\":{\"@id\":\"https:\\\/\\\/elcanillita.info\\\/press\\\/2021\\\/03\\\/20\\\/detenidos-dos-periodistas-myanmar-matan-10-manifestantes-antigolpistas\\\/#primaryimage\"},\"image\":{\"@id\":\"https:\\\/\\\/elcanillita.info\\\/press\\\/2021\\\/03\\\/20\\\/detenidos-dos-periodistas-myanmar-matan-10-manifestantes-antigolpistas\\\/#primaryimage\"},\"thumbnailUrl\":\"https:\\\/\\\/elcanillita.info\\\/press\\\/images\\\/2021\\\/03\\\/Birmania_20210320_2pub.jpg\",\"datePublished\":\"2021-03-20T10:09:38+00:00\",\"dateModified\":\"2021-03-20T21:01:36+00:00\",\"inLanguage\":\"es-AR\",\"potentialAction\":[{\"@type\":\"ReadAction\",\"target\":[\"https:\\\/\\\/elcanillita.info\\\/press\\\/2021\\\/03\\\/20\\\/detenidos-dos-periodistas-myanmar-matan-10-manifestantes-antigolpistas\\\/\"]}]},{\"@type\":\"ImageObject\",\"inLanguage\":\"es-AR\",\"@id\":\"https:\\\/\\\/elcanillita.info\\\/press\\\/2021\\\/03\\\/20\\\/detenidos-dos-periodistas-myanmar-matan-10-manifestantes-antigolpistas\\\/#primaryimage\",\"url\":\"https:\\\/\\\/elcanillita.info\\\/press\\\/images\\\/2021\\\/03\\\/Birmania_20210320_2pub.jpg\",\"contentUrl\":\"https:\\\/\\\/elcanillita.info\\\/press\\\/images\\\/2021\\\/03\\\/Birmania_20210320_2pub.jpg\",\"width\":600,\"height\":424},{\"@type\":\"WebSite\",\"@id\":\"https:\\\/\\\/elcanillita.info\\\/press\\\/#website\",\"url\":\"https:\\\/\\\/elcanillita.info\\\/press\\\/\",\"name\":\"ElCanillita.Info\",\"description\":\"desde los Apeninos a los Andes\",\"publisher\":{\"@id\":\"https:\\\/\\\/elcanillita.info\\\/press\\\/#organization\"},\"potentialAction\":[{\"@type\":\"SearchAction\",\"target\":{\"@type\":\"EntryPoint\",\"urlTemplate\":\"https:\\\/\\\/elcanillita.info\\\/press\\\/?s={search_term_string}\"},\"query-input\":{\"@type\":\"PropertyValueSpecification\",\"valueRequired\":true,\"valueName\":\"search_term_string\"}}],\"inLanguage\":\"es-AR\"},{\"@type\":\"Organization\",\"@id\":\"https:\\\/\\\/elcanillita.info\\\/press\\\/#organization\",\"name\":\"Guzzo Photos & Graphic Publications\",\"url\":\"https:\\\/\\\/elcanillita.info\\\/press\\\/\",\"logo\":{\"@type\":\"ImageObject\",\"inLanguage\":\"es-AR\",\"@id\":\"https:\\\/\\\/elcanillita.info\\\/press\\\/#\\\/schema\\\/logo\\\/image\\\/\",\"url\":\"https:\\\/\\\/elcanillita.info\\\/press\\\/images\\\/2020\\\/01\\\/cropped-cropped-cropped-elcanillitainfo.png\",\"contentUrl\":\"https:\\\/\\\/elcanillita.info\\\/press\\\/images\\\/2020\\\/01\\\/cropped-cropped-cropped-elcanillitainfo.png\",\"width\":460,\"height\":50,\"caption\":\"Guzzo Photos & Graphic Publications\"},\"image\":{\"@id\":\"https:\\\/\\\/elcanillita.info\\\/press\\\/#\\\/schema\\\/logo\\\/image\\\/\"},\"sameAs\":[\"https:\\\/\\\/ar-ar.facebook.com\\\/ElCanillitainfo-114249515285712\\\/\"]},{\"@type\":\"Person\",\"@id\":\"https:\\\/\\\/elcanillita.info\\\/press\\\/#\\\/schema\\\/person\\\/7fcb79f38045700919f7da6d97e71ba0\",\"name\":\"SalaStampa.eu, world press service\",\"image\":{\"@type\":\"ImageObject\",\"inLanguage\":\"es-AR\",\"@id\":\"https:\\\/\\\/secure.gravatar.com\\\/avatar\\\/c2f0e0d515a107624234994507816ca4724c7199cef73fc8bedebf6931d73888?s=96&d=mm&r=g\",\"url\":\"https:\\\/\\\/secure.gravatar.com\\\/avatar\\\/c2f0e0d515a107624234994507816ca4724c7199cef73fc8bedebf6931d73888?s=96&d=mm&r=g\",\"contentUrl\":\"https:\\\/\\\/secure.gravatar.com\\\/avatar\\\/c2f0e0d515a107624234994507816ca4724c7199cef73fc8bedebf6931d73888?s=96&d=mm&r=g\",\"caption\":\"SalaStampa.eu, world press service\"}}]}<\/script>\n<!-- \/ Yoast SEO plugin. -->","yoast_head_json":{"title":"Fueron detenidos dos periodistas en Myanmar, donde las fuerzas matan a 10 manifestantes antigolpistas - ElCanillita.Info","robots":{"index":"index","follow":"follow","max-snippet":"max-snippet:-1","max-image-preview":"max-image-preview:large","max-video-preview":"max-video-preview:-1"},"canonical":"https:\/\/elcanillita.info\/press\/2021\/03\/20\/detenidos-dos-periodistas-myanmar-matan-10-manifestantes-antigolpistas\/","og_locale":"es_ES","og_type":"article","og_title":"Fueron detenidos dos periodistas en Myanmar, donde las fuerzas matan a 10 manifestantes antigolpistas - ElCanillita.Info","og_description":"Manifestantes en Yangon devuelven una bomba de humo a la polic\u00eda el 17-03-2021. Foto cortes\u00eda de un periodista ciudadano.","og_url":"https:\/\/elcanillita.info\/press\/2021\/03\/20\/detenidos-dos-periodistas-myanmar-matan-10-manifestantes-antigolpistas\/","og_site_name":"ElCanillita.Info","article_publisher":"https:\/\/ar-ar.facebook.com\/ElCanillitainfo-114249515285712\/","article_published_time":"2021-03-20T10:09:38+00:00","article_modified_time":"2021-03-20T21:01:36+00:00","og_image":[{"width":600,"height":424,"url":"https:\/\/elcanillita.info\/press\/images\/2021\/03\/Birmania_20210320_2pub.jpg","type":"image\/jpeg"}],"author":"SalaStampa.eu, world press service","twitter_card":"summary_large_image","twitter_misc":{"Escrito por":"SalaStampa.eu, world press service","Tiempo de lectura":"7 minutos"},"schema":{"@context":"https:\/\/schema.org","@graph":[{"@type":"Article","@id":"https:\/\/elcanillita.info\/press\/2021\/03\/20\/detenidos-dos-periodistas-myanmar-matan-10-manifestantes-antigolpistas\/#article","isPartOf":{"@id":"https:\/\/elcanillita.info\/press\/2021\/03\/20\/detenidos-dos-periodistas-myanmar-matan-10-manifestantes-antigolpistas\/"},"author":{"name":"SalaStampa.eu, world press service","@id":"https:\/\/elcanillita.info\/press\/#\/schema\/person\/7fcb79f38045700919f7da6d97e71ba0"},"headline":"Fueron detenidos dos periodistas en Myanmar, donde las fuerzas matan a 10 manifestantes antigolpistas","datePublished":"2021-03-20T10:09:38+00:00","dateModified":"2021-03-20T21:01:36+00:00","mainEntityOfPage":{"@id":"https:\/\/elcanillita.info\/press\/2021\/03\/20\/detenidos-dos-periodistas-myanmar-matan-10-manifestantes-antigolpistas\/"},"wordCount":1599,"publisher":{"@id":"https:\/\/elcanillita.info\/press\/#organization"},"image":{"@id":"https:\/\/elcanillita.info\/press\/2021\/03\/20\/detenidos-dos-periodistas-myanmar-matan-10-manifestantes-antigolpistas\/#primaryimage"},"thumbnailUrl":"https:\/\/elcanillita.info\/press\/images\/2021\/03\/Birmania_20210320_2pub.jpg","articleSection":["Actualidad","Asia","Politica","Sociedad"],"inLanguage":"es-AR"},{"@type":"WebPage","@id":"https:\/\/elcanillita.info\/press\/2021\/03\/20\/detenidos-dos-periodistas-myanmar-matan-10-manifestantes-antigolpistas\/","url":"https:\/\/elcanillita.info\/press\/2021\/03\/20\/detenidos-dos-periodistas-myanmar-matan-10-manifestantes-antigolpistas\/","name":"Fueron detenidos dos periodistas en Myanmar, donde las fuerzas matan a 10 manifestantes antigolpistas - ElCanillita.Info","isPartOf":{"@id":"https:\/\/elcanillita.info\/press\/#website"},"primaryImageOfPage":{"@id":"https:\/\/elcanillita.info\/press\/2021\/03\/20\/detenidos-dos-periodistas-myanmar-matan-10-manifestantes-antigolpistas\/#primaryimage"},"image":{"@id":"https:\/\/elcanillita.info\/press\/2021\/03\/20\/detenidos-dos-periodistas-myanmar-matan-10-manifestantes-antigolpistas\/#primaryimage"},"thumbnailUrl":"https:\/\/elcanillita.info\/press\/images\/2021\/03\/Birmania_20210320_2pub.jpg","datePublished":"2021-03-20T10:09:38+00:00","dateModified":"2021-03-20T21:01:36+00:00","inLanguage":"es-AR","potentialAction":[{"@type":"ReadAction","target":["https:\/\/elcanillita.info\/press\/2021\/03\/20\/detenidos-dos-periodistas-myanmar-matan-10-manifestantes-antigolpistas\/"]}]},{"@type":"ImageObject","inLanguage":"es-AR","@id":"https:\/\/elcanillita.info\/press\/2021\/03\/20\/detenidos-dos-periodistas-myanmar-matan-10-manifestantes-antigolpistas\/#primaryimage","url":"https:\/\/elcanillita.info\/press\/images\/2021\/03\/Birmania_20210320_2pub.jpg","contentUrl":"https:\/\/elcanillita.info\/press\/images\/2021\/03\/Birmania_20210320_2pub.jpg","width":600,"height":424},{"@type":"WebSite","@id":"https:\/\/elcanillita.info\/press\/#website","url":"https:\/\/elcanillita.info\/press\/","name":"ElCanillita.Info","description":"desde los Apeninos a los Andes","publisher":{"@id":"https:\/\/elcanillita.info\/press\/#organization"},"potentialAction":[{"@type":"SearchAction","target":{"@type":"EntryPoint","urlTemplate":"https:\/\/elcanillita.info\/press\/?s={search_term_string}"},"query-input":{"@type":"PropertyValueSpecification","valueRequired":true,"valueName":"search_term_string"}}],"inLanguage":"es-AR"},{"@type":"Organization","@id":"https:\/\/elcanillita.info\/press\/#organization","name":"Guzzo Photos & Graphic Publications","url":"https:\/\/elcanillita.info\/press\/","logo":{"@type":"ImageObject","inLanguage":"es-AR","@id":"https:\/\/elcanillita.info\/press\/#\/schema\/logo\/image\/","url":"https:\/\/elcanillita.info\/press\/images\/2020\/01\/cropped-cropped-cropped-elcanillitainfo.png","contentUrl":"https:\/\/elcanillita.info\/press\/images\/2020\/01\/cropped-cropped-cropped-elcanillitainfo.png","width":460,"height":50,"caption":"Guzzo Photos & Graphic Publications"},"image":{"@id":"https:\/\/elcanillita.info\/press\/#\/schema\/logo\/image\/"},"sameAs":["https:\/\/ar-ar.facebook.com\/ElCanillitainfo-114249515285712\/"]},{"@type":"Person","@id":"https:\/\/elcanillita.info\/press\/#\/schema\/person\/7fcb79f38045700919f7da6d97e71ba0","name":"SalaStampa.eu, world press service","image":{"@type":"ImageObject","inLanguage":"es-AR","@id":"https:\/\/secure.gravatar.com\/avatar\/c2f0e0d515a107624234994507816ca4724c7199cef73fc8bedebf6931d73888?s=96&d=mm&r=g","url":"https:\/\/secure.gravatar.com\/avatar\/c2f0e0d515a107624234994507816ca4724c7199cef73fc8bedebf6931d73888?s=96&d=mm&r=g","contentUrl":"https:\/\/secure.gravatar.com\/avatar\/c2f0e0d515a107624234994507816ca4724c7199cef73fc8bedebf6931d73888?s=96&d=mm&r=g","caption":"SalaStampa.eu, world press service"}}]}},"views":660,"_links":{"self":[{"href":"https:\/\/elcanillita.info\/press\/wp-json\/wp\/v2\/posts\/1485","targetHints":{"allow":["GET"]}}],"collection":[{"href":"https:\/\/elcanillita.info\/press\/wp-json\/wp\/v2\/posts"}],"about":[{"href":"https:\/\/elcanillita.info\/press\/wp-json\/wp\/v2\/types\/post"}],"author":[{"embeddable":true,"href":"https:\/\/elcanillita.info\/press\/wp-json\/wp\/v2\/users\/1"}],"replies":[{"embeddable":true,"href":"https:\/\/elcanillita.info\/press\/wp-json\/wp\/v2\/comments?post=1485"}],"version-history":[{"count":0,"href":"https:\/\/elcanillita.info\/press\/wp-json\/wp\/v2\/posts\/1485\/revisions"}],"wp:featuredmedia":[{"embeddable":true,"href":"https:\/\/elcanillita.info\/press\/wp-json\/wp\/v2\/media\/1496"}],"wp:attachment":[{"href":"https:\/\/elcanillita.info\/press\/wp-json\/wp\/v2\/media?parent=1485"}],"wp:term":[{"taxonomy":"category","embeddable":true,"href":"https:\/\/elcanillita.info\/press\/wp-json\/wp\/v2\/categories?post=1485"},{"taxonomy":"post_tag","embeddable":true,"href":"https:\/\/elcanillita.info\/press\/wp-json\/wp\/v2\/tags?post=1485"}],"curies":[{"name":"wp","href":"https:\/\/api.w.org\/{rel}","templated":true}]}}