{"id":147,"date":"2020-01-16T16:55:00","date_gmt":"2020-01-16T19:55:00","guid":{"rendered":"https:\/\/elcanillita.info\/press\/?p=147"},"modified":"2020-01-17T15:47:58","modified_gmt":"2020-01-17T18:47:58","slug":"servicio-de-registro-desplegara-seis-brigadas-moviles-para-empadronamiento-en-beni-bolivia","status":"publish","type":"post","link":"https:\/\/elcanillita.info\/press\/2020\/01\/16\/servicio-de-registro-desplegara-seis-brigadas-moviles-para-empadronamiento-en-beni-bolivia\/","title":{"rendered":"Servicio de registro desplegar\u00e1 seis brigadas m\u00f3viles para empadronamiento en Beni"},"content":{"rendered":"\n<p>Trinidad, Bolivia 16.01.2020 &#8211; El director departamental del Servicio de Registro C\u00edvico (Sereci), Adolfo Su\u00e1rez, inform\u00f3 el jueves que esa instituci\u00f3n desplegar\u00e1 seis brigadas m\u00f3viles e instalar\u00e1 18 puntos fijos en el departamento del Beni, para el empadronamiento masivo que comenzar\u00e1 el 18 de enero rumbo a las elecciones generales pautadas para el 3 de mayo.<\/p>\n\n\n\n<ul class=\"wp-block-list\"><li>Estamos pronto para el despliegue de seis brigadas m\u00f3viles y la instalaci\u00f3n de 18 puntos fijos para el empadronamiento masivo, en el marco de la actividad n\u00famero 11 del calendario electoral para las elecciones generales 2020, inform\u00f3.  <\/li><\/ul>\n\n\n\n<p>Anunci\u00f3 que el TED prev\u00e9 registrar a m\u00e1s de 20.000 personas entre el 18 y el 26 de enero.<\/p>\n\n\n\n<p>Su\u00e1rez inform\u00f3 que el requisito para ser empadronado es contar con c\u00e9dula de identidad vigente, tener 18 a\u00f1os cumplidos o que cumplan esa edad hasta el d\u00eda de la elecci\u00f3n.<\/p>\n\n\n\n<ul class=\"wp-block-list\"><li>Esperamos que la ciudadan\u00eda acuda de manera ordenada y no est\u00e9 esperando el \u00faltimo d\u00eda para empadronarse, porque se generan largas filas provocando mucha incomodidad, agreg\u00f3.\n<br><br>\n ABI &#8211; esch\/kpb\/ <br> <small>2020 salastampa.eu, afiliada a la red Broadcasting Board of Governors \u00a9 2020 BBG<\/small>            <\/li><\/ul>\n","protected":false},"excerpt":{"rendered":"<p>Trinidad, Bolivia 16.01.2020 &#8211; El director departamental del Servicio de Registro C\u00edvico (Sereci), Adolfo Su\u00e1rez, inform\u00f3 el jueves que desplegar\u00e1 seis brigadas m\u00f3viles para el empadronamiento masivo que comenzar\u00e1 el 18 de enero.<\/p>\n","protected":false},"author":1,"featured_media":0,"comment_status":"closed","ping_status":"closed","sticky":false,"template":"","format":"standard","meta":{"footnotes":"","_links_to":"","_links_to_target":""},"categories":[11,23,25],"tags":[30],"class_list":["post-147","post","type-post","status-publish","format-standard","hentry","category-america-del-sur","category-politica","category-sociedad","tag-bolivia","entry","double"],"yoast_head":"<!-- This site is optimized with the Yoast SEO plugin v27.4 - https:\/\/yoast.com\/product\/yoast-seo-wordpress\/ -->\n<title>Servicio de registro desplegar\u00e1 seis brigadas m\u00f3viles para empadronamiento en Beni - ElCanillita.Info<\/title>\n<meta name=\"robots\" content=\"index, follow, max-snippet:-1, max-image-preview:large, max-video-preview:-1\" \/>\n<link rel=\"canonical\" href=\"https:\/\/elcanillita.info\/press\/2020\/01\/16\/servicio-de-registro-desplegara-seis-brigadas-moviles-para-empadronamiento-en-beni-bolivia\/\" \/>\n<meta property=\"og:locale\" content=\"es_ES\" \/>\n<meta property=\"og:type\" content=\"article\" \/>\n<meta property=\"og:title\" content=\"Servicio de registro desplegar\u00e1 seis brigadas m\u00f3viles para empadronamiento en Beni - ElCanillita.Info\" \/>\n<meta property=\"og:description\" content=\"Trinidad, Bolivia 16.01.2020 - El director departamental del Servicio de Registro C\u00edvico (Sereci), Adolfo Su\u00e1rez, inform\u00f3 el jueves que desplegar\u00e1 seis brigadas m\u00f3viles para el empadronamiento masivo que comenzar\u00e1 el 18 de enero.\" \/>\n<meta property=\"og:url\" content=\"https:\/\/elcanillita.info\/press\/2020\/01\/16\/servicio-de-registro-desplegara-seis-brigadas-moviles-para-empadronamiento-en-beni-bolivia\/\" \/>\n<meta property=\"og:site_name\" content=\"ElCanillita.Info\" \/>\n<meta property=\"article:publisher\" content=\"https:\/\/ar-ar.facebook.com\/ElCanillitainfo-114249515285712\/\" \/>\n<meta property=\"article:published_time\" content=\"2020-01-16T19:55:00+00:00\" \/>\n<meta property=\"article:modified_time\" content=\"2020-01-17T18:47:58+00:00\" \/>\n<meta name=\"author\" content=\"SalaStampa.eu, world press service\" \/>\n<meta name=\"twitter:card\" content=\"summary_large_image\" \/>\n<meta name=\"twitter:label1\" content=\"Escrito por\" \/>\n\t<meta name=\"twitter:data1\" content=\"SalaStampa.eu, world press service\" \/>\n\t<meta name=\"twitter:label2\" content=\"Tiempo de lectura\" \/>\n\t<meta name=\"twitter:data2\" content=\"1 minuto\" \/>\n<script type=\"application\/ld+json\" class=\"yoast-schema-graph\">{\"@context\":\"https:\\\/\\\/schema.org\",\"@graph\":[{\"@type\":\"Article\",\"@id\":\"https:\\\/\\\/elcanillita.info\\\/press\\\/2020\\\/01\\\/16\\\/servicio-de-registro-desplegara-seis-brigadas-moviles-para-empadronamiento-en-beni-bolivia\\\/#article\",\"isPartOf\":{\"@id\":\"https:\\\/\\\/elcanillita.info\\\/press\\\/2020\\\/01\\\/16\\\/servicio-de-registro-desplegara-seis-brigadas-moviles-para-empadronamiento-en-beni-bolivia\\\/\"},\"author\":{\"name\":\"SalaStampa.eu, world press service\",\"@id\":\"https:\\\/\\\/elcanillita.info\\\/press\\\/#\\\/schema\\\/person\\\/7fcb79f38045700919f7da6d97e71ba0\"},\"headline\":\"Servicio de registro desplegar\u00e1 seis brigadas m\u00f3viles para empadronamiento en Beni\",\"datePublished\":\"2020-01-16T19:55:00+00:00\",\"dateModified\":\"2020-01-17T18:47:58+00:00\",\"mainEntityOfPage\":{\"@id\":\"https:\\\/\\\/elcanillita.info\\\/press\\\/2020\\\/01\\\/16\\\/servicio-de-registro-desplegara-seis-brigadas-moviles-para-empadronamiento-en-beni-bolivia\\\/\"},\"wordCount\":199,\"publisher\":{\"@id\":\"https:\\\/\\\/elcanillita.info\\\/press\\\/#organization\"},\"keywords\":[\"Bolivia\"],\"articleSection\":[\"Am\u00e9rica del Sur\",\"Politica\",\"Sociedad\"],\"inLanguage\":\"es-AR\"},{\"@type\":\"WebPage\",\"@id\":\"https:\\\/\\\/elcanillita.info\\\/press\\\/2020\\\/01\\\/16\\\/servicio-de-registro-desplegara-seis-brigadas-moviles-para-empadronamiento-en-beni-bolivia\\\/\",\"url\":\"https:\\\/\\\/elcanillita.info\\\/press\\\/2020\\\/01\\\/16\\\/servicio-de-registro-desplegara-seis-brigadas-moviles-para-empadronamiento-en-beni-bolivia\\\/\",\"name\":\"Servicio de registro desplegar\u00e1 seis brigadas m\u00f3viles para empadronamiento en Beni - ElCanillita.Info\",\"isPartOf\":{\"@id\":\"https:\\\/\\\/elcanillita.info\\\/press\\\/#website\"},\"datePublished\":\"2020-01-16T19:55:00+00:00\",\"dateModified\":\"2020-01-17T18:47:58+00:00\",\"inLanguage\":\"es-AR\",\"potentialAction\":[{\"@type\":\"ReadAction\",\"target\":[\"https:\\\/\\\/elcanillita.info\\\/press\\\/2020\\\/01\\\/16\\\/servicio-de-registro-desplegara-seis-brigadas-moviles-para-empadronamiento-en-beni-bolivia\\\/\"]}]},{\"@type\":\"WebSite\",\"@id\":\"https:\\\/\\\/elcanillita.info\\\/press\\\/#website\",\"url\":\"https:\\\/\\\/elcanillita.info\\\/press\\\/\",\"name\":\"ElCanillita.Info\",\"description\":\"desde los Apeninos a los Andes\",\"publisher\":{\"@id\":\"https:\\\/\\\/elcanillita.info\\\/press\\\/#organization\"},\"potentialAction\":[{\"@type\":\"SearchAction\",\"target\":{\"@type\":\"EntryPoint\",\"urlTemplate\":\"https:\\\/\\\/elcanillita.info\\\/press\\\/?s={search_term_string}\"},\"query-input\":{\"@type\":\"PropertyValueSpecification\",\"valueRequired\":true,\"valueName\":\"search_term_string\"}}],\"inLanguage\":\"es-AR\"},{\"@type\":\"Organization\",\"@id\":\"https:\\\/\\\/elcanillita.info\\\/press\\\/#organization\",\"name\":\"Guzzo Photos & Graphic Publications\",\"url\":\"https:\\\/\\\/elcanillita.info\\\/press\\\/\",\"logo\":{\"@type\":\"ImageObject\",\"inLanguage\":\"es-AR\",\"@id\":\"https:\\\/\\\/elcanillita.info\\\/press\\\/#\\\/schema\\\/logo\\\/image\\\/\",\"url\":\"https:\\\/\\\/elcanillita.info\\\/press\\\/images\\\/2020\\\/01\\\/cropped-cropped-cropped-elcanillitainfo.png\",\"contentUrl\":\"https:\\\/\\\/elcanillita.info\\\/press\\\/images\\\/2020\\\/01\\\/cropped-cropped-cropped-elcanillitainfo.png\",\"width\":460,\"height\":50,\"caption\":\"Guzzo Photos & Graphic Publications\"},\"image\":{\"@id\":\"https:\\\/\\\/elcanillita.info\\\/press\\\/#\\\/schema\\\/logo\\\/image\\\/\"},\"sameAs\":[\"https:\\\/\\\/ar-ar.facebook.com\\\/ElCanillitainfo-114249515285712\\\/\"]},{\"@type\":\"Person\",\"@id\":\"https:\\\/\\\/elcanillita.info\\\/press\\\/#\\\/schema\\\/person\\\/7fcb79f38045700919f7da6d97e71ba0\",\"name\":\"SalaStampa.eu, world press service\",\"image\":{\"@type\":\"ImageObject\",\"inLanguage\":\"es-AR\",\"@id\":\"https:\\\/\\\/secure.gravatar.com\\\/avatar\\\/c2f0e0d515a107624234994507816ca4724c7199cef73fc8bedebf6931d73888?s=96&d=mm&r=g\",\"url\":\"https:\\\/\\\/secure.gravatar.com\\\/avatar\\\/c2f0e0d515a107624234994507816ca4724c7199cef73fc8bedebf6931d73888?s=96&d=mm&r=g\",\"contentUrl\":\"https:\\\/\\\/secure.gravatar.com\\\/avatar\\\/c2f0e0d515a107624234994507816ca4724c7199cef73fc8bedebf6931d73888?s=96&d=mm&r=g\",\"caption\":\"SalaStampa.eu, world press service\"}}]}<\/script>\n<!-- \/ Yoast SEO plugin. -->","yoast_head_json":{"title":"Servicio de registro desplegar\u00e1 seis brigadas m\u00f3viles para empadronamiento en Beni - ElCanillita.Info","robots":{"index":"index","follow":"follow","max-snippet":"max-snippet:-1","max-image-preview":"max-image-preview:large","max-video-preview":"max-video-preview:-1"},"canonical":"https:\/\/elcanillita.info\/press\/2020\/01\/16\/servicio-de-registro-desplegara-seis-brigadas-moviles-para-empadronamiento-en-beni-bolivia\/","og_locale":"es_ES","og_type":"article","og_title":"Servicio de registro desplegar\u00e1 seis brigadas m\u00f3viles para empadronamiento en Beni - ElCanillita.Info","og_description":"Trinidad, Bolivia 16.01.2020 - El director departamental del Servicio de Registro C\u00edvico (Sereci), Adolfo Su\u00e1rez, inform\u00f3 el jueves que desplegar\u00e1 seis brigadas m\u00f3viles para el empadronamiento masivo que comenzar\u00e1 el 18 de enero.","og_url":"https:\/\/elcanillita.info\/press\/2020\/01\/16\/servicio-de-registro-desplegara-seis-brigadas-moviles-para-empadronamiento-en-beni-bolivia\/","og_site_name":"ElCanillita.Info","article_publisher":"https:\/\/ar-ar.facebook.com\/ElCanillitainfo-114249515285712\/","article_published_time":"2020-01-16T19:55:00+00:00","article_modified_time":"2020-01-17T18:47:58+00:00","author":"SalaStampa.eu, world press service","twitter_card":"summary_large_image","twitter_misc":{"Escrito por":"SalaStampa.eu, world press service","Tiempo de lectura":"1 minuto"},"schema":{"@context":"https:\/\/schema.org","@graph":[{"@type":"Article","@id":"https:\/\/elcanillita.info\/press\/2020\/01\/16\/servicio-de-registro-desplegara-seis-brigadas-moviles-para-empadronamiento-en-beni-bolivia\/#article","isPartOf":{"@id":"https:\/\/elcanillita.info\/press\/2020\/01\/16\/servicio-de-registro-desplegara-seis-brigadas-moviles-para-empadronamiento-en-beni-bolivia\/"},"author":{"name":"SalaStampa.eu, world press service","@id":"https:\/\/elcanillita.info\/press\/#\/schema\/person\/7fcb79f38045700919f7da6d97e71ba0"},"headline":"Servicio de registro desplegar\u00e1 seis brigadas m\u00f3viles para empadronamiento en Beni","datePublished":"2020-01-16T19:55:00+00:00","dateModified":"2020-01-17T18:47:58+00:00","mainEntityOfPage":{"@id":"https:\/\/elcanillita.info\/press\/2020\/01\/16\/servicio-de-registro-desplegara-seis-brigadas-moviles-para-empadronamiento-en-beni-bolivia\/"},"wordCount":199,"publisher":{"@id":"https:\/\/elcanillita.info\/press\/#organization"},"keywords":["Bolivia"],"articleSection":["Am\u00e9rica del Sur","Politica","Sociedad"],"inLanguage":"es-AR"},{"@type":"WebPage","@id":"https:\/\/elcanillita.info\/press\/2020\/01\/16\/servicio-de-registro-desplegara-seis-brigadas-moviles-para-empadronamiento-en-beni-bolivia\/","url":"https:\/\/elcanillita.info\/press\/2020\/01\/16\/servicio-de-registro-desplegara-seis-brigadas-moviles-para-empadronamiento-en-beni-bolivia\/","name":"Servicio de registro desplegar\u00e1 seis brigadas m\u00f3viles para empadronamiento en Beni - ElCanillita.Info","isPartOf":{"@id":"https:\/\/elcanillita.info\/press\/#website"},"datePublished":"2020-01-16T19:55:00+00:00","dateModified":"2020-01-17T18:47:58+00:00","inLanguage":"es-AR","potentialAction":[{"@type":"ReadAction","target":["https:\/\/elcanillita.info\/press\/2020\/01\/16\/servicio-de-registro-desplegara-seis-brigadas-moviles-para-empadronamiento-en-beni-bolivia\/"]}]},{"@type":"WebSite","@id":"https:\/\/elcanillita.info\/press\/#website","url":"https:\/\/elcanillita.info\/press\/","name":"ElCanillita.Info","description":"desde los Apeninos a los Andes","publisher":{"@id":"https:\/\/elcanillita.info\/press\/#organization"},"potentialAction":[{"@type":"SearchAction","target":{"@type":"EntryPoint","urlTemplate":"https:\/\/elcanillita.info\/press\/?s={search_term_string}"},"query-input":{"@type":"PropertyValueSpecification","valueRequired":true,"valueName":"search_term_string"}}],"inLanguage":"es-AR"},{"@type":"Organization","@id":"https:\/\/elcanillita.info\/press\/#organization","name":"Guzzo Photos & Graphic Publications","url":"https:\/\/elcanillita.info\/press\/","logo":{"@type":"ImageObject","inLanguage":"es-AR","@id":"https:\/\/elcanillita.info\/press\/#\/schema\/logo\/image\/","url":"https:\/\/elcanillita.info\/press\/images\/2020\/01\/cropped-cropped-cropped-elcanillitainfo.png","contentUrl":"https:\/\/elcanillita.info\/press\/images\/2020\/01\/cropped-cropped-cropped-elcanillitainfo.png","width":460,"height":50,"caption":"Guzzo Photos & Graphic Publications"},"image":{"@id":"https:\/\/elcanillita.info\/press\/#\/schema\/logo\/image\/"},"sameAs":["https:\/\/ar-ar.facebook.com\/ElCanillitainfo-114249515285712\/"]},{"@type":"Person","@id":"https:\/\/elcanillita.info\/press\/#\/schema\/person\/7fcb79f38045700919f7da6d97e71ba0","name":"SalaStampa.eu, world press service","image":{"@type":"ImageObject","inLanguage":"es-AR","@id":"https:\/\/secure.gravatar.com\/avatar\/c2f0e0d515a107624234994507816ca4724c7199cef73fc8bedebf6931d73888?s=96&d=mm&r=g","url":"https:\/\/secure.gravatar.com\/avatar\/c2f0e0d515a107624234994507816ca4724c7199cef73fc8bedebf6931d73888?s=96&d=mm&r=g","contentUrl":"https:\/\/secure.gravatar.com\/avatar\/c2f0e0d515a107624234994507816ca4724c7199cef73fc8bedebf6931d73888?s=96&d=mm&r=g","caption":"SalaStampa.eu, world press service"}}]}},"views":830,"_links":{"self":[{"href":"https:\/\/elcanillita.info\/press\/wp-json\/wp\/v2\/posts\/147","targetHints":{"allow":["GET"]}}],"collection":[{"href":"https:\/\/elcanillita.info\/press\/wp-json\/wp\/v2\/posts"}],"about":[{"href":"https:\/\/elcanillita.info\/press\/wp-json\/wp\/v2\/types\/post"}],"author":[{"embeddable":true,"href":"https:\/\/elcanillita.info\/press\/wp-json\/wp\/v2\/users\/1"}],"replies":[{"embeddable":true,"href":"https:\/\/elcanillita.info\/press\/wp-json\/wp\/v2\/comments?post=147"}],"version-history":[{"count":0,"href":"https:\/\/elcanillita.info\/press\/wp-json\/wp\/v2\/posts\/147\/revisions"}],"wp:attachment":[{"href":"https:\/\/elcanillita.info\/press\/wp-json\/wp\/v2\/media?parent=147"}],"wp:term":[{"taxonomy":"category","embeddable":true,"href":"https:\/\/elcanillita.info\/press\/wp-json\/wp\/v2\/categories?post=147"},{"taxonomy":"post_tag","embeddable":true,"href":"https:\/\/elcanillita.info\/press\/wp-json\/wp\/v2\/tags?post=147"}],"curies":[{"name":"wp","href":"https:\/\/api.w.org\/{rel}","templated":true}]}}