{"id":1464,"date":"2021-03-18T21:22:37","date_gmt":"2021-03-19T00:22:37","guid":{"rendered":"https:\/\/elcanillita.info\/press\/?p=1464"},"modified":"2021-03-19T20:39:08","modified_gmt":"2021-03-19T23:39:08","slug":"protestas-etnia-china-myanmar-china","status":"publish","type":"post","link":"https:\/\/elcanillita.info\/press\/2021\/03\/18\/protestas-etnia-china-myanmar-china\/","title":{"rendered":"Las protestas obligan a la etnia china de Myanmar a distinguirse de China"},"content":{"rendered":"\n<div class=\"wp-block-image\"><figure class=\"alignleft size-large\"><img loading=\"lazy\" decoding=\"async\" width=\"600\" height=\"419\" src=\"https:\/\/elcanillita.info\/press\/images\/2021\/03\/Birmania-copia_pub-1.jpg\" alt=\"\" class=\"wp-image-1479\" srcset=\"https:\/\/elcanillita.info\/press\/images\/2021\/03\/Birmania-copia_pub-1.jpg 600w, https:\/\/elcanillita.info\/press\/images\/2021\/03\/Birmania-copia_pub-1-300x210.jpg 300w\" sizes=\"auto, (max-width: 600px) 100vw, 600px\" \/><figcaption><small><strong>Un manifestante antijunta de Myanmar, se prepara para lanzar un c\u00f3ctel molotov desde elretro de una barricada callejera en Yangon, el 16\/03\/ 2021<\/strong><\/small><\/figcaption><\/figure><\/div>\n\n\n\n<p>Las desafiantes protestas antijunta en Yang\u00f3n y en otras ciudades de Myanmar fueron reprimidas por disparos militares que mataron a cinco manifestantes el martes, mientras las familias en duelo enterraban a sus muertos por la violencia en Yang\u00f3n y China lanzaba una advertencia para proteger los negocios chinos despu\u00e9s de que decenas de ellos fueran vandalizados, saqueados e incendiados en d\u00edas anteriores.<\/p>\n\n\n\n<p>Los cinco manifestantes muertos elevaron a 181 el n\u00famero de v\u00edctimas mortales que Radio Free Asia ha registrado hasta el martes, incluyendo cuatro m\u00e1s desde el lunes, en las seis semanas de protestas desde el golpe militar del 1 de febrero que depuso al gobierno democr\u00e1ticamente elegido de Aung San Suu Kyi.<\/p>\n\n\n\n<p>El martes se produjeron escenas emotivas cuando las familias en duelo celebraron los funerales de las personas muertas por las fuerzas de seguridad, entre ellas Khat Nyar Hein, un estudiante de primer a\u00f1o de medicina y miembro de la comunidad \u00e9tnica china del pa\u00eds que muri\u00f3 por disparos de la polic\u00eda en Yangon el domingo, el d\u00eda m\u00e1s mort\u00edfero desde el golpe.<\/p>\n\n\n\n<p>&#8220;Hoy he perdido a mi hijo. Era un buen hijo. Me duele el coraz\u00f3n. Mi coraz\u00f3n est\u00e1 lleno de dolor&#8221;, dijo la madre del joven, hablando en mandar\u00edn.<\/p>\n\n\n\n<p>Las fuerzas de seguridad dispararon a Khant Nyar Hein, de 17 a\u00f1os en la cabeza, hecho ocurrido el domingo durante las protestas antigolpistas en el municipio de Tamwe, en Yangon. Un v\u00eddeo de un ciudadano muestra a la polic\u00eda acerc\u00e1ndose a su cuerpo, golpeando y deteniendo a una joven que intentaba ayudarle, y arrastrando despu\u00e9s su cuerpo.<\/p>\n\n\n\n<p>Su madre suplic\u00f3 en un v\u00eddeo publicado en las redes sociales que la poblaci\u00f3n de Myanmar diferenciara entre los ciudadanos de etnia china del pa\u00eds del sureste asi\u00e1tico, que se encuentran entre los millones de personas de Myanmar que se oponen al golpe, y la Rep\u00fablica Popular China de Pek\u00edn.<\/p>\n\n\n\n<p><strong>No quiero a su gobierno<\/strong><\/p>\n\n\n\n<p>China ha protegido a la Junta de la presi\u00f3n diplom\u00e1tica internacional en las Naciones Unidas y ha pedido que se tomen medidas legales por los incendios provocados el domingo en decenas de f\u00e1bricas de ropa con inversi\u00f3n china en Yangon.<\/p>\n\n\n\n<p>&#8220;Soy un chino aut\u00e9ntico, pero no quiero a su gobierno all\u00ed. Ni un poquito&#8221;, dijo la madre del estudiante asesinado en comentarios aparentemente dirigidos a Pek\u00edn.<\/p>\n\n\n\n<p>El padre de Khant Nyar Hein tambi\u00e9n se pronunci\u00f3 al respecto: &#8220;Espero que [el gobierno chino] sienta simpat\u00eda por el pueblo chino \u00e9tnico de Myanmar y por nuestro movimiento democr\u00e1tico y derroque a este gobierno golpista&#8221;.<\/p>\n\n\n\n<p>Al igual que los chinos \u00e9tnicos de Myanmar, el democr\u00e1tico Taiw\u00e1n se ha esforzado desde los atentados del fin de semana en informar a la poblaci\u00f3n local de que no tiene ninguna conexi\u00f3n con China.<\/p>\n\n\n\n<p>La oficina de representaci\u00f3n de Taiw\u00e1n en Myanmar ha &#8220;sugerido a los empresarios taiwaneses que cuelguen en sus f\u00e1bricas carteles en birmano con la leyenda &#8220;empresa taiwanesa&#8221;, cuelguen la bandera nacional de nuestro pa\u00eds, y expliquen a los trabajadores locales y a los vecinos que son f\u00e1bricas taiwanesas, para evitar que los forasteros se confundan y juzguen mal&#8221;, inform\u00f3 el lunes la agencia de noticias Reuters desde Taipei.<\/p>\n\n\n\n<p>Las etnias chinas, uno de los 135 grupos \u00e9tnicos reconocidos en Myanmar, representan alrededor del tres por ciento de los 54 millones de habitantes del pa\u00eds.<\/p>\n\n\n\n<p>Tras los ataques incendiarios contra 32 f\u00e1bricas financiadas por China en varios municipios de Yangon el domingo y el lunes, que causaron lo que los medios de comunicaci\u00f3n estatales chinos denominaron casi 240 millones de yuanes (37 millones de d\u00f3lares) en da\u00f1os, Pek\u00edn aument\u00f3 la presi\u00f3n sobre las autoridades militares para sofocar las protestas y proteger los intereses chinos en el pa\u00eds.<\/p>\n\n\n\n<p>&#8220;El creciente sentimiento antichino podr\u00eda tensar la relaci\u00f3n entre los dos pa\u00edses y poner la ya asediada econom\u00eda de Myanmar bajo una mayor presi\u00f3n&#8221;, dijo un editorial de la cadena estatal china CGTN.<\/p>\n\n\n\n<p>&#8220;Si se demuestra que Myanmar no puede garantizar la seguridad de las inversiones y el personal extranjeros, no s\u00f3lo se desviar\u00eda la inversi\u00f3n china, sino toda la inversi\u00f3n procedente del extranjero&#8221;, se\u00f1al\u00f3 el lunes.<\/p>\n\n\n\n<p>&#8220;Las empresas chinas crean un gran n\u00famero de oportunidades de empleo y ayudan a promover el desarrollo econ\u00f3mico y social de Myanmar&#8221;, dijo. &#8220;Esperamos que la parte de Myanmar tome m\u00e1s medidas efectivas para garantizar la seguridad de la vida y la propiedad de las empresas y el personal chinos&#8221;.<\/p>\n\n\n\n<p><strong>Ley marcial<\/strong><\/p>\n\n\n\n<p>El analista pol\u00edtico de Myanmar Than Soe Naing dijo a RFA que &#8220;la situaci\u00f3n se agrav\u00f3 cuando las dos f\u00e1bricas chinas de los municipios de Hlaingthaya y Shwepyitha fueron atacadas&#8221; en sendos incendios provocados el lunes.<\/p>\n\n\n\n<p>&#8220;La declaraci\u00f3n de la ley marcial es el resultado del llamamiento de la embajada china a una acci\u00f3n disuasoria eficaz&#8221;, dijo, haci\u00e9ndose eco de la creencia generalizada de que China puede influir en la junta.<\/p>\n\n\n\n<p>A pesar del creciente riesgo de muerte o lesiones por parte de las cada vez m\u00e1s agresivas fuerzas de la junta, las desafiantes protestas contra la junta continuaron en las ciudades de Yangon, Mandalay, Magway, Monywa y Loikaw y en otras partes del pa\u00eds, que tiene el tama\u00f1o de Francia.<\/p>\n\n\n\n<p>Las fuerzas de seguridad mataron a dos manifestantes en Kawlin, en la regi\u00f3n noroccidental de Sagaing, mientras m\u00e1s de 3.000 manifestantes se concentraban en la residencia del administrador del municipio, seg\u00fan los testigos.<\/p>\n\n\n\n<p>Uno de los muertos era un hombre de unos 40 a\u00f1os que fue alcanzado cuando la polic\u00eda dispers\u00f3 a la multitud frente a la residencia, dijo un testigo que no proporcion\u00f3 su nombre.<\/p>\n\n\n\n<p>&#8220;La bala le atraves\u00f3 el brazo y el pecho&#8221;, dijo. &#8220;Podemos confirmar que est\u00e1 muerto. Hemos o\u00eddo que hubo otros dos heridos, pero no sabemos exactamente cu\u00e1ntos en total&#8221;.<\/p>\n\n\n\n<p>Cuando los manifestantes se reagruparon por la tarde y rodearon la comisar\u00eda, se oyeron disparos, a\u00f1adi\u00f3 el testigo.<\/p>\n\n\n\n<p><strong>Trabajadores migrantes atrapados por la violencia<\/strong><\/p>\n\n\n\n<p>En el municipio de Hlaingthaya, una zona fabril al oeste de Yangon que fue escenario de m\u00e1s de 50 muertes el lunes, los manifestantes protagonizaron protestas antimilitares en desaf\u00edo a la ley marcial, s\u00f3lo para ser recibidos con m\u00e1s violencia por el personal de seguridad.<\/p>\n\n\n\n<p>&#8220;La polic\u00eda y los soldados persiguieron a los manifestantes hasta en peque\u00f1os callejones y dispararon indiscriminadamente&#8221;, dijo un testigo. &#8220;Todav\u00eda no se conoce el n\u00famero de v\u00edctimas&#8221;.<\/p>\n\n\n\n<p>Dijo que los manifestantes no se enfrentaron a la polic\u00eda y a los soldados porque su n\u00famero era grande y hab\u00edan tra\u00eddo excavadoras para eliminar las barricadas de los manifestantes.<\/p>\n\n\n\n<p>Miles de trabajadores migrantes de otras partes de Myanmar han intentado abandonar el municipio desde primera hora de la ma\u00f1ana para escapar de la represi\u00f3n, seg\u00fan un residente del municipio.<\/p>\n\n\n\n<p>&#8220;Los trabajadores emigrantes se marchan a sus ciudades de origen debido a la inseguridad que reina aqu\u00ed. No hay trabajo para ellos, y tienen que asumir las tareas de los guardias de seguridad por la noche&#8221;, dijo.<\/p>\n\n\n\n<p>La gente no puede moverse con seguridad en los pabellones debido a los disparos indiscriminados que se han producido en los \u00faltimos tres d\u00edas, a\u00f1adi\u00f3.<\/p>\n\n\n\n<p>Otro hombre no identificado dijo que los pabellones est\u00e1n casi desiertos.<\/p>\n\n\n\n<p>&#8220;Todos estamos furiosos. Para decirlo con franqueza, s\u00f3lo queremos devolverles el golpe&#8221;, dijo, refiri\u00e9ndose a las fuerzas de seguridad.<\/p>\n\n\n\n<p><strong>Los disparos indiscriminados matan a un adolescente<\/strong><\/p>\n\n\n\n<p>Las im\u00e1genes de v\u00eddeo de soldados y polic\u00edas reprimiendo brutalmente a los participantes en una sentada nocturna pac\u00edfica en el municipio de Dawbon, en Yang\u00f3n, se han hecho virales en las redes sociales, con un clip que muestra al personal de seguridad disparando a un manifestante y arrastr\u00e1ndolo desnudo por una calle.<\/p>\n\n\n\n<p>Se organizaron protestas en otros municipios de la regi\u00f3n de Yangon, tambi\u00e9n bajo la ley marcial, como Okkalapa Norte, donde decenas de j\u00f3venes encabezaron una manifestaci\u00f3n, y en Dagon Norte, donde las fuerzas de seguridad despejaron las barricadas improvisadas por los manifestantes y dispararon sus rifles por las carreteras laterales, da\u00f1ando coches y casas.<\/p>\n\n\n\n<p>&#8220;Cuanto m\u00e1s presionen, m\u00e1s nos levantaremos&#8221;, dijo un desafiante residente del municipio. &#8220;Todo lo que est\u00e1 haciendo el consejo militar es una total injusticia. La seguridad del pueblo ha ido disminuyendo. Algunos tienen ahora ideas para luchar hasta la muerte&#8221;.<\/p>\n\n\n\n<p>Un manifestante muri\u00f3 durante la represi\u00f3n en el sur de Dagon, seg\u00fan informaron testigos a RFA.<\/p>\n\n\n\n<p>En el municipio de Thabeikkyin, en Mandalay, una ni\u00f1a de 14 a\u00f1os y un hombre murieron cuando la polic\u00eda y los soldados dispararon contra los manifestantes, seg\u00fan los residentes.<\/p>\n\n\n\n<p>Los residentes locales, que estaban controlando el tr\u00e1fico que entraba en su pueblo desde Mogok, al norte de Mandalay, se enfrentaron a los polic\u00edas que estaban dentro de un coche y que salieron disparando mientras abandonaban el lugar. Unos 200 soldados que entraron en la zona dispararon indiscriminadamente contra los residentes, alcanzando a la adolescente que estaba en su casa, dijeron los residentes.<\/p>\n\n\n\n<p>Otras personas resultaron heridas, algunas de ellas de gravedad, y las fuerzas de seguridad se llevaron a una veintena de personas, dijeron.<\/p>\n\n\n\n<p>La Asociaci\u00f3n de Asistencia a los Presos Pol\u00edticos (AAPP), un grupo de vigilancia, dijo que hasta el martes, 2.181 personas hab\u00edan sido detenidas, acusadas o condenadas en relaci\u00f3n con el golpe militar, y 1.862 segu\u00edan detenidas o con \u00f3rdenes de detenci\u00f3n pendientes.<\/p>\n\n\n\n<p>En la antigua ciudad de Bagan, unos 2.200 funcionarios, entre polic\u00edas, banqueros y personal del Departamento de Administraci\u00f3n General, que representan m\u00e1s del 80% de los empleados estatales de la zona, se han unido al movimiento de desobediencia civil que se desarrolla paralelamente a las protestas, seg\u00fan los lugare\u00f1os.<\/p>\n\n\n\n<p>Algunos de los trabajadores se han mantenido firmes a pesar de las amenazas de sus superiores, enfadados porque los empleados en huelga casi han paralizado los servicios.<\/p>\n\n\n\n<p>&#8220;Se han preparado para llevar a cabo las peores violaciones de los derechos humanos&#8221;, dijo el activista Nickey Diamond, de la ONG Fortify Rights, con sede en el sudeste asi\u00e1tico, refiri\u00e9ndose al consejo militar gobernante.<\/p>\n\n\n\n<p>&#8220;Han tomado posiciones en todos los municipios y han matado y herido a muchos manifestantes. Sus acciones pueden considerarse cr\u00edmenes contra la humanidad&#8221;, dijo a RFA.<\/p>\n\n\n\n<p>La RFA no pudo ponerse en contacto con un portavoz militar para que hiciera comentarios.<\/p>\n\n\n\n<p><small>Reportado por el Servicio de RFA en Myanmar. Traducido por Khin Maung Nyane. Escrito en Castellano por Ruben Guzzo.<\/small> <br><small>\u00a9 2021 SalaStampa.Eu  affiliate with USAGM \/ VOA Copyright \u00a9 1998-2021, RFA. Reprinted by ElCanillita.Info with the permission of Radio Free Asia, 2025 M St. NW, Suite 300, Washington DC 20036<\/small><br><br><br>* <strong><a href=\"http:\/\/blogdiario.info\/magazine\/2021\/03\/19\/golpistas-birmanos-asesinan-jovenes-inermes\/\" target=\"_blank\" rel=\"noreferrer noopener\">Nota relacionada<\/a><\/strong><\/p>\n","protected":false},"excerpt":{"rendered":"<p>China lanzaba una advertencia para proteger los negocios chinos despu\u00e9s de que decenas de ellos fueran vandalizados.<\/p>\n","protected":false},"author":1,"featured_media":1479,"comment_status":"closed","ping_status":"closed","sticky":false,"template":"","format":"standard","meta":{"footnotes":"","_links_to":"","_links_to_target":""},"categories":[16],"tags":[],"class_list":["post-1464","post","type-post","status-publish","format-standard","has-post-thumbnail","hentry","category-asia","entry","double"],"yoast_head":"<!-- This site is optimized with the Yoast SEO plugin v27.4 - https:\/\/yoast.com\/product\/yoast-seo-wordpress\/ -->\n<title>Las protestas obligan a la etnia china de Myanmar a distinguirse de China - ElCanillita.Info<\/title>\n<meta name=\"robots\" content=\"index, follow, max-snippet:-1, max-image-preview:large, max-video-preview:-1\" \/>\n<link rel=\"canonical\" href=\"https:\/\/elcanillita.info\/press\/2021\/03\/18\/protestas-etnia-china-myanmar-china\/\" \/>\n<meta property=\"og:locale\" content=\"es_ES\" \/>\n<meta property=\"og:type\" content=\"article\" \/>\n<meta property=\"og:title\" content=\"Las protestas obligan a la etnia china de Myanmar a distinguirse de China - ElCanillita.Info\" \/>\n<meta property=\"og:description\" content=\"China lanzaba una advertencia para proteger los negocios chinos despu\u00e9s de que decenas de ellos fueran vandalizados.\" \/>\n<meta property=\"og:url\" content=\"https:\/\/elcanillita.info\/press\/2021\/03\/18\/protestas-etnia-china-myanmar-china\/\" \/>\n<meta property=\"og:site_name\" content=\"ElCanillita.Info\" \/>\n<meta property=\"article:publisher\" content=\"https:\/\/ar-ar.facebook.com\/ElCanillitainfo-114249515285712\/\" \/>\n<meta property=\"article:published_time\" content=\"2021-03-19T00:22:37+00:00\" \/>\n<meta property=\"article:modified_time\" content=\"2021-03-19T23:39:08+00:00\" \/>\n<meta property=\"og:image\" content=\"https:\/\/elcanillita.info\/press\/images\/2021\/03\/Birmania-copia_pub-1.jpg\" \/>\n\t<meta property=\"og:image:width\" content=\"600\" \/>\n\t<meta property=\"og:image:height\" content=\"419\" \/>\n\t<meta property=\"og:image:type\" content=\"image\/jpeg\" \/>\n<meta name=\"author\" content=\"SalaStampa.eu, world press service\" \/>\n<meta name=\"twitter:card\" content=\"summary_large_image\" \/>\n<meta name=\"twitter:label1\" content=\"Escrito por\" \/>\n\t<meta name=\"twitter:data1\" content=\"SalaStampa.eu, world press service\" \/>\n\t<meta name=\"twitter:label2\" content=\"Tiempo de lectura\" \/>\n\t<meta name=\"twitter:data2\" content=\"8 minutos\" \/>\n<script type=\"application\/ld+json\" class=\"yoast-schema-graph\">{\"@context\":\"https:\\\/\\\/schema.org\",\"@graph\":[{\"@type\":\"Article\",\"@id\":\"https:\\\/\\\/elcanillita.info\\\/press\\\/2021\\\/03\\\/18\\\/protestas-etnia-china-myanmar-china\\\/#article\",\"isPartOf\":{\"@id\":\"https:\\\/\\\/elcanillita.info\\\/press\\\/2021\\\/03\\\/18\\\/protestas-etnia-china-myanmar-china\\\/\"},\"author\":{\"name\":\"SalaStampa.eu, world press service\",\"@id\":\"https:\\\/\\\/elcanillita.info\\\/press\\\/#\\\/schema\\\/person\\\/7fcb79f38045700919f7da6d97e71ba0\"},\"headline\":\"Las protestas obligan a la etnia china de Myanmar a distinguirse de China\",\"datePublished\":\"2021-03-19T00:22:37+00:00\",\"dateModified\":\"2021-03-19T23:39:08+00:00\",\"mainEntityOfPage\":{\"@id\":\"https:\\\/\\\/elcanillita.info\\\/press\\\/2021\\\/03\\\/18\\\/protestas-etnia-china-myanmar-china\\\/\"},\"wordCount\":1875,\"publisher\":{\"@id\":\"https:\\\/\\\/elcanillita.info\\\/press\\\/#organization\"},\"image\":{\"@id\":\"https:\\\/\\\/elcanillita.info\\\/press\\\/2021\\\/03\\\/18\\\/protestas-etnia-china-myanmar-china\\\/#primaryimage\"},\"thumbnailUrl\":\"https:\\\/\\\/elcanillita.info\\\/press\\\/images\\\/2021\\\/03\\\/Birmania-copia_pub-1.jpg\",\"articleSection\":[\"Asia\"],\"inLanguage\":\"es-AR\"},{\"@type\":\"WebPage\",\"@id\":\"https:\\\/\\\/elcanillita.info\\\/press\\\/2021\\\/03\\\/18\\\/protestas-etnia-china-myanmar-china\\\/\",\"url\":\"https:\\\/\\\/elcanillita.info\\\/press\\\/2021\\\/03\\\/18\\\/protestas-etnia-china-myanmar-china\\\/\",\"name\":\"Las protestas obligan a la etnia china de Myanmar a distinguirse de China - ElCanillita.Info\",\"isPartOf\":{\"@id\":\"https:\\\/\\\/elcanillita.info\\\/press\\\/#website\"},\"primaryImageOfPage\":{\"@id\":\"https:\\\/\\\/elcanillita.info\\\/press\\\/2021\\\/03\\\/18\\\/protestas-etnia-china-myanmar-china\\\/#primaryimage\"},\"image\":{\"@id\":\"https:\\\/\\\/elcanillita.info\\\/press\\\/2021\\\/03\\\/18\\\/protestas-etnia-china-myanmar-china\\\/#primaryimage\"},\"thumbnailUrl\":\"https:\\\/\\\/elcanillita.info\\\/press\\\/images\\\/2021\\\/03\\\/Birmania-copia_pub-1.jpg\",\"datePublished\":\"2021-03-19T00:22:37+00:00\",\"dateModified\":\"2021-03-19T23:39:08+00:00\",\"inLanguage\":\"es-AR\",\"potentialAction\":[{\"@type\":\"ReadAction\",\"target\":[\"https:\\\/\\\/elcanillita.info\\\/press\\\/2021\\\/03\\\/18\\\/protestas-etnia-china-myanmar-china\\\/\"]}]},{\"@type\":\"ImageObject\",\"inLanguage\":\"es-AR\",\"@id\":\"https:\\\/\\\/elcanillita.info\\\/press\\\/2021\\\/03\\\/18\\\/protestas-etnia-china-myanmar-china\\\/#primaryimage\",\"url\":\"https:\\\/\\\/elcanillita.info\\\/press\\\/images\\\/2021\\\/03\\\/Birmania-copia_pub-1.jpg\",\"contentUrl\":\"https:\\\/\\\/elcanillita.info\\\/press\\\/images\\\/2021\\\/03\\\/Birmania-copia_pub-1.jpg\",\"width\":600,\"height\":419},{\"@type\":\"WebSite\",\"@id\":\"https:\\\/\\\/elcanillita.info\\\/press\\\/#website\",\"url\":\"https:\\\/\\\/elcanillita.info\\\/press\\\/\",\"name\":\"ElCanillita.Info\",\"description\":\"desde los Apeninos a los Andes\",\"publisher\":{\"@id\":\"https:\\\/\\\/elcanillita.info\\\/press\\\/#organization\"},\"potentialAction\":[{\"@type\":\"SearchAction\",\"target\":{\"@type\":\"EntryPoint\",\"urlTemplate\":\"https:\\\/\\\/elcanillita.info\\\/press\\\/?s={search_term_string}\"},\"query-input\":{\"@type\":\"PropertyValueSpecification\",\"valueRequired\":true,\"valueName\":\"search_term_string\"}}],\"inLanguage\":\"es-AR\"},{\"@type\":\"Organization\",\"@id\":\"https:\\\/\\\/elcanillita.info\\\/press\\\/#organization\",\"name\":\"Guzzo Photos & Graphic Publications\",\"url\":\"https:\\\/\\\/elcanillita.info\\\/press\\\/\",\"logo\":{\"@type\":\"ImageObject\",\"inLanguage\":\"es-AR\",\"@id\":\"https:\\\/\\\/elcanillita.info\\\/press\\\/#\\\/schema\\\/logo\\\/image\\\/\",\"url\":\"https:\\\/\\\/elcanillita.info\\\/press\\\/images\\\/2020\\\/01\\\/cropped-cropped-cropped-elcanillitainfo.png\",\"contentUrl\":\"https:\\\/\\\/elcanillita.info\\\/press\\\/images\\\/2020\\\/01\\\/cropped-cropped-cropped-elcanillitainfo.png\",\"width\":460,\"height\":50,\"caption\":\"Guzzo Photos & Graphic Publications\"},\"image\":{\"@id\":\"https:\\\/\\\/elcanillita.info\\\/press\\\/#\\\/schema\\\/logo\\\/image\\\/\"},\"sameAs\":[\"https:\\\/\\\/ar-ar.facebook.com\\\/ElCanillitainfo-114249515285712\\\/\"]},{\"@type\":\"Person\",\"@id\":\"https:\\\/\\\/elcanillita.info\\\/press\\\/#\\\/schema\\\/person\\\/7fcb79f38045700919f7da6d97e71ba0\",\"name\":\"SalaStampa.eu, world press service\",\"image\":{\"@type\":\"ImageObject\",\"inLanguage\":\"es-AR\",\"@id\":\"https:\\\/\\\/secure.gravatar.com\\\/avatar\\\/c2f0e0d515a107624234994507816ca4724c7199cef73fc8bedebf6931d73888?s=96&d=mm&r=g\",\"url\":\"https:\\\/\\\/secure.gravatar.com\\\/avatar\\\/c2f0e0d515a107624234994507816ca4724c7199cef73fc8bedebf6931d73888?s=96&d=mm&r=g\",\"contentUrl\":\"https:\\\/\\\/secure.gravatar.com\\\/avatar\\\/c2f0e0d515a107624234994507816ca4724c7199cef73fc8bedebf6931d73888?s=96&d=mm&r=g\",\"caption\":\"SalaStampa.eu, world press service\"}}]}<\/script>\n<!-- \/ Yoast SEO plugin. -->","yoast_head_json":{"title":"Las protestas obligan a la etnia china de Myanmar a distinguirse de China - ElCanillita.Info","robots":{"index":"index","follow":"follow","max-snippet":"max-snippet:-1","max-image-preview":"max-image-preview:large","max-video-preview":"max-video-preview:-1"},"canonical":"https:\/\/elcanillita.info\/press\/2021\/03\/18\/protestas-etnia-china-myanmar-china\/","og_locale":"es_ES","og_type":"article","og_title":"Las protestas obligan a la etnia china de Myanmar a distinguirse de China - ElCanillita.Info","og_description":"China lanzaba una advertencia para proteger los negocios chinos despu\u00e9s de que decenas de ellos fueran vandalizados.","og_url":"https:\/\/elcanillita.info\/press\/2021\/03\/18\/protestas-etnia-china-myanmar-china\/","og_site_name":"ElCanillita.Info","article_publisher":"https:\/\/ar-ar.facebook.com\/ElCanillitainfo-114249515285712\/","article_published_time":"2021-03-19T00:22:37+00:00","article_modified_time":"2021-03-19T23:39:08+00:00","og_image":[{"width":600,"height":419,"url":"https:\/\/elcanillita.info\/press\/images\/2021\/03\/Birmania-copia_pub-1.jpg","type":"image\/jpeg"}],"author":"SalaStampa.eu, world press service","twitter_card":"summary_large_image","twitter_misc":{"Escrito por":"SalaStampa.eu, world press service","Tiempo de lectura":"8 minutos"},"schema":{"@context":"https:\/\/schema.org","@graph":[{"@type":"Article","@id":"https:\/\/elcanillita.info\/press\/2021\/03\/18\/protestas-etnia-china-myanmar-china\/#article","isPartOf":{"@id":"https:\/\/elcanillita.info\/press\/2021\/03\/18\/protestas-etnia-china-myanmar-china\/"},"author":{"name":"SalaStampa.eu, world press service","@id":"https:\/\/elcanillita.info\/press\/#\/schema\/person\/7fcb79f38045700919f7da6d97e71ba0"},"headline":"Las protestas obligan a la etnia china de Myanmar a distinguirse de China","datePublished":"2021-03-19T00:22:37+00:00","dateModified":"2021-03-19T23:39:08+00:00","mainEntityOfPage":{"@id":"https:\/\/elcanillita.info\/press\/2021\/03\/18\/protestas-etnia-china-myanmar-china\/"},"wordCount":1875,"publisher":{"@id":"https:\/\/elcanillita.info\/press\/#organization"},"image":{"@id":"https:\/\/elcanillita.info\/press\/2021\/03\/18\/protestas-etnia-china-myanmar-china\/#primaryimage"},"thumbnailUrl":"https:\/\/elcanillita.info\/press\/images\/2021\/03\/Birmania-copia_pub-1.jpg","articleSection":["Asia"],"inLanguage":"es-AR"},{"@type":"WebPage","@id":"https:\/\/elcanillita.info\/press\/2021\/03\/18\/protestas-etnia-china-myanmar-china\/","url":"https:\/\/elcanillita.info\/press\/2021\/03\/18\/protestas-etnia-china-myanmar-china\/","name":"Las protestas obligan a la etnia china de Myanmar a distinguirse de China - ElCanillita.Info","isPartOf":{"@id":"https:\/\/elcanillita.info\/press\/#website"},"primaryImageOfPage":{"@id":"https:\/\/elcanillita.info\/press\/2021\/03\/18\/protestas-etnia-china-myanmar-china\/#primaryimage"},"image":{"@id":"https:\/\/elcanillita.info\/press\/2021\/03\/18\/protestas-etnia-china-myanmar-china\/#primaryimage"},"thumbnailUrl":"https:\/\/elcanillita.info\/press\/images\/2021\/03\/Birmania-copia_pub-1.jpg","datePublished":"2021-03-19T00:22:37+00:00","dateModified":"2021-03-19T23:39:08+00:00","inLanguage":"es-AR","potentialAction":[{"@type":"ReadAction","target":["https:\/\/elcanillita.info\/press\/2021\/03\/18\/protestas-etnia-china-myanmar-china\/"]}]},{"@type":"ImageObject","inLanguage":"es-AR","@id":"https:\/\/elcanillita.info\/press\/2021\/03\/18\/protestas-etnia-china-myanmar-china\/#primaryimage","url":"https:\/\/elcanillita.info\/press\/images\/2021\/03\/Birmania-copia_pub-1.jpg","contentUrl":"https:\/\/elcanillita.info\/press\/images\/2021\/03\/Birmania-copia_pub-1.jpg","width":600,"height":419},{"@type":"WebSite","@id":"https:\/\/elcanillita.info\/press\/#website","url":"https:\/\/elcanillita.info\/press\/","name":"ElCanillita.Info","description":"desde los Apeninos a los Andes","publisher":{"@id":"https:\/\/elcanillita.info\/press\/#organization"},"potentialAction":[{"@type":"SearchAction","target":{"@type":"EntryPoint","urlTemplate":"https:\/\/elcanillita.info\/press\/?s={search_term_string}"},"query-input":{"@type":"PropertyValueSpecification","valueRequired":true,"valueName":"search_term_string"}}],"inLanguage":"es-AR"},{"@type":"Organization","@id":"https:\/\/elcanillita.info\/press\/#organization","name":"Guzzo Photos & Graphic Publications","url":"https:\/\/elcanillita.info\/press\/","logo":{"@type":"ImageObject","inLanguage":"es-AR","@id":"https:\/\/elcanillita.info\/press\/#\/schema\/logo\/image\/","url":"https:\/\/elcanillita.info\/press\/images\/2020\/01\/cropped-cropped-cropped-elcanillitainfo.png","contentUrl":"https:\/\/elcanillita.info\/press\/images\/2020\/01\/cropped-cropped-cropped-elcanillitainfo.png","width":460,"height":50,"caption":"Guzzo Photos & Graphic Publications"},"image":{"@id":"https:\/\/elcanillita.info\/press\/#\/schema\/logo\/image\/"},"sameAs":["https:\/\/ar-ar.facebook.com\/ElCanillitainfo-114249515285712\/"]},{"@type":"Person","@id":"https:\/\/elcanillita.info\/press\/#\/schema\/person\/7fcb79f38045700919f7da6d97e71ba0","name":"SalaStampa.eu, world press service","image":{"@type":"ImageObject","inLanguage":"es-AR","@id":"https:\/\/secure.gravatar.com\/avatar\/c2f0e0d515a107624234994507816ca4724c7199cef73fc8bedebf6931d73888?s=96&d=mm&r=g","url":"https:\/\/secure.gravatar.com\/avatar\/c2f0e0d515a107624234994507816ca4724c7199cef73fc8bedebf6931d73888?s=96&d=mm&r=g","contentUrl":"https:\/\/secure.gravatar.com\/avatar\/c2f0e0d515a107624234994507816ca4724c7199cef73fc8bedebf6931d73888?s=96&d=mm&r=g","caption":"SalaStampa.eu, world press service"}}]}},"views":608,"_links":{"self":[{"href":"https:\/\/elcanillita.info\/press\/wp-json\/wp\/v2\/posts\/1464","targetHints":{"allow":["GET"]}}],"collection":[{"href":"https:\/\/elcanillita.info\/press\/wp-json\/wp\/v2\/posts"}],"about":[{"href":"https:\/\/elcanillita.info\/press\/wp-json\/wp\/v2\/types\/post"}],"author":[{"embeddable":true,"href":"https:\/\/elcanillita.info\/press\/wp-json\/wp\/v2\/users\/1"}],"replies":[{"embeddable":true,"href":"https:\/\/elcanillita.info\/press\/wp-json\/wp\/v2\/comments?post=1464"}],"version-history":[{"count":0,"href":"https:\/\/elcanillita.info\/press\/wp-json\/wp\/v2\/posts\/1464\/revisions"}],"wp:featuredmedia":[{"embeddable":true,"href":"https:\/\/elcanillita.info\/press\/wp-json\/wp\/v2\/media\/1479"}],"wp:attachment":[{"href":"https:\/\/elcanillita.info\/press\/wp-json\/wp\/v2\/media?parent=1464"}],"wp:term":[{"taxonomy":"category","embeddable":true,"href":"https:\/\/elcanillita.info\/press\/wp-json\/wp\/v2\/categories?post=1464"},{"taxonomy":"post_tag","embeddable":true,"href":"https:\/\/elcanillita.info\/press\/wp-json\/wp\/v2\/tags?post=1464"}],"curies":[{"name":"wp","href":"https:\/\/api.w.org\/{rel}","templated":true}]}}