{"id":1462,"date":"2021-03-18T07:39:24","date_gmt":"2021-03-18T10:39:24","guid":{"rendered":"https:\/\/elcanillita.info\/press\/?p=1462"},"modified":"2021-03-18T07:39:25","modified_gmt":"2021-03-18T10:39:25","slug":"noticiero-18-03-2021","status":"publish","type":"post","link":"https:\/\/elcanillita.info\/press\/2021\/03\/18\/noticiero-18-03-2021\/","title":{"rendered":"Noticiero 18.03.2021"},"content":{"rendered":"<p><strong>ENTRETENIMIENTO<\/strong><\/p>\n<audio class=\"wp-audio-shortcode\" id=\"audio-1462-1\" preload=\"none\" style=\"width: 100%;\" controls=\"controls\"><source type=\"audio\/mpeg\" src=\"https:\/\/elcanillita.info\/press\/images\/2021\/03\/Entretenimiento_20210318.mp3?_=1\" \/><a href=\"https:\/\/elcanillita.info\/press\/images\/2021\/03\/Entretenimiento_20210318.mp3\">https:\/\/elcanillita.info\/press\/images\/2021\/03\/Entretenimiento_20210318.mp3<\/a><\/audio>\n<p><small>Inform\u00f3 Alejandro Escalona, Voz de Am\u00e9rica en Washington.<\/small><\/p>\n<hr \/>\n<p><strong>Avance Informativo &#8211; 6:00am<\/strong><\/p>\n<p>C\u00e1psula informativa de tres minutos con el acontecer noticioso de Estados Unidos y el mundo. [6:00am Hora de Washington].<\/p>\n<p><small>Desde los estudios de la Voz de Am\u00e9rica en Washington informa Henry Llanos.<\/small><\/p>\n<audio class=\"wp-audio-shortcode\" id=\"audio-1462-2\" preload=\"none\" style=\"width: 100%;\" controls=\"controls\"><source type=\"audio\/mpeg\" src=\"https:\/\/elcanillita.info\/press\/images\/2021\/03\/Avance_Informativo_-_6%2000am_20210318.mp3?_=2\" \/><a href=\"https:\/\/elcanillita.info\/press\/images\/2021\/03\/Avance_Informativo_-_6%2000am_20210318.mp3\">https:\/\/elcanillita.info\/press\/images\/2021\/03\/Avance_Informativo_-_6%2000am_20210318.mp3<\/a><\/audio>\n<hr \/>\n<p><strong>EE.UU.: Arrestan a sospechoso de asesinatos en Atlanta<\/strong><\/p>\n<p>Arrestan en Atlanta, Georgia, al sospechoso de ocho asesinatos en salones de masajes. Entre las v\u00edctimas hay seis mujeres asi\u00e1ticas.<\/p>\n<p><small>Informa Luis Alberto Facal de la Voz de Am\u00e9rica en Washington.<\/small><\/p>\n<audio class=\"wp-audio-shortcode\" id=\"audio-1462-3\" preload=\"none\" style=\"width: 100%;\" controls=\"controls\"><source type=\"audio\/mpeg\" src=\"https:\/\/elcanillita.info\/press\/images\/2021\/03\/EE.UU._-_Acusan_a_sospecho_de_asesinatos_en_Atlanta20210318.mp3?_=3\" \/><a href=\"https:\/\/elcanillita.info\/press\/images\/2021\/03\/EE.UU._-_Acusan_a_sospecho_de_asesinatos_en_Atlanta20210318.mp3\">https:\/\/elcanillita.info\/press\/images\/2021\/03\/EE.UU._-_Acusan_a_sospecho_de_asesinatos_en_Atlanta20210318.mp3<\/a><\/audio>\n<hr \/>\n<p><strong>Avance Informativo 05:00 AM<\/strong><\/p>\n<audio class=\"wp-audio-shortcode\" id=\"audio-1462-4\" preload=\"none\" style=\"width: 100%;\" controls=\"controls\"><source type=\"audio\/mpeg\" src=\"https:\/\/elcanillita.info\/press\/images\/2021\/03\/Avance_Informativo_7%2000_PM_20210317.mp3?_=4\" \/><a href=\"https:\/\/elcanillita.info\/press\/images\/2021\/03\/Avance_Informativo_7%2000_PM_20210317.mp3\">https:\/\/elcanillita.info\/press\/images\/2021\/03\/Avance_Informativo_7%2000_PM_20210317.mp3<\/a><\/audio>\n<p><small>Desde Washington noticias de la Voz de Am\u00e9rica les informa Leonardo Bonet.<\/small><\/p>\n<hr \/>\n<p><strong>EE.UU. analiza un proyecto para prohibir negocios con Maduro<\/strong><\/p>\n<p>Legisladores de Estados Unidos analizan un proyecto bipartidista que busca prohibir negocios con Nicol\u00e1s Maduro.<br \/>\n<small>Informa desde la Voz de Am\u00e9rica en Washington, Tony Cano<\/small><\/p>\n<audio class=\"wp-audio-shortcode\" id=\"audio-1462-5\" preload=\"none\" style=\"width: 100%;\" controls=\"controls\"><source type=\"audio\/mpeg\" src=\"https:\/\/elcanillita.info\/press\/images\/2021\/03\/Congreso_EE.UU._sobre_Maduro_20210318.mp3?_=5\" \/><a href=\"https:\/\/elcanillita.info\/press\/images\/2021\/03\/Congreso_EE.UU._sobre_Maduro_20210318.mp3\">https:\/\/elcanillita.info\/press\/images\/2021\/03\/Congreso_EE.UU._sobre_Maduro_20210318.mp3<\/a><\/audio>\n<hr \/>\n<p><strong>Venezuela ampl\u00eda el \u201ccerco sanitario\u201d por cepa brasile\u00f1a de COVID-19<\/strong><br \/>\nEn Venezuela, en vista de la presencia de la variante brasile\u00f1a del covid-19, y del aumento exponencial de contagiados con el virus, el gobierno del pa\u00eds sudamericano se vi\u00f3 en la obligaci\u00f3n de ampliar el cerco sanitario y los controles de seguridad en algunos estados del pa\u00eds, con la finalidad de impedir su propagaci\u00f3n.<br \/>\n<small>\u00c1lvaro Algarra de la Voz de Am\u00e9rica, nos ampl\u00eda la informaci\u00f3n.<\/small><\/p>\n<audio class=\"wp-audio-shortcode\" id=\"audio-1462-6\" preload=\"none\" style=\"width: 100%;\" controls=\"controls\"><source type=\"audio\/mpeg\" src=\"https:\/\/elcanillita.info\/press\/images\/2021\/03\/Venezuela_20210318.mp3?_=6\" \/><a href=\"https:\/\/elcanillita.info\/press\/images\/2021\/03\/Venezuela_20210318.mp3\">https:\/\/elcanillita.info\/press\/images\/2021\/03\/Venezuela_20210318.mp3<\/a><\/audio>\n<hr \/>\n<p><strong>Oposici\u00f3n de Nicaragua ignora llamado a la unidad de los Eurodiputados<\/strong><\/p>\n<p>La oposici\u00f3n nicarag\u00fcense ignora las recomendaciones de los eurodiputados, de alcanzar la unidad para competir con el partido oficialista en las elecciones de noviembre. Actualmente hay cuatro bloques opositores trabajando por su lado para los comicios generales.<br \/>\n<small>Donaldo Hern\u00e1ndez de la Voz de Am\u00e9rica nos prepar\u00f3 el siguiente informe.<\/small><\/p>\n<audio class=\"wp-audio-shortcode\" id=\"audio-1462-7\" preload=\"none\" style=\"width: 100%;\" controls=\"controls\"><source type=\"audio\/mpeg\" src=\"https:\/\/elcanillita.info\/press\/images\/2021\/03\/Oposici__n_de_Nicaragua_20210318.mp3?_=7\" \/><a href=\"https:\/\/elcanillita.info\/press\/images\/2021\/03\/Oposici__n_de_Nicaragua_20210318.mp3\">https:\/\/elcanillita.info\/press\/images\/2021\/03\/Oposici__n_de_Nicaragua_20210318.mp3<\/a><\/audio>\n<hr \/>\n<p><strong>El Mundo al D\u00eda [Radio]<\/strong><\/p>\n<audio class=\"wp-audio-shortcode\" id=\"audio-1462-8\" preload=\"none\" style=\"width: 100%;\" controls=\"controls\"><source type=\"audio\/mpeg\" src=\"https:\/\/elcanillita.info\/press\/images\/2021\/03\/Mundo%20al%20dia%2020210318.mp3?_=8\" \/><a href=\"https:\/\/elcanillita.info\/press\/images\/2021\/03\/Mundo%20al%20dia%2020210318.mp3\">https:\/\/elcanillita.info\/press\/images\/2021\/03\/Mundo%20al%20dia%2020210318.mp3<\/a><\/audio>\n<hr \/>\n<p><small>2021 \u00a9 SalaStampa.Eu, afiliada a la red Broadcasting Board of Governors &#8211; VOA \/ USAGM<\/small><\/p>\n","protected":false},"excerpt":{"rendered":"<p>ENTRETENIMIENTO Inform\u00f3 Alejandro Escalona, Voz de Am\u00e9rica en Washington. Avance Informativo &#8211; 6:00am C\u00e1psula informativa de tres minutos con el acontecer noticioso de Estados Unidos&#8230;<\/p>\n","protected":false},"author":1,"featured_media":1463,"comment_status":"closed","ping_status":"closed","sticky":false,"template":"","format":"standard","meta":{"footnotes":"","_links_to":"","_links_to_target":""},"categories":[89],"tags":[],"class_list":["post-1462","post","type-post","status-publish","format-standard","has-post-thumbnail","hentry","category-broadcasting","entry","double"],"yoast_head":"<!-- This site is optimized with the Yoast SEO plugin v27.5 - https:\/\/yoast.com\/product\/yoast-seo-wordpress\/ -->\n<title>Noticiero 18.03.2021 - ElCanillita.Info<\/title>\n<meta name=\"robots\" content=\"index, follow, max-snippet:-1, max-image-preview:large, max-video-preview:-1\" \/>\n<link rel=\"canonical\" href=\"https:\/\/elcanillita.info\/press\/2021\/03\/18\/noticiero-18-03-2021\/\" \/>\n<meta property=\"og:locale\" content=\"es_ES\" \/>\n<meta property=\"og:type\" content=\"article\" \/>\n<meta property=\"og:title\" content=\"Noticiero 18.03.2021 - ElCanillita.Info\" \/>\n<meta property=\"og:description\" content=\"ENTRETENIMIENTO Inform\u00f3 Alejandro Escalona, Voz de Am\u00e9rica en Washington. Avance Informativo &#8211; 6:00am C\u00e1psula informativa de tres minutos con el acontecer noticioso de Estados Unidos&#8230;\" \/>\n<meta property=\"og:url\" content=\"https:\/\/elcanillita.info\/press\/2021\/03\/18\/noticiero-18-03-2021\/\" \/>\n<meta property=\"og:site_name\" content=\"ElCanillita.Info\" \/>\n<meta property=\"article:publisher\" content=\"https:\/\/ar-ar.facebook.com\/ElCanillitainfo-114249515285712\/\" \/>\n<meta property=\"article:published_time\" content=\"2021-03-18T10:39:24+00:00\" \/>\n<meta property=\"article:modified_time\" content=\"2021-03-18T10:39:25+00:00\" \/>\n<meta property=\"og:image\" content=\"https:\/\/elcanillita.info\/press\/images\/2021\/03\/cantante.jpg\" \/>\n\t<meta property=\"og:image:width\" content=\"600\" \/>\n\t<meta property=\"og:image:height\" content=\"408\" \/>\n\t<meta property=\"og:image:type\" content=\"image\/jpeg\" \/>\n<meta name=\"author\" content=\"SalaStampa.eu, world press service\" \/>\n<meta name=\"twitter:card\" content=\"summary_large_image\" \/>\n<meta name=\"twitter:label1\" content=\"Escrito por\" \/>\n\t<meta name=\"twitter:data1\" content=\"SalaStampa.eu, world press service\" \/>\n\t<meta name=\"twitter:label2\" content=\"Tiempo de lectura\" \/>\n\t<meta name=\"twitter:data2\" content=\"2 minutos\" \/>\n<script type=\"application\/ld+json\" class=\"yoast-schema-graph\">{\"@context\":\"https:\\\/\\\/schema.org\",\"@graph\":[{\"@type\":\"Article\",\"@id\":\"https:\\\/\\\/elcanillita.info\\\/press\\\/2021\\\/03\\\/18\\\/noticiero-18-03-2021\\\/#article\",\"isPartOf\":{\"@id\":\"https:\\\/\\\/elcanillita.info\\\/press\\\/2021\\\/03\\\/18\\\/noticiero-18-03-2021\\\/\"},\"author\":{\"name\":\"SalaStampa.eu, world press service\",\"@id\":\"https:\\\/\\\/elcanillita.info\\\/press\\\/#\\\/schema\\\/person\\\/7fcb79f38045700919f7da6d97e71ba0\"},\"headline\":\"Noticiero 18.03.2021\",\"datePublished\":\"2021-03-18T10:39:24+00:00\",\"dateModified\":\"2021-03-18T10:39:25+00:00\",\"mainEntityOfPage\":{\"@id\":\"https:\\\/\\\/elcanillita.info\\\/press\\\/2021\\\/03\\\/18\\\/noticiero-18-03-2021\\\/\"},\"wordCount\":417,\"publisher\":{\"@id\":\"https:\\\/\\\/elcanillita.info\\\/press\\\/#organization\"},\"image\":{\"@id\":\"https:\\\/\\\/elcanillita.info\\\/press\\\/2021\\\/03\\\/18\\\/noticiero-18-03-2021\\\/#primaryimage\"},\"thumbnailUrl\":\"https:\\\/\\\/elcanillita.info\\\/press\\\/images\\\/2021\\\/03\\\/cantante.jpg\",\"articleSection\":[\"broadcasting\"],\"inLanguage\":\"es-AR\"},{\"@type\":\"WebPage\",\"@id\":\"https:\\\/\\\/elcanillita.info\\\/press\\\/2021\\\/03\\\/18\\\/noticiero-18-03-2021\\\/\",\"url\":\"https:\\\/\\\/elcanillita.info\\\/press\\\/2021\\\/03\\\/18\\\/noticiero-18-03-2021\\\/\",\"name\":\"Noticiero 18.03.2021 - ElCanillita.Info\",\"isPartOf\":{\"@id\":\"https:\\\/\\\/elcanillita.info\\\/press\\\/#website\"},\"primaryImageOfPage\":{\"@id\":\"https:\\\/\\\/elcanillita.info\\\/press\\\/2021\\\/03\\\/18\\\/noticiero-18-03-2021\\\/#primaryimage\"},\"image\":{\"@id\":\"https:\\\/\\\/elcanillita.info\\\/press\\\/2021\\\/03\\\/18\\\/noticiero-18-03-2021\\\/#primaryimage\"},\"thumbnailUrl\":\"https:\\\/\\\/elcanillita.info\\\/press\\\/images\\\/2021\\\/03\\\/cantante.jpg\",\"datePublished\":\"2021-03-18T10:39:24+00:00\",\"dateModified\":\"2021-03-18T10:39:25+00:00\",\"inLanguage\":\"es-AR\",\"potentialAction\":[{\"@type\":\"ReadAction\",\"target\":[\"https:\\\/\\\/elcanillita.info\\\/press\\\/2021\\\/03\\\/18\\\/noticiero-18-03-2021\\\/\"]}]},{\"@type\":\"ImageObject\",\"inLanguage\":\"es-AR\",\"@id\":\"https:\\\/\\\/elcanillita.info\\\/press\\\/2021\\\/03\\\/18\\\/noticiero-18-03-2021\\\/#primaryimage\",\"url\":\"https:\\\/\\\/elcanillita.info\\\/press\\\/images\\\/2021\\\/03\\\/cantante.jpg\",\"contentUrl\":\"https:\\\/\\\/elcanillita.info\\\/press\\\/images\\\/2021\\\/03\\\/cantante.jpg\",\"width\":600,\"height\":408},{\"@type\":\"WebSite\",\"@id\":\"https:\\\/\\\/elcanillita.info\\\/press\\\/#website\",\"url\":\"https:\\\/\\\/elcanillita.info\\\/press\\\/\",\"name\":\"ElCanillita.Info\",\"description\":\"desde los Apeninos a los Andes\",\"publisher\":{\"@id\":\"https:\\\/\\\/elcanillita.info\\\/press\\\/#organization\"},\"potentialAction\":[{\"@type\":\"SearchAction\",\"target\":{\"@type\":\"EntryPoint\",\"urlTemplate\":\"https:\\\/\\\/elcanillita.info\\\/press\\\/?s={search_term_string}\"},\"query-input\":{\"@type\":\"PropertyValueSpecification\",\"valueRequired\":true,\"valueName\":\"search_term_string\"}}],\"inLanguage\":\"es-AR\"},{\"@type\":\"Organization\",\"@id\":\"https:\\\/\\\/elcanillita.info\\\/press\\\/#organization\",\"name\":\"Guzzo Photos & Graphic Publications\",\"url\":\"https:\\\/\\\/elcanillita.info\\\/press\\\/\",\"logo\":{\"@type\":\"ImageObject\",\"inLanguage\":\"es-AR\",\"@id\":\"https:\\\/\\\/elcanillita.info\\\/press\\\/#\\\/schema\\\/logo\\\/image\\\/\",\"url\":\"https:\\\/\\\/elcanillita.info\\\/press\\\/images\\\/2020\\\/01\\\/cropped-cropped-cropped-elcanillitainfo.png\",\"contentUrl\":\"https:\\\/\\\/elcanillita.info\\\/press\\\/images\\\/2020\\\/01\\\/cropped-cropped-cropped-elcanillitainfo.png\",\"width\":460,\"height\":50,\"caption\":\"Guzzo Photos & Graphic Publications\"},\"image\":{\"@id\":\"https:\\\/\\\/elcanillita.info\\\/press\\\/#\\\/schema\\\/logo\\\/image\\\/\"},\"sameAs\":[\"https:\\\/\\\/ar-ar.facebook.com\\\/ElCanillitainfo-114249515285712\\\/\"]},{\"@type\":\"Person\",\"@id\":\"https:\\\/\\\/elcanillita.info\\\/press\\\/#\\\/schema\\\/person\\\/7fcb79f38045700919f7da6d97e71ba0\",\"name\":\"SalaStampa.eu, world press service\",\"image\":{\"@type\":\"ImageObject\",\"inLanguage\":\"es-AR\",\"@id\":\"https:\\\/\\\/secure.gravatar.com\\\/avatar\\\/c2f0e0d515a107624234994507816ca4724c7199cef73fc8bedebf6931d73888?s=96&d=mm&r=g\",\"url\":\"https:\\\/\\\/secure.gravatar.com\\\/avatar\\\/c2f0e0d515a107624234994507816ca4724c7199cef73fc8bedebf6931d73888?s=96&d=mm&r=g\",\"contentUrl\":\"https:\\\/\\\/secure.gravatar.com\\\/avatar\\\/c2f0e0d515a107624234994507816ca4724c7199cef73fc8bedebf6931d73888?s=96&d=mm&r=g\",\"caption\":\"SalaStampa.eu, world press service\"}}]}<\/script>\n<!-- \/ Yoast SEO plugin. -->","yoast_head_json":{"title":"Noticiero 18.03.2021 - ElCanillita.Info","robots":{"index":"index","follow":"follow","max-snippet":"max-snippet:-1","max-image-preview":"max-image-preview:large","max-video-preview":"max-video-preview:-1"},"canonical":"https:\/\/elcanillita.info\/press\/2021\/03\/18\/noticiero-18-03-2021\/","og_locale":"es_ES","og_type":"article","og_title":"Noticiero 18.03.2021 - ElCanillita.Info","og_description":"ENTRETENIMIENTO Inform\u00f3 Alejandro Escalona, Voz de Am\u00e9rica en Washington. Avance Informativo &#8211; 6:00am C\u00e1psula informativa de tres minutos con el acontecer noticioso de Estados Unidos&#8230;","og_url":"https:\/\/elcanillita.info\/press\/2021\/03\/18\/noticiero-18-03-2021\/","og_site_name":"ElCanillita.Info","article_publisher":"https:\/\/ar-ar.facebook.com\/ElCanillitainfo-114249515285712\/","article_published_time":"2021-03-18T10:39:24+00:00","article_modified_time":"2021-03-18T10:39:25+00:00","og_image":[{"width":600,"height":408,"url":"https:\/\/elcanillita.info\/press\/images\/2021\/03\/cantante.jpg","type":"image\/jpeg"}],"author":"SalaStampa.eu, world press service","twitter_card":"summary_large_image","twitter_misc":{"Escrito por":"SalaStampa.eu, world press service","Tiempo de lectura":"2 minutos"},"schema":{"@context":"https:\/\/schema.org","@graph":[{"@type":"Article","@id":"https:\/\/elcanillita.info\/press\/2021\/03\/18\/noticiero-18-03-2021\/#article","isPartOf":{"@id":"https:\/\/elcanillita.info\/press\/2021\/03\/18\/noticiero-18-03-2021\/"},"author":{"name":"SalaStampa.eu, world press service","@id":"https:\/\/elcanillita.info\/press\/#\/schema\/person\/7fcb79f38045700919f7da6d97e71ba0"},"headline":"Noticiero 18.03.2021","datePublished":"2021-03-18T10:39:24+00:00","dateModified":"2021-03-18T10:39:25+00:00","mainEntityOfPage":{"@id":"https:\/\/elcanillita.info\/press\/2021\/03\/18\/noticiero-18-03-2021\/"},"wordCount":417,"publisher":{"@id":"https:\/\/elcanillita.info\/press\/#organization"},"image":{"@id":"https:\/\/elcanillita.info\/press\/2021\/03\/18\/noticiero-18-03-2021\/#primaryimage"},"thumbnailUrl":"https:\/\/elcanillita.info\/press\/images\/2021\/03\/cantante.jpg","articleSection":["broadcasting"],"inLanguage":"es-AR"},{"@type":"WebPage","@id":"https:\/\/elcanillita.info\/press\/2021\/03\/18\/noticiero-18-03-2021\/","url":"https:\/\/elcanillita.info\/press\/2021\/03\/18\/noticiero-18-03-2021\/","name":"Noticiero 18.03.2021 - ElCanillita.Info","isPartOf":{"@id":"https:\/\/elcanillita.info\/press\/#website"},"primaryImageOfPage":{"@id":"https:\/\/elcanillita.info\/press\/2021\/03\/18\/noticiero-18-03-2021\/#primaryimage"},"image":{"@id":"https:\/\/elcanillita.info\/press\/2021\/03\/18\/noticiero-18-03-2021\/#primaryimage"},"thumbnailUrl":"https:\/\/elcanillita.info\/press\/images\/2021\/03\/cantante.jpg","datePublished":"2021-03-18T10:39:24+00:00","dateModified":"2021-03-18T10:39:25+00:00","inLanguage":"es-AR","potentialAction":[{"@type":"ReadAction","target":["https:\/\/elcanillita.info\/press\/2021\/03\/18\/noticiero-18-03-2021\/"]}]},{"@type":"ImageObject","inLanguage":"es-AR","@id":"https:\/\/elcanillita.info\/press\/2021\/03\/18\/noticiero-18-03-2021\/#primaryimage","url":"https:\/\/elcanillita.info\/press\/images\/2021\/03\/cantante.jpg","contentUrl":"https:\/\/elcanillita.info\/press\/images\/2021\/03\/cantante.jpg","width":600,"height":408},{"@type":"WebSite","@id":"https:\/\/elcanillita.info\/press\/#website","url":"https:\/\/elcanillita.info\/press\/","name":"ElCanillita.Info","description":"desde los Apeninos a los Andes","publisher":{"@id":"https:\/\/elcanillita.info\/press\/#organization"},"potentialAction":[{"@type":"SearchAction","target":{"@type":"EntryPoint","urlTemplate":"https:\/\/elcanillita.info\/press\/?s={search_term_string}"},"query-input":{"@type":"PropertyValueSpecification","valueRequired":true,"valueName":"search_term_string"}}],"inLanguage":"es-AR"},{"@type":"Organization","@id":"https:\/\/elcanillita.info\/press\/#organization","name":"Guzzo Photos & Graphic Publications","url":"https:\/\/elcanillita.info\/press\/","logo":{"@type":"ImageObject","inLanguage":"es-AR","@id":"https:\/\/elcanillita.info\/press\/#\/schema\/logo\/image\/","url":"https:\/\/elcanillita.info\/press\/images\/2020\/01\/cropped-cropped-cropped-elcanillitainfo.png","contentUrl":"https:\/\/elcanillita.info\/press\/images\/2020\/01\/cropped-cropped-cropped-elcanillitainfo.png","width":460,"height":50,"caption":"Guzzo Photos & Graphic Publications"},"image":{"@id":"https:\/\/elcanillita.info\/press\/#\/schema\/logo\/image\/"},"sameAs":["https:\/\/ar-ar.facebook.com\/ElCanillitainfo-114249515285712\/"]},{"@type":"Person","@id":"https:\/\/elcanillita.info\/press\/#\/schema\/person\/7fcb79f38045700919f7da6d97e71ba0","name":"SalaStampa.eu, world press service","image":{"@type":"ImageObject","inLanguage":"es-AR","@id":"https:\/\/secure.gravatar.com\/avatar\/c2f0e0d515a107624234994507816ca4724c7199cef73fc8bedebf6931d73888?s=96&d=mm&r=g","url":"https:\/\/secure.gravatar.com\/avatar\/c2f0e0d515a107624234994507816ca4724c7199cef73fc8bedebf6931d73888?s=96&d=mm&r=g","contentUrl":"https:\/\/secure.gravatar.com\/avatar\/c2f0e0d515a107624234994507816ca4724c7199cef73fc8bedebf6931d73888?s=96&d=mm&r=g","caption":"SalaStampa.eu, world press service"}}]}},"views":569,"_links":{"self":[{"href":"https:\/\/elcanillita.info\/press\/wp-json\/wp\/v2\/posts\/1462","targetHints":{"allow":["GET"]}}],"collection":[{"href":"https:\/\/elcanillita.info\/press\/wp-json\/wp\/v2\/posts"}],"about":[{"href":"https:\/\/elcanillita.info\/press\/wp-json\/wp\/v2\/types\/post"}],"author":[{"embeddable":true,"href":"https:\/\/elcanillita.info\/press\/wp-json\/wp\/v2\/users\/1"}],"replies":[{"embeddable":true,"href":"https:\/\/elcanillita.info\/press\/wp-json\/wp\/v2\/comments?post=1462"}],"version-history":[{"count":0,"href":"https:\/\/elcanillita.info\/press\/wp-json\/wp\/v2\/posts\/1462\/revisions"}],"wp:featuredmedia":[{"embeddable":true,"href":"https:\/\/elcanillita.info\/press\/wp-json\/wp\/v2\/media\/1463"}],"wp:attachment":[{"href":"https:\/\/elcanillita.info\/press\/wp-json\/wp\/v2\/media?parent=1462"}],"wp:term":[{"taxonomy":"category","embeddable":true,"href":"https:\/\/elcanillita.info\/press\/wp-json\/wp\/v2\/categories?post=1462"},{"taxonomy":"post_tag","embeddable":true,"href":"https:\/\/elcanillita.info\/press\/wp-json\/wp\/v2\/tags?post=1462"}],"curies":[{"name":"wp","href":"https:\/\/api.w.org\/{rel}","templated":true}]}}