{"id":145,"date":"2020-01-15T14:42:00","date_gmt":"2020-01-15T17:42:00","guid":{"rendered":"https:\/\/elcanillita.info\/press\/?p=145"},"modified":"2020-01-17T15:57:51","modified_gmt":"2020-01-17T18:57:51","slug":"venezuela-diputados-opositores-son-atacados-y-no-pueden-llegar-a-la-asamblea-nacional","status":"publish","type":"post","link":"https:\/\/elcanillita.info\/press\/2020\/01\/15\/venezuela-diputados-opositores-son-atacados-y-no-pueden-llegar-a-la-asamblea-nacional\/","title":{"rendered":"Venezuela: Diputados opositores son atacados y no pueden llegar a la Asamblea Nacional"},"content":{"rendered":"\n<p>Caracas, 15.01.2020- Una comisi\u00f3n de diputados opositores venezolanos fue atacado este mi\u00e9rcoles por un grupo de civiles presuntamente identificados con el gobierno en disputa, por lo que se les hizo imposible llegar al Palacio Federal Legislativo para la sesi\u00f3n de hoy.<\/p>\n\n\n\n<p>La comisi\u00f3n designada para coordinar la sesi\u00f3n de hoy convocada por el presidente interino Juan Guaid\u00f3 en honor al D\u00eda Nacional del Maestro, sali\u00f3 del este de la ciudad, espec\u00edficamente de la sede del partido Acci\u00f3n Democr\u00e1tica, para corroborar la situaci\u00f3n.<\/p>\n\n\n\n<p>Angelo Palmieri, secretario de la Asamblea Nacional (AN), relat\u00f3 a los medios de comunicaci\u00f3n que al llegar al centro de Caracas, en donde se encuentra la sede del Poder Legislativo,&nbsp;\u201c(los cuerpo de seguridad del Estado) nos dejaron pasar hasta donde ellos quer\u00edan dejarnos pasar (\u2026) Esto fue totalmente coordinado y planificado\u201d.<\/p>\n\n\n\n<p>Al pasar al menos dos alcabalas, un grupo grande de&nbsp;civiles sali\u00f3 hacia las camionetas donde estaban la comisi\u00f3n con palos, piedras, botellas y los diputados aseguran, con armas de fuego, por lo que tuvieron que retroceder y salir de la zona.<\/p>\n\n\n\n<p>Carlos Berrizbeitia, segundo vicepresidente de la AN, quien tambi\u00e9n estaba en la caravana, calific\u00f3&nbsp;lo sucedido como un \u201catentado contra unos diputados con armas de fuego\u201d. Indic\u00f3 que intentaron &#8220;lincharlos&#8221;.<\/p>\n\n\n\n<p>Palmieri afirm\u00f3 que el gobierno en disputa &#8220;no cree en la institucionalidad&#8221; pues&nbsp;\u201cel Parlamento venezolano son los diputados y es la representaci\u00f3n soberana del pueblo\u201d.<br>\n\u201cVamos a seguir dando la cara por Venezuela\u201d, indic\u00f3 por su parte el diputado&nbsp;Carlos Prosperi, quien tambi\u00e9n era parte de la comisi\u00f3n. Inform\u00f3 que ser\u00e1 Guaid\u00f3 quien informar\u00e1 d\u00f3nde tendr\u00e1 lugar la sesi\u00f3n.<\/p>\n\n\n\n<p>Este martes, Diosdado Cabello, segundo del partido de gobierno y presidente de la oficialista Asamblea Nacional Constituyente (ANC),&nbsp;afirm\u00f3 que sesionar\u00e1n todos los d\u00edas y que cuando sesionen, tomar\u00e1n las instalaciones del Palacio Federal Legislativo.<\/p>\n\n\n\n<p>&#8220;Estos espacios son del pueblo que trabaja, del pueblo que defiende la patria, no de aquellos que quieren entreg\u00e1rselo al imperialismo. Esta ANC se declara, por lo tanto, en modo sesiones de trabajo&#8221;, indic\u00f3.<\/p>\n\n\n\n<p>Este mi\u00e9rcoles, Cabello entr\u00f3 sin problema a las sedes del Poder Legislativo. En declaraciones a la televisora&nbsp;estatal antes de la sesi\u00f3n de la ANC, indic\u00f3 que la semana pasada &#8220;se hizo una elecci\u00f3n. Gan\u00f3 una persona, cuando \u00e9l pida sesi\u00f3n, nosotros la autorizamos&#8221;.<\/p>\n\n\n\n<p>Junto los diputados se encontraban distintos grupos de reporteros que acompa\u00f1aban el recorrido y tambi\u00e9n habr\u00edan salido agredidos, heridos e incluso robados, seg\u00fan el Sindicato Nacional de Trabajadores de la Prensa.<\/p>\n\n\n\n<p>Con colaboraci\u00f3n de Carolina Alcalde y \u00c1lvaro Algarra <br>\n<small>2020 voanoticias \u2013 salastampa.eu, afiliada a la red Broadcasting Board of Governors \u00a9 2020 BBG<\/small><\/p>\n","protected":false},"excerpt":{"rendered":"<p>Caracas, 15.01.2020 &#8211; Una comisi\u00f3n de diputados opositores venezolanos fue atacado este mi\u00e9rcoles por un grupo de civiles presuntamente identificados con el gobierno en disputa, por lo que se les hizo imposible llegar al Palacio Federal Legislativo para la sesi\u00f3n de hoy.<\/p>\n","protected":false},"author":1,"featured_media":0,"comment_status":"closed","ping_status":"closed","sticky":false,"template":"","format":"standard","meta":{"footnotes":"","_links_to":"","_links_to_target":""},"categories":[11,23,25],"tags":[37],"class_list":["post-145","post","type-post","status-publish","format-standard","hentry","category-america-del-sur","category-politica","category-sociedad","tag-venezuela","entry","double"],"yoast_head":"<!-- This site is optimized with the Yoast SEO plugin v27.4 - https:\/\/yoast.com\/product\/yoast-seo-wordpress\/ -->\n<title>Venezuela: Diputados opositores son atacados y no pueden llegar a la Asamblea Nacional - ElCanillita.Info<\/title>\n<meta name=\"robots\" content=\"index, follow, max-snippet:-1, max-image-preview:large, max-video-preview:-1\" \/>\n<link rel=\"canonical\" href=\"https:\/\/elcanillita.info\/press\/2020\/01\/15\/venezuela-diputados-opositores-son-atacados-y-no-pueden-llegar-a-la-asamblea-nacional\/\" \/>\n<meta property=\"og:locale\" content=\"es_ES\" \/>\n<meta property=\"og:type\" content=\"article\" \/>\n<meta property=\"og:title\" content=\"Venezuela: Diputados opositores son atacados y no pueden llegar a la Asamblea Nacional - ElCanillita.Info\" \/>\n<meta property=\"og:description\" content=\"Caracas, 15.01.2020 - Una comisi\u00f3n de diputados opositores venezolanos fue atacado este mi\u00e9rcoles por un grupo de civiles presuntamente identificados con el gobierno en disputa, por lo que se les hizo imposible llegar al Palacio Federal Legislativo para la sesi\u00f3n de hoy.\" \/>\n<meta property=\"og:url\" content=\"https:\/\/elcanillita.info\/press\/2020\/01\/15\/venezuela-diputados-opositores-son-atacados-y-no-pueden-llegar-a-la-asamblea-nacional\/\" \/>\n<meta property=\"og:site_name\" content=\"ElCanillita.Info\" \/>\n<meta property=\"article:publisher\" content=\"https:\/\/ar-ar.facebook.com\/ElCanillitainfo-114249515285712\/\" \/>\n<meta property=\"article:published_time\" content=\"2020-01-15T17:42:00+00:00\" \/>\n<meta property=\"article:modified_time\" content=\"2020-01-17T18:57:51+00:00\" \/>\n<meta name=\"author\" content=\"SalaStampa.eu, world press service\" \/>\n<meta name=\"twitter:card\" content=\"summary_large_image\" \/>\n<meta name=\"twitter:label1\" content=\"Escrito por\" \/>\n\t<meta name=\"twitter:data1\" content=\"SalaStampa.eu, world press service\" \/>\n\t<meta name=\"twitter:label2\" content=\"Tiempo de lectura\" \/>\n\t<meta name=\"twitter:data2\" content=\"2 minutos\" \/>\n<script type=\"application\/ld+json\" class=\"yoast-schema-graph\">{\"@context\":\"https:\\\/\\\/schema.org\",\"@graph\":[{\"@type\":\"Article\",\"@id\":\"https:\\\/\\\/elcanillita.info\\\/press\\\/2020\\\/01\\\/15\\\/venezuela-diputados-opositores-son-atacados-y-no-pueden-llegar-a-la-asamblea-nacional\\\/#article\",\"isPartOf\":{\"@id\":\"https:\\\/\\\/elcanillita.info\\\/press\\\/2020\\\/01\\\/15\\\/venezuela-diputados-opositores-son-atacados-y-no-pueden-llegar-a-la-asamblea-nacional\\\/\"},\"author\":{\"name\":\"SalaStampa.eu, world press service\",\"@id\":\"https:\\\/\\\/elcanillita.info\\\/press\\\/#\\\/schema\\\/person\\\/7fcb79f38045700919f7da6d97e71ba0\"},\"headline\":\"Venezuela: Diputados opositores son atacados y no pueden llegar a la Asamblea Nacional\",\"datePublished\":\"2020-01-15T17:42:00+00:00\",\"dateModified\":\"2020-01-17T18:57:51+00:00\",\"mainEntityOfPage\":{\"@id\":\"https:\\\/\\\/elcanillita.info\\\/press\\\/2020\\\/01\\\/15\\\/venezuela-diputados-opositores-son-atacados-y-no-pueden-llegar-a-la-asamblea-nacional\\\/\"},\"wordCount\":481,\"publisher\":{\"@id\":\"https:\\\/\\\/elcanillita.info\\\/press\\\/#organization\"},\"keywords\":[\"Venezuela\"],\"articleSection\":[\"Am\u00e9rica del Sur\",\"Politica\",\"Sociedad\"],\"inLanguage\":\"es-AR\"},{\"@type\":\"WebPage\",\"@id\":\"https:\\\/\\\/elcanillita.info\\\/press\\\/2020\\\/01\\\/15\\\/venezuela-diputados-opositores-son-atacados-y-no-pueden-llegar-a-la-asamblea-nacional\\\/\",\"url\":\"https:\\\/\\\/elcanillita.info\\\/press\\\/2020\\\/01\\\/15\\\/venezuela-diputados-opositores-son-atacados-y-no-pueden-llegar-a-la-asamblea-nacional\\\/\",\"name\":\"Venezuela: Diputados opositores son atacados y no pueden llegar a la Asamblea Nacional - ElCanillita.Info\",\"isPartOf\":{\"@id\":\"https:\\\/\\\/elcanillita.info\\\/press\\\/#website\"},\"datePublished\":\"2020-01-15T17:42:00+00:00\",\"dateModified\":\"2020-01-17T18:57:51+00:00\",\"inLanguage\":\"es-AR\",\"potentialAction\":[{\"@type\":\"ReadAction\",\"target\":[\"https:\\\/\\\/elcanillita.info\\\/press\\\/2020\\\/01\\\/15\\\/venezuela-diputados-opositores-son-atacados-y-no-pueden-llegar-a-la-asamblea-nacional\\\/\"]}]},{\"@type\":\"WebSite\",\"@id\":\"https:\\\/\\\/elcanillita.info\\\/press\\\/#website\",\"url\":\"https:\\\/\\\/elcanillita.info\\\/press\\\/\",\"name\":\"ElCanillita.Info\",\"description\":\"desde los Apeninos a los Andes\",\"publisher\":{\"@id\":\"https:\\\/\\\/elcanillita.info\\\/press\\\/#organization\"},\"potentialAction\":[{\"@type\":\"SearchAction\",\"target\":{\"@type\":\"EntryPoint\",\"urlTemplate\":\"https:\\\/\\\/elcanillita.info\\\/press\\\/?s={search_term_string}\"},\"query-input\":{\"@type\":\"PropertyValueSpecification\",\"valueRequired\":true,\"valueName\":\"search_term_string\"}}],\"inLanguage\":\"es-AR\"},{\"@type\":\"Organization\",\"@id\":\"https:\\\/\\\/elcanillita.info\\\/press\\\/#organization\",\"name\":\"Guzzo Photos & Graphic Publications\",\"url\":\"https:\\\/\\\/elcanillita.info\\\/press\\\/\",\"logo\":{\"@type\":\"ImageObject\",\"inLanguage\":\"es-AR\",\"@id\":\"https:\\\/\\\/elcanillita.info\\\/press\\\/#\\\/schema\\\/logo\\\/image\\\/\",\"url\":\"https:\\\/\\\/elcanillita.info\\\/press\\\/images\\\/2020\\\/01\\\/cropped-cropped-cropped-elcanillitainfo.png\",\"contentUrl\":\"https:\\\/\\\/elcanillita.info\\\/press\\\/images\\\/2020\\\/01\\\/cropped-cropped-cropped-elcanillitainfo.png\",\"width\":460,\"height\":50,\"caption\":\"Guzzo Photos & Graphic Publications\"},\"image\":{\"@id\":\"https:\\\/\\\/elcanillita.info\\\/press\\\/#\\\/schema\\\/logo\\\/image\\\/\"},\"sameAs\":[\"https:\\\/\\\/ar-ar.facebook.com\\\/ElCanillitainfo-114249515285712\\\/\"]},{\"@type\":\"Person\",\"@id\":\"https:\\\/\\\/elcanillita.info\\\/press\\\/#\\\/schema\\\/person\\\/7fcb79f38045700919f7da6d97e71ba0\",\"name\":\"SalaStampa.eu, world press service\",\"image\":{\"@type\":\"ImageObject\",\"inLanguage\":\"es-AR\",\"@id\":\"https:\\\/\\\/secure.gravatar.com\\\/avatar\\\/c2f0e0d515a107624234994507816ca4724c7199cef73fc8bedebf6931d73888?s=96&d=mm&r=g\",\"url\":\"https:\\\/\\\/secure.gravatar.com\\\/avatar\\\/c2f0e0d515a107624234994507816ca4724c7199cef73fc8bedebf6931d73888?s=96&d=mm&r=g\",\"contentUrl\":\"https:\\\/\\\/secure.gravatar.com\\\/avatar\\\/c2f0e0d515a107624234994507816ca4724c7199cef73fc8bedebf6931d73888?s=96&d=mm&r=g\",\"caption\":\"SalaStampa.eu, world press service\"}}]}<\/script>\n<!-- \/ Yoast SEO plugin. -->","yoast_head_json":{"title":"Venezuela: Diputados opositores son atacados y no pueden llegar a la Asamblea Nacional - ElCanillita.Info","robots":{"index":"index","follow":"follow","max-snippet":"max-snippet:-1","max-image-preview":"max-image-preview:large","max-video-preview":"max-video-preview:-1"},"canonical":"https:\/\/elcanillita.info\/press\/2020\/01\/15\/venezuela-diputados-opositores-son-atacados-y-no-pueden-llegar-a-la-asamblea-nacional\/","og_locale":"es_ES","og_type":"article","og_title":"Venezuela: Diputados opositores son atacados y no pueden llegar a la Asamblea Nacional - ElCanillita.Info","og_description":"Caracas, 15.01.2020 - Una comisi\u00f3n de diputados opositores venezolanos fue atacado este mi\u00e9rcoles por un grupo de civiles presuntamente identificados con el gobierno en disputa, por lo que se les hizo imposible llegar al Palacio Federal Legislativo para la sesi\u00f3n de hoy.","og_url":"https:\/\/elcanillita.info\/press\/2020\/01\/15\/venezuela-diputados-opositores-son-atacados-y-no-pueden-llegar-a-la-asamblea-nacional\/","og_site_name":"ElCanillita.Info","article_publisher":"https:\/\/ar-ar.facebook.com\/ElCanillitainfo-114249515285712\/","article_published_time":"2020-01-15T17:42:00+00:00","article_modified_time":"2020-01-17T18:57:51+00:00","author":"SalaStampa.eu, world press service","twitter_card":"summary_large_image","twitter_misc":{"Escrito por":"SalaStampa.eu, world press service","Tiempo de lectura":"2 minutos"},"schema":{"@context":"https:\/\/schema.org","@graph":[{"@type":"Article","@id":"https:\/\/elcanillita.info\/press\/2020\/01\/15\/venezuela-diputados-opositores-son-atacados-y-no-pueden-llegar-a-la-asamblea-nacional\/#article","isPartOf":{"@id":"https:\/\/elcanillita.info\/press\/2020\/01\/15\/venezuela-diputados-opositores-son-atacados-y-no-pueden-llegar-a-la-asamblea-nacional\/"},"author":{"name":"SalaStampa.eu, world press service","@id":"https:\/\/elcanillita.info\/press\/#\/schema\/person\/7fcb79f38045700919f7da6d97e71ba0"},"headline":"Venezuela: Diputados opositores son atacados y no pueden llegar a la Asamblea Nacional","datePublished":"2020-01-15T17:42:00+00:00","dateModified":"2020-01-17T18:57:51+00:00","mainEntityOfPage":{"@id":"https:\/\/elcanillita.info\/press\/2020\/01\/15\/venezuela-diputados-opositores-son-atacados-y-no-pueden-llegar-a-la-asamblea-nacional\/"},"wordCount":481,"publisher":{"@id":"https:\/\/elcanillita.info\/press\/#organization"},"keywords":["Venezuela"],"articleSection":["Am\u00e9rica del Sur","Politica","Sociedad"],"inLanguage":"es-AR"},{"@type":"WebPage","@id":"https:\/\/elcanillita.info\/press\/2020\/01\/15\/venezuela-diputados-opositores-son-atacados-y-no-pueden-llegar-a-la-asamblea-nacional\/","url":"https:\/\/elcanillita.info\/press\/2020\/01\/15\/venezuela-diputados-opositores-son-atacados-y-no-pueden-llegar-a-la-asamblea-nacional\/","name":"Venezuela: Diputados opositores son atacados y no pueden llegar a la Asamblea Nacional - ElCanillita.Info","isPartOf":{"@id":"https:\/\/elcanillita.info\/press\/#website"},"datePublished":"2020-01-15T17:42:00+00:00","dateModified":"2020-01-17T18:57:51+00:00","inLanguage":"es-AR","potentialAction":[{"@type":"ReadAction","target":["https:\/\/elcanillita.info\/press\/2020\/01\/15\/venezuela-diputados-opositores-son-atacados-y-no-pueden-llegar-a-la-asamblea-nacional\/"]}]},{"@type":"WebSite","@id":"https:\/\/elcanillita.info\/press\/#website","url":"https:\/\/elcanillita.info\/press\/","name":"ElCanillita.Info","description":"desde los Apeninos a los Andes","publisher":{"@id":"https:\/\/elcanillita.info\/press\/#organization"},"potentialAction":[{"@type":"SearchAction","target":{"@type":"EntryPoint","urlTemplate":"https:\/\/elcanillita.info\/press\/?s={search_term_string}"},"query-input":{"@type":"PropertyValueSpecification","valueRequired":true,"valueName":"search_term_string"}}],"inLanguage":"es-AR"},{"@type":"Organization","@id":"https:\/\/elcanillita.info\/press\/#organization","name":"Guzzo Photos & Graphic Publications","url":"https:\/\/elcanillita.info\/press\/","logo":{"@type":"ImageObject","inLanguage":"es-AR","@id":"https:\/\/elcanillita.info\/press\/#\/schema\/logo\/image\/","url":"https:\/\/elcanillita.info\/press\/images\/2020\/01\/cropped-cropped-cropped-elcanillitainfo.png","contentUrl":"https:\/\/elcanillita.info\/press\/images\/2020\/01\/cropped-cropped-cropped-elcanillitainfo.png","width":460,"height":50,"caption":"Guzzo Photos & Graphic Publications"},"image":{"@id":"https:\/\/elcanillita.info\/press\/#\/schema\/logo\/image\/"},"sameAs":["https:\/\/ar-ar.facebook.com\/ElCanillitainfo-114249515285712\/"]},{"@type":"Person","@id":"https:\/\/elcanillita.info\/press\/#\/schema\/person\/7fcb79f38045700919f7da6d97e71ba0","name":"SalaStampa.eu, world press service","image":{"@type":"ImageObject","inLanguage":"es-AR","@id":"https:\/\/secure.gravatar.com\/avatar\/c2f0e0d515a107624234994507816ca4724c7199cef73fc8bedebf6931d73888?s=96&d=mm&r=g","url":"https:\/\/secure.gravatar.com\/avatar\/c2f0e0d515a107624234994507816ca4724c7199cef73fc8bedebf6931d73888?s=96&d=mm&r=g","contentUrl":"https:\/\/secure.gravatar.com\/avatar\/c2f0e0d515a107624234994507816ca4724c7199cef73fc8bedebf6931d73888?s=96&d=mm&r=g","caption":"SalaStampa.eu, world press service"}}]}},"views":741,"_links":{"self":[{"href":"https:\/\/elcanillita.info\/press\/wp-json\/wp\/v2\/posts\/145","targetHints":{"allow":["GET"]}}],"collection":[{"href":"https:\/\/elcanillita.info\/press\/wp-json\/wp\/v2\/posts"}],"about":[{"href":"https:\/\/elcanillita.info\/press\/wp-json\/wp\/v2\/types\/post"}],"author":[{"embeddable":true,"href":"https:\/\/elcanillita.info\/press\/wp-json\/wp\/v2\/users\/1"}],"replies":[{"embeddable":true,"href":"https:\/\/elcanillita.info\/press\/wp-json\/wp\/v2\/comments?post=145"}],"version-history":[{"count":0,"href":"https:\/\/elcanillita.info\/press\/wp-json\/wp\/v2\/posts\/145\/revisions"}],"wp:attachment":[{"href":"https:\/\/elcanillita.info\/press\/wp-json\/wp\/v2\/media?parent=145"}],"wp:term":[{"taxonomy":"category","embeddable":true,"href":"https:\/\/elcanillita.info\/press\/wp-json\/wp\/v2\/categories?post=145"},{"taxonomy":"post_tag","embeddable":true,"href":"https:\/\/elcanillita.info\/press\/wp-json\/wp\/v2\/tags?post=145"}],"curies":[{"name":"wp","href":"https:\/\/api.w.org\/{rel}","templated":true}]}}