{"id":1448,"date":"2021-03-15T22:56:37","date_gmt":"2021-03-16T01:56:37","guid":{"rendered":"https:\/\/elcanillita.info\/press\/?p=1448"},"modified":"2021-03-16T05:57:53","modified_gmt":"2021-03-16T08:57:53","slug":"caos-ue-vacuna-astrazeneca-covid","status":"publish","type":"post","link":"https:\/\/elcanillita.info\/press\/2021\/03\/15\/caos-ue-vacuna-astrazeneca-covid\/","title":{"rendered":"Caos en la UE por preocupaciones sobre la vacuna AstraZeneca Covid"},"content":{"rendered":"\n<div class=\"wp-block-image\"><figure class=\"aligncenter size-large\"><img loading=\"lazy\" decoding=\"async\" width=\"600\" height=\"375\" src=\"https:\/\/elcanillita.info\/press\/images\/2021\/03\/inyec3.jpg\" alt=\"\" class=\"wp-image-1451\" srcset=\"https:\/\/elcanillita.info\/press\/images\/2021\/03\/inyec3.jpg 600w, https:\/\/elcanillita.info\/press\/images\/2021\/03\/inyec3-300x188.jpg 300w\" sizes=\"auto, (max-width: 600px) 100vw, 600px\" \/><\/figure><\/div>\n\n\n\n<p>Cient\u00edficos brit\u00e1nicos desconcertados a medida que m\u00e1s pa\u00edses dejan de usar la vacuna despu\u00e9s de que se informaron casos de co\u00e1gulos de sangre.<\/p>\n\n\n\n<p>La campa\u00f1a de vacunaci\u00f3n contra el coronavirus de la UE se sumi\u00f3 en un nuevo caos el lunes despu\u00e9s de que las principales naciones europeas suspendieran el uso del producto AstraZeneca por temor a los co\u00e1gulos de sangre.<\/p>\n\n\n\n<p>La medida, descrita como &#8220;desconcertante&#8221; por los cient\u00edficos brit\u00e1nicos, fue en contra del consejo del regulador de medicamentos de la UE y de la Organizaci\u00f3n Mundial de la Salud, quienes han dicho que el farmaco es seguro.<\/p>\n\n\n\n<p>Alemania, Francia, Italia y Espa\u00f1a anunciaron que dejar\u00e1n temporalmente de administrar la vacuna AstraZeneca hasta que concluya una investigaci\u00f3n de la Agencia Europea de Medicamentos (EMA), que celebrar\u00e1 una reuni\u00f3n preliminar el martes.<\/p>\n\n\n\n<p>Dinamarca, los Pa\u00edses Bajos, Irlanda y Bulgaria ya hab\u00edan suspendido el uso de la inyecci\u00f3n as\u00ed como Islandia, Noruega, Tailandia e Indonesia que no pertenecen a la UE, luego de informes de muertes por co\u00e1gulos de sangre.<\/p>\n\n\n\n<p>Austria, Estonia, Letonia, Luxemburgo y Lituania han suspendido las vacunaciones, pero solo de un lote espec\u00edfico de un mill\u00f3n de dosis enviadas a 17 pa\u00edses.<\/p>\n\n\n\n<p>En Gran Breta\u00f1a se han utilizado m\u00e1s de 11 millones de dosis de la vacuna AstraZeneca, y la Agencia Reguladora de Medicamentos y Productos Sanitarios (MHRA, por sus siglas en ingl\u00e9s) dijo que la cantidad de co\u00e1gulos observados no fue mayor de lo que habr\u00eda ocurrido de forma natural. A\u00f1adi\u00f3 que los beneficios del producto superaban los riesgos.<\/p>\n\n\n\n<p>El Dr. Phil Bryan, responsable de la seguridad de las vacunas de la MHRA, dijo: &#8220;La cantidad de co\u00e1gulos de sangre notificados despu\u00e9s de recibir la vacuna no es mayor que la cantidad que se habr\u00eda producido de forma natural en la poblaci\u00f3n vacunada. A\u00fan as\u00ed, las personas deben ir y recibir la vacuna Covid-19 cuando se le solicite &#8220;.<\/p>\n\n\n\n<p>Es la \u00faltima crisis que golpea la campa\u00f1a de vacunaci\u00f3n de la UE, que se ha visto afectada por retrasos y escasez de suministro, y el \u00faltimo giro en las tortuosas relaciones de AstraZeneca con el bloque.<\/p>\n\n\n\n<p>Bruselas est\u00e1 en desacuerdo con el gigante farmac\u00e9utico brit\u00e1nico-sueco, que el s\u00e1bado anunci\u00f3 que no cumplir\u00eda con los objetivos de suministro del segundo trimestre despu\u00e9s de que no cumpli\u00f3 con las entregas prometidas para el primer trimestre en enero. AstraZeneca prometi\u00f3 100 millones de dosis para el semestre de 2021, pero ahora la UE lo acusa de incumplir su contrato, lo que niega.<\/p>\n\n\n\n<p>En medio de las sospechas de que las existencias de vacunas de la UE hab\u00edan terminado en el Reino Unido en enero, la Comisi\u00f3n Europea amenaz\u00f3 brevemente con imponer una frontera estricta en la isla de Irlanda para hacer cumplir una prohibici\u00f3n de exportaci\u00f3n de vacunas, lo que anular\u00eda el acuerdo de retirada del Brexit y pondr\u00eda en peligro el Acuerdo del Viernes Santo.<\/p>\n\n\n\n<p>Posteriormente, Italia utiliz\u00f3 las reglas de la UE para imponer una prohibici\u00f3n de exportaci\u00f3n de vacunas para bloquear 250.000 inyecciones de AstraZeneca que iban a Australia.<\/p>\n\n\n\n<p>Hasta ahora, la UE solo ha administrado 6,9 millones de sus vacunas AstraZeneca de un stock total de 14,9 millones de dosis, dejando poco menos de ocho millones sin utilizar. Alemania ha utilizado 1,35 millones de sus 3,06 millones de dosis, Francia ha administrado 919,115 de sus 2,38 millones e Italia ha repartido 677,651 de sus 1,5 millones.<\/p>\n\n\n\n<p>El lunes, despu\u00e9s de siete casos reportados de co\u00e1gulos cerebrales en personas vacunadas, la EMA dijo: \u201cMuchos miles de personas desarrollan co\u00e1gulos de sangre anualmente en la UE por diferentes razones.<\/p>\n\n\n\n<p>&#8220;La EMA actualmente mantiene la opini\u00f3n de que los beneficios de la vacuna AstraZeneca en la prevenci\u00f3n de Covid-19, con su riesgo asociado de hospitalizaci\u00f3n y muerte, superan los riesgos de efectos secundarios&#8221;.<\/p>\n\n\n\n<p>Soumya Swaminathan, el cient\u00edfico jefe de la OMS, dijo que los pa\u00edses deber\u00edan seguir usando la inyecci\u00f3n &#8220;por el momento&#8221;. Sin embargo, los principales estados europeos anunciaron suspensiones &#8220;preventivas&#8221;.<\/p>\n\n\n\n<p>Jens Spahn, el ministro de salud alem\u00e1n, dijo: &#8220;La decisi\u00f3n de suspender la vacunaci\u00f3n con Astrazeneca no fue f\u00e1cil para nosotros. Es una medida puramente de precauci\u00f3n&#8221;.<\/p>\n\n\n\n<p>Emmanuel Macron, el presidente franc\u00e9s, dijo: &#8220;Se tom\u00f3 la decisi\u00f3n de suspender la vacunaci\u00f3n con AstraZeneca como medida de precauci\u00f3n, con la esperanza de reanudarla r\u00e1pidamente si la decisi\u00f3n de la EMA lo permite&#8221;. Macron habl\u00f3 en una cumbre con su hom\u00f3logo espa\u00f1ol, Pedro S\u00e1nchez, en Montauban, Espa\u00f1a. Espa\u00f1a anunci\u00f3 su prohibici\u00f3n poco despu\u00e9s.<\/p>\n\n\n\n<p>La agencia nacional de farmacia de Italia tambi\u00e9n dijo que la suspensi\u00f3n de las inyeccioes de AstraZeneca era una precauci\u00f3n pendiente de evaluaci\u00f3n por parte de la EMA, que celebrar\u00e1 una reuni\u00f3n extraordinaria el jueves para discutir si se necesitan m\u00e1s acciones.<\/p>\n\n\n\n<p>En la regi\u00f3n norte del Piemonte, los fiscales incautaron cerca de 400.000 dosis tras la muerte de un profesor de m\u00fasica de 57 a\u00f1os. El hombre muri\u00f3 a las pocas horas de haber sido vacunado. Tambi\u00e9n hay investigaciones sobre dos personas que murieron en Sicilia tras recibir el pinchazo.<\/p>\n\n\n\n<p>Uno de los tres trabajadores sanitarios hospitalizados en Noruega la semana pasada con &#8220;co\u00e1gulos sangu\u00edneos graves o hemorragias cerebrales&#8221; ha fallecido, anunci\u00f3 el lunes la Agencia Noruega de Medicamentos. Los otros dos permanecen gravemente enfermos en el hospital. Un segundo trabajador sanitario noruego que hab\u00eda recibido la vacuna muri\u00f3 el viernes.<\/p>\n\n\n\n<p>AstraZeneca dijo que ten\u00eda conocimiento de solo 37 casos de co\u00e1gulos sangu\u00edneos relacionados con la vacuna de 17 millones de dosis.<\/p>\n\n\n\n<p>El Dr. Michael Head, investigador principal en salud global de la Universidad de Southampton, dijo: &#8220;Las decisiones de Francia, Alemania y otros pa\u00edses parecen desconcertantes&#8221;. Advirti\u00f3 que detener el lanzamiento de una vacuna en una pandemia ten\u00eda consecuencias para la disposici\u00f3n de las personas a vacunarse.<\/p>\n\n\n\n<p>La gente en Francia y Alemania se ha mostrado reacia a aceptar el golpe de AstraZeneca despu\u00e9s de que Macron dijera en enero que era &#8220;casi ineficaz&#8221; en las personas mayores de 65 a\u00f1os y los informes falsos en los medios alemanes afirmaron que solo era un ocho por ciento efectivo en las personas mayores. .<\/p>\n\n\n\n<p>Una serie de pa\u00edses de la UE ignoraron los consejos de la EMA e impusieron l\u00edmites de edad para el uso de la vacuna, antes de autorizarlo m\u00e1s tarde para su uso en personas mayores.<\/p>\n\n\n\n<p>El profesor Jean-Fran\u00e7ois Timsit, experto en vacunaciones, dijo a Radio France que &#8220;si vacunas a 100.000 personas mayores de 50 a\u00f1os hoy en lugar de ma\u00f1ana, tienes 15 muertes menos&#8221;. Dado que Alemania tiene alrededor de 1,7 millones de dosis en refrigeradores y no se utiliza, eso podr\u00eda costar 1.785 vidas.<\/p>\n\n\n\n<p>Canad\u00e1 y B\u00e9lgica, un miembro de la UE, dijeron que seguir\u00edan usando la vacuna AstraZeneca.<\/p>\n\n\n\n<p>El nuevo desarrollo en la conflictiva relaci\u00f3n de AstraZeneca con la UE podr\u00eda causar un mes de retraso en el objetivo del bloque de vacunar al 75 por ciento de su poblaci\u00f3n adulta antes del 21 de septiembre, dijo la firma de investigaci\u00f3n con sede en Londres Airfinity Ltd.<br><br> <small>\u00a9 2021 RG \/ SalaStampa.eu &#8211; ElCanillita.info &#8211;  Informaci\u00f3n de dominio p\u00fablico<\/small><\/p>\n","protected":false},"excerpt":{"rendered":"<p>Cient\u00edficos brit\u00e1nicos desconcertados a medida que m\u00e1s pa\u00edses dejan de usar la vacuna despu\u00e9s de que se informaron casos de co\u00e1gulos de sangre.<\/p>\n","protected":false},"author":1,"featured_media":1449,"comment_status":"closed","ping_status":"closed","sticky":false,"template":"","format":"standard","meta":{"footnotes":"","_links_to":"","_links_to_target":""},"categories":[5,78,25],"tags":[59],"class_list":["post-1448","post","type-post","status-publish","format-standard","has-post-thumbnail","hentry","category-europa","category-sanidad","category-sociedad","tag-union-europea","entry","double"],"yoast_head":"<!-- This site is optimized with the Yoast SEO plugin v27.4 - https:\/\/yoast.com\/product\/yoast-seo-wordpress\/ -->\n<title>Caos en la UE por preocupaciones sobre la vacuna AstraZeneca Covid - ElCanillita.Info<\/title>\n<meta name=\"robots\" content=\"index, follow, max-snippet:-1, max-image-preview:large, max-video-preview:-1\" \/>\n<link rel=\"canonical\" href=\"https:\/\/elcanillita.info\/press\/2021\/03\/15\/caos-ue-vacuna-astrazeneca-covid\/\" \/>\n<meta property=\"og:locale\" content=\"es_ES\" \/>\n<meta property=\"og:type\" content=\"article\" \/>\n<meta property=\"og:title\" content=\"Caos en la UE por preocupaciones sobre la vacuna AstraZeneca Covid - ElCanillita.Info\" \/>\n<meta property=\"og:description\" content=\"Cient\u00edficos brit\u00e1nicos desconcertados a medida que m\u00e1s pa\u00edses dejan de usar la vacuna despu\u00e9s de que se informaron casos de co\u00e1gulos de sangre.\" \/>\n<meta property=\"og:url\" content=\"https:\/\/elcanillita.info\/press\/2021\/03\/15\/caos-ue-vacuna-astrazeneca-covid\/\" \/>\n<meta property=\"og:site_name\" content=\"ElCanillita.Info\" \/>\n<meta property=\"article:publisher\" content=\"https:\/\/ar-ar.facebook.com\/ElCanillitainfo-114249515285712\/\" \/>\n<meta property=\"article:published_time\" content=\"2021-03-16T01:56:37+00:00\" \/>\n<meta property=\"article:modified_time\" content=\"2021-03-16T08:57:53+00:00\" \/>\n<meta property=\"og:image\" content=\"https:\/\/elcanillita.info\/press\/images\/2021\/03\/inyec.jpg\" \/>\n\t<meta property=\"og:image:width\" content=\"600\" \/>\n\t<meta property=\"og:image:height\" content=\"400\" \/>\n\t<meta property=\"og:image:type\" content=\"image\/jpeg\" \/>\n<meta name=\"author\" content=\"SalaStampa.eu, world press service\" \/>\n<meta name=\"twitter:card\" content=\"summary_large_image\" \/>\n<meta name=\"twitter:label1\" content=\"Escrito por\" \/>\n\t<meta name=\"twitter:data1\" content=\"SalaStampa.eu, world press service\" \/>\n\t<meta name=\"twitter:label2\" content=\"Tiempo de lectura\" \/>\n\t<meta name=\"twitter:data2\" content=\"6 minutos\" \/>\n<script type=\"application\/ld+json\" class=\"yoast-schema-graph\">{\"@context\":\"https:\\\/\\\/schema.org\",\"@graph\":[{\"@type\":\"Article\",\"@id\":\"https:\\\/\\\/elcanillita.info\\\/press\\\/2021\\\/03\\\/15\\\/caos-ue-vacuna-astrazeneca-covid\\\/#article\",\"isPartOf\":{\"@id\":\"https:\\\/\\\/elcanillita.info\\\/press\\\/2021\\\/03\\\/15\\\/caos-ue-vacuna-astrazeneca-covid\\\/\"},\"author\":{\"name\":\"SalaStampa.eu, world press service\",\"@id\":\"https:\\\/\\\/elcanillita.info\\\/press\\\/#\\\/schema\\\/person\\\/7fcb79f38045700919f7da6d97e71ba0\"},\"headline\":\"Caos en la UE por preocupaciones sobre la vacuna AstraZeneca Covid\",\"datePublished\":\"2021-03-16T01:56:37+00:00\",\"dateModified\":\"2021-03-16T08:57:53+00:00\",\"mainEntityOfPage\":{\"@id\":\"https:\\\/\\\/elcanillita.info\\\/press\\\/2021\\\/03\\\/15\\\/caos-ue-vacuna-astrazeneca-covid\\\/\"},\"wordCount\":1257,\"publisher\":{\"@id\":\"https:\\\/\\\/elcanillita.info\\\/press\\\/#organization\"},\"image\":{\"@id\":\"https:\\\/\\\/elcanillita.info\\\/press\\\/2021\\\/03\\\/15\\\/caos-ue-vacuna-astrazeneca-covid\\\/#primaryimage\"},\"thumbnailUrl\":\"https:\\\/\\\/elcanillita.info\\\/press\\\/images\\\/2021\\\/03\\\/inyec.jpg\",\"keywords\":[\"Uni\u00f3n Europea\"],\"articleSection\":[\"Europa\",\"Sanidad\",\"Sociedad\"],\"inLanguage\":\"es-AR\"},{\"@type\":\"WebPage\",\"@id\":\"https:\\\/\\\/elcanillita.info\\\/press\\\/2021\\\/03\\\/15\\\/caos-ue-vacuna-astrazeneca-covid\\\/\",\"url\":\"https:\\\/\\\/elcanillita.info\\\/press\\\/2021\\\/03\\\/15\\\/caos-ue-vacuna-astrazeneca-covid\\\/\",\"name\":\"Caos en la UE por preocupaciones sobre la vacuna AstraZeneca Covid - ElCanillita.Info\",\"isPartOf\":{\"@id\":\"https:\\\/\\\/elcanillita.info\\\/press\\\/#website\"},\"primaryImageOfPage\":{\"@id\":\"https:\\\/\\\/elcanillita.info\\\/press\\\/2021\\\/03\\\/15\\\/caos-ue-vacuna-astrazeneca-covid\\\/#primaryimage\"},\"image\":{\"@id\":\"https:\\\/\\\/elcanillita.info\\\/press\\\/2021\\\/03\\\/15\\\/caos-ue-vacuna-astrazeneca-covid\\\/#primaryimage\"},\"thumbnailUrl\":\"https:\\\/\\\/elcanillita.info\\\/press\\\/images\\\/2021\\\/03\\\/inyec.jpg\",\"datePublished\":\"2021-03-16T01:56:37+00:00\",\"dateModified\":\"2021-03-16T08:57:53+00:00\",\"inLanguage\":\"es-AR\",\"potentialAction\":[{\"@type\":\"ReadAction\",\"target\":[\"https:\\\/\\\/elcanillita.info\\\/press\\\/2021\\\/03\\\/15\\\/caos-ue-vacuna-astrazeneca-covid\\\/\"]}]},{\"@type\":\"ImageObject\",\"inLanguage\":\"es-AR\",\"@id\":\"https:\\\/\\\/elcanillita.info\\\/press\\\/2021\\\/03\\\/15\\\/caos-ue-vacuna-astrazeneca-covid\\\/#primaryimage\",\"url\":\"https:\\\/\\\/elcanillita.info\\\/press\\\/images\\\/2021\\\/03\\\/inyec.jpg\",\"contentUrl\":\"https:\\\/\\\/elcanillita.info\\\/press\\\/images\\\/2021\\\/03\\\/inyec.jpg\",\"width\":600,\"height\":400},{\"@type\":\"WebSite\",\"@id\":\"https:\\\/\\\/elcanillita.info\\\/press\\\/#website\",\"url\":\"https:\\\/\\\/elcanillita.info\\\/press\\\/\",\"name\":\"ElCanillita.Info\",\"description\":\"desde los Apeninos a los Andes\",\"publisher\":{\"@id\":\"https:\\\/\\\/elcanillita.info\\\/press\\\/#organization\"},\"potentialAction\":[{\"@type\":\"SearchAction\",\"target\":{\"@type\":\"EntryPoint\",\"urlTemplate\":\"https:\\\/\\\/elcanillita.info\\\/press\\\/?s={search_term_string}\"},\"query-input\":{\"@type\":\"PropertyValueSpecification\",\"valueRequired\":true,\"valueName\":\"search_term_string\"}}],\"inLanguage\":\"es-AR\"},{\"@type\":\"Organization\",\"@id\":\"https:\\\/\\\/elcanillita.info\\\/press\\\/#organization\",\"name\":\"Guzzo Photos & Graphic Publications\",\"url\":\"https:\\\/\\\/elcanillita.info\\\/press\\\/\",\"logo\":{\"@type\":\"ImageObject\",\"inLanguage\":\"es-AR\",\"@id\":\"https:\\\/\\\/elcanillita.info\\\/press\\\/#\\\/schema\\\/logo\\\/image\\\/\",\"url\":\"https:\\\/\\\/elcanillita.info\\\/press\\\/images\\\/2020\\\/01\\\/cropped-cropped-cropped-elcanillitainfo.png\",\"contentUrl\":\"https:\\\/\\\/elcanillita.info\\\/press\\\/images\\\/2020\\\/01\\\/cropped-cropped-cropped-elcanillitainfo.png\",\"width\":460,\"height\":50,\"caption\":\"Guzzo Photos & Graphic Publications\"},\"image\":{\"@id\":\"https:\\\/\\\/elcanillita.info\\\/press\\\/#\\\/schema\\\/logo\\\/image\\\/\"},\"sameAs\":[\"https:\\\/\\\/ar-ar.facebook.com\\\/ElCanillitainfo-114249515285712\\\/\"]},{\"@type\":\"Person\",\"@id\":\"https:\\\/\\\/elcanillita.info\\\/press\\\/#\\\/schema\\\/person\\\/7fcb79f38045700919f7da6d97e71ba0\",\"name\":\"SalaStampa.eu, world press service\",\"image\":{\"@type\":\"ImageObject\",\"inLanguage\":\"es-AR\",\"@id\":\"https:\\\/\\\/secure.gravatar.com\\\/avatar\\\/c2f0e0d515a107624234994507816ca4724c7199cef73fc8bedebf6931d73888?s=96&d=mm&r=g\",\"url\":\"https:\\\/\\\/secure.gravatar.com\\\/avatar\\\/c2f0e0d515a107624234994507816ca4724c7199cef73fc8bedebf6931d73888?s=96&d=mm&r=g\",\"contentUrl\":\"https:\\\/\\\/secure.gravatar.com\\\/avatar\\\/c2f0e0d515a107624234994507816ca4724c7199cef73fc8bedebf6931d73888?s=96&d=mm&r=g\",\"caption\":\"SalaStampa.eu, world press service\"}}]}<\/script>\n<!-- \/ Yoast SEO plugin. -->","yoast_head_json":{"title":"Caos en la UE por preocupaciones sobre la vacuna AstraZeneca Covid - ElCanillita.Info","robots":{"index":"index","follow":"follow","max-snippet":"max-snippet:-1","max-image-preview":"max-image-preview:large","max-video-preview":"max-video-preview:-1"},"canonical":"https:\/\/elcanillita.info\/press\/2021\/03\/15\/caos-ue-vacuna-astrazeneca-covid\/","og_locale":"es_ES","og_type":"article","og_title":"Caos en la UE por preocupaciones sobre la vacuna AstraZeneca Covid - ElCanillita.Info","og_description":"Cient\u00edficos brit\u00e1nicos desconcertados a medida que m\u00e1s pa\u00edses dejan de usar la vacuna despu\u00e9s de que se informaron casos de co\u00e1gulos de sangre.","og_url":"https:\/\/elcanillita.info\/press\/2021\/03\/15\/caos-ue-vacuna-astrazeneca-covid\/","og_site_name":"ElCanillita.Info","article_publisher":"https:\/\/ar-ar.facebook.com\/ElCanillitainfo-114249515285712\/","article_published_time":"2021-03-16T01:56:37+00:00","article_modified_time":"2021-03-16T08:57:53+00:00","og_image":[{"width":600,"height":400,"url":"https:\/\/elcanillita.info\/press\/images\/2021\/03\/inyec.jpg","type":"image\/jpeg"}],"author":"SalaStampa.eu, world press service","twitter_card":"summary_large_image","twitter_misc":{"Escrito por":"SalaStampa.eu, world press service","Tiempo de lectura":"6 minutos"},"schema":{"@context":"https:\/\/schema.org","@graph":[{"@type":"Article","@id":"https:\/\/elcanillita.info\/press\/2021\/03\/15\/caos-ue-vacuna-astrazeneca-covid\/#article","isPartOf":{"@id":"https:\/\/elcanillita.info\/press\/2021\/03\/15\/caos-ue-vacuna-astrazeneca-covid\/"},"author":{"name":"SalaStampa.eu, world press service","@id":"https:\/\/elcanillita.info\/press\/#\/schema\/person\/7fcb79f38045700919f7da6d97e71ba0"},"headline":"Caos en la UE por preocupaciones sobre la vacuna AstraZeneca Covid","datePublished":"2021-03-16T01:56:37+00:00","dateModified":"2021-03-16T08:57:53+00:00","mainEntityOfPage":{"@id":"https:\/\/elcanillita.info\/press\/2021\/03\/15\/caos-ue-vacuna-astrazeneca-covid\/"},"wordCount":1257,"publisher":{"@id":"https:\/\/elcanillita.info\/press\/#organization"},"image":{"@id":"https:\/\/elcanillita.info\/press\/2021\/03\/15\/caos-ue-vacuna-astrazeneca-covid\/#primaryimage"},"thumbnailUrl":"https:\/\/elcanillita.info\/press\/images\/2021\/03\/inyec.jpg","keywords":["Uni\u00f3n Europea"],"articleSection":["Europa","Sanidad","Sociedad"],"inLanguage":"es-AR"},{"@type":"WebPage","@id":"https:\/\/elcanillita.info\/press\/2021\/03\/15\/caos-ue-vacuna-astrazeneca-covid\/","url":"https:\/\/elcanillita.info\/press\/2021\/03\/15\/caos-ue-vacuna-astrazeneca-covid\/","name":"Caos en la UE por preocupaciones sobre la vacuna AstraZeneca Covid - ElCanillita.Info","isPartOf":{"@id":"https:\/\/elcanillita.info\/press\/#website"},"primaryImageOfPage":{"@id":"https:\/\/elcanillita.info\/press\/2021\/03\/15\/caos-ue-vacuna-astrazeneca-covid\/#primaryimage"},"image":{"@id":"https:\/\/elcanillita.info\/press\/2021\/03\/15\/caos-ue-vacuna-astrazeneca-covid\/#primaryimage"},"thumbnailUrl":"https:\/\/elcanillita.info\/press\/images\/2021\/03\/inyec.jpg","datePublished":"2021-03-16T01:56:37+00:00","dateModified":"2021-03-16T08:57:53+00:00","inLanguage":"es-AR","potentialAction":[{"@type":"ReadAction","target":["https:\/\/elcanillita.info\/press\/2021\/03\/15\/caos-ue-vacuna-astrazeneca-covid\/"]}]},{"@type":"ImageObject","inLanguage":"es-AR","@id":"https:\/\/elcanillita.info\/press\/2021\/03\/15\/caos-ue-vacuna-astrazeneca-covid\/#primaryimage","url":"https:\/\/elcanillita.info\/press\/images\/2021\/03\/inyec.jpg","contentUrl":"https:\/\/elcanillita.info\/press\/images\/2021\/03\/inyec.jpg","width":600,"height":400},{"@type":"WebSite","@id":"https:\/\/elcanillita.info\/press\/#website","url":"https:\/\/elcanillita.info\/press\/","name":"ElCanillita.Info","description":"desde los Apeninos a los Andes","publisher":{"@id":"https:\/\/elcanillita.info\/press\/#organization"},"potentialAction":[{"@type":"SearchAction","target":{"@type":"EntryPoint","urlTemplate":"https:\/\/elcanillita.info\/press\/?s={search_term_string}"},"query-input":{"@type":"PropertyValueSpecification","valueRequired":true,"valueName":"search_term_string"}}],"inLanguage":"es-AR"},{"@type":"Organization","@id":"https:\/\/elcanillita.info\/press\/#organization","name":"Guzzo Photos & Graphic Publications","url":"https:\/\/elcanillita.info\/press\/","logo":{"@type":"ImageObject","inLanguage":"es-AR","@id":"https:\/\/elcanillita.info\/press\/#\/schema\/logo\/image\/","url":"https:\/\/elcanillita.info\/press\/images\/2020\/01\/cropped-cropped-cropped-elcanillitainfo.png","contentUrl":"https:\/\/elcanillita.info\/press\/images\/2020\/01\/cropped-cropped-cropped-elcanillitainfo.png","width":460,"height":50,"caption":"Guzzo Photos & Graphic Publications"},"image":{"@id":"https:\/\/elcanillita.info\/press\/#\/schema\/logo\/image\/"},"sameAs":["https:\/\/ar-ar.facebook.com\/ElCanillitainfo-114249515285712\/"]},{"@type":"Person","@id":"https:\/\/elcanillita.info\/press\/#\/schema\/person\/7fcb79f38045700919f7da6d97e71ba0","name":"SalaStampa.eu, world press service","image":{"@type":"ImageObject","inLanguage":"es-AR","@id":"https:\/\/secure.gravatar.com\/avatar\/c2f0e0d515a107624234994507816ca4724c7199cef73fc8bedebf6931d73888?s=96&d=mm&r=g","url":"https:\/\/secure.gravatar.com\/avatar\/c2f0e0d515a107624234994507816ca4724c7199cef73fc8bedebf6931d73888?s=96&d=mm&r=g","contentUrl":"https:\/\/secure.gravatar.com\/avatar\/c2f0e0d515a107624234994507816ca4724c7199cef73fc8bedebf6931d73888?s=96&d=mm&r=g","caption":"SalaStampa.eu, world press service"}}]}},"views":722,"_links":{"self":[{"href":"https:\/\/elcanillita.info\/press\/wp-json\/wp\/v2\/posts\/1448","targetHints":{"allow":["GET"]}}],"collection":[{"href":"https:\/\/elcanillita.info\/press\/wp-json\/wp\/v2\/posts"}],"about":[{"href":"https:\/\/elcanillita.info\/press\/wp-json\/wp\/v2\/types\/post"}],"author":[{"embeddable":true,"href":"https:\/\/elcanillita.info\/press\/wp-json\/wp\/v2\/users\/1"}],"replies":[{"embeddable":true,"href":"https:\/\/elcanillita.info\/press\/wp-json\/wp\/v2\/comments?post=1448"}],"version-history":[{"count":0,"href":"https:\/\/elcanillita.info\/press\/wp-json\/wp\/v2\/posts\/1448\/revisions"}],"wp:featuredmedia":[{"embeddable":true,"href":"https:\/\/elcanillita.info\/press\/wp-json\/wp\/v2\/media\/1449"}],"wp:attachment":[{"href":"https:\/\/elcanillita.info\/press\/wp-json\/wp\/v2\/media?parent=1448"}],"wp:term":[{"taxonomy":"category","embeddable":true,"href":"https:\/\/elcanillita.info\/press\/wp-json\/wp\/v2\/categories?post=1448"},{"taxonomy":"post_tag","embeddable":true,"href":"https:\/\/elcanillita.info\/press\/wp-json\/wp\/v2\/tags?post=1448"}],"curies":[{"name":"wp","href":"https:\/\/api.w.org\/{rel}","templated":true}]}}