{"id":144,"date":"2020-01-15T14:22:00","date_gmt":"2020-01-15T17:22:00","guid":{"rendered":"https:\/\/elcanillita.info\/press\/?p=144"},"modified":"2021-09-10T10:01:04","modified_gmt":"2021-09-10T13:01:04","slug":"honduras-nueva-caravana-de-migrantes-parte-hacia-estados-unidos","status":"publish","type":"post","link":"https:\/\/elcanillita.info\/press\/2020\/01\/15\/honduras-nueva-caravana-de-migrantes-parte-hacia-estados-unidos\/","title":{"rendered":"Honduras: Nueva caravana de migrantes parte hacia Estados Unidos"},"content":{"rendered":"\n<p>Tegucigalpa , 15.01.2020 &#8211; A tempranas horas del mi\u00e9rcoles, una caravana\u00a0integrada por miles de hondure\u00f1os de distintas edades, inici\u00f3 el recorrido de m\u00e1s de 3.000\u00a0kil\u00f3metros de distancia que separan la ciudad de San Pedro Sula con la frontera sur de Estados Unidos.<\/p>\n\n\n\n<p>En camiones, a pie, en autobuses o cualquier otro medio de&nbsp; transporte que les ayude a avanzar hasta su destino final, este quinto grupo de hondure\u00f1os decidi\u00f3 salir de un pa\u00eds en el que&nbsp;aseguran, no tienen ninguna oportunidad para superarse u obtener un futuro distinto para ellos y sus familias.<\/p>\n\n\n\n<p>Y es que la corrupci\u00f3n en este pa\u00eds centroamericano ha plagado distintos niveles en el \u00e1mbito pol\u00edtico, lo que ha hecho que muchos funcionarios p\u00fablicos se vean envueltos en esc\u00e1ndalos que han sacudido a la naci\u00f3n y que han, incluso, escalado a nivel internacional, como en el caso del hermano del actual presidente, Juan Orlando Hern\u00e1ndez, a quien una corte federal en Nueva York sentenci\u00f3 a prisi\u00f3n por tr\u00e1fico de drogas.<\/p>\n\n\n\n<p>EE.UU. declara culpable a hermano de presidente hondure\u00f1o<\/p>\n\n\n\n<p>Seg\u00fan el sitio de noticias Animal Pol\u00edtico, a\u00fan no se sabe cu\u00e1l ser\u00e1 la ruta de recorrido de esta caravana, las anteriores hab\u00edan&nbsp;cruzado Guatemala con destino a la frontera de Tec\u00fan Um\u00e1n y Ciudad Hidalgo, en el oeste.<\/p>\n\n\n\n<p>El rumbo de los migrantes no es claro. Algunos pasos usados por caravanas anteriores, como Tec\u00fan Um\u00e1n por las facilidades de cruzar el r\u00edo Suchiate, est\u00e1n ahora dif\u00edcil para acceder debido el pasado mes de junio el gobierno de M\u00e9xico despleg\u00f3 a la Guardia Nacional, en cumplimiento de un acuerdo firmado con Estados Unidos para el control del flujo.<\/p>\n\n\n\n<p>&#8220;Aqu\u00ed ya est\u00e1 tremendo, si usted platica con cualquiera que est\u00e9 aqu\u00ed, extorsiones por todos lados, impuesto de guerra, es un hecho que si usted no paga ese impuesto lo matan&#8221;, dijo&nbsp;V\u00edctor S\u00e1nchez, un hondure\u00f1o originario del departamento de Olancho, que decidi\u00f3 migrar junto a su familia debido a la inseguridad y oportunidades laborales,&nbsp;a la Voz de Am\u00e9rica.<\/p>\n\n\n\n<p>M\u00e1s de 20.000 hondure\u00f1os se han ido en caravanas en los \u00faltimos 15 meses hacia el norte, de acuerdo con la informaci\u00f3n del Gobierno, que afirma que la mayor\u00eda ha regresado, ya sea deportado o en forma voluntaria.<\/p>\n\n\n\n<p>(Colaboraci\u00f3n: Herbert Zepeda)<br><br><small>2020 voanoticias \u2013 salastampa.eu, afiliada a la red Broadcasting Board of Governors \u00a9 2020 BBG<\/small><\/p>\n","protected":false},"excerpt":{"rendered":"<p>Tegucigalpa , 15.01.2020 &#8211; A tempranas horas del mi\u00e9rcoles, una caravana\u00a0integrada por miles de hondure\u00f1os de distintas edades, inici\u00f3 el recorrido de m\u00e1s de 3.000\u00a0kil\u00f3metros de distancia que separan la ciudad de San Pedro Sula con la frontera sur de Estados Unidos.<\/p>\n","protected":false},"author":1,"featured_media":0,"comment_status":"closed","ping_status":"closed","sticky":false,"template":"","format":"standard","meta":{"footnotes":"","_links_to":"","_links_to_target":""},"categories":[70,10,25],"tags":[51],"class_list":["post-144","post","type-post","status-publish","format-standard","hentry","category-actualidad","category-america-central","category-sociedad","tag-honduras","entry","double"],"yoast_head":"<!-- This site is optimized with the Yoast SEO plugin v27.4 - https:\/\/yoast.com\/product\/yoast-seo-wordpress\/ -->\n<title>Honduras: Nueva caravana de migrantes parte hacia Estados Unidos - ElCanillita.Info<\/title>\n<meta name=\"robots\" content=\"index, follow, max-snippet:-1, max-image-preview:large, max-video-preview:-1\" \/>\n<link rel=\"canonical\" href=\"https:\/\/elcanillita.info\/press\/2020\/01\/15\/honduras-nueva-caravana-de-migrantes-parte-hacia-estados-unidos\/\" \/>\n<meta property=\"og:locale\" content=\"es_ES\" \/>\n<meta property=\"og:type\" content=\"article\" \/>\n<meta property=\"og:title\" content=\"Honduras: Nueva caravana de migrantes parte hacia Estados Unidos - ElCanillita.Info\" \/>\n<meta property=\"og:description\" content=\"Tegucigalpa , 15.01.2020 - A tempranas horas del mi\u00e9rcoles, una caravana\u00a0integrada por miles de hondure\u00f1os de distintas edades, inici\u00f3 el recorrido de m\u00e1s de 3.000\u00a0kil\u00f3metros de distancia que separan la ciudad de San Pedro Sula con la frontera sur de Estados Unidos.\" \/>\n<meta property=\"og:url\" content=\"https:\/\/elcanillita.info\/press\/2020\/01\/15\/honduras-nueva-caravana-de-migrantes-parte-hacia-estados-unidos\/\" \/>\n<meta property=\"og:site_name\" content=\"ElCanillita.Info\" \/>\n<meta property=\"article:publisher\" content=\"https:\/\/ar-ar.facebook.com\/ElCanillitainfo-114249515285712\/\" \/>\n<meta property=\"article:published_time\" content=\"2020-01-15T17:22:00+00:00\" \/>\n<meta property=\"article:modified_time\" content=\"2021-09-10T13:01:04+00:00\" \/>\n<meta name=\"author\" content=\"SalaStampa.eu, world press service\" \/>\n<meta name=\"twitter:card\" content=\"summary_large_image\" \/>\n<meta name=\"twitter:label1\" content=\"Escrito por\" \/>\n\t<meta name=\"twitter:data1\" content=\"SalaStampa.eu, world press service\" \/>\n\t<meta name=\"twitter:label2\" content=\"Tiempo de lectura\" \/>\n\t<meta name=\"twitter:data2\" content=\"2 minutos\" \/>\n<script type=\"application\/ld+json\" class=\"yoast-schema-graph\">{\"@context\":\"https:\\\/\\\/schema.org\",\"@graph\":[{\"@type\":\"Article\",\"@id\":\"https:\\\/\\\/elcanillita.info\\\/press\\\/2020\\\/01\\\/15\\\/honduras-nueva-caravana-de-migrantes-parte-hacia-estados-unidos\\\/#article\",\"isPartOf\":{\"@id\":\"https:\\\/\\\/elcanillita.info\\\/press\\\/2020\\\/01\\\/15\\\/honduras-nueva-caravana-de-migrantes-parte-hacia-estados-unidos\\\/\"},\"author\":{\"name\":\"SalaStampa.eu, world press service\",\"@id\":\"https:\\\/\\\/elcanillita.info\\\/press\\\/#\\\/schema\\\/person\\\/7fcb79f38045700919f7da6d97e71ba0\"},\"headline\":\"Honduras: Nueva caravana de migrantes parte hacia Estados Unidos\",\"datePublished\":\"2020-01-15T17:22:00+00:00\",\"dateModified\":\"2021-09-10T13:01:04+00:00\",\"mainEntityOfPage\":{\"@id\":\"https:\\\/\\\/elcanillita.info\\\/press\\\/2020\\\/01\\\/15\\\/honduras-nueva-caravana-de-migrantes-parte-hacia-estados-unidos\\\/\"},\"wordCount\":433,\"publisher\":{\"@id\":\"https:\\\/\\\/elcanillita.info\\\/press\\\/#organization\"},\"keywords\":[\"Honduras\"],\"articleSection\":[\"Actualidad\",\"Am\u00e9rica Central\",\"Sociedad\"],\"inLanguage\":\"es-AR\"},{\"@type\":\"WebPage\",\"@id\":\"https:\\\/\\\/elcanillita.info\\\/press\\\/2020\\\/01\\\/15\\\/honduras-nueva-caravana-de-migrantes-parte-hacia-estados-unidos\\\/\",\"url\":\"https:\\\/\\\/elcanillita.info\\\/press\\\/2020\\\/01\\\/15\\\/honduras-nueva-caravana-de-migrantes-parte-hacia-estados-unidos\\\/\",\"name\":\"Honduras: Nueva caravana de migrantes parte hacia Estados Unidos - ElCanillita.Info\",\"isPartOf\":{\"@id\":\"https:\\\/\\\/elcanillita.info\\\/press\\\/#website\"},\"datePublished\":\"2020-01-15T17:22:00+00:00\",\"dateModified\":\"2021-09-10T13:01:04+00:00\",\"inLanguage\":\"es-AR\",\"potentialAction\":[{\"@type\":\"ReadAction\",\"target\":[\"https:\\\/\\\/elcanillita.info\\\/press\\\/2020\\\/01\\\/15\\\/honduras-nueva-caravana-de-migrantes-parte-hacia-estados-unidos\\\/\"]}]},{\"@type\":\"WebSite\",\"@id\":\"https:\\\/\\\/elcanillita.info\\\/press\\\/#website\",\"url\":\"https:\\\/\\\/elcanillita.info\\\/press\\\/\",\"name\":\"ElCanillita.Info\",\"description\":\"desde los Apeninos a los Andes\",\"publisher\":{\"@id\":\"https:\\\/\\\/elcanillita.info\\\/press\\\/#organization\"},\"potentialAction\":[{\"@type\":\"SearchAction\",\"target\":{\"@type\":\"EntryPoint\",\"urlTemplate\":\"https:\\\/\\\/elcanillita.info\\\/press\\\/?s={search_term_string}\"},\"query-input\":{\"@type\":\"PropertyValueSpecification\",\"valueRequired\":true,\"valueName\":\"search_term_string\"}}],\"inLanguage\":\"es-AR\"},{\"@type\":\"Organization\",\"@id\":\"https:\\\/\\\/elcanillita.info\\\/press\\\/#organization\",\"name\":\"Guzzo Photos & Graphic Publications\",\"url\":\"https:\\\/\\\/elcanillita.info\\\/press\\\/\",\"logo\":{\"@type\":\"ImageObject\",\"inLanguage\":\"es-AR\",\"@id\":\"https:\\\/\\\/elcanillita.info\\\/press\\\/#\\\/schema\\\/logo\\\/image\\\/\",\"url\":\"https:\\\/\\\/elcanillita.info\\\/press\\\/images\\\/2020\\\/01\\\/cropped-cropped-cropped-elcanillitainfo.png\",\"contentUrl\":\"https:\\\/\\\/elcanillita.info\\\/press\\\/images\\\/2020\\\/01\\\/cropped-cropped-cropped-elcanillitainfo.png\",\"width\":460,\"height\":50,\"caption\":\"Guzzo Photos & Graphic Publications\"},\"image\":{\"@id\":\"https:\\\/\\\/elcanillita.info\\\/press\\\/#\\\/schema\\\/logo\\\/image\\\/\"},\"sameAs\":[\"https:\\\/\\\/ar-ar.facebook.com\\\/ElCanillitainfo-114249515285712\\\/\"]},{\"@type\":\"Person\",\"@id\":\"https:\\\/\\\/elcanillita.info\\\/press\\\/#\\\/schema\\\/person\\\/7fcb79f38045700919f7da6d97e71ba0\",\"name\":\"SalaStampa.eu, world press service\",\"image\":{\"@type\":\"ImageObject\",\"inLanguage\":\"es-AR\",\"@id\":\"https:\\\/\\\/secure.gravatar.com\\\/avatar\\\/c2f0e0d515a107624234994507816ca4724c7199cef73fc8bedebf6931d73888?s=96&d=mm&r=g\",\"url\":\"https:\\\/\\\/secure.gravatar.com\\\/avatar\\\/c2f0e0d515a107624234994507816ca4724c7199cef73fc8bedebf6931d73888?s=96&d=mm&r=g\",\"contentUrl\":\"https:\\\/\\\/secure.gravatar.com\\\/avatar\\\/c2f0e0d515a107624234994507816ca4724c7199cef73fc8bedebf6931d73888?s=96&d=mm&r=g\",\"caption\":\"SalaStampa.eu, world press service\"}}]}<\/script>\n<!-- \/ Yoast SEO plugin. -->","yoast_head_json":{"title":"Honduras: Nueva caravana de migrantes parte hacia Estados Unidos - ElCanillita.Info","robots":{"index":"index","follow":"follow","max-snippet":"max-snippet:-1","max-image-preview":"max-image-preview:large","max-video-preview":"max-video-preview:-1"},"canonical":"https:\/\/elcanillita.info\/press\/2020\/01\/15\/honduras-nueva-caravana-de-migrantes-parte-hacia-estados-unidos\/","og_locale":"es_ES","og_type":"article","og_title":"Honduras: Nueva caravana de migrantes parte hacia Estados Unidos - ElCanillita.Info","og_description":"Tegucigalpa , 15.01.2020 - A tempranas horas del mi\u00e9rcoles, una caravana\u00a0integrada por miles de hondure\u00f1os de distintas edades, inici\u00f3 el recorrido de m\u00e1s de 3.000\u00a0kil\u00f3metros de distancia que separan la ciudad de San Pedro Sula con la frontera sur de Estados Unidos.","og_url":"https:\/\/elcanillita.info\/press\/2020\/01\/15\/honduras-nueva-caravana-de-migrantes-parte-hacia-estados-unidos\/","og_site_name":"ElCanillita.Info","article_publisher":"https:\/\/ar-ar.facebook.com\/ElCanillitainfo-114249515285712\/","article_published_time":"2020-01-15T17:22:00+00:00","article_modified_time":"2021-09-10T13:01:04+00:00","author":"SalaStampa.eu, world press service","twitter_card":"summary_large_image","twitter_misc":{"Escrito por":"SalaStampa.eu, world press service","Tiempo de lectura":"2 minutos"},"schema":{"@context":"https:\/\/schema.org","@graph":[{"@type":"Article","@id":"https:\/\/elcanillita.info\/press\/2020\/01\/15\/honduras-nueva-caravana-de-migrantes-parte-hacia-estados-unidos\/#article","isPartOf":{"@id":"https:\/\/elcanillita.info\/press\/2020\/01\/15\/honduras-nueva-caravana-de-migrantes-parte-hacia-estados-unidos\/"},"author":{"name":"SalaStampa.eu, world press service","@id":"https:\/\/elcanillita.info\/press\/#\/schema\/person\/7fcb79f38045700919f7da6d97e71ba0"},"headline":"Honduras: Nueva caravana de migrantes parte hacia Estados Unidos","datePublished":"2020-01-15T17:22:00+00:00","dateModified":"2021-09-10T13:01:04+00:00","mainEntityOfPage":{"@id":"https:\/\/elcanillita.info\/press\/2020\/01\/15\/honduras-nueva-caravana-de-migrantes-parte-hacia-estados-unidos\/"},"wordCount":433,"publisher":{"@id":"https:\/\/elcanillita.info\/press\/#organization"},"keywords":["Honduras"],"articleSection":["Actualidad","Am\u00e9rica Central","Sociedad"],"inLanguage":"es-AR"},{"@type":"WebPage","@id":"https:\/\/elcanillita.info\/press\/2020\/01\/15\/honduras-nueva-caravana-de-migrantes-parte-hacia-estados-unidos\/","url":"https:\/\/elcanillita.info\/press\/2020\/01\/15\/honduras-nueva-caravana-de-migrantes-parte-hacia-estados-unidos\/","name":"Honduras: Nueva caravana de migrantes parte hacia Estados Unidos - ElCanillita.Info","isPartOf":{"@id":"https:\/\/elcanillita.info\/press\/#website"},"datePublished":"2020-01-15T17:22:00+00:00","dateModified":"2021-09-10T13:01:04+00:00","inLanguage":"es-AR","potentialAction":[{"@type":"ReadAction","target":["https:\/\/elcanillita.info\/press\/2020\/01\/15\/honduras-nueva-caravana-de-migrantes-parte-hacia-estados-unidos\/"]}]},{"@type":"WebSite","@id":"https:\/\/elcanillita.info\/press\/#website","url":"https:\/\/elcanillita.info\/press\/","name":"ElCanillita.Info","description":"desde los Apeninos a los Andes","publisher":{"@id":"https:\/\/elcanillita.info\/press\/#organization"},"potentialAction":[{"@type":"SearchAction","target":{"@type":"EntryPoint","urlTemplate":"https:\/\/elcanillita.info\/press\/?s={search_term_string}"},"query-input":{"@type":"PropertyValueSpecification","valueRequired":true,"valueName":"search_term_string"}}],"inLanguage":"es-AR"},{"@type":"Organization","@id":"https:\/\/elcanillita.info\/press\/#organization","name":"Guzzo Photos & Graphic Publications","url":"https:\/\/elcanillita.info\/press\/","logo":{"@type":"ImageObject","inLanguage":"es-AR","@id":"https:\/\/elcanillita.info\/press\/#\/schema\/logo\/image\/","url":"https:\/\/elcanillita.info\/press\/images\/2020\/01\/cropped-cropped-cropped-elcanillitainfo.png","contentUrl":"https:\/\/elcanillita.info\/press\/images\/2020\/01\/cropped-cropped-cropped-elcanillitainfo.png","width":460,"height":50,"caption":"Guzzo Photos & Graphic Publications"},"image":{"@id":"https:\/\/elcanillita.info\/press\/#\/schema\/logo\/image\/"},"sameAs":["https:\/\/ar-ar.facebook.com\/ElCanillitainfo-114249515285712\/"]},{"@type":"Person","@id":"https:\/\/elcanillita.info\/press\/#\/schema\/person\/7fcb79f38045700919f7da6d97e71ba0","name":"SalaStampa.eu, world press service","image":{"@type":"ImageObject","inLanguage":"es-AR","@id":"https:\/\/secure.gravatar.com\/avatar\/c2f0e0d515a107624234994507816ca4724c7199cef73fc8bedebf6931d73888?s=96&d=mm&r=g","url":"https:\/\/secure.gravatar.com\/avatar\/c2f0e0d515a107624234994507816ca4724c7199cef73fc8bedebf6931d73888?s=96&d=mm&r=g","contentUrl":"https:\/\/secure.gravatar.com\/avatar\/c2f0e0d515a107624234994507816ca4724c7199cef73fc8bedebf6931d73888?s=96&d=mm&r=g","caption":"SalaStampa.eu, world press service"}}]}},"views":779,"_links":{"self":[{"href":"https:\/\/elcanillita.info\/press\/wp-json\/wp\/v2\/posts\/144","targetHints":{"allow":["GET"]}}],"collection":[{"href":"https:\/\/elcanillita.info\/press\/wp-json\/wp\/v2\/posts"}],"about":[{"href":"https:\/\/elcanillita.info\/press\/wp-json\/wp\/v2\/types\/post"}],"author":[{"embeddable":true,"href":"https:\/\/elcanillita.info\/press\/wp-json\/wp\/v2\/users\/1"}],"replies":[{"embeddable":true,"href":"https:\/\/elcanillita.info\/press\/wp-json\/wp\/v2\/comments?post=144"}],"version-history":[{"count":0,"href":"https:\/\/elcanillita.info\/press\/wp-json\/wp\/v2\/posts\/144\/revisions"}],"wp:attachment":[{"href":"https:\/\/elcanillita.info\/press\/wp-json\/wp\/v2\/media?parent=144"}],"wp:term":[{"taxonomy":"category","embeddable":true,"href":"https:\/\/elcanillita.info\/press\/wp-json\/wp\/v2\/categories?post=144"},{"taxonomy":"post_tag","embeddable":true,"href":"https:\/\/elcanillita.info\/press\/wp-json\/wp\/v2\/tags?post=144"}],"curies":[{"name":"wp","href":"https:\/\/api.w.org\/{rel}","templated":true}]}}