{"id":1434,"date":"2021-03-09T09:11:02","date_gmt":"2021-03-09T12:11:02","guid":{"rendered":"https:\/\/elcanillita.info\/press\/?p=1434"},"modified":"2021-03-09T11:10:40","modified_gmt":"2021-03-09T14:10:40","slug":"noticiero-09-03-2021","status":"publish","type":"post","link":"https:\/\/elcanillita.info\/press\/2021\/03\/09\/noticiero-09-03-2021\/","title":{"rendered":"Noticiero 09.03.2021"},"content":{"rendered":"<p><strong>EE.UU. Tratamiento contra el COVID-19<\/strong><\/p>\n<p>Estados Unidos es el \u00fanico pa\u00eds que aprob\u00f3 un tratamiento contra el COVID-19 basado en la transfusi\u00f3n de anticuerpos y meses despu\u00e9s de su uso, los m\u00e9dicos tienen muchas esperanzas. <small>Informa<\/p>\n<p>Judith Martin desde la Voz de Am\u00e9rica.<\/small><\/p>\n<audio class=\"wp-audio-shortcode\" id=\"audio-1434-1\" preload=\"none\" style=\"width: 100%;\" controls=\"controls\"><source type=\"audio\/mpeg\" src=\"https:\/\/elcanillita.info\/press\/images\/2021\/03\/EE.UU._Tratamiento_contra_el_COVID-19_20210309.mp3?_=1\" \/><a href=\"https:\/\/elcanillita.info\/press\/images\/2021\/03\/EE.UU._Tratamiento_contra_el_COVID-19_20210309.mp3\">https:\/\/elcanillita.info\/press\/images\/2021\/03\/EE.UU._Tratamiento_contra_el_COVID-19_20210309.mp3<\/a><\/audio>\n<hr \/>\n<p><strong>Colombia: Avance plan vacunaci\u00f3n COVID-19<\/strong><\/p>\n<p>Colombia se apresta a iniciar la segunda fase del plan de vacunaci\u00f3n contra el COVID-19.<\/p>\n<p><small>Desde Colombia informa el corresponsal de la Voz de Am\u00e9rica, Manuel Arias Naranjo.<\/small><\/p>\n<audio class=\"wp-audio-shortcode\" id=\"audio-1434-2\" preload=\"none\" style=\"width: 100%;\" controls=\"controls\"><source type=\"audio\/mpeg\" src=\"https:\/\/elcanillita.info\/press\/images\/2021\/03\/Colombia%20_Avance_plan_vacunaci_20210309.mp3?_=2\" \/><a href=\"https:\/\/elcanillita.info\/press\/images\/2021\/03\/Colombia%20_Avance_plan_vacunaci_20210309.mp3\">https:\/\/elcanillita.info\/press\/images\/2021\/03\/Colombia%20_Avance_plan_vacunaci_20210309.mp3<\/a><\/audio>\n<hr \/>\n<p><strong>Nicaragua: Recuperaci\u00f3n empleo COVID-19<\/strong><\/p>\n<p>Las esperanzas de recuperar los empleos perdidos por la pandemia en Nicaragua se desploman este a\u00f1o.<\/p>\n<p><small>Desde Managua informa la corresponsal de la Voz de Am\u00e9rica, Daliana Oca\u00f1a.<\/small><\/p>\n<audio class=\"wp-audio-shortcode\" id=\"audio-1434-3\" preload=\"none\" style=\"width: 100%;\" controls=\"controls\"><source type=\"audio\/mpeg\" src=\"https:\/\/elcanillita.info\/press\/images\/2021\/03\/Nicaragua%20_Recuperaci__n_empleo_COVID-19_20210309.mp3?_=3\" \/><a href=\"https:\/\/elcanillita.info\/press\/images\/2021\/03\/Nicaragua%20_Recuperaci__n_empleo_COVID-19_20210309.mp3\">https:\/\/elcanillita.info\/press\/images\/2021\/03\/Nicaragua%20_Recuperaci__n_empleo_COVID-19_20210309.mp3<\/a><\/audio>\n<hr \/>\n<p><strong>Venezuela: Reacciones EE.UU. TPS<\/strong><\/p>\n<p>En Venezuela se eval\u00faa positivamente la aprobaci\u00f3n de un Estatus de Protecci\u00f3n Temporal para venezolanos.<\/p>\n<p><small>Desde Caracas informa la corresponsal de la Voz de Am\u00e9rica, Carolina Alcalde.<\/small><\/p>\n<audio class=\"wp-audio-shortcode\" id=\"audio-1434-4\" preload=\"none\" style=\"width: 100%;\" controls=\"controls\"><source type=\"audio\/mpeg\" src=\"https:\/\/elcanillita.info\/press\/images\/2021\/03\/Venezuela%20_Reacciones_EE.UU_20210309.mp3?_=4\" \/><a href=\"https:\/\/elcanillita.info\/press\/images\/2021\/03\/Venezuela%20_Reacciones_EE.UU_20210309.mp3\">https:\/\/elcanillita.info\/press\/images\/2021\/03\/Venezuela%20_Reacciones_EE.UU_20210309.mp3<\/a><\/audio>\n<hr \/>\n<p><strong>Buenos d\u00edas Am\u00e9rica: 09 Marzo 2021<\/strong><\/p>\n<p>En el programa de hoy, 9 de marzo, el gobierno de EE.UU. otorga un Estatus de Protecci\u00f3n Temporal para los venezolanos y tenemos reacciones a la medida.<\/p>\n<p><small>Esta y m\u00e1s noticias de Estados Unidos y Am\u00e9rica Latina en Buenos D\u00edas Am\u00e9rica, un programa de la Voz de Am\u00e9rica. Agradecemos su sinton\u00eda.<\/small><\/p>\n<audio class=\"wp-audio-shortcode\" id=\"audio-1434-5\" preload=\"none\" style=\"width: 100%;\" controls=\"controls\"><source type=\"audio\/mpeg\" src=\"https:\/\/elcanillita.info\/press\/images\/2021\/03\/Buenos_d__as_Am__rica%20_03_09_2021.mp3?_=5\" \/><a href=\"https:\/\/elcanillita.info\/press\/images\/2021\/03\/Buenos_d__as_Am__rica%20_03_09_2021.mp3\">https:\/\/elcanillita.info\/press\/images\/2021\/03\/Buenos_d__as_Am__rica%20_03_09_2021.mp3<\/a><\/audio>\n<hr \/>\n<p><strong>Avance Informativo &#8211; 7:00am<\/strong><\/p>\n<p>C\u00e1psula informativa de tres minutos con el acontecer noticioso de Estados Unidos y el mundo. [7:00am Hora de Washington].<\/p>\n<p><small>Desde los estudios de la Voz de Am\u00e9rica en Washington informa Henry Llanos.<\/small><\/p>\n<audio class=\"wp-audio-shortcode\" id=\"audio-1434-6\" preload=\"none\" style=\"width: 100%;\" controls=\"controls\"><source type=\"audio\/mpeg\" src=\"https:\/\/elcanillita.info\/press\/images\/2021\/03\/Avance_Informativo_-_7%2000am_20210309.mp3?_=6\" \/><a href=\"https:\/\/elcanillita.info\/press\/images\/2021\/03\/Avance_Informativo_-_7%2000am_20210309.mp3\">https:\/\/elcanillita.info\/press\/images\/2021\/03\/Avance_Informativo_-_7%2000am_20210309.mp3<\/a><\/audio>\n<hr \/>\n<p><strong>Biden nomina a dos mujeres para comandantes de cuatro estrella<br \/>\n<\/strong><br \/>\nEl presidente de Estados Unidos, Joe Biden, firma \u00f3rdenes sobre equidad de g\u00e9nero y nomina a dos mujeres para comandantes de cuatro estrellas.<\/p>\n<p><small>Informa Luis Alberto Facal de la Voz de Am\u00e9rica en Washington.<\/small><\/p>\n<audio class=\"wp-audio-shortcode\" id=\"audio-1434-7\" preload=\"none\" style=\"width: 100%;\" controls=\"controls\"><source type=\"audio\/mpeg\" src=\"https:\/\/elcanillita.info\/press\/images\/2021\/03\/Biden_-_D__a_Internacional_de_la_Mujer_20210309.mp3?_=7\" \/><a href=\"https:\/\/elcanillita.info\/press\/images\/2021\/03\/Biden_-_D__a_Internacional_de_la_Mujer_20210309.mp3\">https:\/\/elcanillita.info\/press\/images\/2021\/03\/Biden_-_D__a_Internacional_de_la_Mujer_20210309.mp3<\/a><\/audio>\n<hr \/>\n<p><strong>Avance Informativo &#8211; 6:00am<\/strong><\/p>\n<p>C\u00e1psula informativa de tres minutos con el acontecer noticioso de Estados Unidos y el mundo. [6:00am Hora de Washington].<\/p>\n<p><small>Desde los estudios de la Voz de Am\u00e9rica en Washington informa Henry Llanos.<\/small><\/p>\n<audio class=\"wp-audio-shortcode\" id=\"audio-1434-8\" preload=\"none\" style=\"width: 100%;\" controls=\"controls\"><source type=\"audio\/mpeg\" src=\"https:\/\/elcanillita.info\/press\/images\/2021\/03\/Avance_Informativo_-_6%2000am_20210309.mp3?_=8\" \/><a href=\"https:\/\/elcanillita.info\/press\/images\/2021\/03\/Avance_Informativo_-_6%2000am_20210309.mp3\">https:\/\/elcanillita.info\/press\/images\/2021\/03\/Avance_Informativo_-_6%2000am_20210309.mp3<\/a><\/audio>\n<hr \/>\n<p><strong>Centros de Control y Prevenci\u00f3n de Enfermedades<\/strong><br \/>\nReuniones de vacunados<\/p>\n<p>Quienes ya hayan recibido las vacunas pueden reunirse anuncian funcionarios de salud de Estados Unidos.<\/p>\n<p><small>Informa desde la Voz de Am\u00e9rica en Washington, Tony Cano<\/small><\/p>\n<audio class=\"wp-audio-shortcode\" id=\"audio-1434-9\" preload=\"none\" style=\"width: 100%;\" controls=\"controls\"><source type=\"audio\/mpeg\" src=\"https:\/\/elcanillita.info\/press\/images\/2021\/03\/CDC_reuniones_de_vacunados_20210309.mp3?_=9\" \/><a href=\"https:\/\/elcanillita.info\/press\/images\/2021\/03\/CDC_reuniones_de_vacunados_20210309.mp3\">https:\/\/elcanillita.info\/press\/images\/2021\/03\/CDC_reuniones_de_vacunados_20210309.mp3<\/a><\/audio>\n<hr \/>\n<p><strong>Janet Yellen: Tr\u00e1gico el impacto de la pandemia en la vida de las mujeres<\/strong><\/p>\n<p><small>Informa Leonardo Bonet, Voz de Am\u00e9rica, Washington<\/small><\/p>\n<audio class=\"wp-audio-shortcode\" id=\"audio-1434-10\" preload=\"none\" style=\"width: 100%;\" controls=\"controls\"><source type=\"audio\/mpeg\" src=\"https:\/\/elcanillita.info\/press\/images\/2021\/03\/Janet_Yellen%20_20210309.mp3?_=10\" \/><a href=\"https:\/\/elcanillita.info\/press\/images\/2021\/03\/Janet_Yellen%20_20210309.mp3\">https:\/\/elcanillita.info\/press\/images\/2021\/03\/Janet_Yellen%20_20210309.mp3<\/a><\/audio>\n<hr \/>\n<p><small>2021 \u00a9 SalaStampa.Eu, afiliada a la red Broadcasting Board of Governors &#8211; VOA \/ USAGM<\/small><\/p>\n","protected":false},"excerpt":{"rendered":"<p>Centros de Control y Prevenci\u00f3n de Enfermedades &#8211; Reuniones de vacunados<\/p>\n","protected":false},"author":1,"featured_media":1435,"comment_status":"closed","ping_status":"closed","sticky":false,"template":"","format":"standard","meta":{"footnotes":"","_links_to":"","_links_to_target":""},"categories":[89],"tags":[],"class_list":["post-1434","post","type-post","status-publish","format-standard","has-post-thumbnail","hentry","category-broadcasting","entry","double"],"yoast_head":"<!-- This site is optimized with the Yoast SEO plugin v27.5 - https:\/\/yoast.com\/product\/yoast-seo-wordpress\/ -->\n<title>Noticiero 09.03.2021 - ElCanillita.Info<\/title>\n<meta name=\"robots\" content=\"index, follow, max-snippet:-1, max-image-preview:large, max-video-preview:-1\" \/>\n<link rel=\"canonical\" href=\"https:\/\/elcanillita.info\/press\/2021\/03\/09\/noticiero-09-03-2021\/\" \/>\n<meta property=\"og:locale\" content=\"es_ES\" \/>\n<meta property=\"og:type\" content=\"article\" \/>\n<meta property=\"og:title\" content=\"Noticiero 09.03.2021 - ElCanillita.Info\" \/>\n<meta property=\"og:description\" content=\"Centros de Control y Prevenci\u00f3n de Enfermedades - Reuniones de vacunados\" \/>\n<meta property=\"og:url\" content=\"https:\/\/elcanillita.info\/press\/2021\/03\/09\/noticiero-09-03-2021\/\" \/>\n<meta property=\"og:site_name\" content=\"ElCanillita.Info\" \/>\n<meta property=\"article:publisher\" content=\"https:\/\/ar-ar.facebook.com\/ElCanillitainfo-114249515285712\/\" \/>\n<meta property=\"article:published_time\" content=\"2021-03-09T12:11:02+00:00\" \/>\n<meta property=\"article:modified_time\" content=\"2021-03-09T14:10:40+00:00\" \/>\n<meta property=\"og:image\" content=\"https:\/\/elcanillita.info\/press\/images\/2021\/03\/vacuna.jpg\" \/>\n\t<meta property=\"og:image:width\" content=\"600\" \/>\n\t<meta property=\"og:image:height\" content=\"450\" \/>\n\t<meta property=\"og:image:type\" content=\"image\/jpeg\" \/>\n<meta name=\"author\" content=\"SalaStampa.eu, world press service\" \/>\n<meta name=\"twitter:card\" content=\"summary_large_image\" \/>\n<meta name=\"twitter:label1\" content=\"Escrito por\" \/>\n\t<meta name=\"twitter:data1\" content=\"SalaStampa.eu, world press service\" \/>\n\t<meta name=\"twitter:label2\" content=\"Tiempo de lectura\" \/>\n\t<meta name=\"twitter:data2\" content=\"2 minutos\" \/>\n<script type=\"application\/ld+json\" class=\"yoast-schema-graph\">{\"@context\":\"https:\\\/\\\/schema.org\",\"@graph\":[{\"@type\":\"Article\",\"@id\":\"https:\\\/\\\/elcanillita.info\\\/press\\\/2021\\\/03\\\/09\\\/noticiero-09-03-2021\\\/#article\",\"isPartOf\":{\"@id\":\"https:\\\/\\\/elcanillita.info\\\/press\\\/2021\\\/03\\\/09\\\/noticiero-09-03-2021\\\/\"},\"author\":{\"name\":\"SalaStampa.eu, world press service\",\"@id\":\"https:\\\/\\\/elcanillita.info\\\/press\\\/#\\\/schema\\\/person\\\/7fcb79f38045700919f7da6d97e71ba0\"},\"headline\":\"Noticiero 09.03.2021\",\"datePublished\":\"2021-03-09T12:11:02+00:00\",\"dateModified\":\"2021-03-09T14:10:40+00:00\",\"mainEntityOfPage\":{\"@id\":\"https:\\\/\\\/elcanillita.info\\\/press\\\/2021\\\/03\\\/09\\\/noticiero-09-03-2021\\\/\"},\"wordCount\":553,\"publisher\":{\"@id\":\"https:\\\/\\\/elcanillita.info\\\/press\\\/#organization\"},\"image\":{\"@id\":\"https:\\\/\\\/elcanillita.info\\\/press\\\/2021\\\/03\\\/09\\\/noticiero-09-03-2021\\\/#primaryimage\"},\"thumbnailUrl\":\"https:\\\/\\\/elcanillita.info\\\/press\\\/images\\\/2021\\\/03\\\/vacuna.jpg\",\"articleSection\":[\"broadcasting\"],\"inLanguage\":\"es-AR\"},{\"@type\":\"WebPage\",\"@id\":\"https:\\\/\\\/elcanillita.info\\\/press\\\/2021\\\/03\\\/09\\\/noticiero-09-03-2021\\\/\",\"url\":\"https:\\\/\\\/elcanillita.info\\\/press\\\/2021\\\/03\\\/09\\\/noticiero-09-03-2021\\\/\",\"name\":\"Noticiero 09.03.2021 - ElCanillita.Info\",\"isPartOf\":{\"@id\":\"https:\\\/\\\/elcanillita.info\\\/press\\\/#website\"},\"primaryImageOfPage\":{\"@id\":\"https:\\\/\\\/elcanillita.info\\\/press\\\/2021\\\/03\\\/09\\\/noticiero-09-03-2021\\\/#primaryimage\"},\"image\":{\"@id\":\"https:\\\/\\\/elcanillita.info\\\/press\\\/2021\\\/03\\\/09\\\/noticiero-09-03-2021\\\/#primaryimage\"},\"thumbnailUrl\":\"https:\\\/\\\/elcanillita.info\\\/press\\\/images\\\/2021\\\/03\\\/vacuna.jpg\",\"datePublished\":\"2021-03-09T12:11:02+00:00\",\"dateModified\":\"2021-03-09T14:10:40+00:00\",\"inLanguage\":\"es-AR\",\"potentialAction\":[{\"@type\":\"ReadAction\",\"target\":[\"https:\\\/\\\/elcanillita.info\\\/press\\\/2021\\\/03\\\/09\\\/noticiero-09-03-2021\\\/\"]}]},{\"@type\":\"ImageObject\",\"inLanguage\":\"es-AR\",\"@id\":\"https:\\\/\\\/elcanillita.info\\\/press\\\/2021\\\/03\\\/09\\\/noticiero-09-03-2021\\\/#primaryimage\",\"url\":\"https:\\\/\\\/elcanillita.info\\\/press\\\/images\\\/2021\\\/03\\\/vacuna.jpg\",\"contentUrl\":\"https:\\\/\\\/elcanillita.info\\\/press\\\/images\\\/2021\\\/03\\\/vacuna.jpg\",\"width\":600,\"height\":450},{\"@type\":\"WebSite\",\"@id\":\"https:\\\/\\\/elcanillita.info\\\/press\\\/#website\",\"url\":\"https:\\\/\\\/elcanillita.info\\\/press\\\/\",\"name\":\"ElCanillita.Info\",\"description\":\"desde los Apeninos a los Andes\",\"publisher\":{\"@id\":\"https:\\\/\\\/elcanillita.info\\\/press\\\/#organization\"},\"potentialAction\":[{\"@type\":\"SearchAction\",\"target\":{\"@type\":\"EntryPoint\",\"urlTemplate\":\"https:\\\/\\\/elcanillita.info\\\/press\\\/?s={search_term_string}\"},\"query-input\":{\"@type\":\"PropertyValueSpecification\",\"valueRequired\":true,\"valueName\":\"search_term_string\"}}],\"inLanguage\":\"es-AR\"},{\"@type\":\"Organization\",\"@id\":\"https:\\\/\\\/elcanillita.info\\\/press\\\/#organization\",\"name\":\"Guzzo Photos & Graphic Publications\",\"url\":\"https:\\\/\\\/elcanillita.info\\\/press\\\/\",\"logo\":{\"@type\":\"ImageObject\",\"inLanguage\":\"es-AR\",\"@id\":\"https:\\\/\\\/elcanillita.info\\\/press\\\/#\\\/schema\\\/logo\\\/image\\\/\",\"url\":\"https:\\\/\\\/elcanillita.info\\\/press\\\/images\\\/2020\\\/01\\\/cropped-cropped-cropped-elcanillitainfo.png\",\"contentUrl\":\"https:\\\/\\\/elcanillita.info\\\/press\\\/images\\\/2020\\\/01\\\/cropped-cropped-cropped-elcanillitainfo.png\",\"width\":460,\"height\":50,\"caption\":\"Guzzo Photos & Graphic Publications\"},\"image\":{\"@id\":\"https:\\\/\\\/elcanillita.info\\\/press\\\/#\\\/schema\\\/logo\\\/image\\\/\"},\"sameAs\":[\"https:\\\/\\\/ar-ar.facebook.com\\\/ElCanillitainfo-114249515285712\\\/\"]},{\"@type\":\"Person\",\"@id\":\"https:\\\/\\\/elcanillita.info\\\/press\\\/#\\\/schema\\\/person\\\/7fcb79f38045700919f7da6d97e71ba0\",\"name\":\"SalaStampa.eu, world press service\",\"image\":{\"@type\":\"ImageObject\",\"inLanguage\":\"es-AR\",\"@id\":\"https:\\\/\\\/secure.gravatar.com\\\/avatar\\\/c2f0e0d515a107624234994507816ca4724c7199cef73fc8bedebf6931d73888?s=96&d=mm&r=g\",\"url\":\"https:\\\/\\\/secure.gravatar.com\\\/avatar\\\/c2f0e0d515a107624234994507816ca4724c7199cef73fc8bedebf6931d73888?s=96&d=mm&r=g\",\"contentUrl\":\"https:\\\/\\\/secure.gravatar.com\\\/avatar\\\/c2f0e0d515a107624234994507816ca4724c7199cef73fc8bedebf6931d73888?s=96&d=mm&r=g\",\"caption\":\"SalaStampa.eu, world press service\"}}]}<\/script>\n<!-- \/ Yoast SEO plugin. -->","yoast_head_json":{"title":"Noticiero 09.03.2021 - ElCanillita.Info","robots":{"index":"index","follow":"follow","max-snippet":"max-snippet:-1","max-image-preview":"max-image-preview:large","max-video-preview":"max-video-preview:-1"},"canonical":"https:\/\/elcanillita.info\/press\/2021\/03\/09\/noticiero-09-03-2021\/","og_locale":"es_ES","og_type":"article","og_title":"Noticiero 09.03.2021 - ElCanillita.Info","og_description":"Centros de Control y Prevenci\u00f3n de Enfermedades - Reuniones de vacunados","og_url":"https:\/\/elcanillita.info\/press\/2021\/03\/09\/noticiero-09-03-2021\/","og_site_name":"ElCanillita.Info","article_publisher":"https:\/\/ar-ar.facebook.com\/ElCanillitainfo-114249515285712\/","article_published_time":"2021-03-09T12:11:02+00:00","article_modified_time":"2021-03-09T14:10:40+00:00","og_image":[{"width":600,"height":450,"url":"https:\/\/elcanillita.info\/press\/images\/2021\/03\/vacuna.jpg","type":"image\/jpeg"}],"author":"SalaStampa.eu, world press service","twitter_card":"summary_large_image","twitter_misc":{"Escrito por":"SalaStampa.eu, world press service","Tiempo de lectura":"2 minutos"},"schema":{"@context":"https:\/\/schema.org","@graph":[{"@type":"Article","@id":"https:\/\/elcanillita.info\/press\/2021\/03\/09\/noticiero-09-03-2021\/#article","isPartOf":{"@id":"https:\/\/elcanillita.info\/press\/2021\/03\/09\/noticiero-09-03-2021\/"},"author":{"name":"SalaStampa.eu, world press service","@id":"https:\/\/elcanillita.info\/press\/#\/schema\/person\/7fcb79f38045700919f7da6d97e71ba0"},"headline":"Noticiero 09.03.2021","datePublished":"2021-03-09T12:11:02+00:00","dateModified":"2021-03-09T14:10:40+00:00","mainEntityOfPage":{"@id":"https:\/\/elcanillita.info\/press\/2021\/03\/09\/noticiero-09-03-2021\/"},"wordCount":553,"publisher":{"@id":"https:\/\/elcanillita.info\/press\/#organization"},"image":{"@id":"https:\/\/elcanillita.info\/press\/2021\/03\/09\/noticiero-09-03-2021\/#primaryimage"},"thumbnailUrl":"https:\/\/elcanillita.info\/press\/images\/2021\/03\/vacuna.jpg","articleSection":["broadcasting"],"inLanguage":"es-AR"},{"@type":"WebPage","@id":"https:\/\/elcanillita.info\/press\/2021\/03\/09\/noticiero-09-03-2021\/","url":"https:\/\/elcanillita.info\/press\/2021\/03\/09\/noticiero-09-03-2021\/","name":"Noticiero 09.03.2021 - ElCanillita.Info","isPartOf":{"@id":"https:\/\/elcanillita.info\/press\/#website"},"primaryImageOfPage":{"@id":"https:\/\/elcanillita.info\/press\/2021\/03\/09\/noticiero-09-03-2021\/#primaryimage"},"image":{"@id":"https:\/\/elcanillita.info\/press\/2021\/03\/09\/noticiero-09-03-2021\/#primaryimage"},"thumbnailUrl":"https:\/\/elcanillita.info\/press\/images\/2021\/03\/vacuna.jpg","datePublished":"2021-03-09T12:11:02+00:00","dateModified":"2021-03-09T14:10:40+00:00","inLanguage":"es-AR","potentialAction":[{"@type":"ReadAction","target":["https:\/\/elcanillita.info\/press\/2021\/03\/09\/noticiero-09-03-2021\/"]}]},{"@type":"ImageObject","inLanguage":"es-AR","@id":"https:\/\/elcanillita.info\/press\/2021\/03\/09\/noticiero-09-03-2021\/#primaryimage","url":"https:\/\/elcanillita.info\/press\/images\/2021\/03\/vacuna.jpg","contentUrl":"https:\/\/elcanillita.info\/press\/images\/2021\/03\/vacuna.jpg","width":600,"height":450},{"@type":"WebSite","@id":"https:\/\/elcanillita.info\/press\/#website","url":"https:\/\/elcanillita.info\/press\/","name":"ElCanillita.Info","description":"desde los Apeninos a los Andes","publisher":{"@id":"https:\/\/elcanillita.info\/press\/#organization"},"potentialAction":[{"@type":"SearchAction","target":{"@type":"EntryPoint","urlTemplate":"https:\/\/elcanillita.info\/press\/?s={search_term_string}"},"query-input":{"@type":"PropertyValueSpecification","valueRequired":true,"valueName":"search_term_string"}}],"inLanguage":"es-AR"},{"@type":"Organization","@id":"https:\/\/elcanillita.info\/press\/#organization","name":"Guzzo Photos & Graphic Publications","url":"https:\/\/elcanillita.info\/press\/","logo":{"@type":"ImageObject","inLanguage":"es-AR","@id":"https:\/\/elcanillita.info\/press\/#\/schema\/logo\/image\/","url":"https:\/\/elcanillita.info\/press\/images\/2020\/01\/cropped-cropped-cropped-elcanillitainfo.png","contentUrl":"https:\/\/elcanillita.info\/press\/images\/2020\/01\/cropped-cropped-cropped-elcanillitainfo.png","width":460,"height":50,"caption":"Guzzo Photos & Graphic Publications"},"image":{"@id":"https:\/\/elcanillita.info\/press\/#\/schema\/logo\/image\/"},"sameAs":["https:\/\/ar-ar.facebook.com\/ElCanillitainfo-114249515285712\/"]},{"@type":"Person","@id":"https:\/\/elcanillita.info\/press\/#\/schema\/person\/7fcb79f38045700919f7da6d97e71ba0","name":"SalaStampa.eu, world press service","image":{"@type":"ImageObject","inLanguage":"es-AR","@id":"https:\/\/secure.gravatar.com\/avatar\/c2f0e0d515a107624234994507816ca4724c7199cef73fc8bedebf6931d73888?s=96&d=mm&r=g","url":"https:\/\/secure.gravatar.com\/avatar\/c2f0e0d515a107624234994507816ca4724c7199cef73fc8bedebf6931d73888?s=96&d=mm&r=g","contentUrl":"https:\/\/secure.gravatar.com\/avatar\/c2f0e0d515a107624234994507816ca4724c7199cef73fc8bedebf6931d73888?s=96&d=mm&r=g","caption":"SalaStampa.eu, world press service"}}]}},"views":614,"_links":{"self":[{"href":"https:\/\/elcanillita.info\/press\/wp-json\/wp\/v2\/posts\/1434","targetHints":{"allow":["GET"]}}],"collection":[{"href":"https:\/\/elcanillita.info\/press\/wp-json\/wp\/v2\/posts"}],"about":[{"href":"https:\/\/elcanillita.info\/press\/wp-json\/wp\/v2\/types\/post"}],"author":[{"embeddable":true,"href":"https:\/\/elcanillita.info\/press\/wp-json\/wp\/v2\/users\/1"}],"replies":[{"embeddable":true,"href":"https:\/\/elcanillita.info\/press\/wp-json\/wp\/v2\/comments?post=1434"}],"version-history":[{"count":0,"href":"https:\/\/elcanillita.info\/press\/wp-json\/wp\/v2\/posts\/1434\/revisions"}],"wp:featuredmedia":[{"embeddable":true,"href":"https:\/\/elcanillita.info\/press\/wp-json\/wp\/v2\/media\/1435"}],"wp:attachment":[{"href":"https:\/\/elcanillita.info\/press\/wp-json\/wp\/v2\/media?parent=1434"}],"wp:term":[{"taxonomy":"category","embeddable":true,"href":"https:\/\/elcanillita.info\/press\/wp-json\/wp\/v2\/categories?post=1434"},{"taxonomy":"post_tag","embeddable":true,"href":"https:\/\/elcanillita.info\/press\/wp-json\/wp\/v2\/tags?post=1434"}],"curies":[{"name":"wp","href":"https:\/\/api.w.org\/{rel}","templated":true}]}}