{"id":143,"date":"2020-01-15T18:08:00","date_gmt":"2020-01-15T21:08:00","guid":{"rendered":"https:\/\/elcanillita.info\/press\/?p=143"},"modified":"2020-01-17T15:53:39","modified_gmt":"2020-01-17T18:53:39","slug":"medvedev-gobierno-ruso-renuncia-para-dar-espacio-a-cambios-constitucionales","status":"publish","type":"post","link":"https:\/\/elcanillita.info\/press\/2020\/01\/15\/medvedev-gobierno-ruso-renuncia-para-dar-espacio-a-cambios-constitucionales\/","title":{"rendered":"Medvedev: gobierno ruso renuncia para dar espacio a cambios constitucionales"},"content":{"rendered":"\n<p>Mosc\u00fa, 15.01.2020 &#8211; El primer ministro ruso, Dmitry Medvedev, anunci\u00f3 el mi\u00e9rcoles que el gobierno que encabeza renunci\u00f3 a fin de darle espacio al presidente Vladimir Putin para realizar los cambios que quiere a la Constituci\u00f3n del pa\u00eds.<\/p>\n\n\n\n<p>Medvedev realiz\u00f3 el anuncio en la televisi\u00f3n estatal, con Putin a su lado.<br>\nVladimir Putin propuso el mi\u00e9rcoles una votaci\u00f3n en&nbsp;Rusia&nbsp;sobre profundos cambios constitucionales que dar\u00edan mayor poder al Parlamento y al primer ministro ruso en detrimento del presidente, una medida que podr\u00eda permitirle mantenerse en el poder tras abandonar el Kremlin.<\/p>\n\n\n\n<p>Putin dijo a la \u00e9lite pol\u00edtica del pa\u00eds el mi\u00e9rcoles en su discurso anual sobre el estado de la naci\u00f3n que est\u00e1 a favor de cambiar la Constituci\u00f3n para entregar a la Duma, la c\u00e1mara Baja del Parlamento, el poder de elegir al primer ministro de&nbsp;Rusia&nbsp;y otros cargos clave.<\/p>\n\n\n\n<p>&#8220;Por supuesto, estos son cambios muy serios al sistema pol\u00edtico&#8221;, dijo Putin, quien agreg\u00f3 que cree que el Parlamento y la sociedad civil est\u00e1n listos para los cambios. &#8220;Aumentar\u00eda el papel y la importancia del Parlamento del pa\u00eds (\u2026) y la independencia y responsabilidad del primer ministro&#8221;.<\/p>\n\n\n\n<p>El mandatario le agradeci\u00f3 a Medvedev, aliado cercano, por su labor.<\/p>\n\n\n\n<p>Medvedev, estrecho aliado de Putin, fue primer ministro de Rusia desde 2012. Fue presidente los cuatro a\u00f1os anteriores, de 2008 a 2012, virtualmente apartando el lugar a Putin cuando \u00e9l dirigi\u00f3 la oficina de primer ministro porque la constituci\u00f3n limita el mandato de la presidencia.<\/p>\n\n\n\n<p>Medvedev obedientemente renunci\u00f3 apenas un a\u00f1o despu\u00e9s de ser presidente y permiti\u00f3 que Putin tomara el puesto principal, en lo que fue ampliamente considerada una c\u00ednica maniobra pol\u00edtica y provoc\u00f3 enormes protestas en Mosc\u00fa.<\/p>\n\n\n\n<p>Putin pidi\u00f3 a los miembros del gabinete de Medvedev seguir con sus puestos hasta que se forme un nuevo gabinete.<\/p>\n\n\n\n<p>Ambos gobernantes aparecieron juntos en el anuncio oficial, en el que&nbsp;Putin agradeci\u00f3 a Medvedev por su trabajo.<\/p>\n\n\n\n<p>Putin dijo que nombrar\u00e1 a Medvedev, un aliado suyo, como diputado del Consejo de Seguridad presidencial.<\/p>\n\n\n\n<p>La agencia Reuters inform\u00f3 que los posibles candidatos para reemplazar a Medvedev son el alcalde de Mosc\u00fa, Sergei Sobyanin;&nbsp;el ministro de Econom\u00eda,&nbsp;Dmitry Oreshkin, y el ministro de Energ\u00eda, Alexander Novak.<\/p>\n\n\n\n<p>Putin, de 67 a\u00f1os y quien ha sido mandatario o primer ministro desde 1999, renunciar\u00e1 en 2024 cuando finalice su cuarto periodo presidencial.<br>\nTodav\u00eda no ha dicho qu\u00e9 planea hacer cuando expire su mandato, pero seg\u00fan la actual Constituci\u00f3n, que proh\u00edbe a cualquiera cumplir m\u00e1s de dos mandatos presidenciales sucesivos, Putin tiene prohibido volver a presentarse de inmediato.<\/p>\n\n\n\n<p>Con informaci\u00f3n de AP y Reuters. <\/p>\n\n\n\n<p><small>2020 voanoticias \u2013 salastampa.eu, afiliada a la red Broadcasting Board of Governors \u00a9 2020 BBG<\/small><\/p>\n","protected":false},"excerpt":{"rendered":"<p>Mosc\u00fa, 15.01.2020 &#8211; El primer ministro ruso, Dmitry Medvedev, anunci\u00f3 el mi\u00e9rcoles que el gobierno que encabeza renunci\u00f3 a fin de darle espacio al presidente Vladimir Putin para realizar los cambios que quiere a la Constituci\u00f3n del pa\u00eds.<\/p>\n","protected":false},"author":1,"featured_media":0,"comment_status":"closed","ping_status":"closed","sticky":false,"template":"","format":"standard","meta":{"footnotes":"","_links_to":"","_links_to_target":""},"categories":[7,23],"tags":[49],"class_list":["post-143","post","type-post","status-publish","format-standard","hentry","category-eurasia","category-politica","tag-rusia","entry","double"],"yoast_head":"<!-- This site is optimized with the Yoast SEO plugin v27.4 - https:\/\/yoast.com\/product\/yoast-seo-wordpress\/ -->\n<title>Medvedev: gobierno ruso renuncia para dar espacio a cambios constitucionales - ElCanillita.Info<\/title>\n<meta name=\"robots\" content=\"index, follow, max-snippet:-1, max-image-preview:large, max-video-preview:-1\" \/>\n<link rel=\"canonical\" href=\"https:\/\/elcanillita.info\/press\/2020\/01\/15\/medvedev-gobierno-ruso-renuncia-para-dar-espacio-a-cambios-constitucionales\/\" \/>\n<meta property=\"og:locale\" content=\"es_ES\" \/>\n<meta property=\"og:type\" content=\"article\" \/>\n<meta property=\"og:title\" content=\"Medvedev: gobierno ruso renuncia para dar espacio a cambios constitucionales - ElCanillita.Info\" \/>\n<meta property=\"og:description\" content=\"Mosc\u00fa, 15.01.2020 - El primer ministro ruso, Dmitry Medvedev, anunci\u00f3 el mi\u00e9rcoles que el gobierno que encabeza renunci\u00f3 a fin de darle espacio al presidente Vladimir Putin para realizar los cambios que quiere a la Constituci\u00f3n del pa\u00eds.\" \/>\n<meta property=\"og:url\" content=\"https:\/\/elcanillita.info\/press\/2020\/01\/15\/medvedev-gobierno-ruso-renuncia-para-dar-espacio-a-cambios-constitucionales\/\" \/>\n<meta property=\"og:site_name\" content=\"ElCanillita.Info\" \/>\n<meta property=\"article:publisher\" content=\"https:\/\/ar-ar.facebook.com\/ElCanillitainfo-114249515285712\/\" \/>\n<meta property=\"article:published_time\" content=\"2020-01-15T21:08:00+00:00\" \/>\n<meta property=\"article:modified_time\" content=\"2020-01-17T18:53:39+00:00\" \/>\n<meta name=\"author\" content=\"SalaStampa.eu, world press service\" \/>\n<meta name=\"twitter:card\" content=\"summary_large_image\" \/>\n<meta name=\"twitter:label1\" content=\"Escrito por\" \/>\n\t<meta name=\"twitter:data1\" content=\"SalaStampa.eu, world press service\" \/>\n\t<meta name=\"twitter:label2\" content=\"Tiempo de lectura\" \/>\n\t<meta name=\"twitter:data2\" content=\"2 minutos\" \/>\n<script type=\"application\/ld+json\" class=\"yoast-schema-graph\">{\"@context\":\"https:\\\/\\\/schema.org\",\"@graph\":[{\"@type\":\"Article\",\"@id\":\"https:\\\/\\\/elcanillita.info\\\/press\\\/2020\\\/01\\\/15\\\/medvedev-gobierno-ruso-renuncia-para-dar-espacio-a-cambios-constitucionales\\\/#article\",\"isPartOf\":{\"@id\":\"https:\\\/\\\/elcanillita.info\\\/press\\\/2020\\\/01\\\/15\\\/medvedev-gobierno-ruso-renuncia-para-dar-espacio-a-cambios-constitucionales\\\/\"},\"author\":{\"name\":\"SalaStampa.eu, world press service\",\"@id\":\"https:\\\/\\\/elcanillita.info\\\/press\\\/#\\\/schema\\\/person\\\/7fcb79f38045700919f7da6d97e71ba0\"},\"headline\":\"Medvedev: gobierno ruso renuncia para dar espacio a cambios constitucionales\",\"datePublished\":\"2020-01-15T21:08:00+00:00\",\"dateModified\":\"2020-01-17T18:53:39+00:00\",\"mainEntityOfPage\":{\"@id\":\"https:\\\/\\\/elcanillita.info\\\/press\\\/2020\\\/01\\\/15\\\/medvedev-gobierno-ruso-renuncia-para-dar-espacio-a-cambios-constitucionales\\\/\"},\"wordCount\":484,\"publisher\":{\"@id\":\"https:\\\/\\\/elcanillita.info\\\/press\\\/#organization\"},\"keywords\":[\"Rusia\"],\"articleSection\":[\"Eurasia\",\"Politica\"],\"inLanguage\":\"es-AR\"},{\"@type\":\"WebPage\",\"@id\":\"https:\\\/\\\/elcanillita.info\\\/press\\\/2020\\\/01\\\/15\\\/medvedev-gobierno-ruso-renuncia-para-dar-espacio-a-cambios-constitucionales\\\/\",\"url\":\"https:\\\/\\\/elcanillita.info\\\/press\\\/2020\\\/01\\\/15\\\/medvedev-gobierno-ruso-renuncia-para-dar-espacio-a-cambios-constitucionales\\\/\",\"name\":\"Medvedev: gobierno ruso renuncia para dar espacio a cambios constitucionales - ElCanillita.Info\",\"isPartOf\":{\"@id\":\"https:\\\/\\\/elcanillita.info\\\/press\\\/#website\"},\"datePublished\":\"2020-01-15T21:08:00+00:00\",\"dateModified\":\"2020-01-17T18:53:39+00:00\",\"inLanguage\":\"es-AR\",\"potentialAction\":[{\"@type\":\"ReadAction\",\"target\":[\"https:\\\/\\\/elcanillita.info\\\/press\\\/2020\\\/01\\\/15\\\/medvedev-gobierno-ruso-renuncia-para-dar-espacio-a-cambios-constitucionales\\\/\"]}]},{\"@type\":\"WebSite\",\"@id\":\"https:\\\/\\\/elcanillita.info\\\/press\\\/#website\",\"url\":\"https:\\\/\\\/elcanillita.info\\\/press\\\/\",\"name\":\"ElCanillita.Info\",\"description\":\"desde los Apeninos a los Andes\",\"publisher\":{\"@id\":\"https:\\\/\\\/elcanillita.info\\\/press\\\/#organization\"},\"potentialAction\":[{\"@type\":\"SearchAction\",\"target\":{\"@type\":\"EntryPoint\",\"urlTemplate\":\"https:\\\/\\\/elcanillita.info\\\/press\\\/?s={search_term_string}\"},\"query-input\":{\"@type\":\"PropertyValueSpecification\",\"valueRequired\":true,\"valueName\":\"search_term_string\"}}],\"inLanguage\":\"es-AR\"},{\"@type\":\"Organization\",\"@id\":\"https:\\\/\\\/elcanillita.info\\\/press\\\/#organization\",\"name\":\"Guzzo Photos & Graphic Publications\",\"url\":\"https:\\\/\\\/elcanillita.info\\\/press\\\/\",\"logo\":{\"@type\":\"ImageObject\",\"inLanguage\":\"es-AR\",\"@id\":\"https:\\\/\\\/elcanillita.info\\\/press\\\/#\\\/schema\\\/logo\\\/image\\\/\",\"url\":\"https:\\\/\\\/elcanillita.info\\\/press\\\/images\\\/2020\\\/01\\\/cropped-cropped-cropped-elcanillitainfo.png\",\"contentUrl\":\"https:\\\/\\\/elcanillita.info\\\/press\\\/images\\\/2020\\\/01\\\/cropped-cropped-cropped-elcanillitainfo.png\",\"width\":460,\"height\":50,\"caption\":\"Guzzo Photos & Graphic Publications\"},\"image\":{\"@id\":\"https:\\\/\\\/elcanillita.info\\\/press\\\/#\\\/schema\\\/logo\\\/image\\\/\"},\"sameAs\":[\"https:\\\/\\\/ar-ar.facebook.com\\\/ElCanillitainfo-114249515285712\\\/\"]},{\"@type\":\"Person\",\"@id\":\"https:\\\/\\\/elcanillita.info\\\/press\\\/#\\\/schema\\\/person\\\/7fcb79f38045700919f7da6d97e71ba0\",\"name\":\"SalaStampa.eu, world press service\",\"image\":{\"@type\":\"ImageObject\",\"inLanguage\":\"es-AR\",\"@id\":\"https:\\\/\\\/secure.gravatar.com\\\/avatar\\\/c2f0e0d515a107624234994507816ca4724c7199cef73fc8bedebf6931d73888?s=96&d=mm&r=g\",\"url\":\"https:\\\/\\\/secure.gravatar.com\\\/avatar\\\/c2f0e0d515a107624234994507816ca4724c7199cef73fc8bedebf6931d73888?s=96&d=mm&r=g\",\"contentUrl\":\"https:\\\/\\\/secure.gravatar.com\\\/avatar\\\/c2f0e0d515a107624234994507816ca4724c7199cef73fc8bedebf6931d73888?s=96&d=mm&r=g\",\"caption\":\"SalaStampa.eu, world press service\"}}]}<\/script>\n<!-- \/ Yoast SEO plugin. -->","yoast_head_json":{"title":"Medvedev: gobierno ruso renuncia para dar espacio a cambios constitucionales - ElCanillita.Info","robots":{"index":"index","follow":"follow","max-snippet":"max-snippet:-1","max-image-preview":"max-image-preview:large","max-video-preview":"max-video-preview:-1"},"canonical":"https:\/\/elcanillita.info\/press\/2020\/01\/15\/medvedev-gobierno-ruso-renuncia-para-dar-espacio-a-cambios-constitucionales\/","og_locale":"es_ES","og_type":"article","og_title":"Medvedev: gobierno ruso renuncia para dar espacio a cambios constitucionales - ElCanillita.Info","og_description":"Mosc\u00fa, 15.01.2020 - El primer ministro ruso, Dmitry Medvedev, anunci\u00f3 el mi\u00e9rcoles que el gobierno que encabeza renunci\u00f3 a fin de darle espacio al presidente Vladimir Putin para realizar los cambios que quiere a la Constituci\u00f3n del pa\u00eds.","og_url":"https:\/\/elcanillita.info\/press\/2020\/01\/15\/medvedev-gobierno-ruso-renuncia-para-dar-espacio-a-cambios-constitucionales\/","og_site_name":"ElCanillita.Info","article_publisher":"https:\/\/ar-ar.facebook.com\/ElCanillitainfo-114249515285712\/","article_published_time":"2020-01-15T21:08:00+00:00","article_modified_time":"2020-01-17T18:53:39+00:00","author":"SalaStampa.eu, world press service","twitter_card":"summary_large_image","twitter_misc":{"Escrito por":"SalaStampa.eu, world press service","Tiempo de lectura":"2 minutos"},"schema":{"@context":"https:\/\/schema.org","@graph":[{"@type":"Article","@id":"https:\/\/elcanillita.info\/press\/2020\/01\/15\/medvedev-gobierno-ruso-renuncia-para-dar-espacio-a-cambios-constitucionales\/#article","isPartOf":{"@id":"https:\/\/elcanillita.info\/press\/2020\/01\/15\/medvedev-gobierno-ruso-renuncia-para-dar-espacio-a-cambios-constitucionales\/"},"author":{"name":"SalaStampa.eu, world press service","@id":"https:\/\/elcanillita.info\/press\/#\/schema\/person\/7fcb79f38045700919f7da6d97e71ba0"},"headline":"Medvedev: gobierno ruso renuncia para dar espacio a cambios constitucionales","datePublished":"2020-01-15T21:08:00+00:00","dateModified":"2020-01-17T18:53:39+00:00","mainEntityOfPage":{"@id":"https:\/\/elcanillita.info\/press\/2020\/01\/15\/medvedev-gobierno-ruso-renuncia-para-dar-espacio-a-cambios-constitucionales\/"},"wordCount":484,"publisher":{"@id":"https:\/\/elcanillita.info\/press\/#organization"},"keywords":["Rusia"],"articleSection":["Eurasia","Politica"],"inLanguage":"es-AR"},{"@type":"WebPage","@id":"https:\/\/elcanillita.info\/press\/2020\/01\/15\/medvedev-gobierno-ruso-renuncia-para-dar-espacio-a-cambios-constitucionales\/","url":"https:\/\/elcanillita.info\/press\/2020\/01\/15\/medvedev-gobierno-ruso-renuncia-para-dar-espacio-a-cambios-constitucionales\/","name":"Medvedev: gobierno ruso renuncia para dar espacio a cambios constitucionales - ElCanillita.Info","isPartOf":{"@id":"https:\/\/elcanillita.info\/press\/#website"},"datePublished":"2020-01-15T21:08:00+00:00","dateModified":"2020-01-17T18:53:39+00:00","inLanguage":"es-AR","potentialAction":[{"@type":"ReadAction","target":["https:\/\/elcanillita.info\/press\/2020\/01\/15\/medvedev-gobierno-ruso-renuncia-para-dar-espacio-a-cambios-constitucionales\/"]}]},{"@type":"WebSite","@id":"https:\/\/elcanillita.info\/press\/#website","url":"https:\/\/elcanillita.info\/press\/","name":"ElCanillita.Info","description":"desde los Apeninos a los Andes","publisher":{"@id":"https:\/\/elcanillita.info\/press\/#organization"},"potentialAction":[{"@type":"SearchAction","target":{"@type":"EntryPoint","urlTemplate":"https:\/\/elcanillita.info\/press\/?s={search_term_string}"},"query-input":{"@type":"PropertyValueSpecification","valueRequired":true,"valueName":"search_term_string"}}],"inLanguage":"es-AR"},{"@type":"Organization","@id":"https:\/\/elcanillita.info\/press\/#organization","name":"Guzzo Photos & Graphic Publications","url":"https:\/\/elcanillita.info\/press\/","logo":{"@type":"ImageObject","inLanguage":"es-AR","@id":"https:\/\/elcanillita.info\/press\/#\/schema\/logo\/image\/","url":"https:\/\/elcanillita.info\/press\/images\/2020\/01\/cropped-cropped-cropped-elcanillitainfo.png","contentUrl":"https:\/\/elcanillita.info\/press\/images\/2020\/01\/cropped-cropped-cropped-elcanillitainfo.png","width":460,"height":50,"caption":"Guzzo Photos & Graphic Publications"},"image":{"@id":"https:\/\/elcanillita.info\/press\/#\/schema\/logo\/image\/"},"sameAs":["https:\/\/ar-ar.facebook.com\/ElCanillitainfo-114249515285712\/"]},{"@type":"Person","@id":"https:\/\/elcanillita.info\/press\/#\/schema\/person\/7fcb79f38045700919f7da6d97e71ba0","name":"SalaStampa.eu, world press service","image":{"@type":"ImageObject","inLanguage":"es-AR","@id":"https:\/\/secure.gravatar.com\/avatar\/c2f0e0d515a107624234994507816ca4724c7199cef73fc8bedebf6931d73888?s=96&d=mm&r=g","url":"https:\/\/secure.gravatar.com\/avatar\/c2f0e0d515a107624234994507816ca4724c7199cef73fc8bedebf6931d73888?s=96&d=mm&r=g","contentUrl":"https:\/\/secure.gravatar.com\/avatar\/c2f0e0d515a107624234994507816ca4724c7199cef73fc8bedebf6931d73888?s=96&d=mm&r=g","caption":"SalaStampa.eu, world press service"}}]}},"views":686,"_links":{"self":[{"href":"https:\/\/elcanillita.info\/press\/wp-json\/wp\/v2\/posts\/143","targetHints":{"allow":["GET"]}}],"collection":[{"href":"https:\/\/elcanillita.info\/press\/wp-json\/wp\/v2\/posts"}],"about":[{"href":"https:\/\/elcanillita.info\/press\/wp-json\/wp\/v2\/types\/post"}],"author":[{"embeddable":true,"href":"https:\/\/elcanillita.info\/press\/wp-json\/wp\/v2\/users\/1"}],"replies":[{"embeddable":true,"href":"https:\/\/elcanillita.info\/press\/wp-json\/wp\/v2\/comments?post=143"}],"version-history":[{"count":0,"href":"https:\/\/elcanillita.info\/press\/wp-json\/wp\/v2\/posts\/143\/revisions"}],"wp:attachment":[{"href":"https:\/\/elcanillita.info\/press\/wp-json\/wp\/v2\/media?parent=143"}],"wp:term":[{"taxonomy":"category","embeddable":true,"href":"https:\/\/elcanillita.info\/press\/wp-json\/wp\/v2\/categories?post=143"},{"taxonomy":"post_tag","embeddable":true,"href":"https:\/\/elcanillita.info\/press\/wp-json\/wp\/v2\/tags?post=143"}],"curies":[{"name":"wp","href":"https:\/\/api.w.org\/{rel}","templated":true}]}}