{"id":1416,"date":"2021-02-03T07:58:38","date_gmt":"2021-02-03T10:58:38","guid":{"rendered":"https:\/\/elcanillita.info\/press\/?p=1416"},"modified":"2021-03-09T08:29:48","modified_gmt":"2021-03-09T11:29:48","slug":"religiosos-ciudad-natal-uigures-detenidos","status":"publish","type":"post","link":"https:\/\/elcanillita.info\/press\/2021\/02\/03\/religiosos-ciudad-natal-uigures-detenidos\/","title":{"rendered":"Religiosos uigures han sido detenidos"},"content":{"rendered":"\n<figure class=\"wp-block-image size-large\"><img loading=\"lazy\" decoding=\"async\" width=\"620\" height=\"348\" src=\"https:\/\/elcanillita.info\/press\/images\/2021\/02\/uigures_20210203.jpg\" alt=\"\" class=\"wp-image-1417\" srcset=\"https:\/\/elcanillita.info\/press\/images\/2021\/02\/uigures_20210203.jpg 620w, https:\/\/elcanillita.info\/press\/images\/2021\/02\/uigures_20210203-300x168.jpg 300w\" sizes=\"auto, (max-width: 620px) 100vw, 620px\" \/><figcaption><small><strong>Los imanes y los funcionarios del gobierno pasan por debajo de las c\u00e1maras de seguridad mientras salen de la mezquita de Id Kah durante un viaje organizado por el gobierno en Kashgar, XUAR, el 4\/01\/2019. Reuters<\/strong><\/small><\/figcaption><\/figure>\n\n\n\n<p>Las autoridades han detenido a dos tercios de los l\u00edderes religiosos en un municipio, donde un hombre que dice ser un im\u00e1n, condena a Estados Unidos, por se\u00f1alar abusos en la regi\u00f3n aut\u00f3noma de Xinjiang (XUAR), en el noroeste de China, como el genocidio, seg\u00fan los funcionarios.<br><br>El 19 de Enero -su \u00faltimo d\u00eda completo como jefe de la diplomacia estadounidense- el exsecretario de Estado Mike Pompeo dijo que las pol\u00edticas chinas en la XUAR tienen como objetivo la asimilaci\u00f3n forzada y la eventual eliminaci\u00f3n de un grupo minoritario \u00e9tnico y religioso vulnerable, declararando que los grupos de exiliados uigures han defendido revelando en 2017, que los campos de internamiento masivo han detenido hasta 1,8 millones de uigures y otras minor\u00edas musulmanas.<\/p>\n\n\n\n<p>Pompeo dijo que hab\u00eda determinado que China est\u00e1 &#8220;cometiendo genocidio y cr\u00edmenes contra la humanidad&#8221; en la RXU contra los uigures y otros grupos \u00e9tnicos, y que Pek\u00edn y el gobernante Partido Comunista Chino (PCC) &#8220;deben rendir cuentas.&#8221;<\/p>\n\n\n\n<p>El nuevo secretario de Estado, Antony Blinken, ha respaldado la declaraci\u00f3n, lo que sugiere que la administraci\u00f3n del presidente Joe Biden adoptar\u00e1 un enfoque m\u00e1s en\u00e9rgico para hacer que China rinda cuentas por sus abusos en la regi\u00f3n.<\/p>\n\n\n\n<p>Emily Horne, portavoz del Consejo de Seguridad Nacional de Biden, declar\u00f3 la semana pasada al Washington Examiner que &#8220;el presidente Biden ha calificado la opresi\u00f3n de los uigures de genocidio, y se opone a ella con la mayor firmeza posible&#8221;.<\/p>\n\n\n\n<p>Los funcionarios chinos han dicho que los campos son centros voluntarios de &#8220;formaci\u00f3n profesional&#8221; que protegen a la regi\u00f3n contra el &#8220;extremismo religioso&#8221; y el &#8220;terrorismo&#8221;, pero los informes de Radio Free Asia y otros medios de comunicaci\u00f3n, muestran que los detenidos est\u00e1n en su mayor\u00eda retenidos contra su voluntad en condiciones de hacinamiento e insalubridad, donde se les obliga a soportar un trato inhumano y el adoctrinamiento pol\u00edtico.<\/p>\n\n\n\n<p>El 20 de enero, el primer d\u00eda del gobierno de Biden, la portavoz del Ministerio de Asuntos Exteriores chino, Hua Chunying, critic\u00f3 las &#8220;mentiras venenosas&#8221; de Pompeo y calific\u00f3 la determinaci\u00f3n de &#8220;nada m\u00e1s que un pedazo de papel de desecho&#8221;.<\/p>\n\n\n\n<p>Desde entonces, se han publicado en Internet m\u00faltiples v\u00eddeos en los que los uigures utilizan la lengua uigur y el chino mandar\u00edn para hablar de c\u00f3mo el PCC ha mejorado sus vidas en la regi\u00f3n, alabando al gobierno y refutando la designaci\u00f3n de Pompeo.<\/p>\n\n\n\n<p><strong>Reivindicaci\u00f3n de la libertad religiosa<\/strong><\/p>\n\n\n\n<p>En uno de esos v\u00eddeos, un hombre llamado Habibulla Abdurehim se identifica como im\u00e1n de una mezquita en la sede de la prefectura de Hotan (en chino, Hetian), una ciudad oasis de unos 330.000 habitantes que serv\u00eda de estaci\u00f3n clave a lo largo de la Ruta de la Seda en la cuenca del Tarim.<\/p>\n\n\n\n<p>Abdurehim tacha de calumnias las declaraciones de Pompeo, al tiempo que elogia el estado de los asuntos religiosos en la XUAR, afirmando que existe una pol\u00edtica generalizada y justa en Hotan y se\u00f1alando que el gobierno ha renovado recientemente la mezquita en la que dice trabajar.<\/p>\n\n\n\n<p>Su declaraci\u00f3n contradice los informes del Servicio Uigur de la RFA y otros medios de comunicaci\u00f3n que indican que los funcionarios religiosos han sido detenidos y encerrados en masa. Otros informes describen la demolici\u00f3n masiva de lugares religiosos en la XUAR, incluyendo uno de RFA que encontr\u00f3 que el 80 por ciento de las mezquitas en el municipio de Toqquzaq, en el condado de Kona Sheher (Shufu) de la prefectura de Kashgar (Kashi), fueron destruidas en 2016.<\/p>\n\n\n\n<p>Tras la publicaci\u00f3n del v\u00eddeo, un miembro de la di\u00e1spora uigur se puso en contacto con RFA afirmando conocer a Abdurehim e insistiendo en que no es una figura religiosa. La fuente, que habl\u00f3 bajo condici\u00f3n de anonimato por temor a represalias, dijo que Abdurehim fue anteriormente el secretario del partido del municipio de Yawa, en el condado de Qaraqash (Moyu) de la prefectura de Hotan, y que &#8220;casi todas las figuras religiosas&#8221; del municipio est\u00e1n actualmente en &#8220;alguna forma de detenci\u00f3n&#8221;.<\/p>\n\n\n\n<p>En su calidad de secretario del municipio, que coincidi\u00f3 con el inicio de la campa\u00f1a de internamiento, Abdurehim entreg\u00f3 personalmente a cuatro l\u00edderes religiosos a una comisar\u00eda, donde presumiblemente fueron interrogados, si no detenidos, dijo la fuente.<\/p>\n\n\n\n<p><strong>Decenas de detenidos<\/strong><\/p>\n\n\n\n<p>RFA se puso en contacto con el departamento de polic\u00eda de Yawa para confirmar los detalles de la informaci\u00f3n de la fuente. Un funcionario que contest\u00f3 al tel\u00e9fono dijo que no estaba seguro de si Abdurehim era una figura religiosa o el antiguo secretario del municipio y remiti\u00f3 las preguntas sobre su papel a las autoridades de mayor nivel.<\/p>\n\n\n\n<p>Sin embargo, cuando se le pregunt\u00f3 cu\u00e1ntos l\u00edderes religiosos de Yawa est\u00e1n en prisi\u00f3n, el funcionario respondi\u00f3: &#8220;la mayor\u00eda&#8221;.<\/p>\n\n\n\n<p>&#8220;Por lo que s\u00e9, creo que son alrededor del 60 o el 70 por ciento&#8221;, dijo.<\/p>\n\n\n\n<p>Seg\u00fan el oficial, hay entre 70 y 80 figuras religiosas en el municipio de Yawa, que consta de 21 pueblos.<\/p>\n\n\n\n<p>El oficial dijo que entre 50 y 60 de ellos est\u00e1n en prisi\u00f3n, mientras que otros est\u00e1n recluidos en campos de internamiento.<\/p>\n\n\n\n<p>RFA tambi\u00e9n habl\u00f3 con un funcionario de seguridad de Yawa, quien dijo que una de las figuras religiosas, o &#8220;akhun&#8221;, que Abdurehim hab\u00eda se\u00f1alado a las autoridades era un hombre de 30 a\u00f1os, padre de dos hijos, llamado Habibulla Mijit.<\/p>\n\n\n\n<p>&#8220;Ese joven tambi\u00e9n ha desaparecido ahora&#8221;, dijo el funcionario, a\u00f1adiendo que a Mijit se le hab\u00eda impuesto &#8220;un castigo de siete a\u00f1os&#8221;.<\/p>\n\n\n\n<p><strong>Restricciones a la fe<\/strong><\/p>\n\n\n\n<p>En los \u00faltimos a\u00f1os, las autoridades de la RXU han puesto en el punto de mira a destacados eruditos religiosos e intelectuales uigures para su internamiento, en lo que, seg\u00fan los observadores, forma parte de un intento de socavar las tradiciones culturales del grupo \u00e9tnico.<\/p>\n\n\n\n<p>Las investigaciones de la RFA han demostrado que las pr\u00e1cticas de influencia religiosa, incluyendo el uso de barbas y diversos estilos de vestir -como las t\u00fanicas largas para las mujeres- han sido fuertemente restringidas en los \u00faltimos a\u00f1os.<\/p>\n\n\n\n<p>En 2015 y 2016, las autoridades regionales restringieron incluso la entrega del zakat, o limosna, cuyo acto constituye uno de los cinco pilares del Islam. Las restricciones a la entrega de limosnas han impedido en la pr\u00e1ctica que los uigures puedan prestarse ayuda econ\u00f3mica y social entre s\u00ed.<\/p>\n\n\n\n<p><small>Informado por Shohret Hoshur para el Servicio Uigur de RFA. Traducido por el Servicio Uigur. Escrito y editado en castellano por Guzzo Photos &amp; Graphic Publications<\/small><br><small>\u00a9 2020 SalaStampa.Eu  affiliate with USAGM \/ VOA\nCopyright \u00a9 1998-2021, RFA. Reprinted by ElCanillita.Info with the permission of Radio Free Asia, 2025 M St. NW, Suite 300, Washington DC 20036<\/small><\/p>\n","protected":false},"excerpt":{"rendered":"<p>El pasaado 19.01.2021 Pompeo se\u00f1al\u00f3 que China est\u00e1 &#8220;cometiendo genocidio y cr\u00edmenes contra la humanidad&#8221; en la RXU contra los uigures y otros grupos \u00e9tnicos<\/p>\n","protected":false},"author":1,"featured_media":1417,"comment_status":"closed","ping_status":"closed","sticky":false,"template":"","format":"standard","meta":{"footnotes":"","_links_to":"","_links_to_target":""},"categories":[70,16,19,23,25],"tags":[55],"class_list":["post-1416","post","type-post","status-publish","format-standard","has-post-thumbnail","hentry","category-actualidad","category-asia","category-cultura","category-politica","category-sociedad","tag-china","entry","double"],"yoast_head":"<!-- This site is optimized with the Yoast SEO plugin v27.4 - https:\/\/yoast.com\/product\/yoast-seo-wordpress\/ -->\n<title>Religiosos uigures han sido detenidos - ElCanillita.Info<\/title>\n<meta name=\"robots\" content=\"index, follow, max-snippet:-1, max-image-preview:large, max-video-preview:-1\" \/>\n<link rel=\"canonical\" href=\"https:\/\/elcanillita.info\/press\/2021\/02\/03\/religiosos-ciudad-natal-uigures-detenidos\/\" \/>\n<meta property=\"og:locale\" content=\"es_ES\" \/>\n<meta property=\"og:type\" content=\"article\" \/>\n<meta property=\"og:title\" content=\"Religiosos uigures han sido detenidos - ElCanillita.Info\" \/>\n<meta property=\"og:description\" content=\"El pasaado 19.01.2021 Pompeo se\u00f1al\u00f3 que China est\u00e1 &quot;cometiendo genocidio y cr\u00edmenes contra la humanidad&quot; en la RXU contra los uigures y otros grupos \u00e9tnicos\" \/>\n<meta property=\"og:url\" content=\"https:\/\/elcanillita.info\/press\/2021\/02\/03\/religiosos-ciudad-natal-uigures-detenidos\/\" \/>\n<meta property=\"og:site_name\" content=\"ElCanillita.Info\" \/>\n<meta property=\"article:publisher\" content=\"https:\/\/ar-ar.facebook.com\/ElCanillitainfo-114249515285712\/\" \/>\n<meta property=\"article:published_time\" content=\"2021-02-03T10:58:38+00:00\" \/>\n<meta property=\"article:modified_time\" content=\"2021-03-09T11:29:48+00:00\" \/>\n<meta property=\"og:image\" content=\"https:\/\/elcanillita.info\/press\/images\/2021\/02\/uigures_20210203.jpg\" \/>\n\t<meta property=\"og:image:width\" content=\"620\" \/>\n\t<meta property=\"og:image:height\" content=\"348\" \/>\n\t<meta property=\"og:image:type\" content=\"image\/jpeg\" \/>\n<meta name=\"author\" content=\"SalaStampa.eu, world press service\" \/>\n<meta name=\"twitter:card\" content=\"summary_large_image\" \/>\n<meta name=\"twitter:label1\" content=\"Escrito por\" \/>\n\t<meta name=\"twitter:data1\" content=\"SalaStampa.eu, world press service\" \/>\n\t<meta name=\"twitter:label2\" content=\"Tiempo de lectura\" \/>\n\t<meta name=\"twitter:data2\" content=\"6 minutos\" \/>\n<script type=\"application\/ld+json\" class=\"yoast-schema-graph\">{\"@context\":\"https:\\\/\\\/schema.org\",\"@graph\":[{\"@type\":\"Article\",\"@id\":\"https:\\\/\\\/elcanillita.info\\\/press\\\/2021\\\/02\\\/03\\\/religiosos-ciudad-natal-uigures-detenidos\\\/#article\",\"isPartOf\":{\"@id\":\"https:\\\/\\\/elcanillita.info\\\/press\\\/2021\\\/02\\\/03\\\/religiosos-ciudad-natal-uigures-detenidos\\\/\"},\"author\":{\"name\":\"SalaStampa.eu, world press service\",\"@id\":\"https:\\\/\\\/elcanillita.info\\\/press\\\/#\\\/schema\\\/person\\\/7fcb79f38045700919f7da6d97e71ba0\"},\"headline\":\"Religiosos uigures han sido detenidos\",\"datePublished\":\"2021-02-03T10:58:38+00:00\",\"dateModified\":\"2021-03-09T11:29:48+00:00\",\"mainEntityOfPage\":{\"@id\":\"https:\\\/\\\/elcanillita.info\\\/press\\\/2021\\\/02\\\/03\\\/religiosos-ciudad-natal-uigures-detenidos\\\/\"},\"wordCount\":1186,\"publisher\":{\"@id\":\"https:\\\/\\\/elcanillita.info\\\/press\\\/#organization\"},\"image\":{\"@id\":\"https:\\\/\\\/elcanillita.info\\\/press\\\/2021\\\/02\\\/03\\\/religiosos-ciudad-natal-uigures-detenidos\\\/#primaryimage\"},\"thumbnailUrl\":\"https:\\\/\\\/elcanillita.info\\\/press\\\/images\\\/2021\\\/02\\\/uigures_20210203.jpg\",\"keywords\":[\"China\"],\"articleSection\":[\"Actualidad\",\"Asia\",\"Cultura\",\"Politica\",\"Sociedad\"],\"inLanguage\":\"es-AR\"},{\"@type\":\"WebPage\",\"@id\":\"https:\\\/\\\/elcanillita.info\\\/press\\\/2021\\\/02\\\/03\\\/religiosos-ciudad-natal-uigures-detenidos\\\/\",\"url\":\"https:\\\/\\\/elcanillita.info\\\/press\\\/2021\\\/02\\\/03\\\/religiosos-ciudad-natal-uigures-detenidos\\\/\",\"name\":\"Religiosos uigures han sido detenidos - ElCanillita.Info\",\"isPartOf\":{\"@id\":\"https:\\\/\\\/elcanillita.info\\\/press\\\/#website\"},\"primaryImageOfPage\":{\"@id\":\"https:\\\/\\\/elcanillita.info\\\/press\\\/2021\\\/02\\\/03\\\/religiosos-ciudad-natal-uigures-detenidos\\\/#primaryimage\"},\"image\":{\"@id\":\"https:\\\/\\\/elcanillita.info\\\/press\\\/2021\\\/02\\\/03\\\/religiosos-ciudad-natal-uigures-detenidos\\\/#primaryimage\"},\"thumbnailUrl\":\"https:\\\/\\\/elcanillita.info\\\/press\\\/images\\\/2021\\\/02\\\/uigures_20210203.jpg\",\"datePublished\":\"2021-02-03T10:58:38+00:00\",\"dateModified\":\"2021-03-09T11:29:48+00:00\",\"inLanguage\":\"es-AR\",\"potentialAction\":[{\"@type\":\"ReadAction\",\"target\":[\"https:\\\/\\\/elcanillita.info\\\/press\\\/2021\\\/02\\\/03\\\/religiosos-ciudad-natal-uigures-detenidos\\\/\"]}]},{\"@type\":\"ImageObject\",\"inLanguage\":\"es-AR\",\"@id\":\"https:\\\/\\\/elcanillita.info\\\/press\\\/2021\\\/02\\\/03\\\/religiosos-ciudad-natal-uigures-detenidos\\\/#primaryimage\",\"url\":\"https:\\\/\\\/elcanillita.info\\\/press\\\/images\\\/2021\\\/02\\\/uigures_20210203.jpg\",\"contentUrl\":\"https:\\\/\\\/elcanillita.info\\\/press\\\/images\\\/2021\\\/02\\\/uigures_20210203.jpg\",\"width\":620,\"height\":348},{\"@type\":\"WebSite\",\"@id\":\"https:\\\/\\\/elcanillita.info\\\/press\\\/#website\",\"url\":\"https:\\\/\\\/elcanillita.info\\\/press\\\/\",\"name\":\"ElCanillita.Info\",\"description\":\"desde los Apeninos a los Andes\",\"publisher\":{\"@id\":\"https:\\\/\\\/elcanillita.info\\\/press\\\/#organization\"},\"potentialAction\":[{\"@type\":\"SearchAction\",\"target\":{\"@type\":\"EntryPoint\",\"urlTemplate\":\"https:\\\/\\\/elcanillita.info\\\/press\\\/?s={search_term_string}\"},\"query-input\":{\"@type\":\"PropertyValueSpecification\",\"valueRequired\":true,\"valueName\":\"search_term_string\"}}],\"inLanguage\":\"es-AR\"},{\"@type\":\"Organization\",\"@id\":\"https:\\\/\\\/elcanillita.info\\\/press\\\/#organization\",\"name\":\"Guzzo Photos & Graphic Publications\",\"url\":\"https:\\\/\\\/elcanillita.info\\\/press\\\/\",\"logo\":{\"@type\":\"ImageObject\",\"inLanguage\":\"es-AR\",\"@id\":\"https:\\\/\\\/elcanillita.info\\\/press\\\/#\\\/schema\\\/logo\\\/image\\\/\",\"url\":\"https:\\\/\\\/elcanillita.info\\\/press\\\/images\\\/2020\\\/01\\\/cropped-cropped-cropped-elcanillitainfo.png\",\"contentUrl\":\"https:\\\/\\\/elcanillita.info\\\/press\\\/images\\\/2020\\\/01\\\/cropped-cropped-cropped-elcanillitainfo.png\",\"width\":460,\"height\":50,\"caption\":\"Guzzo Photos & Graphic Publications\"},\"image\":{\"@id\":\"https:\\\/\\\/elcanillita.info\\\/press\\\/#\\\/schema\\\/logo\\\/image\\\/\"},\"sameAs\":[\"https:\\\/\\\/ar-ar.facebook.com\\\/ElCanillitainfo-114249515285712\\\/\"]},{\"@type\":\"Person\",\"@id\":\"https:\\\/\\\/elcanillita.info\\\/press\\\/#\\\/schema\\\/person\\\/7fcb79f38045700919f7da6d97e71ba0\",\"name\":\"SalaStampa.eu, world press service\",\"image\":{\"@type\":\"ImageObject\",\"inLanguage\":\"es-AR\",\"@id\":\"https:\\\/\\\/secure.gravatar.com\\\/avatar\\\/c2f0e0d515a107624234994507816ca4724c7199cef73fc8bedebf6931d73888?s=96&d=mm&r=g\",\"url\":\"https:\\\/\\\/secure.gravatar.com\\\/avatar\\\/c2f0e0d515a107624234994507816ca4724c7199cef73fc8bedebf6931d73888?s=96&d=mm&r=g\",\"contentUrl\":\"https:\\\/\\\/secure.gravatar.com\\\/avatar\\\/c2f0e0d515a107624234994507816ca4724c7199cef73fc8bedebf6931d73888?s=96&d=mm&r=g\",\"caption\":\"SalaStampa.eu, world press service\"}}]}<\/script>\n<!-- \/ Yoast SEO plugin. -->","yoast_head_json":{"title":"Religiosos uigures han sido detenidos - ElCanillita.Info","robots":{"index":"index","follow":"follow","max-snippet":"max-snippet:-1","max-image-preview":"max-image-preview:large","max-video-preview":"max-video-preview:-1"},"canonical":"https:\/\/elcanillita.info\/press\/2021\/02\/03\/religiosos-ciudad-natal-uigures-detenidos\/","og_locale":"es_ES","og_type":"article","og_title":"Religiosos uigures han sido detenidos - ElCanillita.Info","og_description":"El pasaado 19.01.2021 Pompeo se\u00f1al\u00f3 que China est\u00e1 \"cometiendo genocidio y cr\u00edmenes contra la humanidad\" en la RXU contra los uigures y otros grupos \u00e9tnicos","og_url":"https:\/\/elcanillita.info\/press\/2021\/02\/03\/religiosos-ciudad-natal-uigures-detenidos\/","og_site_name":"ElCanillita.Info","article_publisher":"https:\/\/ar-ar.facebook.com\/ElCanillitainfo-114249515285712\/","article_published_time":"2021-02-03T10:58:38+00:00","article_modified_time":"2021-03-09T11:29:48+00:00","og_image":[{"width":620,"height":348,"url":"https:\/\/elcanillita.info\/press\/images\/2021\/02\/uigures_20210203.jpg","type":"image\/jpeg"}],"author":"SalaStampa.eu, world press service","twitter_card":"summary_large_image","twitter_misc":{"Escrito por":"SalaStampa.eu, world press service","Tiempo de lectura":"6 minutos"},"schema":{"@context":"https:\/\/schema.org","@graph":[{"@type":"Article","@id":"https:\/\/elcanillita.info\/press\/2021\/02\/03\/religiosos-ciudad-natal-uigures-detenidos\/#article","isPartOf":{"@id":"https:\/\/elcanillita.info\/press\/2021\/02\/03\/religiosos-ciudad-natal-uigures-detenidos\/"},"author":{"name":"SalaStampa.eu, world press service","@id":"https:\/\/elcanillita.info\/press\/#\/schema\/person\/7fcb79f38045700919f7da6d97e71ba0"},"headline":"Religiosos uigures han sido detenidos","datePublished":"2021-02-03T10:58:38+00:00","dateModified":"2021-03-09T11:29:48+00:00","mainEntityOfPage":{"@id":"https:\/\/elcanillita.info\/press\/2021\/02\/03\/religiosos-ciudad-natal-uigures-detenidos\/"},"wordCount":1186,"publisher":{"@id":"https:\/\/elcanillita.info\/press\/#organization"},"image":{"@id":"https:\/\/elcanillita.info\/press\/2021\/02\/03\/religiosos-ciudad-natal-uigures-detenidos\/#primaryimage"},"thumbnailUrl":"https:\/\/elcanillita.info\/press\/images\/2021\/02\/uigures_20210203.jpg","keywords":["China"],"articleSection":["Actualidad","Asia","Cultura","Politica","Sociedad"],"inLanguage":"es-AR"},{"@type":"WebPage","@id":"https:\/\/elcanillita.info\/press\/2021\/02\/03\/religiosos-ciudad-natal-uigures-detenidos\/","url":"https:\/\/elcanillita.info\/press\/2021\/02\/03\/religiosos-ciudad-natal-uigures-detenidos\/","name":"Religiosos uigures han sido detenidos - ElCanillita.Info","isPartOf":{"@id":"https:\/\/elcanillita.info\/press\/#website"},"primaryImageOfPage":{"@id":"https:\/\/elcanillita.info\/press\/2021\/02\/03\/religiosos-ciudad-natal-uigures-detenidos\/#primaryimage"},"image":{"@id":"https:\/\/elcanillita.info\/press\/2021\/02\/03\/religiosos-ciudad-natal-uigures-detenidos\/#primaryimage"},"thumbnailUrl":"https:\/\/elcanillita.info\/press\/images\/2021\/02\/uigures_20210203.jpg","datePublished":"2021-02-03T10:58:38+00:00","dateModified":"2021-03-09T11:29:48+00:00","inLanguage":"es-AR","potentialAction":[{"@type":"ReadAction","target":["https:\/\/elcanillita.info\/press\/2021\/02\/03\/religiosos-ciudad-natal-uigures-detenidos\/"]}]},{"@type":"ImageObject","inLanguage":"es-AR","@id":"https:\/\/elcanillita.info\/press\/2021\/02\/03\/religiosos-ciudad-natal-uigures-detenidos\/#primaryimage","url":"https:\/\/elcanillita.info\/press\/images\/2021\/02\/uigures_20210203.jpg","contentUrl":"https:\/\/elcanillita.info\/press\/images\/2021\/02\/uigures_20210203.jpg","width":620,"height":348},{"@type":"WebSite","@id":"https:\/\/elcanillita.info\/press\/#website","url":"https:\/\/elcanillita.info\/press\/","name":"ElCanillita.Info","description":"desde los Apeninos a los Andes","publisher":{"@id":"https:\/\/elcanillita.info\/press\/#organization"},"potentialAction":[{"@type":"SearchAction","target":{"@type":"EntryPoint","urlTemplate":"https:\/\/elcanillita.info\/press\/?s={search_term_string}"},"query-input":{"@type":"PropertyValueSpecification","valueRequired":true,"valueName":"search_term_string"}}],"inLanguage":"es-AR"},{"@type":"Organization","@id":"https:\/\/elcanillita.info\/press\/#organization","name":"Guzzo Photos & Graphic Publications","url":"https:\/\/elcanillita.info\/press\/","logo":{"@type":"ImageObject","inLanguage":"es-AR","@id":"https:\/\/elcanillita.info\/press\/#\/schema\/logo\/image\/","url":"https:\/\/elcanillita.info\/press\/images\/2020\/01\/cropped-cropped-cropped-elcanillitainfo.png","contentUrl":"https:\/\/elcanillita.info\/press\/images\/2020\/01\/cropped-cropped-cropped-elcanillitainfo.png","width":460,"height":50,"caption":"Guzzo Photos & Graphic Publications"},"image":{"@id":"https:\/\/elcanillita.info\/press\/#\/schema\/logo\/image\/"},"sameAs":["https:\/\/ar-ar.facebook.com\/ElCanillitainfo-114249515285712\/"]},{"@type":"Person","@id":"https:\/\/elcanillita.info\/press\/#\/schema\/person\/7fcb79f38045700919f7da6d97e71ba0","name":"SalaStampa.eu, world press service","image":{"@type":"ImageObject","inLanguage":"es-AR","@id":"https:\/\/secure.gravatar.com\/avatar\/c2f0e0d515a107624234994507816ca4724c7199cef73fc8bedebf6931d73888?s=96&d=mm&r=g","url":"https:\/\/secure.gravatar.com\/avatar\/c2f0e0d515a107624234994507816ca4724c7199cef73fc8bedebf6931d73888?s=96&d=mm&r=g","contentUrl":"https:\/\/secure.gravatar.com\/avatar\/c2f0e0d515a107624234994507816ca4724c7199cef73fc8bedebf6931d73888?s=96&d=mm&r=g","caption":"SalaStampa.eu, world press service"}}]}},"views":740,"_links":{"self":[{"href":"https:\/\/elcanillita.info\/press\/wp-json\/wp\/v2\/posts\/1416","targetHints":{"allow":["GET"]}}],"collection":[{"href":"https:\/\/elcanillita.info\/press\/wp-json\/wp\/v2\/posts"}],"about":[{"href":"https:\/\/elcanillita.info\/press\/wp-json\/wp\/v2\/types\/post"}],"author":[{"embeddable":true,"href":"https:\/\/elcanillita.info\/press\/wp-json\/wp\/v2\/users\/1"}],"replies":[{"embeddable":true,"href":"https:\/\/elcanillita.info\/press\/wp-json\/wp\/v2\/comments?post=1416"}],"version-history":[{"count":0,"href":"https:\/\/elcanillita.info\/press\/wp-json\/wp\/v2\/posts\/1416\/revisions"}],"wp:featuredmedia":[{"embeddable":true,"href":"https:\/\/elcanillita.info\/press\/wp-json\/wp\/v2\/media\/1417"}],"wp:attachment":[{"href":"https:\/\/elcanillita.info\/press\/wp-json\/wp\/v2\/media?parent=1416"}],"wp:term":[{"taxonomy":"category","embeddable":true,"href":"https:\/\/elcanillita.info\/press\/wp-json\/wp\/v2\/categories?post=1416"},{"taxonomy":"post_tag","embeddable":true,"href":"https:\/\/elcanillita.info\/press\/wp-json\/wp\/v2\/tags?post=1416"}],"curies":[{"name":"wp","href":"https:\/\/api.w.org\/{rel}","templated":true}]}}