{"id":141,"date":"2020-01-16T13:34:04","date_gmt":"2020-01-16T16:34:04","guid":{"rendered":"https:\/\/elcanillita.info\/press\/?p=141"},"modified":"2020-01-17T15:48:59","modified_gmt":"2020-01-17T18:48:59","slug":"iran-canciller-admite-derribo-de-avion-ucraniano-rouhani-rechaza-nuevo-trato-nuclear","status":"publish","type":"post","link":"https:\/\/elcanillita.info\/press\/2020\/01\/16\/iran-canciller-admite-derribo-de-avion-ucraniano-rouhani-rechaza-nuevo-trato-nuclear\/","title":{"rendered":"Ir\u00e1n: Canciller admite derribo de avi\u00f3n ucraniano, Rouhani rechaza nuevo trato nuclear"},"content":{"rendered":"\n<p>Teheran, 15.01.2020 &#8211; El canciller iran\u00ed, Mohammad Javad Zarif, admiti\u00f3 este mi\u00e9rcoles que se minti\u00f3 al pueblo de Ir\u00e1n tras el derribo con misiles de un avi\u00f3n de pasajeros ucraniano con 176 personas a bordo hace una semana.<\/p>\n\n\n\n<p>Es la primera vez que un miembro del gobierno de Ir\u00e1n reconoce la mentira de los primeros informes oficiales que aludieron a un problema t\u00e9cnico en el avi\u00f3n, pero seg\u00fan Zarif, \u00e9l y el presidente Hassan Rouhani no se enteraron hasta el viernes.<\/p>\n\n\n\n<p>Zarif, quien se encuentra en Nueva Delhi en una visita de tres d\u00edas, solo hab\u00eda dicho antes por Twitter que \u201cun error humano en un momento de crisis causado por el aventurismo de Estados Unidos condujo a un desastre\u201d.<\/p>\n\n\n\n<p>Por otra parte, en Teher\u00e1n, el presidente Rouhani descart\u00f3 una propuesta para un nuevo acuerdo nuclear con su hom\u00f3logo estadounidense, Donald Trump, alegando que es una oferta extra\u00f1a y que Trump siempre rompe sus promesas.<\/p>\n\n\n\n<p>Rouhani habl\u00f3 en una sesi\u00f3n del gabinete transmitida por la televisi\u00f3n estatal en la que dijo que Washington debe regresar al pacto nuclear de 2015 entre Ir\u00e1n y las potencias mundiales.<\/p>\n\n\n\n<p>Adem\u00e1s, a\u00f1adi\u00f3 que Teher\u00e1n podr\u00eda dar marcha atr\u00e1s a sus recientes decisiones de abandonar gradualmente las limitaciones de su programa nuclear y volver a sus compromisos en ese acuerdo.<\/p>\n\n\n\n<p>De este modo, Rouhani respondi\u00f3 a una decisi\u00f3n del martes de Gran Breta\u00f1a, Francia y Alemania de activar un mecanismo de disputa en su acuerdo nuclear con Ir\u00e1n.<\/p>\n\n\n\n<p>Pa\u00edses europeos responsabilizan a Ir\u00e1n por violar acuerdo nuclear<\/p>\n\n\n\n<p>Esto podr\u00eda allanar el camino para el regreso de las sanciones de las Naciones Unidas contra Ir\u00e1n, pero la declaraci\u00f3n dice que los pa\u00edses europeos a\u00fan siguen comprometidos a preservar el acuerdo y no se unir\u00e1n a la campa\u00f1a de &#8220;m\u00e1xima presi\u00f3n&#8221; de Washington contra Teher\u00e1n.<\/p>\n\n\n\n<p>No obstante, Rouhani advirti\u00f3 que las tropas europeas en el Oriente Medio \u201cpodr\u00edan estar en peligro\u201d si estos pa\u00edses iniciaran tales acciones contra Teher\u00e1n.<\/p>\n\n\n\n<p>\u201cEl soldado estadounidense est\u00e1 en peligro hoy, el soldado europeo podr\u00eda estar en peligro ma\u00f1ana\u201d, dijo Rouhani.<\/p>\n\n\n\n<p>Tensiones entre Estados Unidos e Ir\u00e1n se desarrollan en territorio iraqu\u00ed<br><br><small>2020 voanoticias \u2013 salastampa.eu, afiliada a la red Broadcasting Board of Governors \u00a9 2020 BBG<\/small><\/p>\n","protected":false},"excerpt":{"rendered":"<p>Teheran, 16.01.2020 &#8211; El canciller iran\u00ed, Mohammad Javad Zarif, admiti\u00f3 este mi\u00e9rcoles que se minti\u00f3 al pueblo de Ir\u00e1n tras el derribo con misiles de un avi\u00f3n de pasajeros ucraniano con 176 personas a bordo hace una semana.<\/p>\n","protected":false},"author":1,"featured_media":0,"comment_status":"closed","ping_status":"closed","sticky":false,"template":"","format":"standard","meta":{"footnotes":"","_links_to":"","_links_to_target":""},"categories":[15,23],"tags":[31],"class_list":["post-141","post","type-post","status-publish","format-standard","hentry","category-medio-oriente","category-politica","tag-iran","entry","double"],"yoast_head":"<!-- This site is optimized with the Yoast SEO plugin v27.4 - https:\/\/yoast.com\/product\/yoast-seo-wordpress\/ -->\n<title>Ir\u00e1n: Canciller admite derribo de avi\u00f3n ucraniano, Rouhani rechaza nuevo trato nuclear - ElCanillita.Info<\/title>\n<meta name=\"robots\" content=\"index, follow, max-snippet:-1, max-image-preview:large, max-video-preview:-1\" \/>\n<link rel=\"canonical\" href=\"https:\/\/elcanillita.info\/press\/2020\/01\/16\/iran-canciller-admite-derribo-de-avion-ucraniano-rouhani-rechaza-nuevo-trato-nuclear\/\" \/>\n<meta property=\"og:locale\" content=\"es_ES\" \/>\n<meta property=\"og:type\" content=\"article\" \/>\n<meta property=\"og:title\" content=\"Ir\u00e1n: Canciller admite derribo de avi\u00f3n ucraniano, Rouhani rechaza nuevo trato nuclear - ElCanillita.Info\" \/>\n<meta property=\"og:description\" content=\"Teheran, 16.01.2020 - El canciller iran\u00ed, Mohammad Javad Zarif, admiti\u00f3 este mi\u00e9rcoles que se minti\u00f3 al pueblo de Ir\u00e1n tras el derribo con misiles de un avi\u00f3n de pasajeros ucraniano con 176 personas a bordo hace una semana.\" \/>\n<meta property=\"og:url\" content=\"https:\/\/elcanillita.info\/press\/2020\/01\/16\/iran-canciller-admite-derribo-de-avion-ucraniano-rouhani-rechaza-nuevo-trato-nuclear\/\" \/>\n<meta property=\"og:site_name\" content=\"ElCanillita.Info\" \/>\n<meta property=\"article:publisher\" content=\"https:\/\/ar-ar.facebook.com\/ElCanillitainfo-114249515285712\/\" \/>\n<meta property=\"article:published_time\" content=\"2020-01-16T16:34:04+00:00\" \/>\n<meta property=\"article:modified_time\" content=\"2020-01-17T18:48:59+00:00\" \/>\n<meta name=\"author\" content=\"SalaStampa.eu, world press service\" \/>\n<meta name=\"twitter:card\" content=\"summary_large_image\" \/>\n<meta name=\"twitter:label1\" content=\"Escrito por\" \/>\n\t<meta name=\"twitter:data1\" content=\"SalaStampa.eu, world press service\" \/>\n\t<meta name=\"twitter:label2\" content=\"Tiempo de lectura\" \/>\n\t<meta name=\"twitter:data2\" content=\"2 minutos\" \/>\n<script type=\"application\/ld+json\" class=\"yoast-schema-graph\">{\"@context\":\"https:\\\/\\\/schema.org\",\"@graph\":[{\"@type\":\"Article\",\"@id\":\"https:\\\/\\\/elcanillita.info\\\/press\\\/2020\\\/01\\\/16\\\/iran-canciller-admite-derribo-de-avion-ucraniano-rouhani-rechaza-nuevo-trato-nuclear\\\/#article\",\"isPartOf\":{\"@id\":\"https:\\\/\\\/elcanillita.info\\\/press\\\/2020\\\/01\\\/16\\\/iran-canciller-admite-derribo-de-avion-ucraniano-rouhani-rechaza-nuevo-trato-nuclear\\\/\"},\"author\":{\"name\":\"SalaStampa.eu, world press service\",\"@id\":\"https:\\\/\\\/elcanillita.info\\\/press\\\/#\\\/schema\\\/person\\\/7fcb79f38045700919f7da6d97e71ba0\"},\"headline\":\"Ir\u00e1n: Canciller admite derribo de avi\u00f3n ucraniano, Rouhani rechaza nuevo trato nuclear\",\"datePublished\":\"2020-01-16T16:34:04+00:00\",\"dateModified\":\"2020-01-17T18:48:59+00:00\",\"mainEntityOfPage\":{\"@id\":\"https:\\\/\\\/elcanillita.info\\\/press\\\/2020\\\/01\\\/16\\\/iran-canciller-admite-derribo-de-avion-ucraniano-rouhani-rechaza-nuevo-trato-nuclear\\\/\"},\"wordCount\":414,\"publisher\":{\"@id\":\"https:\\\/\\\/elcanillita.info\\\/press\\\/#organization\"},\"keywords\":[\"Ir\u00e1n\"],\"articleSection\":[\"Medio Oriente\",\"Politica\"],\"inLanguage\":\"es-AR\"},{\"@type\":\"WebPage\",\"@id\":\"https:\\\/\\\/elcanillita.info\\\/press\\\/2020\\\/01\\\/16\\\/iran-canciller-admite-derribo-de-avion-ucraniano-rouhani-rechaza-nuevo-trato-nuclear\\\/\",\"url\":\"https:\\\/\\\/elcanillita.info\\\/press\\\/2020\\\/01\\\/16\\\/iran-canciller-admite-derribo-de-avion-ucraniano-rouhani-rechaza-nuevo-trato-nuclear\\\/\",\"name\":\"Ir\u00e1n: Canciller admite derribo de avi\u00f3n ucraniano, Rouhani rechaza nuevo trato nuclear - ElCanillita.Info\",\"isPartOf\":{\"@id\":\"https:\\\/\\\/elcanillita.info\\\/press\\\/#website\"},\"datePublished\":\"2020-01-16T16:34:04+00:00\",\"dateModified\":\"2020-01-17T18:48:59+00:00\",\"inLanguage\":\"es-AR\",\"potentialAction\":[{\"@type\":\"ReadAction\",\"target\":[\"https:\\\/\\\/elcanillita.info\\\/press\\\/2020\\\/01\\\/16\\\/iran-canciller-admite-derribo-de-avion-ucraniano-rouhani-rechaza-nuevo-trato-nuclear\\\/\"]}]},{\"@type\":\"WebSite\",\"@id\":\"https:\\\/\\\/elcanillita.info\\\/press\\\/#website\",\"url\":\"https:\\\/\\\/elcanillita.info\\\/press\\\/\",\"name\":\"ElCanillita.Info\",\"description\":\"desde los Apeninos a los Andes\",\"publisher\":{\"@id\":\"https:\\\/\\\/elcanillita.info\\\/press\\\/#organization\"},\"potentialAction\":[{\"@type\":\"SearchAction\",\"target\":{\"@type\":\"EntryPoint\",\"urlTemplate\":\"https:\\\/\\\/elcanillita.info\\\/press\\\/?s={search_term_string}\"},\"query-input\":{\"@type\":\"PropertyValueSpecification\",\"valueRequired\":true,\"valueName\":\"search_term_string\"}}],\"inLanguage\":\"es-AR\"},{\"@type\":\"Organization\",\"@id\":\"https:\\\/\\\/elcanillita.info\\\/press\\\/#organization\",\"name\":\"Guzzo Photos & Graphic Publications\",\"url\":\"https:\\\/\\\/elcanillita.info\\\/press\\\/\",\"logo\":{\"@type\":\"ImageObject\",\"inLanguage\":\"es-AR\",\"@id\":\"https:\\\/\\\/elcanillita.info\\\/press\\\/#\\\/schema\\\/logo\\\/image\\\/\",\"url\":\"https:\\\/\\\/elcanillita.info\\\/press\\\/images\\\/2020\\\/01\\\/cropped-cropped-cropped-elcanillitainfo.png\",\"contentUrl\":\"https:\\\/\\\/elcanillita.info\\\/press\\\/images\\\/2020\\\/01\\\/cropped-cropped-cropped-elcanillitainfo.png\",\"width\":460,\"height\":50,\"caption\":\"Guzzo Photos & Graphic Publications\"},\"image\":{\"@id\":\"https:\\\/\\\/elcanillita.info\\\/press\\\/#\\\/schema\\\/logo\\\/image\\\/\"},\"sameAs\":[\"https:\\\/\\\/ar-ar.facebook.com\\\/ElCanillitainfo-114249515285712\\\/\"]},{\"@type\":\"Person\",\"@id\":\"https:\\\/\\\/elcanillita.info\\\/press\\\/#\\\/schema\\\/person\\\/7fcb79f38045700919f7da6d97e71ba0\",\"name\":\"SalaStampa.eu, world press service\",\"image\":{\"@type\":\"ImageObject\",\"inLanguage\":\"es-AR\",\"@id\":\"https:\\\/\\\/secure.gravatar.com\\\/avatar\\\/c2f0e0d515a107624234994507816ca4724c7199cef73fc8bedebf6931d73888?s=96&d=mm&r=g\",\"url\":\"https:\\\/\\\/secure.gravatar.com\\\/avatar\\\/c2f0e0d515a107624234994507816ca4724c7199cef73fc8bedebf6931d73888?s=96&d=mm&r=g\",\"contentUrl\":\"https:\\\/\\\/secure.gravatar.com\\\/avatar\\\/c2f0e0d515a107624234994507816ca4724c7199cef73fc8bedebf6931d73888?s=96&d=mm&r=g\",\"caption\":\"SalaStampa.eu, world press service\"}}]}<\/script>\n<!-- \/ Yoast SEO plugin. -->","yoast_head_json":{"title":"Ir\u00e1n: Canciller admite derribo de avi\u00f3n ucraniano, Rouhani rechaza nuevo trato nuclear - ElCanillita.Info","robots":{"index":"index","follow":"follow","max-snippet":"max-snippet:-1","max-image-preview":"max-image-preview:large","max-video-preview":"max-video-preview:-1"},"canonical":"https:\/\/elcanillita.info\/press\/2020\/01\/16\/iran-canciller-admite-derribo-de-avion-ucraniano-rouhani-rechaza-nuevo-trato-nuclear\/","og_locale":"es_ES","og_type":"article","og_title":"Ir\u00e1n: Canciller admite derribo de avi\u00f3n ucraniano, Rouhani rechaza nuevo trato nuclear - ElCanillita.Info","og_description":"Teheran, 16.01.2020 - El canciller iran\u00ed, Mohammad Javad Zarif, admiti\u00f3 este mi\u00e9rcoles que se minti\u00f3 al pueblo de Ir\u00e1n tras el derribo con misiles de un avi\u00f3n de pasajeros ucraniano con 176 personas a bordo hace una semana.","og_url":"https:\/\/elcanillita.info\/press\/2020\/01\/16\/iran-canciller-admite-derribo-de-avion-ucraniano-rouhani-rechaza-nuevo-trato-nuclear\/","og_site_name":"ElCanillita.Info","article_publisher":"https:\/\/ar-ar.facebook.com\/ElCanillitainfo-114249515285712\/","article_published_time":"2020-01-16T16:34:04+00:00","article_modified_time":"2020-01-17T18:48:59+00:00","author":"SalaStampa.eu, world press service","twitter_card":"summary_large_image","twitter_misc":{"Escrito por":"SalaStampa.eu, world press service","Tiempo de lectura":"2 minutos"},"schema":{"@context":"https:\/\/schema.org","@graph":[{"@type":"Article","@id":"https:\/\/elcanillita.info\/press\/2020\/01\/16\/iran-canciller-admite-derribo-de-avion-ucraniano-rouhani-rechaza-nuevo-trato-nuclear\/#article","isPartOf":{"@id":"https:\/\/elcanillita.info\/press\/2020\/01\/16\/iran-canciller-admite-derribo-de-avion-ucraniano-rouhani-rechaza-nuevo-trato-nuclear\/"},"author":{"name":"SalaStampa.eu, world press service","@id":"https:\/\/elcanillita.info\/press\/#\/schema\/person\/7fcb79f38045700919f7da6d97e71ba0"},"headline":"Ir\u00e1n: Canciller admite derribo de avi\u00f3n ucraniano, Rouhani rechaza nuevo trato nuclear","datePublished":"2020-01-16T16:34:04+00:00","dateModified":"2020-01-17T18:48:59+00:00","mainEntityOfPage":{"@id":"https:\/\/elcanillita.info\/press\/2020\/01\/16\/iran-canciller-admite-derribo-de-avion-ucraniano-rouhani-rechaza-nuevo-trato-nuclear\/"},"wordCount":414,"publisher":{"@id":"https:\/\/elcanillita.info\/press\/#organization"},"keywords":["Ir\u00e1n"],"articleSection":["Medio Oriente","Politica"],"inLanguage":"es-AR"},{"@type":"WebPage","@id":"https:\/\/elcanillita.info\/press\/2020\/01\/16\/iran-canciller-admite-derribo-de-avion-ucraniano-rouhani-rechaza-nuevo-trato-nuclear\/","url":"https:\/\/elcanillita.info\/press\/2020\/01\/16\/iran-canciller-admite-derribo-de-avion-ucraniano-rouhani-rechaza-nuevo-trato-nuclear\/","name":"Ir\u00e1n: Canciller admite derribo de avi\u00f3n ucraniano, Rouhani rechaza nuevo trato nuclear - ElCanillita.Info","isPartOf":{"@id":"https:\/\/elcanillita.info\/press\/#website"},"datePublished":"2020-01-16T16:34:04+00:00","dateModified":"2020-01-17T18:48:59+00:00","inLanguage":"es-AR","potentialAction":[{"@type":"ReadAction","target":["https:\/\/elcanillita.info\/press\/2020\/01\/16\/iran-canciller-admite-derribo-de-avion-ucraniano-rouhani-rechaza-nuevo-trato-nuclear\/"]}]},{"@type":"WebSite","@id":"https:\/\/elcanillita.info\/press\/#website","url":"https:\/\/elcanillita.info\/press\/","name":"ElCanillita.Info","description":"desde los Apeninos a los Andes","publisher":{"@id":"https:\/\/elcanillita.info\/press\/#organization"},"potentialAction":[{"@type":"SearchAction","target":{"@type":"EntryPoint","urlTemplate":"https:\/\/elcanillita.info\/press\/?s={search_term_string}"},"query-input":{"@type":"PropertyValueSpecification","valueRequired":true,"valueName":"search_term_string"}}],"inLanguage":"es-AR"},{"@type":"Organization","@id":"https:\/\/elcanillita.info\/press\/#organization","name":"Guzzo Photos & Graphic Publications","url":"https:\/\/elcanillita.info\/press\/","logo":{"@type":"ImageObject","inLanguage":"es-AR","@id":"https:\/\/elcanillita.info\/press\/#\/schema\/logo\/image\/","url":"https:\/\/elcanillita.info\/press\/images\/2020\/01\/cropped-cropped-cropped-elcanillitainfo.png","contentUrl":"https:\/\/elcanillita.info\/press\/images\/2020\/01\/cropped-cropped-cropped-elcanillitainfo.png","width":460,"height":50,"caption":"Guzzo Photos & Graphic Publications"},"image":{"@id":"https:\/\/elcanillita.info\/press\/#\/schema\/logo\/image\/"},"sameAs":["https:\/\/ar-ar.facebook.com\/ElCanillitainfo-114249515285712\/"]},{"@type":"Person","@id":"https:\/\/elcanillita.info\/press\/#\/schema\/person\/7fcb79f38045700919f7da6d97e71ba0","name":"SalaStampa.eu, world press service","image":{"@type":"ImageObject","inLanguage":"es-AR","@id":"https:\/\/secure.gravatar.com\/avatar\/c2f0e0d515a107624234994507816ca4724c7199cef73fc8bedebf6931d73888?s=96&d=mm&r=g","url":"https:\/\/secure.gravatar.com\/avatar\/c2f0e0d515a107624234994507816ca4724c7199cef73fc8bedebf6931d73888?s=96&d=mm&r=g","contentUrl":"https:\/\/secure.gravatar.com\/avatar\/c2f0e0d515a107624234994507816ca4724c7199cef73fc8bedebf6931d73888?s=96&d=mm&r=g","caption":"SalaStampa.eu, world press service"}}]}},"views":814,"_links":{"self":[{"href":"https:\/\/elcanillita.info\/press\/wp-json\/wp\/v2\/posts\/141","targetHints":{"allow":["GET"]}}],"collection":[{"href":"https:\/\/elcanillita.info\/press\/wp-json\/wp\/v2\/posts"}],"about":[{"href":"https:\/\/elcanillita.info\/press\/wp-json\/wp\/v2\/types\/post"}],"author":[{"embeddable":true,"href":"https:\/\/elcanillita.info\/press\/wp-json\/wp\/v2\/users\/1"}],"replies":[{"embeddable":true,"href":"https:\/\/elcanillita.info\/press\/wp-json\/wp\/v2\/comments?post=141"}],"version-history":[{"count":0,"href":"https:\/\/elcanillita.info\/press\/wp-json\/wp\/v2\/posts\/141\/revisions"}],"wp:attachment":[{"href":"https:\/\/elcanillita.info\/press\/wp-json\/wp\/v2\/media?parent=141"}],"wp:term":[{"taxonomy":"category","embeddable":true,"href":"https:\/\/elcanillita.info\/press\/wp-json\/wp\/v2\/categories?post=141"},{"taxonomy":"post_tag","embeddable":true,"href":"https:\/\/elcanillita.info\/press\/wp-json\/wp\/v2\/tags?post=141"}],"curies":[{"name":"wp","href":"https:\/\/api.w.org\/{rel}","templated":true}]}}