{"id":1392,"date":"2021-01-31T17:21:11","date_gmt":"2021-01-31T20:21:11","guid":{"rendered":"https:\/\/elcanillita.info\/press\/?p=1392"},"modified":"2021-02-01T07:09:16","modified_gmt":"2021-02-01T10:09:16","slug":"once-personas-murieron-explosiones-siria","status":"publish","type":"post","link":"https:\/\/elcanillita.info\/press\/2021\/01\/31\/once-personas-murieron-explosiones-siria\/","title":{"rendered":"Once personas murieron en el norte de Siria, incluido un ni\u00f1o, en dos atentados terroristas"},"content":{"rendered":"\n<div class=\"wp-block-image\"><figure class=\"alignleft size-large\"><img loading=\"lazy\" decoding=\"async\" width=\"600\" height=\"380\" src=\"https:\/\/elcanillita.info\/press\/images\/2021\/01\/siria2_20210131.jpg\" alt=\"\" class=\"wp-image-1394\" srcset=\"https:\/\/elcanillita.info\/press\/images\/2021\/01\/siria2_20210131.jpg 600w, https:\/\/elcanillita.info\/press\/images\/2021\/01\/siria2_20210131-300x190.jpg 300w\" sizes=\"auto, (max-width: 600px) 100vw, 600px\" \/><figcaption><small><strong>Civiles evac\u00faan ni\u00f1os del lugar de una explosi\u00f3n en la ciudad de Azaz, en el campo norte controlado por los rebeldes de la provincia de Alepo, Siria, el 31 de enero de 2021. &#8211; Un coche bomba mat\u00f3 al menos a cuatro personas, entre ellas tres civiles, en la ciudad de Azaz, Siria, roca fuerte y Tierra Santa de los Estados de Ultramar durante las Cruzadas.  El ataque, ocurri\u00f3 cerca de un centro cultural, e hiri\u00f3 a m\u00e1s de 22 personas, dijo el Observatorio Sirio de Derechos Humanos con sede en Gran Breta\u00f1a. <\/strong><\/small><br><small><strong>(Foto de Nayef Al-ABOUD \/ AFP) <\/strong><\/small><br><\/figcaption><\/figure><\/div>\n\n\n\n<p class=\"has-text-align-left\">Al-Bab, 31 de enero de 2021 &#8211; Al menos seis civiles, incluido un ni\u00f1o, murieron en la explosi\u00f3n de un coche bomba cerca del Centro Cultural en Azaz.<\/p>\n\n\n\n<p>El domingo, once personas, incluidos seis civiles, murieron en dos atentados con coches bomba, uno en la ciudad de Azaz y otro cerca de la ciudad de Al-Bab, que est\u00e1n bajo el control de las fuerzas turcas y sus facciones leales en el norte de Siria, seg\u00fan inform\u00f3 el Observatorio Sirio de Derechos Humanos.<\/p>\n\n\n\n<p>El Observatorio inform\u00f3 de la muerte de seis civiles, entre ellos un ni\u00f1o, en la explosi\u00f3n de un coche bomba cerca del Centro Cultural en la ciudad de Azaz, hiriendo a otras veintidos personas.<\/p>\n\n\n\n<p>Un reportero de AFP en Azaz vio un autom\u00f3vil en llamas en el lugar del accidente derramando humo negro, mientras los peatones corr\u00edan a su alrededor llevando a un ni\u00f1o envuelto en una tela manchada de sangre.<\/p>\n\n\n\n<p>Al menos seis civiles, incluido un ni\u00f1o, murieron en la explosi\u00f3n, cerca del Centro Cultural en Azaz.<\/p>\n\n\n\n<p>M\u00e1s tarde, otro coche bomba explot\u00f3 en un puesto de control de combatientes sirios pro-turcos, cerca de la ciudad de Al-Bab, matando al menos a cinco de ellos.<\/p>\n\n\n\n<p>Las \u00e1reas del norte de Siria, que est\u00e1n controladas por Turqu\u00eda y las facciones pro-sirias, son testigos de atentados con bombas en autom\u00f3viles y bicicletas, y rara vez nadie se responsabiliza por ellos.<\/p>\n\n\n\n<p>Ankara suele acusar a los combatientes kurdos, a quienes clasifica como &#8220;terroristas&#8221; y de estar detr\u00e1s de \u00e9stos atentados.<\/p>\n\n\n\n<p>El s\u00e1bado, la explosi\u00f3n de otro coche bomba, mat\u00f3 a ocho civiles, incluidos cuatro ni\u00f1os, en Afrin, al noroeste de Siria.<\/p>\n\n\n\n<p>El 2 de enero, muri\u00f3 un civil y otros nueve resultaron heridos cuando un coche bomba explot\u00f3 en Jenderes en el campo de Afrin, y el mismo d\u00eda una bomba explot\u00f3 cerca de un mercado de verduras en la ciudad fronteriza de Ras al-Ain, matando y provocando m\u00e1s v\u00edctimas.<\/p>\n\n\n\n<p>Desde 2016, Turqu\u00eda y las facciones pro-siria han tomado el control de varias \u00e1reas en el norte del pa\u00eds, despu\u00e9s de varios ataques lanzados contra ISIS y combatientes kurdos.<\/p>\n\n\n\n<p>Siria vive desde 2011 un conflicto sangriento que ha causado m\u00e1s de 387.000 nuertos, da\u00f1os masivos a infraestructuras y a los sectores productivos, provocando el desplazamiento de millones de personas dentro y fuera del pa\u00eds.<\/p>\n\n\n<p><small>\u00a9 2020 SalaStampa.Eu  affiliate with USAGM \/ BBG<br>\nCopyright \u00a9 1998-2020, Middle East Broadcasting Networks, Inc. (MBN) &#8211; Reprinted by ElCanillita.Info with the permission of  Alhurra TV, Radio Sawa<\/small><\/p>\n<p><!-- \/wp:post-content --><\/p>","protected":false},"excerpt":{"rendered":"<p>Un coche bomba mat\u00f3 al menos a cuatro personas, entre ellas tres civiles, en la ciudad de Azaz, en el norte de Turqu\u00eda, en Siria hoy, devastada por la guerra.<br \/>\nEl ataque, que ocurri\u00f3 cerca de un centro cultural, tambi\u00e9n hiri\u00f3 a m\u00e1s de 22 personas, dijo el Observatorio Sirio de Derechos Humanos con sede en Gran Breta\u00f1a<\/p>\n","protected":false},"author":1,"featured_media":1393,"comment_status":"closed","ping_status":"closed","sticky":false,"template":"","format":"standard","meta":{"footnotes":"","_links_to":"","_links_to_target":""},"categories":[70,15,23,25],"tags":[],"class_list":["post-1392","post","type-post","status-publish","format-standard","has-post-thumbnail","hentry","category-actualidad","category-medio-oriente","category-politica","category-sociedad","entry","double"],"yoast_head":"<!-- This site is optimized with the Yoast SEO plugin v27.4 - https:\/\/yoast.com\/product\/yoast-seo-wordpress\/ -->\n<title>Once personas murieron en el norte de Siria, incluido un ni\u00f1o, en dos atentados terroristas - ElCanillita.Info<\/title>\n<meta name=\"robots\" content=\"index, follow, max-snippet:-1, max-image-preview:large, max-video-preview:-1\" \/>\n<link rel=\"canonical\" href=\"https:\/\/elcanillita.info\/press\/2021\/01\/31\/once-personas-murieron-explosiones-siria\/\" \/>\n<meta property=\"og:locale\" content=\"es_ES\" \/>\n<meta property=\"og:type\" content=\"article\" \/>\n<meta property=\"og:title\" content=\"Once personas murieron en el norte de Siria, incluido un ni\u00f1o, en dos atentados terroristas - ElCanillita.Info\" \/>\n<meta property=\"og:description\" content=\"Un coche bomba mat\u00f3 al menos a cuatro personas, entre ellas tres civiles, en la ciudad de Azaz, en el norte de Turqu\u00eda, en Siria hoy, devastada por la guerra. El ataque, que ocurri\u00f3 cerca de un centro cultural, tambi\u00e9n hiri\u00f3 a m\u00e1s de 22 personas, dijo el Observatorio Sirio de Derechos Humanos con sede en Gran Breta\u00f1a\" \/>\n<meta property=\"og:url\" content=\"https:\/\/elcanillita.info\/press\/2021\/01\/31\/once-personas-murieron-explosiones-siria\/\" \/>\n<meta property=\"og:site_name\" content=\"ElCanillita.Info\" \/>\n<meta property=\"article:publisher\" content=\"https:\/\/ar-ar.facebook.com\/ElCanillitainfo-114249515285712\/\" \/>\n<meta property=\"article:published_time\" content=\"2021-01-31T20:21:11+00:00\" \/>\n<meta property=\"article:modified_time\" content=\"2021-02-01T10:09:16+00:00\" \/>\n<meta property=\"og:image\" content=\"https:\/\/elcanillita.info\/press\/images\/2021\/01\/siria20210131.jpg\" \/>\n\t<meta property=\"og:image:width\" content=\"600\" \/>\n\t<meta property=\"og:image:height\" content=\"407\" \/>\n\t<meta property=\"og:image:type\" content=\"image\/jpeg\" \/>\n<meta name=\"author\" content=\"SalaStampa.eu, world press service\" \/>\n<meta name=\"twitter:card\" content=\"summary_large_image\" \/>\n<meta name=\"twitter:label1\" content=\"Escrito por\" \/>\n\t<meta name=\"twitter:data1\" content=\"SalaStampa.eu, world press service\" \/>\n\t<meta name=\"twitter:label2\" content=\"Tiempo de lectura\" \/>\n\t<meta name=\"twitter:data2\" content=\"3 minutos\" \/>\n<script type=\"application\/ld+json\" class=\"yoast-schema-graph\">{\"@context\":\"https:\\\/\\\/schema.org\",\"@graph\":[{\"@type\":\"Article\",\"@id\":\"https:\\\/\\\/elcanillita.info\\\/press\\\/2021\\\/01\\\/31\\\/once-personas-murieron-explosiones-siria\\\/#article\",\"isPartOf\":{\"@id\":\"https:\\\/\\\/elcanillita.info\\\/press\\\/2021\\\/01\\\/31\\\/once-personas-murieron-explosiones-siria\\\/\"},\"author\":{\"name\":\"SalaStampa.eu, world press service\",\"@id\":\"https:\\\/\\\/elcanillita.info\\\/press\\\/#\\\/schema\\\/person\\\/7fcb79f38045700919f7da6d97e71ba0\"},\"headline\":\"Once personas murieron en el norte de Siria, incluido un ni\u00f1o, en dos atentados terroristas\",\"datePublished\":\"2021-01-31T20:21:11+00:00\",\"dateModified\":\"2021-02-01T10:09:16+00:00\",\"mainEntityOfPage\":{\"@id\":\"https:\\\/\\\/elcanillita.info\\\/press\\\/2021\\\/01\\\/31\\\/once-personas-murieron-explosiones-siria\\\/\"},\"wordCount\":549,\"publisher\":{\"@id\":\"https:\\\/\\\/elcanillita.info\\\/press\\\/#organization\"},\"image\":{\"@id\":\"https:\\\/\\\/elcanillita.info\\\/press\\\/2021\\\/01\\\/31\\\/once-personas-murieron-explosiones-siria\\\/#primaryimage\"},\"thumbnailUrl\":\"https:\\\/\\\/elcanillita.info\\\/press\\\/images\\\/2021\\\/01\\\/siria20210131.jpg\",\"articleSection\":[\"Actualidad\",\"Medio Oriente\",\"Politica\",\"Sociedad\"],\"inLanguage\":\"es-AR\"},{\"@type\":\"WebPage\",\"@id\":\"https:\\\/\\\/elcanillita.info\\\/press\\\/2021\\\/01\\\/31\\\/once-personas-murieron-explosiones-siria\\\/\",\"url\":\"https:\\\/\\\/elcanillita.info\\\/press\\\/2021\\\/01\\\/31\\\/once-personas-murieron-explosiones-siria\\\/\",\"name\":\"Once personas murieron en el norte de Siria, incluido un ni\u00f1o, en dos atentados terroristas - ElCanillita.Info\",\"isPartOf\":{\"@id\":\"https:\\\/\\\/elcanillita.info\\\/press\\\/#website\"},\"primaryImageOfPage\":{\"@id\":\"https:\\\/\\\/elcanillita.info\\\/press\\\/2021\\\/01\\\/31\\\/once-personas-murieron-explosiones-siria\\\/#primaryimage\"},\"image\":{\"@id\":\"https:\\\/\\\/elcanillita.info\\\/press\\\/2021\\\/01\\\/31\\\/once-personas-murieron-explosiones-siria\\\/#primaryimage\"},\"thumbnailUrl\":\"https:\\\/\\\/elcanillita.info\\\/press\\\/images\\\/2021\\\/01\\\/siria20210131.jpg\",\"datePublished\":\"2021-01-31T20:21:11+00:00\",\"dateModified\":\"2021-02-01T10:09:16+00:00\",\"inLanguage\":\"es-AR\",\"potentialAction\":[{\"@type\":\"ReadAction\",\"target\":[\"https:\\\/\\\/elcanillita.info\\\/press\\\/2021\\\/01\\\/31\\\/once-personas-murieron-explosiones-siria\\\/\"]}]},{\"@type\":\"ImageObject\",\"inLanguage\":\"es-AR\",\"@id\":\"https:\\\/\\\/elcanillita.info\\\/press\\\/2021\\\/01\\\/31\\\/once-personas-murieron-explosiones-siria\\\/#primaryimage\",\"url\":\"https:\\\/\\\/elcanillita.info\\\/press\\\/images\\\/2021\\\/01\\\/siria20210131.jpg\",\"contentUrl\":\"https:\\\/\\\/elcanillita.info\\\/press\\\/images\\\/2021\\\/01\\\/siria20210131.jpg\",\"width\":600,\"height\":407,\"caption\":\"EDITORS NOTE: Graphic content \\\/ Civilians carry a young victim at the scene of an explosion in the town of Azaz in the rebel-controlled northern countryside of Syria's Aleppo province,on January 31, 2021. - A car bomb killed at least four people, including three civilians, in the Turkish-held northern town of Azaz in war-torn Syria today, a war monitor said. The attack, which occurred near a cultural centre, also wounded more than 22 others, the Britain-based Syrian Observatory for Human Rights said. (Photo by Nayef Al-ABOUD \\\/ AFP)\"},{\"@type\":\"WebSite\",\"@id\":\"https:\\\/\\\/elcanillita.info\\\/press\\\/#website\",\"url\":\"https:\\\/\\\/elcanillita.info\\\/press\\\/\",\"name\":\"ElCanillita.Info\",\"description\":\"desde los Apeninos a los Andes\",\"publisher\":{\"@id\":\"https:\\\/\\\/elcanillita.info\\\/press\\\/#organization\"},\"potentialAction\":[{\"@type\":\"SearchAction\",\"target\":{\"@type\":\"EntryPoint\",\"urlTemplate\":\"https:\\\/\\\/elcanillita.info\\\/press\\\/?s={search_term_string}\"},\"query-input\":{\"@type\":\"PropertyValueSpecification\",\"valueRequired\":true,\"valueName\":\"search_term_string\"}}],\"inLanguage\":\"es-AR\"},{\"@type\":\"Organization\",\"@id\":\"https:\\\/\\\/elcanillita.info\\\/press\\\/#organization\",\"name\":\"Guzzo Photos & Graphic Publications\",\"url\":\"https:\\\/\\\/elcanillita.info\\\/press\\\/\",\"logo\":{\"@type\":\"ImageObject\",\"inLanguage\":\"es-AR\",\"@id\":\"https:\\\/\\\/elcanillita.info\\\/press\\\/#\\\/schema\\\/logo\\\/image\\\/\",\"url\":\"https:\\\/\\\/elcanillita.info\\\/press\\\/images\\\/2020\\\/01\\\/cropped-cropped-cropped-elcanillitainfo.png\",\"contentUrl\":\"https:\\\/\\\/elcanillita.info\\\/press\\\/images\\\/2020\\\/01\\\/cropped-cropped-cropped-elcanillitainfo.png\",\"width\":460,\"height\":50,\"caption\":\"Guzzo Photos & Graphic Publications\"},\"image\":{\"@id\":\"https:\\\/\\\/elcanillita.info\\\/press\\\/#\\\/schema\\\/logo\\\/image\\\/\"},\"sameAs\":[\"https:\\\/\\\/ar-ar.facebook.com\\\/ElCanillitainfo-114249515285712\\\/\"]},{\"@type\":\"Person\",\"@id\":\"https:\\\/\\\/elcanillita.info\\\/press\\\/#\\\/schema\\\/person\\\/7fcb79f38045700919f7da6d97e71ba0\",\"name\":\"SalaStampa.eu, world press service\",\"image\":{\"@type\":\"ImageObject\",\"inLanguage\":\"es-AR\",\"@id\":\"https:\\\/\\\/secure.gravatar.com\\\/avatar\\\/c2f0e0d515a107624234994507816ca4724c7199cef73fc8bedebf6931d73888?s=96&d=mm&r=g\",\"url\":\"https:\\\/\\\/secure.gravatar.com\\\/avatar\\\/c2f0e0d515a107624234994507816ca4724c7199cef73fc8bedebf6931d73888?s=96&d=mm&r=g\",\"contentUrl\":\"https:\\\/\\\/secure.gravatar.com\\\/avatar\\\/c2f0e0d515a107624234994507816ca4724c7199cef73fc8bedebf6931d73888?s=96&d=mm&r=g\",\"caption\":\"SalaStampa.eu, world press service\"}}]}<\/script>\n<!-- \/ Yoast SEO plugin. -->","yoast_head_json":{"title":"Once personas murieron en el norte de Siria, incluido un ni\u00f1o, en dos atentados terroristas - ElCanillita.Info","robots":{"index":"index","follow":"follow","max-snippet":"max-snippet:-1","max-image-preview":"max-image-preview:large","max-video-preview":"max-video-preview:-1"},"canonical":"https:\/\/elcanillita.info\/press\/2021\/01\/31\/once-personas-murieron-explosiones-siria\/","og_locale":"es_ES","og_type":"article","og_title":"Once personas murieron en el norte de Siria, incluido un ni\u00f1o, en dos atentados terroristas - ElCanillita.Info","og_description":"Un coche bomba mat\u00f3 al menos a cuatro personas, entre ellas tres civiles, en la ciudad de Azaz, en el norte de Turqu\u00eda, en Siria hoy, devastada por la guerra. El ataque, que ocurri\u00f3 cerca de un centro cultural, tambi\u00e9n hiri\u00f3 a m\u00e1s de 22 personas, dijo el Observatorio Sirio de Derechos Humanos con sede en Gran Breta\u00f1a","og_url":"https:\/\/elcanillita.info\/press\/2021\/01\/31\/once-personas-murieron-explosiones-siria\/","og_site_name":"ElCanillita.Info","article_publisher":"https:\/\/ar-ar.facebook.com\/ElCanillitainfo-114249515285712\/","article_published_time":"2021-01-31T20:21:11+00:00","article_modified_time":"2021-02-01T10:09:16+00:00","og_image":[{"width":600,"height":407,"url":"https:\/\/elcanillita.info\/press\/images\/2021\/01\/siria20210131.jpg","type":"image\/jpeg"}],"author":"SalaStampa.eu, world press service","twitter_card":"summary_large_image","twitter_misc":{"Escrito por":"SalaStampa.eu, world press service","Tiempo de lectura":"3 minutos"},"schema":{"@context":"https:\/\/schema.org","@graph":[{"@type":"Article","@id":"https:\/\/elcanillita.info\/press\/2021\/01\/31\/once-personas-murieron-explosiones-siria\/#article","isPartOf":{"@id":"https:\/\/elcanillita.info\/press\/2021\/01\/31\/once-personas-murieron-explosiones-siria\/"},"author":{"name":"SalaStampa.eu, world press service","@id":"https:\/\/elcanillita.info\/press\/#\/schema\/person\/7fcb79f38045700919f7da6d97e71ba0"},"headline":"Once personas murieron en el norte de Siria, incluido un ni\u00f1o, en dos atentados terroristas","datePublished":"2021-01-31T20:21:11+00:00","dateModified":"2021-02-01T10:09:16+00:00","mainEntityOfPage":{"@id":"https:\/\/elcanillita.info\/press\/2021\/01\/31\/once-personas-murieron-explosiones-siria\/"},"wordCount":549,"publisher":{"@id":"https:\/\/elcanillita.info\/press\/#organization"},"image":{"@id":"https:\/\/elcanillita.info\/press\/2021\/01\/31\/once-personas-murieron-explosiones-siria\/#primaryimage"},"thumbnailUrl":"https:\/\/elcanillita.info\/press\/images\/2021\/01\/siria20210131.jpg","articleSection":["Actualidad","Medio Oriente","Politica","Sociedad"],"inLanguage":"es-AR"},{"@type":"WebPage","@id":"https:\/\/elcanillita.info\/press\/2021\/01\/31\/once-personas-murieron-explosiones-siria\/","url":"https:\/\/elcanillita.info\/press\/2021\/01\/31\/once-personas-murieron-explosiones-siria\/","name":"Once personas murieron en el norte de Siria, incluido un ni\u00f1o, en dos atentados terroristas - ElCanillita.Info","isPartOf":{"@id":"https:\/\/elcanillita.info\/press\/#website"},"primaryImageOfPage":{"@id":"https:\/\/elcanillita.info\/press\/2021\/01\/31\/once-personas-murieron-explosiones-siria\/#primaryimage"},"image":{"@id":"https:\/\/elcanillita.info\/press\/2021\/01\/31\/once-personas-murieron-explosiones-siria\/#primaryimage"},"thumbnailUrl":"https:\/\/elcanillita.info\/press\/images\/2021\/01\/siria20210131.jpg","datePublished":"2021-01-31T20:21:11+00:00","dateModified":"2021-02-01T10:09:16+00:00","inLanguage":"es-AR","potentialAction":[{"@type":"ReadAction","target":["https:\/\/elcanillita.info\/press\/2021\/01\/31\/once-personas-murieron-explosiones-siria\/"]}]},{"@type":"ImageObject","inLanguage":"es-AR","@id":"https:\/\/elcanillita.info\/press\/2021\/01\/31\/once-personas-murieron-explosiones-siria\/#primaryimage","url":"https:\/\/elcanillita.info\/press\/images\/2021\/01\/siria20210131.jpg","contentUrl":"https:\/\/elcanillita.info\/press\/images\/2021\/01\/siria20210131.jpg","width":600,"height":407,"caption":"EDITORS NOTE: Graphic content \/ Civilians carry a young victim at the scene of an explosion in the town of Azaz in the rebel-controlled northern countryside of Syria's Aleppo province,on January 31, 2021. - A car bomb killed at least four people, including three civilians, in the Turkish-held northern town of Azaz in war-torn Syria today, a war monitor said. The attack, which occurred near a cultural centre, also wounded more than 22 others, the Britain-based Syrian Observatory for Human Rights said. (Photo by Nayef Al-ABOUD \/ AFP)"},{"@type":"WebSite","@id":"https:\/\/elcanillita.info\/press\/#website","url":"https:\/\/elcanillita.info\/press\/","name":"ElCanillita.Info","description":"desde los Apeninos a los Andes","publisher":{"@id":"https:\/\/elcanillita.info\/press\/#organization"},"potentialAction":[{"@type":"SearchAction","target":{"@type":"EntryPoint","urlTemplate":"https:\/\/elcanillita.info\/press\/?s={search_term_string}"},"query-input":{"@type":"PropertyValueSpecification","valueRequired":true,"valueName":"search_term_string"}}],"inLanguage":"es-AR"},{"@type":"Organization","@id":"https:\/\/elcanillita.info\/press\/#organization","name":"Guzzo Photos & Graphic Publications","url":"https:\/\/elcanillita.info\/press\/","logo":{"@type":"ImageObject","inLanguage":"es-AR","@id":"https:\/\/elcanillita.info\/press\/#\/schema\/logo\/image\/","url":"https:\/\/elcanillita.info\/press\/images\/2020\/01\/cropped-cropped-cropped-elcanillitainfo.png","contentUrl":"https:\/\/elcanillita.info\/press\/images\/2020\/01\/cropped-cropped-cropped-elcanillitainfo.png","width":460,"height":50,"caption":"Guzzo Photos & Graphic Publications"},"image":{"@id":"https:\/\/elcanillita.info\/press\/#\/schema\/logo\/image\/"},"sameAs":["https:\/\/ar-ar.facebook.com\/ElCanillitainfo-114249515285712\/"]},{"@type":"Person","@id":"https:\/\/elcanillita.info\/press\/#\/schema\/person\/7fcb79f38045700919f7da6d97e71ba0","name":"SalaStampa.eu, world press service","image":{"@type":"ImageObject","inLanguage":"es-AR","@id":"https:\/\/secure.gravatar.com\/avatar\/c2f0e0d515a107624234994507816ca4724c7199cef73fc8bedebf6931d73888?s=96&d=mm&r=g","url":"https:\/\/secure.gravatar.com\/avatar\/c2f0e0d515a107624234994507816ca4724c7199cef73fc8bedebf6931d73888?s=96&d=mm&r=g","contentUrl":"https:\/\/secure.gravatar.com\/avatar\/c2f0e0d515a107624234994507816ca4724c7199cef73fc8bedebf6931d73888?s=96&d=mm&r=g","caption":"SalaStampa.eu, world press service"}}]}},"views":685,"_links":{"self":[{"href":"https:\/\/elcanillita.info\/press\/wp-json\/wp\/v2\/posts\/1392","targetHints":{"allow":["GET"]}}],"collection":[{"href":"https:\/\/elcanillita.info\/press\/wp-json\/wp\/v2\/posts"}],"about":[{"href":"https:\/\/elcanillita.info\/press\/wp-json\/wp\/v2\/types\/post"}],"author":[{"embeddable":true,"href":"https:\/\/elcanillita.info\/press\/wp-json\/wp\/v2\/users\/1"}],"replies":[{"embeddable":true,"href":"https:\/\/elcanillita.info\/press\/wp-json\/wp\/v2\/comments?post=1392"}],"version-history":[{"count":0,"href":"https:\/\/elcanillita.info\/press\/wp-json\/wp\/v2\/posts\/1392\/revisions"}],"wp:featuredmedia":[{"embeddable":true,"href":"https:\/\/elcanillita.info\/press\/wp-json\/wp\/v2\/media\/1393"}],"wp:attachment":[{"href":"https:\/\/elcanillita.info\/press\/wp-json\/wp\/v2\/media?parent=1392"}],"wp:term":[{"taxonomy":"category","embeddable":true,"href":"https:\/\/elcanillita.info\/press\/wp-json\/wp\/v2\/categories?post=1392"},{"taxonomy":"post_tag","embeddable":true,"href":"https:\/\/elcanillita.info\/press\/wp-json\/wp\/v2\/tags?post=1392"}],"curies":[{"name":"wp","href":"https:\/\/api.w.org\/{rel}","templated":true}]}}