{"id":1376,"date":"2021-01-25T14:28:47","date_gmt":"2021-01-25T17:28:47","guid":{"rendered":"https:\/\/elcanillita.info\/press\/?p=1376"},"modified":"2021-01-31T17:40:06","modified_gmt":"2021-01-31T20:40:06","slug":"ira-corrupcion-encarcelamiento-navalny-politica-rusa","status":"publish","type":"post","link":"https:\/\/elcanillita.info\/press\/2021\/01\/25\/ira-corrupcion-encarcelamiento-navalny-politica-rusa\/","title":{"rendered":"La ira por la corrupci\u00f3n y el encarcelamiento de Navalny podr\u00eda redefinir la pol\u00edtica rusa"},"content":{"rendered":"\n<div class=\"wp-block-image\"><figure class=\"aligncenter size-large\"><img loading=\"lazy\" decoding=\"async\" width=\"600\" height=\"400\" src=\"https:\/\/elcanillita.info\/press\/images\/2021\/01\/putinhouse1_20210125.jpg\" alt=\"\" class=\"wp-image-1378\" srcset=\"https:\/\/elcanillita.info\/press\/images\/2021\/01\/putinhouse1_20210125.jpg 600w, https:\/\/elcanillita.info\/press\/images\/2021\/01\/putinhouse1_20210125-300x200.jpg 300w\" sizes=\"auto, (max-width: 600px) 100vw, 600px\" \/><figcaption><small><strong>Foto de un dron del Palacio de Putin, que se encuentra a 18 kil\u00f3metros de la costa de la ciudad rusa de Gelendzhik<\/strong><\/small><\/figcaption><\/figure><\/div>\n\n\n\n<p>Navalny regres\u00f3 a Rusia el 17 de enero despu\u00e9s de cinco meses en Alemania recuper\u00e1ndose de los efectos de una intoxicaci\u00f3n por agentes nerviosos que atribuye a Putin, aparentemente contando con suficiente apoyo popular para ayudarlo a escapar de una larga sentencia de prisi\u00f3n amenazada por las autoridades, y montar una fuerte desaf\u00edo al poder de Putin.<\/p>\n\n\n\n<p>Al d\u00eda siguiente, fue encarcelado durante un mes en espera de una audiencia judicial por cargos de violaci\u00f3n de la libertad condicional que podr\u00edan llevarlo a la c\u00e1rcel durante tres a\u00f1os y medio. Antes de que se lo llevaran, pidi\u00f3 a los rusos que salieran a las calles en una gran muestra de solidaridad.<\/p>\n\n\n\n<p>En el informe de video publicado al d\u00eda siguiente, que ahora se ha visto m\u00e1s de 70 millones de veces en YouTube, dijo a sus espectadores que Putin y sus asociados &#8220;seguir\u00e1n robando m\u00e1s y m\u00e1s hasta que arruinen a todo el pa\u00eds&#8221;.<\/p>\n\n\n\n<p>Al revelar lo que dice el informe de investigaci\u00f3n, es un palacio de $ 1.36 mil millones de d\u00f3lares en el Mar Negro que en \u00faltima instancia pertenece a Putin, Navalny dijo: &#8220;Rusia vende enormes cantidades de petr\u00f3leo, gas, metales, fertilizantes y madera, pero los ingresos de las personas siguen cayendo y cayendo&#8221;. porque Putin tiene su palacio &#8220;.<\/p>\n\n\n\n<p>Los rusos respondieron en masa el 23 de enero, protestando en al menos 60 ciudades y desafiando las temperaturas invernales que cayeron hasta menos 52 grados Celsius en Yakutsk, Siberia. Muchos portaban pancartas y carteles que citaban la investigaci\u00f3n del &#8220;Palacio de Putin&#8221; y denunciaban la corrupci\u00f3n oficial.<\/p>\n\n\n\n<pre class=\"wp-block-code\"><code>Hoy se est\u00e1n llevando a cabo protestas en toda Rusia, pidiendo la liberaci\u00f3n de Navalny.<\/code><\/pre>\n\n\n\n<p>La polic\u00eda reaccion\u00f3 con fuerza, interviniendo en protestas pac\u00edficas, empu\u00f1ando porras y escudos para dispersar a las multitudes y llenando camionetas antidisturbios con activistas, incluida la esposa de Navalny, Yulia Navalnaya, que hab\u00eda regresado con \u00e9l a Mosc\u00fa desde Alemania. A \u00faltima hora de la noche en Mosc\u00fa, m\u00e1s de 3.400 personas hab\u00edan sido detenidas en todo el pa\u00eds, seg\u00fan el grupo de monitores de protesta OVD-Info.<\/p>\n\n\n\n<p>La televisi\u00f3n estatal rusa ignor\u00f3 en gran medida las protestas, pero las transmisiones en l\u00ednea progubernamentales acusaron sin fundamento a Navalny de lavar el cerebro a los j\u00f3venes de Rusia para que disentieran, una l\u00ednea a menudo presentada por las autoridades en un intento de desacreditar al movimiento de oposici\u00f3n.<\/p>\n\n\n\n<p>Pero la evidencia de la participaci\u00f3n masiva de adolescentes parec\u00eda escasa. En Mosc\u00fa, unas 40.000 personas acudieron a una protesta en la c\u00e9ntrica plaza Pushkin, con pocos menores visibles entre la multitud. Un ni\u00f1o de 14 a\u00f1os que le dijo a un periodista que hab\u00eda venido &#8220;a echar un vistazo&#8221; fue luego detenido brutalmente por la polic\u00eda en medio de gritos de: &#8220;\u00a1Es solo un ni\u00f1o!&#8221;<\/p>\n\n\n\n<p>El llamado de Navalny a una protesta en medio del invierno y la pandemia de COVID-19 fue visto como una apuesta y una prueba de su capacidad para reunir un apoyo significativo para un nuevo impulso contra Putin, quien ha estado en el poder durante dos d\u00e9cadas y el a\u00f1o pasado en un refer\u00e9ndum criticado por los cr\u00edticos, asegur\u00f3 el derecho a postularse para la reelecci\u00f3n en 2024 y nuevamente en 2030.<\/p>\n\n\n\n<p>No estaba claro de inmediato si las protestas considerables y generalizadas resultar\u00edan en que Navalny evitara una larga sentencia de prisi\u00f3n. En 2013, a grandes manifestaciones en su apoyo fuera del Kremlin y otros lugares emblem\u00e1ticos de Mosc\u00fa se les atribuy\u00f3 la suspensi\u00f3n de su condena de cinco a\u00f1os de prisi\u00f3n.<\/p>\n\n\n\n<p>&#8220;Si las protestas del 23 de enero no producen un resultado inmediato &#8211; la liberaci\u00f3n de Aleksei Navalny &#8211; entonces tales eventos suceder\u00e1n una y otra vez&#8221;, dijo el asistente de Navalny, Leonid Volkov, a Current Time, la red en ruso dirigida por RFE \/ RL en cooperaci\u00f3n con VOA.<\/p>\n\n\n\n<p>El futuro del asediado movimiento de oposici\u00f3n de Rusia tambi\u00e9n sigue siendo incierto, pero el tama\u00f1o de las protestas, incluso frente a una represi\u00f3n concertada de una semana para frustrarlas, sugiere que un n\u00famero sustancial de rusos puede estar decidido a mantener la presi\u00f3n.<\/p>\n\n\n\n<p>Tatyana Stanovaya, analista pol\u00edtica, dijo que las autoridades rusas cometieron dos errores cr\u00edticos: el envenenamiento de Navalny y su arresto, sugiriendo que en lugar de marginarlo, el Kremlin solo ha fortalecido su base.<\/p>\n\n\n\n<p>-Los resultados de muchos, muchos a\u00f1os de trabajo minucioso del Kremlin para empujar a la oposici\u00f3n real a los m\u00e1rgenes pol\u00edticos fueron enterrados ceremoniosamente hoy en un solo d\u00eda, escribi\u00f3 Stanovaya en Telegram.<\/p>\n\n\n\n<p>La dura respuesta policial y el alto n\u00famero de arrestos tambi\u00e9n apuntan a lo que podr\u00eda ser un amargo y prolongado enfrentamiento si los m\u00edtines persisten en las pr\u00f3ximas semanas, especialmente con las elecciones parlamentarias potencialmente cruciales que se celebrar\u00e1n en septiembre.<\/p>\n\n\n\n<p>Mientras tanto, la popularidad de Putin se ha deslizado en medio de la pandemia y la ira por lo que muchos ven como un apoyo estatal inadecuado durante la crisis econ\u00f3mica concomitante de Rusia. <br>El presidente ha pasado gran parte del tiempo en los \u00faltimos meses en su residencia en las afueras de Mosc\u00fa, haciendo pocas apariciones p\u00fablicas.<\/p>\n\n\n\n<p>Tampoco ha comentado p\u00fablicamente el informe de Navalny sobre el palacio del Mar Negro, que su portavoz descart\u00f3 r\u00e1pidamente como mentiras.<\/p>\n\n\n\n<p>-Navalny se ha hecho cargo de la iniciativa, dijo el analista Gallyamov. -Ahora el estado se est\u00e1 defendiendo.<br><br><small>\u00a9 2021 SalaStampa.Eu  affiliate with USAGM \/ BBG Copyright \u00a9 1998-2021, RFE\/RL.<\/small> <small>Reprinted by ElCanillita.Info with the permission of Radio Free Europe\/Radio Liberty, 1201 Connecticut Ave NW, Ste 400, Washington DC 20036<\/small><\/p>\n","protected":false},"excerpt":{"rendered":"<p>Al apelo de Navalny, los rusos respondieron en masa el 23 de enero, protestando en al menos 60 ciudades y desafiando las temperaturas invernales que cayeron hasta menos 52 grados Celsius en Yakutsk, Siberia.<\/p>\n","protected":false},"author":1,"featured_media":1377,"comment_status":"closed","ping_status":"closed","sticky":false,"template":"","format":"standard","meta":{"footnotes":"","_links_to":"","_links_to_target":""},"categories":[70,7,23,25],"tags":[49],"class_list":["post-1376","post","type-post","status-publish","format-standard","has-post-thumbnail","hentry","category-actualidad","category-eurasia","category-politica","category-sociedad","tag-rusia","entry","double"],"yoast_head":"<!-- This site is optimized with the Yoast SEO plugin v27.4 - https:\/\/yoast.com\/product\/yoast-seo-wordpress\/ -->\n<title>La ira por la corrupci\u00f3n y el encarcelamiento de Navalny podr\u00eda redefinir la pol\u00edtica rusa - ElCanillita.Info<\/title>\n<meta name=\"robots\" content=\"index, follow, max-snippet:-1, max-image-preview:large, max-video-preview:-1\" \/>\n<link rel=\"canonical\" href=\"https:\/\/elcanillita.info\/press\/2021\/01\/25\/ira-corrupcion-encarcelamiento-navalny-politica-rusa\/\" \/>\n<meta property=\"og:locale\" content=\"es_ES\" \/>\n<meta property=\"og:type\" content=\"article\" \/>\n<meta property=\"og:title\" content=\"La ira por la corrupci\u00f3n y el encarcelamiento de Navalny podr\u00eda redefinir la pol\u00edtica rusa - ElCanillita.Info\" \/>\n<meta property=\"og:description\" content=\"Al apelo de Navalny, los rusos respondieron en masa el 23 de enero, protestando en al menos 60 ciudades y desafiando las temperaturas invernales que cayeron hasta menos 52 grados Celsius en Yakutsk, Siberia.\" \/>\n<meta property=\"og:url\" content=\"https:\/\/elcanillita.info\/press\/2021\/01\/25\/ira-corrupcion-encarcelamiento-navalny-politica-rusa\/\" \/>\n<meta property=\"og:site_name\" content=\"ElCanillita.Info\" \/>\n<meta property=\"article:publisher\" content=\"https:\/\/ar-ar.facebook.com\/ElCanillitainfo-114249515285712\/\" \/>\n<meta property=\"article:published_time\" content=\"2021-01-25T17:28:47+00:00\" \/>\n<meta property=\"article:modified_time\" content=\"2021-01-31T20:40:06+00:00\" \/>\n<meta property=\"og:image\" content=\"https:\/\/elcanillita.info\/press\/images\/2021\/01\/putinhouse2_20210125.jpg\" \/>\n\t<meta property=\"og:image:width\" content=\"600\" \/>\n\t<meta property=\"og:image:height\" content=\"309\" \/>\n\t<meta property=\"og:image:type\" content=\"image\/jpeg\" \/>\n<meta name=\"author\" content=\"SalaStampa.eu, world press service\" \/>\n<meta name=\"twitter:card\" content=\"summary_large_image\" \/>\n<meta name=\"twitter:label1\" content=\"Escrito por\" \/>\n\t<meta name=\"twitter:data1\" content=\"SalaStampa.eu, world press service\" \/>\n\t<meta name=\"twitter:label2\" content=\"Tiempo de lectura\" \/>\n\t<meta name=\"twitter:data2\" content=\"5 minutos\" \/>\n<script type=\"application\/ld+json\" class=\"yoast-schema-graph\">{\"@context\":\"https:\\\/\\\/schema.org\",\"@graph\":[{\"@type\":\"Article\",\"@id\":\"https:\\\/\\\/elcanillita.info\\\/press\\\/2021\\\/01\\\/25\\\/ira-corrupcion-encarcelamiento-navalny-politica-rusa\\\/#article\",\"isPartOf\":{\"@id\":\"https:\\\/\\\/elcanillita.info\\\/press\\\/2021\\\/01\\\/25\\\/ira-corrupcion-encarcelamiento-navalny-politica-rusa\\\/\"},\"author\":{\"name\":\"SalaStampa.eu, world press service\",\"@id\":\"https:\\\/\\\/elcanillita.info\\\/press\\\/#\\\/schema\\\/person\\\/7fcb79f38045700919f7da6d97e71ba0\"},\"headline\":\"La ira por la corrupci\u00f3n y el encarcelamiento de Navalny podr\u00eda redefinir la pol\u00edtica rusa\",\"datePublished\":\"2021-01-25T17:28:47+00:00\",\"dateModified\":\"2021-01-31T20:40:06+00:00\",\"mainEntityOfPage\":{\"@id\":\"https:\\\/\\\/elcanillita.info\\\/press\\\/2021\\\/01\\\/25\\\/ira-corrupcion-encarcelamiento-navalny-politica-rusa\\\/\"},\"wordCount\":999,\"publisher\":{\"@id\":\"https:\\\/\\\/elcanillita.info\\\/press\\\/#organization\"},\"image\":{\"@id\":\"https:\\\/\\\/elcanillita.info\\\/press\\\/2021\\\/01\\\/25\\\/ira-corrupcion-encarcelamiento-navalny-politica-rusa\\\/#primaryimage\"},\"thumbnailUrl\":\"https:\\\/\\\/elcanillita.info\\\/press\\\/images\\\/2021\\\/01\\\/putinhouse2_20210125.jpg\",\"keywords\":[\"Rusia\"],\"articleSection\":[\"Actualidad\",\"Eurasia\",\"Politica\",\"Sociedad\"],\"inLanguage\":\"es-AR\"},{\"@type\":\"WebPage\",\"@id\":\"https:\\\/\\\/elcanillita.info\\\/press\\\/2021\\\/01\\\/25\\\/ira-corrupcion-encarcelamiento-navalny-politica-rusa\\\/\",\"url\":\"https:\\\/\\\/elcanillita.info\\\/press\\\/2021\\\/01\\\/25\\\/ira-corrupcion-encarcelamiento-navalny-politica-rusa\\\/\",\"name\":\"La ira por la corrupci\u00f3n y el encarcelamiento de Navalny podr\u00eda redefinir la pol\u00edtica rusa - ElCanillita.Info\",\"isPartOf\":{\"@id\":\"https:\\\/\\\/elcanillita.info\\\/press\\\/#website\"},\"primaryImageOfPage\":{\"@id\":\"https:\\\/\\\/elcanillita.info\\\/press\\\/2021\\\/01\\\/25\\\/ira-corrupcion-encarcelamiento-navalny-politica-rusa\\\/#primaryimage\"},\"image\":{\"@id\":\"https:\\\/\\\/elcanillita.info\\\/press\\\/2021\\\/01\\\/25\\\/ira-corrupcion-encarcelamiento-navalny-politica-rusa\\\/#primaryimage\"},\"thumbnailUrl\":\"https:\\\/\\\/elcanillita.info\\\/press\\\/images\\\/2021\\\/01\\\/putinhouse2_20210125.jpg\",\"datePublished\":\"2021-01-25T17:28:47+00:00\",\"dateModified\":\"2021-01-31T20:40:06+00:00\",\"inLanguage\":\"es-AR\",\"potentialAction\":[{\"@type\":\"ReadAction\",\"target\":[\"https:\\\/\\\/elcanillita.info\\\/press\\\/2021\\\/01\\\/25\\\/ira-corrupcion-encarcelamiento-navalny-politica-rusa\\\/\"]}]},{\"@type\":\"ImageObject\",\"inLanguage\":\"es-AR\",\"@id\":\"https:\\\/\\\/elcanillita.info\\\/press\\\/2021\\\/01\\\/25\\\/ira-corrupcion-encarcelamiento-navalny-politica-rusa\\\/#primaryimage\",\"url\":\"https:\\\/\\\/elcanillita.info\\\/press\\\/images\\\/2021\\\/01\\\/putinhouse2_20210125.jpg\",\"contentUrl\":\"https:\\\/\\\/elcanillita.info\\\/press\\\/images\\\/2021\\\/01\\\/putinhouse2_20210125.jpg\",\"width\":600,\"height\":309},{\"@type\":\"WebSite\",\"@id\":\"https:\\\/\\\/elcanillita.info\\\/press\\\/#website\",\"url\":\"https:\\\/\\\/elcanillita.info\\\/press\\\/\",\"name\":\"ElCanillita.Info\",\"description\":\"desde los Apeninos a los Andes\",\"publisher\":{\"@id\":\"https:\\\/\\\/elcanillita.info\\\/press\\\/#organization\"},\"potentialAction\":[{\"@type\":\"SearchAction\",\"target\":{\"@type\":\"EntryPoint\",\"urlTemplate\":\"https:\\\/\\\/elcanillita.info\\\/press\\\/?s={search_term_string}\"},\"query-input\":{\"@type\":\"PropertyValueSpecification\",\"valueRequired\":true,\"valueName\":\"search_term_string\"}}],\"inLanguage\":\"es-AR\"},{\"@type\":\"Organization\",\"@id\":\"https:\\\/\\\/elcanillita.info\\\/press\\\/#organization\",\"name\":\"Guzzo Photos & Graphic Publications\",\"url\":\"https:\\\/\\\/elcanillita.info\\\/press\\\/\",\"logo\":{\"@type\":\"ImageObject\",\"inLanguage\":\"es-AR\",\"@id\":\"https:\\\/\\\/elcanillita.info\\\/press\\\/#\\\/schema\\\/logo\\\/image\\\/\",\"url\":\"https:\\\/\\\/elcanillita.info\\\/press\\\/images\\\/2020\\\/01\\\/cropped-cropped-cropped-elcanillitainfo.png\",\"contentUrl\":\"https:\\\/\\\/elcanillita.info\\\/press\\\/images\\\/2020\\\/01\\\/cropped-cropped-cropped-elcanillitainfo.png\",\"width\":460,\"height\":50,\"caption\":\"Guzzo Photos & Graphic Publications\"},\"image\":{\"@id\":\"https:\\\/\\\/elcanillita.info\\\/press\\\/#\\\/schema\\\/logo\\\/image\\\/\"},\"sameAs\":[\"https:\\\/\\\/ar-ar.facebook.com\\\/ElCanillitainfo-114249515285712\\\/\"]},{\"@type\":\"Person\",\"@id\":\"https:\\\/\\\/elcanillita.info\\\/press\\\/#\\\/schema\\\/person\\\/7fcb79f38045700919f7da6d97e71ba0\",\"name\":\"SalaStampa.eu, world press service\",\"image\":{\"@type\":\"ImageObject\",\"inLanguage\":\"es-AR\",\"@id\":\"https:\\\/\\\/secure.gravatar.com\\\/avatar\\\/c2f0e0d515a107624234994507816ca4724c7199cef73fc8bedebf6931d73888?s=96&d=mm&r=g\",\"url\":\"https:\\\/\\\/secure.gravatar.com\\\/avatar\\\/c2f0e0d515a107624234994507816ca4724c7199cef73fc8bedebf6931d73888?s=96&d=mm&r=g\",\"contentUrl\":\"https:\\\/\\\/secure.gravatar.com\\\/avatar\\\/c2f0e0d515a107624234994507816ca4724c7199cef73fc8bedebf6931d73888?s=96&d=mm&r=g\",\"caption\":\"SalaStampa.eu, world press service\"}}]}<\/script>\n<!-- \/ Yoast SEO plugin. -->","yoast_head_json":{"title":"La ira por la corrupci\u00f3n y el encarcelamiento de Navalny podr\u00eda redefinir la pol\u00edtica rusa - ElCanillita.Info","robots":{"index":"index","follow":"follow","max-snippet":"max-snippet:-1","max-image-preview":"max-image-preview:large","max-video-preview":"max-video-preview:-1"},"canonical":"https:\/\/elcanillita.info\/press\/2021\/01\/25\/ira-corrupcion-encarcelamiento-navalny-politica-rusa\/","og_locale":"es_ES","og_type":"article","og_title":"La ira por la corrupci\u00f3n y el encarcelamiento de Navalny podr\u00eda redefinir la pol\u00edtica rusa - ElCanillita.Info","og_description":"Al apelo de Navalny, los rusos respondieron en masa el 23 de enero, protestando en al menos 60 ciudades y desafiando las temperaturas invernales que cayeron hasta menos 52 grados Celsius en Yakutsk, Siberia.","og_url":"https:\/\/elcanillita.info\/press\/2021\/01\/25\/ira-corrupcion-encarcelamiento-navalny-politica-rusa\/","og_site_name":"ElCanillita.Info","article_publisher":"https:\/\/ar-ar.facebook.com\/ElCanillitainfo-114249515285712\/","article_published_time":"2021-01-25T17:28:47+00:00","article_modified_time":"2021-01-31T20:40:06+00:00","og_image":[{"width":600,"height":309,"url":"https:\/\/elcanillita.info\/press\/images\/2021\/01\/putinhouse2_20210125.jpg","type":"image\/jpeg"}],"author":"SalaStampa.eu, world press service","twitter_card":"summary_large_image","twitter_misc":{"Escrito por":"SalaStampa.eu, world press service","Tiempo de lectura":"5 minutos"},"schema":{"@context":"https:\/\/schema.org","@graph":[{"@type":"Article","@id":"https:\/\/elcanillita.info\/press\/2021\/01\/25\/ira-corrupcion-encarcelamiento-navalny-politica-rusa\/#article","isPartOf":{"@id":"https:\/\/elcanillita.info\/press\/2021\/01\/25\/ira-corrupcion-encarcelamiento-navalny-politica-rusa\/"},"author":{"name":"SalaStampa.eu, world press service","@id":"https:\/\/elcanillita.info\/press\/#\/schema\/person\/7fcb79f38045700919f7da6d97e71ba0"},"headline":"La ira por la corrupci\u00f3n y el encarcelamiento de Navalny podr\u00eda redefinir la pol\u00edtica rusa","datePublished":"2021-01-25T17:28:47+00:00","dateModified":"2021-01-31T20:40:06+00:00","mainEntityOfPage":{"@id":"https:\/\/elcanillita.info\/press\/2021\/01\/25\/ira-corrupcion-encarcelamiento-navalny-politica-rusa\/"},"wordCount":999,"publisher":{"@id":"https:\/\/elcanillita.info\/press\/#organization"},"image":{"@id":"https:\/\/elcanillita.info\/press\/2021\/01\/25\/ira-corrupcion-encarcelamiento-navalny-politica-rusa\/#primaryimage"},"thumbnailUrl":"https:\/\/elcanillita.info\/press\/images\/2021\/01\/putinhouse2_20210125.jpg","keywords":["Rusia"],"articleSection":["Actualidad","Eurasia","Politica","Sociedad"],"inLanguage":"es-AR"},{"@type":"WebPage","@id":"https:\/\/elcanillita.info\/press\/2021\/01\/25\/ira-corrupcion-encarcelamiento-navalny-politica-rusa\/","url":"https:\/\/elcanillita.info\/press\/2021\/01\/25\/ira-corrupcion-encarcelamiento-navalny-politica-rusa\/","name":"La ira por la corrupci\u00f3n y el encarcelamiento de Navalny podr\u00eda redefinir la pol\u00edtica rusa - ElCanillita.Info","isPartOf":{"@id":"https:\/\/elcanillita.info\/press\/#website"},"primaryImageOfPage":{"@id":"https:\/\/elcanillita.info\/press\/2021\/01\/25\/ira-corrupcion-encarcelamiento-navalny-politica-rusa\/#primaryimage"},"image":{"@id":"https:\/\/elcanillita.info\/press\/2021\/01\/25\/ira-corrupcion-encarcelamiento-navalny-politica-rusa\/#primaryimage"},"thumbnailUrl":"https:\/\/elcanillita.info\/press\/images\/2021\/01\/putinhouse2_20210125.jpg","datePublished":"2021-01-25T17:28:47+00:00","dateModified":"2021-01-31T20:40:06+00:00","inLanguage":"es-AR","potentialAction":[{"@type":"ReadAction","target":["https:\/\/elcanillita.info\/press\/2021\/01\/25\/ira-corrupcion-encarcelamiento-navalny-politica-rusa\/"]}]},{"@type":"ImageObject","inLanguage":"es-AR","@id":"https:\/\/elcanillita.info\/press\/2021\/01\/25\/ira-corrupcion-encarcelamiento-navalny-politica-rusa\/#primaryimage","url":"https:\/\/elcanillita.info\/press\/images\/2021\/01\/putinhouse2_20210125.jpg","contentUrl":"https:\/\/elcanillita.info\/press\/images\/2021\/01\/putinhouse2_20210125.jpg","width":600,"height":309},{"@type":"WebSite","@id":"https:\/\/elcanillita.info\/press\/#website","url":"https:\/\/elcanillita.info\/press\/","name":"ElCanillita.Info","description":"desde los Apeninos a los Andes","publisher":{"@id":"https:\/\/elcanillita.info\/press\/#organization"},"potentialAction":[{"@type":"SearchAction","target":{"@type":"EntryPoint","urlTemplate":"https:\/\/elcanillita.info\/press\/?s={search_term_string}"},"query-input":{"@type":"PropertyValueSpecification","valueRequired":true,"valueName":"search_term_string"}}],"inLanguage":"es-AR"},{"@type":"Organization","@id":"https:\/\/elcanillita.info\/press\/#organization","name":"Guzzo Photos & Graphic Publications","url":"https:\/\/elcanillita.info\/press\/","logo":{"@type":"ImageObject","inLanguage":"es-AR","@id":"https:\/\/elcanillita.info\/press\/#\/schema\/logo\/image\/","url":"https:\/\/elcanillita.info\/press\/images\/2020\/01\/cropped-cropped-cropped-elcanillitainfo.png","contentUrl":"https:\/\/elcanillita.info\/press\/images\/2020\/01\/cropped-cropped-cropped-elcanillitainfo.png","width":460,"height":50,"caption":"Guzzo Photos & Graphic Publications"},"image":{"@id":"https:\/\/elcanillita.info\/press\/#\/schema\/logo\/image\/"},"sameAs":["https:\/\/ar-ar.facebook.com\/ElCanillitainfo-114249515285712\/"]},{"@type":"Person","@id":"https:\/\/elcanillita.info\/press\/#\/schema\/person\/7fcb79f38045700919f7da6d97e71ba0","name":"SalaStampa.eu, world press service","image":{"@type":"ImageObject","inLanguage":"es-AR","@id":"https:\/\/secure.gravatar.com\/avatar\/c2f0e0d515a107624234994507816ca4724c7199cef73fc8bedebf6931d73888?s=96&d=mm&r=g","url":"https:\/\/secure.gravatar.com\/avatar\/c2f0e0d515a107624234994507816ca4724c7199cef73fc8bedebf6931d73888?s=96&d=mm&r=g","contentUrl":"https:\/\/secure.gravatar.com\/avatar\/c2f0e0d515a107624234994507816ca4724c7199cef73fc8bedebf6931d73888?s=96&d=mm&r=g","caption":"SalaStampa.eu, world press service"}}]}},"views":706,"_links":{"self":[{"href":"https:\/\/elcanillita.info\/press\/wp-json\/wp\/v2\/posts\/1376","targetHints":{"allow":["GET"]}}],"collection":[{"href":"https:\/\/elcanillita.info\/press\/wp-json\/wp\/v2\/posts"}],"about":[{"href":"https:\/\/elcanillita.info\/press\/wp-json\/wp\/v2\/types\/post"}],"author":[{"embeddable":true,"href":"https:\/\/elcanillita.info\/press\/wp-json\/wp\/v2\/users\/1"}],"replies":[{"embeddable":true,"href":"https:\/\/elcanillita.info\/press\/wp-json\/wp\/v2\/comments?post=1376"}],"version-history":[{"count":0,"href":"https:\/\/elcanillita.info\/press\/wp-json\/wp\/v2\/posts\/1376\/revisions"}],"wp:featuredmedia":[{"embeddable":true,"href":"https:\/\/elcanillita.info\/press\/wp-json\/wp\/v2\/media\/1377"}],"wp:attachment":[{"href":"https:\/\/elcanillita.info\/press\/wp-json\/wp\/v2\/media?parent=1376"}],"wp:term":[{"taxonomy":"category","embeddable":true,"href":"https:\/\/elcanillita.info\/press\/wp-json\/wp\/v2\/categories?post=1376"},{"taxonomy":"post_tag","embeddable":true,"href":"https:\/\/elcanillita.info\/press\/wp-json\/wp\/v2\/tags?post=1376"}],"curies":[{"name":"wp","href":"https:\/\/api.w.org\/{rel}","templated":true}]}}