{"id":1356,"date":"2021-01-22T23:03:52","date_gmt":"2021-01-23T02:03:52","guid":{"rendered":"https:\/\/elcanillita.info\/press\/?p=1356"},"modified":"2021-01-24T17:52:13","modified_gmt":"2021-01-24T20:52:13","slug":"muere-larry-king-tv-cnn","status":"publish","type":"post","link":"https:\/\/elcanillita.info\/press\/2021\/01\/22\/muere-larry-king-tv-cnn\/","title":{"rendered":"Muere Larry King el presentador de la televisi\u00f3n estadounidense CNN"},"content":{"rendered":"\n<div class=\"wp-block-image is-style-default\"><figure class=\"aligncenter size-large is-resized\"><img loading=\"lazy\" decoding=\"async\" src=\"https:\/\/elcanillita.info\/press\/images\/2021\/01\/Larry_King20210122_filtered.jpg\" alt=\"\" class=\"wp-image-1365\" width=\"418\" height=\"466\" srcset=\"https:\/\/elcanillita.info\/press\/images\/2021\/01\/Larry_King20210122_filtered.jpg 500w, https:\/\/elcanillita.info\/press\/images\/2021\/01\/Larry_King20210122_filtered-269x300.jpg 269w\" sizes=\"auto, (max-width: 418px) 100vw, 418px\" \/><figcaption><strong>Lawrence Harvey Zeiger-  Nueva York, 19.11.1933 &#8211; Los \u00c1ngeles, 23.01. 2021, conocido como Larry King, fue un periodista y escritorestadounidense conocido con su programa nocturno de entrevistas Larry King Live, emitido por la cadena TV CNN.<\/strong><\/figcaption><\/figure><\/div>\n\n\n\n<p><small>Larry King, que interrog\u00f3 a miles de l\u00edderes mundiales, pol\u00edticos y artistas para la CNN y otros medios de comunicaci\u00f3n en una carrera que abarca m\u00e1s de seis d\u00e9cadas, ha muerto a los 87 a\u00f1os, inform\u00f3 la CNN el s\u00e1bado, citando una fuente cercana a la familia.<\/small><\/p>\n\n\n\n<p>King hab\u00eda sido hospitalizado en Los \u00c1ngeles por una infecci\u00f3n de COVID-19, seg\u00fan varios medios de comunicaci\u00f3n. Hab\u00eda sufrido problemas de salud durante muchos a\u00f1os, incluyendo un derrame cerebral casi fatal en 2019 y diabetes.<\/p>\n\n\n\n<p>Llevaba m\u00e1s de una semana hospitalizado en el Centro M\u00e9dico Cedars Sinai de Los \u00c1ngeles, inform\u00f3 la CNN.<\/p>\n\n\n\n<p>Millones de personas vieron a King entrevistar a l\u00edderes mundiales, artistas y otras celebridades en el programa &#8220;Larry King Live&#8221; de la CNN, que se emiti\u00f3 desde 1985 hasta 2010. Encorvado sobre su escritorio, con las mangas de la camisa remangadas y unas gafas de b\u00faho, hizo de su programa una de las principales atracciones de la cadena con una mezcla de entrevistas, discusiones pol\u00edticas, debates de actualidad y llamadas telef\u00f3nicas de los espectadores.<\/p>\n\n\n\n<p>Incluso en su apogeo, los cr\u00edticos acusaron a King de hacer poca investigaci\u00f3n previa a la entrevista y de lanzar preguntas blandas a los invitados, que eran libres de dar respuestas no cuestionadas y autopromocionales. Su respuesta fue que no investigaba mucho para poder aprender junto con sus espectadores. Adem\u00e1s, dijo King, nunca quiso ser percibido como un periodista.<\/p>\n\n\n\n<p>&#8220;Mi deber, tal y como yo lo veo, es ser un conductor&#8221;, dijo King a The Hartford Courant en 2007. <br><br>-Hago las mejores preguntas que puedo. Escucho las respuestas. Intento hacer un seguimiento. <br>Y espero que el p\u00fablico llegue a una conclusi\u00f3n. No estoy ah\u00ed para sacar una conclusi\u00f3n. No soy un presentador de un programa de entrevistas\u2026 As\u00ed que lo que intento es presentar a alguien de la mejor manera posible&#8221;.<br><br>\n<small>2021 \u00a9 SalaStampa.Eu, afiliada a la red Broadcasting Board of Governors  &#8211; Reprinted by ElCanillita.Info with the permission of  VOA \/ USAGM<\/small><\/p>\n","protected":false},"excerpt":{"rendered":"<p>Larry King, que interrog\u00f3 a miles de l\u00edderes mundiales, pol\u00edticos y artistas para la CNN y otros medios de comunicaci\u00f3n en una carrera que abarca m\u00e1s de seis d\u00e9cadas, ha muerto a los 87 a\u00f1os, inform\u00f3 la CNN el s\u00e1bado, citando una fuente cercana a la familia.<\/p>\n","protected":false},"author":1,"featured_media":1365,"comment_status":"closed","ping_status":"closed","sticky":false,"template":"","format":"standard","meta":{"footnotes":"","_links_to":"","_links_to_target":""},"categories":[70,9,25],"tags":[34],"class_list":["post-1356","post","type-post","status-publish","format-standard","has-post-thumbnail","hentry","category-actualidad","category-america-del-norte","category-sociedad","tag-estados-unidos","entry","double"],"yoast_head":"<!-- This site is optimized with the Yoast SEO plugin v27.4 - https:\/\/yoast.com\/product\/yoast-seo-wordpress\/ -->\n<title>Muere Larry King el presentador de la televisi\u00f3n estadounidense CNN - ElCanillita.Info<\/title>\n<meta name=\"robots\" content=\"index, follow, max-snippet:-1, max-image-preview:large, max-video-preview:-1\" \/>\n<link rel=\"canonical\" href=\"https:\/\/elcanillita.info\/press\/2021\/01\/22\/muere-larry-king-tv-cnn\/\" \/>\n<meta property=\"og:locale\" content=\"es_ES\" \/>\n<meta property=\"og:type\" content=\"article\" \/>\n<meta property=\"og:title\" content=\"Muere Larry King el presentador de la televisi\u00f3n estadounidense CNN - ElCanillita.Info\" \/>\n<meta property=\"og:description\" content=\"Larry King, que interrog\u00f3 a miles de l\u00edderes mundiales, pol\u00edticos y artistas para la CNN y otros medios de comunicaci\u00f3n en una carrera que abarca m\u00e1s de seis d\u00e9cadas, ha muerto a los 87 a\u00f1os, inform\u00f3 la CNN el s\u00e1bado, citando una fuente cercana a la familia.\" \/>\n<meta property=\"og:url\" content=\"https:\/\/elcanillita.info\/press\/2021\/01\/22\/muere-larry-king-tv-cnn\/\" \/>\n<meta property=\"og:site_name\" content=\"ElCanillita.Info\" \/>\n<meta property=\"article:publisher\" content=\"https:\/\/ar-ar.facebook.com\/ElCanillitainfo-114249515285712\/\" \/>\n<meta property=\"article:published_time\" content=\"2021-01-23T02:03:52+00:00\" \/>\n<meta property=\"article:modified_time\" content=\"2021-01-24T20:52:13+00:00\" \/>\n<meta property=\"og:image\" content=\"https:\/\/elcanillita.info\/press\/images\/2021\/01\/Larry_King20210122_filtered.jpg\" \/>\n\t<meta property=\"og:image:width\" content=\"500\" \/>\n\t<meta property=\"og:image:height\" content=\"557\" \/>\n\t<meta property=\"og:image:type\" content=\"image\/jpeg\" \/>\n<meta name=\"author\" content=\"SalaStampa.eu, world press service\" \/>\n<meta name=\"twitter:card\" content=\"summary_large_image\" \/>\n<meta name=\"twitter:label1\" content=\"Escrito por\" \/>\n\t<meta name=\"twitter:data1\" content=\"SalaStampa.eu, world press service\" \/>\n\t<meta name=\"twitter:label2\" content=\"Tiempo de lectura\" \/>\n\t<meta name=\"twitter:data2\" content=\"2 minutos\" \/>\n<script type=\"application\/ld+json\" class=\"yoast-schema-graph\">{\"@context\":\"https:\\\/\\\/schema.org\",\"@graph\":[{\"@type\":\"Article\",\"@id\":\"https:\\\/\\\/elcanillita.info\\\/press\\\/2021\\\/01\\\/22\\\/muere-larry-king-tv-cnn\\\/#article\",\"isPartOf\":{\"@id\":\"https:\\\/\\\/elcanillita.info\\\/press\\\/2021\\\/01\\\/22\\\/muere-larry-king-tv-cnn\\\/\"},\"author\":{\"name\":\"SalaStampa.eu, world press service\",\"@id\":\"https:\\\/\\\/elcanillita.info\\\/press\\\/#\\\/schema\\\/person\\\/7fcb79f38045700919f7da6d97e71ba0\"},\"headline\":\"Muere Larry King el presentador de la televisi\u00f3n estadounidense CNN\",\"datePublished\":\"2021-01-23T02:03:52+00:00\",\"dateModified\":\"2021-01-24T20:52:13+00:00\",\"mainEntityOfPage\":{\"@id\":\"https:\\\/\\\/elcanillita.info\\\/press\\\/2021\\\/01\\\/22\\\/muere-larry-king-tv-cnn\\\/\"},\"wordCount\":390,\"publisher\":{\"@id\":\"https:\\\/\\\/elcanillita.info\\\/press\\\/#organization\"},\"image\":{\"@id\":\"https:\\\/\\\/elcanillita.info\\\/press\\\/2021\\\/01\\\/22\\\/muere-larry-king-tv-cnn\\\/#primaryimage\"},\"thumbnailUrl\":\"https:\\\/\\\/elcanillita.info\\\/press\\\/images\\\/2021\\\/01\\\/Larry_King20210122_filtered.jpg\",\"keywords\":[\"Estados Unidos\"],\"articleSection\":[\"Actualidad\",\"Am\u00e9rica del Norte\",\"Sociedad\"],\"inLanguage\":\"es-AR\"},{\"@type\":\"WebPage\",\"@id\":\"https:\\\/\\\/elcanillita.info\\\/press\\\/2021\\\/01\\\/22\\\/muere-larry-king-tv-cnn\\\/\",\"url\":\"https:\\\/\\\/elcanillita.info\\\/press\\\/2021\\\/01\\\/22\\\/muere-larry-king-tv-cnn\\\/\",\"name\":\"Muere Larry King el presentador de la televisi\u00f3n estadounidense CNN - ElCanillita.Info\",\"isPartOf\":{\"@id\":\"https:\\\/\\\/elcanillita.info\\\/press\\\/#website\"},\"primaryImageOfPage\":{\"@id\":\"https:\\\/\\\/elcanillita.info\\\/press\\\/2021\\\/01\\\/22\\\/muere-larry-king-tv-cnn\\\/#primaryimage\"},\"image\":{\"@id\":\"https:\\\/\\\/elcanillita.info\\\/press\\\/2021\\\/01\\\/22\\\/muere-larry-king-tv-cnn\\\/#primaryimage\"},\"thumbnailUrl\":\"https:\\\/\\\/elcanillita.info\\\/press\\\/images\\\/2021\\\/01\\\/Larry_King20210122_filtered.jpg\",\"datePublished\":\"2021-01-23T02:03:52+00:00\",\"dateModified\":\"2021-01-24T20:52:13+00:00\",\"inLanguage\":\"es-AR\",\"potentialAction\":[{\"@type\":\"ReadAction\",\"target\":[\"https:\\\/\\\/elcanillita.info\\\/press\\\/2021\\\/01\\\/22\\\/muere-larry-king-tv-cnn\\\/\"]}]},{\"@type\":\"ImageObject\",\"inLanguage\":\"es-AR\",\"@id\":\"https:\\\/\\\/elcanillita.info\\\/press\\\/2021\\\/01\\\/22\\\/muere-larry-king-tv-cnn\\\/#primaryimage\",\"url\":\"https:\\\/\\\/elcanillita.info\\\/press\\\/images\\\/2021\\\/01\\\/Larry_King20210122_filtered.jpg\",\"contentUrl\":\"https:\\\/\\\/elcanillita.info\\\/press\\\/images\\\/2021\\\/01\\\/Larry_King20210122_filtered.jpg\",\"width\":500,\"height\":557},{\"@type\":\"WebSite\",\"@id\":\"https:\\\/\\\/elcanillita.info\\\/press\\\/#website\",\"url\":\"https:\\\/\\\/elcanillita.info\\\/press\\\/\",\"name\":\"ElCanillita.Info\",\"description\":\"desde los Apeninos a los Andes\",\"publisher\":{\"@id\":\"https:\\\/\\\/elcanillita.info\\\/press\\\/#organization\"},\"potentialAction\":[{\"@type\":\"SearchAction\",\"target\":{\"@type\":\"EntryPoint\",\"urlTemplate\":\"https:\\\/\\\/elcanillita.info\\\/press\\\/?s={search_term_string}\"},\"query-input\":{\"@type\":\"PropertyValueSpecification\",\"valueRequired\":true,\"valueName\":\"search_term_string\"}}],\"inLanguage\":\"es-AR\"},{\"@type\":\"Organization\",\"@id\":\"https:\\\/\\\/elcanillita.info\\\/press\\\/#organization\",\"name\":\"Guzzo Photos & Graphic Publications\",\"url\":\"https:\\\/\\\/elcanillita.info\\\/press\\\/\",\"logo\":{\"@type\":\"ImageObject\",\"inLanguage\":\"es-AR\",\"@id\":\"https:\\\/\\\/elcanillita.info\\\/press\\\/#\\\/schema\\\/logo\\\/image\\\/\",\"url\":\"https:\\\/\\\/elcanillita.info\\\/press\\\/images\\\/2020\\\/01\\\/cropped-cropped-cropped-elcanillitainfo.png\",\"contentUrl\":\"https:\\\/\\\/elcanillita.info\\\/press\\\/images\\\/2020\\\/01\\\/cropped-cropped-cropped-elcanillitainfo.png\",\"width\":460,\"height\":50,\"caption\":\"Guzzo Photos & Graphic Publications\"},\"image\":{\"@id\":\"https:\\\/\\\/elcanillita.info\\\/press\\\/#\\\/schema\\\/logo\\\/image\\\/\"},\"sameAs\":[\"https:\\\/\\\/ar-ar.facebook.com\\\/ElCanillitainfo-114249515285712\\\/\"]},{\"@type\":\"Person\",\"@id\":\"https:\\\/\\\/elcanillita.info\\\/press\\\/#\\\/schema\\\/person\\\/7fcb79f38045700919f7da6d97e71ba0\",\"name\":\"SalaStampa.eu, world press service\",\"image\":{\"@type\":\"ImageObject\",\"inLanguage\":\"es-AR\",\"@id\":\"https:\\\/\\\/secure.gravatar.com\\\/avatar\\\/c2f0e0d515a107624234994507816ca4724c7199cef73fc8bedebf6931d73888?s=96&d=mm&r=g\",\"url\":\"https:\\\/\\\/secure.gravatar.com\\\/avatar\\\/c2f0e0d515a107624234994507816ca4724c7199cef73fc8bedebf6931d73888?s=96&d=mm&r=g\",\"contentUrl\":\"https:\\\/\\\/secure.gravatar.com\\\/avatar\\\/c2f0e0d515a107624234994507816ca4724c7199cef73fc8bedebf6931d73888?s=96&d=mm&r=g\",\"caption\":\"SalaStampa.eu, world press service\"}}]}<\/script>\n<!-- \/ Yoast SEO plugin. -->","yoast_head_json":{"title":"Muere Larry King el presentador de la televisi\u00f3n estadounidense CNN - ElCanillita.Info","robots":{"index":"index","follow":"follow","max-snippet":"max-snippet:-1","max-image-preview":"max-image-preview:large","max-video-preview":"max-video-preview:-1"},"canonical":"https:\/\/elcanillita.info\/press\/2021\/01\/22\/muere-larry-king-tv-cnn\/","og_locale":"es_ES","og_type":"article","og_title":"Muere Larry King el presentador de la televisi\u00f3n estadounidense CNN - ElCanillita.Info","og_description":"Larry King, que interrog\u00f3 a miles de l\u00edderes mundiales, pol\u00edticos y artistas para la CNN y otros medios de comunicaci\u00f3n en una carrera que abarca m\u00e1s de seis d\u00e9cadas, ha muerto a los 87 a\u00f1os, inform\u00f3 la CNN el s\u00e1bado, citando una fuente cercana a la familia.","og_url":"https:\/\/elcanillita.info\/press\/2021\/01\/22\/muere-larry-king-tv-cnn\/","og_site_name":"ElCanillita.Info","article_publisher":"https:\/\/ar-ar.facebook.com\/ElCanillitainfo-114249515285712\/","article_published_time":"2021-01-23T02:03:52+00:00","article_modified_time":"2021-01-24T20:52:13+00:00","og_image":[{"width":500,"height":557,"url":"https:\/\/elcanillita.info\/press\/images\/2021\/01\/Larry_King20210122_filtered.jpg","type":"image\/jpeg"}],"author":"SalaStampa.eu, world press service","twitter_card":"summary_large_image","twitter_misc":{"Escrito por":"SalaStampa.eu, world press service","Tiempo de lectura":"2 minutos"},"schema":{"@context":"https:\/\/schema.org","@graph":[{"@type":"Article","@id":"https:\/\/elcanillita.info\/press\/2021\/01\/22\/muere-larry-king-tv-cnn\/#article","isPartOf":{"@id":"https:\/\/elcanillita.info\/press\/2021\/01\/22\/muere-larry-king-tv-cnn\/"},"author":{"name":"SalaStampa.eu, world press service","@id":"https:\/\/elcanillita.info\/press\/#\/schema\/person\/7fcb79f38045700919f7da6d97e71ba0"},"headline":"Muere Larry King el presentador de la televisi\u00f3n estadounidense CNN","datePublished":"2021-01-23T02:03:52+00:00","dateModified":"2021-01-24T20:52:13+00:00","mainEntityOfPage":{"@id":"https:\/\/elcanillita.info\/press\/2021\/01\/22\/muere-larry-king-tv-cnn\/"},"wordCount":390,"publisher":{"@id":"https:\/\/elcanillita.info\/press\/#organization"},"image":{"@id":"https:\/\/elcanillita.info\/press\/2021\/01\/22\/muere-larry-king-tv-cnn\/#primaryimage"},"thumbnailUrl":"https:\/\/elcanillita.info\/press\/images\/2021\/01\/Larry_King20210122_filtered.jpg","keywords":["Estados Unidos"],"articleSection":["Actualidad","Am\u00e9rica del Norte","Sociedad"],"inLanguage":"es-AR"},{"@type":"WebPage","@id":"https:\/\/elcanillita.info\/press\/2021\/01\/22\/muere-larry-king-tv-cnn\/","url":"https:\/\/elcanillita.info\/press\/2021\/01\/22\/muere-larry-king-tv-cnn\/","name":"Muere Larry King el presentador de la televisi\u00f3n estadounidense CNN - ElCanillita.Info","isPartOf":{"@id":"https:\/\/elcanillita.info\/press\/#website"},"primaryImageOfPage":{"@id":"https:\/\/elcanillita.info\/press\/2021\/01\/22\/muere-larry-king-tv-cnn\/#primaryimage"},"image":{"@id":"https:\/\/elcanillita.info\/press\/2021\/01\/22\/muere-larry-king-tv-cnn\/#primaryimage"},"thumbnailUrl":"https:\/\/elcanillita.info\/press\/images\/2021\/01\/Larry_King20210122_filtered.jpg","datePublished":"2021-01-23T02:03:52+00:00","dateModified":"2021-01-24T20:52:13+00:00","inLanguage":"es-AR","potentialAction":[{"@type":"ReadAction","target":["https:\/\/elcanillita.info\/press\/2021\/01\/22\/muere-larry-king-tv-cnn\/"]}]},{"@type":"ImageObject","inLanguage":"es-AR","@id":"https:\/\/elcanillita.info\/press\/2021\/01\/22\/muere-larry-king-tv-cnn\/#primaryimage","url":"https:\/\/elcanillita.info\/press\/images\/2021\/01\/Larry_King20210122_filtered.jpg","contentUrl":"https:\/\/elcanillita.info\/press\/images\/2021\/01\/Larry_King20210122_filtered.jpg","width":500,"height":557},{"@type":"WebSite","@id":"https:\/\/elcanillita.info\/press\/#website","url":"https:\/\/elcanillita.info\/press\/","name":"ElCanillita.Info","description":"desde los Apeninos a los Andes","publisher":{"@id":"https:\/\/elcanillita.info\/press\/#organization"},"potentialAction":[{"@type":"SearchAction","target":{"@type":"EntryPoint","urlTemplate":"https:\/\/elcanillita.info\/press\/?s={search_term_string}"},"query-input":{"@type":"PropertyValueSpecification","valueRequired":true,"valueName":"search_term_string"}}],"inLanguage":"es-AR"},{"@type":"Organization","@id":"https:\/\/elcanillita.info\/press\/#organization","name":"Guzzo Photos & Graphic Publications","url":"https:\/\/elcanillita.info\/press\/","logo":{"@type":"ImageObject","inLanguage":"es-AR","@id":"https:\/\/elcanillita.info\/press\/#\/schema\/logo\/image\/","url":"https:\/\/elcanillita.info\/press\/images\/2020\/01\/cropped-cropped-cropped-elcanillitainfo.png","contentUrl":"https:\/\/elcanillita.info\/press\/images\/2020\/01\/cropped-cropped-cropped-elcanillitainfo.png","width":460,"height":50,"caption":"Guzzo Photos & Graphic Publications"},"image":{"@id":"https:\/\/elcanillita.info\/press\/#\/schema\/logo\/image\/"},"sameAs":["https:\/\/ar-ar.facebook.com\/ElCanillitainfo-114249515285712\/"]},{"@type":"Person","@id":"https:\/\/elcanillita.info\/press\/#\/schema\/person\/7fcb79f38045700919f7da6d97e71ba0","name":"SalaStampa.eu, world press service","image":{"@type":"ImageObject","inLanguage":"es-AR","@id":"https:\/\/secure.gravatar.com\/avatar\/c2f0e0d515a107624234994507816ca4724c7199cef73fc8bedebf6931d73888?s=96&d=mm&r=g","url":"https:\/\/secure.gravatar.com\/avatar\/c2f0e0d515a107624234994507816ca4724c7199cef73fc8bedebf6931d73888?s=96&d=mm&r=g","contentUrl":"https:\/\/secure.gravatar.com\/avatar\/c2f0e0d515a107624234994507816ca4724c7199cef73fc8bedebf6931d73888?s=96&d=mm&r=g","caption":"SalaStampa.eu, world press service"}}]}},"views":610,"_links":{"self":[{"href":"https:\/\/elcanillita.info\/press\/wp-json\/wp\/v2\/posts\/1356","targetHints":{"allow":["GET"]}}],"collection":[{"href":"https:\/\/elcanillita.info\/press\/wp-json\/wp\/v2\/posts"}],"about":[{"href":"https:\/\/elcanillita.info\/press\/wp-json\/wp\/v2\/types\/post"}],"author":[{"embeddable":true,"href":"https:\/\/elcanillita.info\/press\/wp-json\/wp\/v2\/users\/1"}],"replies":[{"embeddable":true,"href":"https:\/\/elcanillita.info\/press\/wp-json\/wp\/v2\/comments?post=1356"}],"version-history":[{"count":0,"href":"https:\/\/elcanillita.info\/press\/wp-json\/wp\/v2\/posts\/1356\/revisions"}],"wp:featuredmedia":[{"embeddable":true,"href":"https:\/\/elcanillita.info\/press\/wp-json\/wp\/v2\/media\/1365"}],"wp:attachment":[{"href":"https:\/\/elcanillita.info\/press\/wp-json\/wp\/v2\/media?parent=1356"}],"wp:term":[{"taxonomy":"category","embeddable":true,"href":"https:\/\/elcanillita.info\/press\/wp-json\/wp\/v2\/categories?post=1356"},{"taxonomy":"post_tag","embeddable":true,"href":"https:\/\/elcanillita.info\/press\/wp-json\/wp\/v2\/tags?post=1356"}],"curies":[{"name":"wp","href":"https:\/\/api.w.org\/{rel}","templated":true}]}}