{"id":1327,"date":"2021-01-22T09:20:03","date_gmt":"2021-01-22T12:20:03","guid":{"rendered":"https:\/\/elcanillita.info\/press\/?p=1327"},"modified":"2021-01-23T07:38:17","modified_gmt":"2021-01-23T10:38:17","slug":"jefe-usagm-dimite-peticion-biden","status":"publish","type":"post","link":"https:\/\/elcanillita.info\/press\/2021\/01\/22\/jefe-usagm-dimite-peticion-biden\/","title":{"rendered":"El jefe de la USAGM dimite a petici\u00f3n de Biden"},"content":{"rendered":"\n<figure class=\"wp-block-image size-large\"><img loading=\"lazy\" decoding=\"async\" width=\"600\" height=\"400\" src=\"https:\/\/elcanillita.info\/press\/images\/2021\/01\/Packedit.jpg\" alt=\"\" class=\"wp-image-1328\" srcset=\"https:\/\/elcanillita.info\/press\/images\/2021\/01\/Packedit.jpg 600w, https:\/\/elcanillita.info\/press\/images\/2021\/01\/Packedit-300x200.jpg 300w\" sizes=\"auto, (max-width: 600px) 100vw, 600px\" \/><figcaption><strong><small>Michael Pack es un realizador de documentales estadounidense que fue director ejecutivo de la Agencia de los Estados Unidos para los Medios Globales (USAGM) desde junio de 2020 hasta enero de 2021. Renunci\u00f3 el 20 de enero de 2021 a petici\u00f3n del presidente Joe Biden.<\/small><\/strong><\/figcaption><\/figure>\n\n\n\n<p>El director de la Agencia Estadounidense de Medios de Comunicaci\u00f3n Global dimiti\u00f3 el mi\u00e9rcoles por la tarde a petici\u00f3n del presidente Joe Biden, poco despu\u00e9s de que \u00e9ste asumiera el cargo.<\/p>\n\n\n\n<p>Michael Pack ocup\u00f3 durante algo m\u00e1s de siete tumultuosos meses el cargo de primer jefe de la agencia en virtud de la nueva legislaci\u00f3n que le otorgaba amplios poderes sobre las cadenas.<\/p>\n\n\n\n<p>El mandato del ex director de documentales conservadores estuvo marcado por las demandas, las denuncias de los denunciantes, una citaci\u00f3n del Congreso y las \u00f3rdenes judiciales que le prohib\u00edan interferir en las operaciones de las redes y los beneficiarios que supervisaba, entre ellos Voice of America y el Open Technology Fund, que apoya la libertad mundial en Internet.<\/p>\n\n\n\n<p>En una declaraci\u00f3n de despedida al personal, Pack dijo que se hab\u00eda centrado exclusivamente en reorientar la agencia hacia su misi\u00f3n y ayudar a la agencia a compartir la historia de Estados Unidos con el mundo de forma objetiva y sin prejuicios. Pack a\u00f1adi\u00f3 que cree que bajo su direcci\u00f3n se logr\u00f3 una reforma necesaria.<\/p>\n\n\n\n<p>Sin embargo, muchas de sus acciones fueron condenadas por los cr\u00edticos en el Capitolio y entre los grupos de libertad de prensa y denunciantes.<\/p>\n\n\n\n<p>En una carta compartida por los partidarios de Pack y que se dice que es su dimisi\u00f3n formal, Pack describi\u00f3 la petici\u00f3n de dimisi\u00f3n de la administraci\u00f3n entrante de Biden como un acto partidista. <br>Pack a\u00f1adi\u00f3 que su confirmaci\u00f3n en el Senado hab\u00eda sido por un per\u00edodo de tres a\u00f1os para garantizar que el jefe de la agencia estuviera desvinculado de los cambios de administraci\u00f3n.<\/p>\n\n\n\n<p>Un cambio de administraci\u00f3n suele significar una rotaci\u00f3n masiva de cargos pol\u00edticos u otros funcionarios de alto rango. La renuncia de Pack se produjo al igual que muchos otros nombramientos del ex presidente Donald Trump, que renunciaron al asumir la nueva administraci\u00f3n.<\/p>\n\n\n\n<pre class=\"wp-block-code\"><code>Los dem\u00f3cratas retrasaron la confirmaci\u00f3n de Michael Pack como jefe de la Agencia de Medios de Comunicaci\u00f3n Global de Estados Unidos. Como resultado, Pack ha estado en el cargo ocho meses de un mandato de tres a\u00f1os. El gobierno de Biden lo despidi\u00f3 hoy a primera hora. Carta de dimisi\u00f3n de Pack: pic.twitter.com\/tB8yOHMpah\n- Byron York (@ByronYork) 20 de enero de 2021<\/code><\/pre>\n\n\n\n<p> A \u00faltima hora del mi\u00e9rcoles, la Casa Blanca anunci\u00f3 al director de programas de la VOA, Kelu Chao, como director general en funciones. Chao, un veterano de la agencia, tiene m\u00e1s de 20 a\u00f1os de experiencia en la VOA, entre otras cosas como reportero de campo, jefe de la oficina de Hong Kong, jefe del servicio de mandar\u00edn y director de la divisi\u00f3n de Asia Oriental. El a\u00f1o pasado, Chao testific\u00f3 en el marco de una demanda sobre la interferencia editorial de Pack y sus ayudantes.<\/p>\n\n\n\n<p>Chao heredar\u00e1 varios casos en curso. Entre ellos, una investigaci\u00f3n sobre la supuesta mala gesti\u00f3n de la agencia ordenada en diciembre por la Oficina del Asesor Especial.<\/p>\n\n\n\n<p>Tambi\u00e9n est\u00e1 la demanda sobre la interferencia editorial en la VOA y dos demandas relacionadas con la financiaci\u00f3n y la gesti\u00f3n en el Fondo de Tecnolog\u00eda Abierta y los procedimientos que buscan cortar la financiaci\u00f3n federal de la OTF. Tambi\u00e9n hay una controversia en torno a la no renovaci\u00f3n de los visados J-1 para los periodistas internacionales que trabajan en la emisora.<\/p>\n\n\n\n<p>M\u00e1s de 30 periodistas de las divisiones ling\u00fc\u00edsticas de la VOA han perdido sus puestos de trabajo y el derecho a permanecer en Estados Unidos en los \u00faltimos siete meses porque sus permisos de entrada especializados no fueron renovados bajo la direcci\u00f3n de Pack.<\/p>\n\n\n\n<p>El liderazgo de Pack en la USAGM hizo saltar las primeras alarmas entre los periodistas de las cadenas y los grupos de defensa de la libertad de prensa, que condenaron la sustituci\u00f3n de los jefes de las cadenas y de los antiguos consejos de administraci\u00f3n bipartitos de las mismas. Los denunciantes alegaron numerosos casos de mala gesti\u00f3n, represalias e investigaciones sobre el personal que tuvieron un efecto debilitador.<\/p>\n\n\n\n<p>En el \u00faltimo d\u00eda completo de Pack como director general, una organizaci\u00f3n sin \u00e1nimo de lucro dedicada a la protecci\u00f3n de los denunciantes, el Proyecto de Responsabilidad Gubernamental, envi\u00f3 una carta a los legisladores en la que denunciaba que USAGM hab\u00eda gastado al menos 2 millones de d\u00f3lares del dinero de los contribuyentes en pagar a un bufete de abogados privado para que investigara y recopilara expedientes sobre los empleados de la agencia y el Fondo de Tecnolog\u00eda Abierta.<\/p>\n\n\n\n<p>Este despilfarro de recursos del gobierno es escandaloso, dijo David Seide, abogado principal de GAP, en un comunicado. &#8211; Creemos que es probable que la investigaci\u00f3n adicional revele a\u00fan m\u00e1s las violaciones de la ley, las normas y los reglamentos, el abuso de autoridad y la grave mala gesti\u00f3n.<\/p>\n\n\n\n<p>Las acciones de Pack tambi\u00e9n suscitaron cr\u00edticas de republicanos y dem\u00f3cratas en el Congreso. <br>En septiembre, la Comisi\u00f3n de Asuntos Exteriores de la C\u00e1mara de Representantes le cit\u00f3 despu\u00e9s de que cancelara una comparecencia prevista para testificar.<\/p>\n\n\n\n<p>El representante Michael McCaul, de Texas, el republicano de mayor rango en la Comisi\u00f3n de Asuntos Exteriores de la C\u00e1mara de Representantes, dijo el mi\u00e9rcoles a la VOA que espera que el nuevo director ejecutivo de la agencia trabaje para promover la libertad de prensa.<\/p>\n\n\n\n<p>&#8211; La misi\u00f3n de la Agencia de Estados Unidos para los Medios Globales es promover la libertad de prensa y de Internet en todo el mundo, dijo McCaul. Junto con el Fondo de Tecnolog\u00eda Abierta, la agencia tiene un historial de \u00e9xito en la provisi\u00f3n de acceso a Internet y otros apoyos vitales para aquellos en China, Ir\u00e1n, Rusia y otros pa\u00edses autoritarios.<\/p>\n\n\n\n<p>McCaul a\u00f1adi\u00f3: &#8211; Espero que el pr\u00f3ximo director general se centre en ampliar los esfuerzos de la agencia en todo el mundo para promover una prensa libre y abierta.<\/p>\n\n\n\n<p>Trump nomin\u00f3 a Pack para dirigir la USAGM, pero el Senado retras\u00f3 la confirmaci\u00f3n durante dos a\u00f1os, hasta junio de 2020. Finalmente actu\u00f3 despu\u00e9s de que Trump comenzara a atacar la cobertura de la VOA y exigiera a los republicanos del Senado que impulsaran el nombramiento.<\/p>\n\n\n\n<p>Los senadores dem\u00f3cratas hab\u00edan planteado su preocupaci\u00f3n por la idoneidad del documentalista para el cargo y por una investigaci\u00f3n sobre una supuesta mala gesti\u00f3n en una organizaci\u00f3n sin \u00e1nimo de lucro que fund\u00f3.<\/p>\n\n\n\n<p>El 5 de enero, el fiscal general de Washington D.C. present\u00f3 una demanda en la que alega que Public Media Lab viol\u00f3 la ley de sociedades sin \u00e1nimo de lucro del distrito y enriqueci\u00f3 a la empresa de documentales de Pack, Manifold Productions, con m\u00e1s de 4 millones de d\u00f3lares. La demanda pide al tribunal que ordene a Pack el reembolso de los fondos y la disoluci\u00f3n de la organizaci\u00f3n sin \u00e1nimo de lucro.<\/p>\n\n\n\n<p><b>Manifold Productions no respondi\u00f3 a la solicitud de comentarios de la VOA.<\/b>\n<br>\nEn sus entrevistas, Pack se\u00f1al\u00f3 a menudo una investigaci\u00f3n de sus ayudantes sobre el servicio de lengua urdu de la VOA por emitir un anuncio de la campa\u00f1a de Biden, como ejemplo de esa parcialidad.\u202fEn el art\u00edculo de opini\u00f3n del Wall Street Journal, Pack dijo que, como designado por Trump, nunca habr\u00eda permitido que se emitiera un anuncio de campa\u00f1a pro-Trump en la VOA.<\/p>\n\n\n\n<p>Una demanda de denunciantes que alega mala gesti\u00f3n e interferencia editorial dice que, m\u00e1s o menos al mismo tiempo que la investigaci\u00f3n sobre el urdu, la divisi\u00f3n en espa\u00f1ol de la VOA public\u00f3 un anuncio de la campa\u00f1a del presidente Trump en las redes sociales. Pero en ese caso, dice la demanda, la direcci\u00f3n de la VOA se ocup\u00f3 del asunto, a diferencia del ejemplo de Biden, en el que USAGM eludi\u00f3 los procedimientos normales para investigar directamente.<\/p>\n\n\n\n<p>La pol\u00edtica de USAGM establece que las cuestiones editoriales deben ser investigadas por las cadenas de noticias y no por funcionarios externos.<\/p>\n\n\n\n<p>En una vista judicial sobre el caso de la VOA celebrada en noviembre, se prohibi\u00f3 a Pack y a sus ayudantes interferir directamente en la independencia editorial de la cadena hasta que se resuelva el pleito.<\/p>\n\n\n\n<p>En su art\u00edculo de opini\u00f3n de la semana pasada, Pack dijo que las cadenas se han rebelado contra sus decisiones, alegando que sus periodistas utilizaron contactos en los medios de comunicaci\u00f3n y en el Congreso que condujeron a una interminable avalancha de filtraciones, falsas cuentas de prensa, demandas sin fundamento y consultas del Capitolio.<\/p>\n\n\n\n<p>El art\u00edculo de opini\u00f3n se public\u00f3 d\u00edas despu\u00e9s de que al menos 48 periodistas y directores actuales y anteriores de la VOA escribieran a Pack, exigiendo la dimisi\u00f3n del reci\u00e9n nombrado director de la VOA, Robert Reilly, y de su adjunto, despu\u00e9s de que uno de los corresponsales de la cadena en la Casa Blanca fuera reasignado.<\/p>\n\n\n\n<p>Pack recibi\u00f3 algunos apoyos externos a su visi\u00f3n de la agencia, incluso de dos antiguos empleados. <br>Ted Lipien, que hasta hace poco era editor de un blog que criticaba con frecuencia a la anterior direcci\u00f3n de la agencia, y Reilly dijeron que Pack estaba tomando medidas para resolver problemas de larga data.<\/p>\n\n\n\n<p>En diciembre, Pack nombr\u00f3 a Reilly para dirigir la VOA y a Lipien para la RFE\/RL, y el 19 de enero anunci\u00f3 nuevos miembros conservadores para los consejos de administraci\u00f3n de la red, entre ellos Roger Simon, un colaborador de The Epoch Times que describi\u00f3 falsamente la insurrecci\u00f3n mortal de enero en el Capitolio de Estados Unidos como una operaci\u00f3n de falsa bandera, y Christian Wheaton, que ha defendido la anexi\u00f3n de Crimea por parte de Rusia.<\/p>\n\n\n\n<p>Pack fue el primer jefe del Ejecutivo que disfrut\u00f3 de poderes ampliados por el Congreso en virtud de la legislaci\u00f3n de 2017. M\u00e1s recientemente, los legisladores a\u00f1adieron m\u00e1s controles y equilibrios a la funci\u00f3n mediante la inserci\u00f3n de disposiciones en la Ley de Autorizaci\u00f3n de Defensa Nacional.<\/p>\n\n\n\n<p>Los cambios impedir\u00e1n que el director general o los empleados federales formen parte de los consejos de administraci\u00f3n de las agencias; y otorgan al consejo la facultad de asesorar al jefe de la agencia para garantizar que respeten la integridad e independencia de las redes, y de aprobar los nombramientos o ceses de los jefes de las mismas.<\/p>\n\n\n\n<p>Un proyecto de ley de gasto masivo aprobado a finales de diciembre pone en pausa estos nuevos l\u00edmites durante un periodo de 90 d\u00edas, dando de hecho al sustituto de Pack o a un director general en funciones el poder de contratar o despedir a los jefes de las redes y hacer otros cambios dentro de ese plazo.<br><br>\n\n<small>2021 \u00a9 SalaStampa.Eu, afiliada a la red Broadcasting Board of Governors &#8211; Reprinted by ElCanillita.Info with the permission of VOA\/USAGM<\/small><\/p>\n","protected":false},"excerpt":{"rendered":"<p>El director de la Agencia Estadounidense de Medios de Comunicaci\u00f3n Global dimiti\u00f3 el mi\u00e9rcoles por la tarde a petici\u00f3n del presidente Joe Biden, poco despu\u00e9s de que \u00e9ste asumiera el cargo.<\/p>\n","protected":false},"author":1,"featured_media":1341,"comment_status":"closed","ping_status":"closed","sticky":false,"template":"","format":"standard","meta":{"footnotes":"","_links_to":"","_links_to_target":""},"categories":[70,9,23],"tags":[34],"class_list":["post-1327","post","type-post","status-publish","format-standard","has-post-thumbnail","hentry","category-actualidad","category-america-del-norte","category-politica","tag-estados-unidos","entry","double"],"yoast_head":"<!-- This site is optimized with the Yoast SEO plugin v27.4 - https:\/\/yoast.com\/product\/yoast-seo-wordpress\/ -->\n<title>El jefe de la USAGM dimite a petici\u00f3n de Biden - ElCanillita.Info<\/title>\n<meta name=\"robots\" content=\"index, follow, max-snippet:-1, max-image-preview:large, max-video-preview:-1\" \/>\n<link rel=\"canonical\" href=\"https:\/\/elcanillita.info\/press\/2021\/01\/22\/jefe-usagm-dimite-peticion-biden\/\" \/>\n<meta property=\"og:locale\" content=\"es_ES\" \/>\n<meta property=\"og:type\" content=\"article\" \/>\n<meta property=\"og:title\" content=\"El jefe de la USAGM dimite a petici\u00f3n de Biden - ElCanillita.Info\" \/>\n<meta property=\"og:description\" content=\"El director de la Agencia Estadounidense de Medios de Comunicaci\u00f3n Global dimiti\u00f3 el mi\u00e9rcoles por la tarde a petici\u00f3n del presidente Joe Biden, poco despu\u00e9s de que \u00e9ste asumiera el cargo.\" \/>\n<meta property=\"og:url\" content=\"https:\/\/elcanillita.info\/press\/2021\/01\/22\/jefe-usagm-dimite-peticion-biden\/\" \/>\n<meta property=\"og:site_name\" content=\"ElCanillita.Info\" \/>\n<meta property=\"article:publisher\" content=\"https:\/\/ar-ar.facebook.com\/ElCanillitainfo-114249515285712\/\" \/>\n<meta property=\"article:published_time\" content=\"2021-01-22T12:20:03+00:00\" \/>\n<meta property=\"article:modified_time\" content=\"2021-01-23T10:38:17+00:00\" \/>\n<meta property=\"og:image\" content=\"https:\/\/elcanillita.info\/press\/images\/2021\/01\/Packedit_filtered.jpg\" \/>\n\t<meta property=\"og:image:width\" content=\"600\" \/>\n\t<meta property=\"og:image:height\" content=\"400\" \/>\n\t<meta property=\"og:image:type\" content=\"image\/jpeg\" \/>\n<meta name=\"author\" content=\"SalaStampa.eu, world press service\" \/>\n<meta name=\"twitter:card\" content=\"summary_large_image\" \/>\n<meta name=\"twitter:label1\" content=\"Escrito por\" \/>\n\t<meta name=\"twitter:data1\" content=\"SalaStampa.eu, world press service\" \/>\n\t<meta name=\"twitter:label2\" content=\"Tiempo de lectura\" \/>\n\t<meta name=\"twitter:data2\" content=\"9 minutos\" \/>\n<script type=\"application\/ld+json\" class=\"yoast-schema-graph\">{\"@context\":\"https:\\\/\\\/schema.org\",\"@graph\":[{\"@type\":\"Article\",\"@id\":\"https:\\\/\\\/elcanillita.info\\\/press\\\/2021\\\/01\\\/22\\\/jefe-usagm-dimite-peticion-biden\\\/#article\",\"isPartOf\":{\"@id\":\"https:\\\/\\\/elcanillita.info\\\/press\\\/2021\\\/01\\\/22\\\/jefe-usagm-dimite-peticion-biden\\\/\"},\"author\":{\"name\":\"SalaStampa.eu, world press service\",\"@id\":\"https:\\\/\\\/elcanillita.info\\\/press\\\/#\\\/schema\\\/person\\\/7fcb79f38045700919f7da6d97e71ba0\"},\"headline\":\"El jefe de la USAGM dimite a petici\u00f3n de Biden\",\"datePublished\":\"2021-01-22T12:20:03+00:00\",\"dateModified\":\"2021-01-23T10:38:17+00:00\",\"mainEntityOfPage\":{\"@id\":\"https:\\\/\\\/elcanillita.info\\\/press\\\/2021\\\/01\\\/22\\\/jefe-usagm-dimite-peticion-biden\\\/\"},\"wordCount\":1861,\"publisher\":{\"@id\":\"https:\\\/\\\/elcanillita.info\\\/press\\\/#organization\"},\"image\":{\"@id\":\"https:\\\/\\\/elcanillita.info\\\/press\\\/2021\\\/01\\\/22\\\/jefe-usagm-dimite-peticion-biden\\\/#primaryimage\"},\"thumbnailUrl\":\"https:\\\/\\\/elcanillita.info\\\/press\\\/images\\\/2021\\\/01\\\/Packedit_filtered.jpg\",\"keywords\":[\"Estados Unidos\"],\"articleSection\":[\"Actualidad\",\"Am\u00e9rica del Norte\",\"Politica\"],\"inLanguage\":\"es-AR\"},{\"@type\":\"WebPage\",\"@id\":\"https:\\\/\\\/elcanillita.info\\\/press\\\/2021\\\/01\\\/22\\\/jefe-usagm-dimite-peticion-biden\\\/\",\"url\":\"https:\\\/\\\/elcanillita.info\\\/press\\\/2021\\\/01\\\/22\\\/jefe-usagm-dimite-peticion-biden\\\/\",\"name\":\"El jefe de la USAGM dimite a petici\u00f3n de Biden - ElCanillita.Info\",\"isPartOf\":{\"@id\":\"https:\\\/\\\/elcanillita.info\\\/press\\\/#website\"},\"primaryImageOfPage\":{\"@id\":\"https:\\\/\\\/elcanillita.info\\\/press\\\/2021\\\/01\\\/22\\\/jefe-usagm-dimite-peticion-biden\\\/#primaryimage\"},\"image\":{\"@id\":\"https:\\\/\\\/elcanillita.info\\\/press\\\/2021\\\/01\\\/22\\\/jefe-usagm-dimite-peticion-biden\\\/#primaryimage\"},\"thumbnailUrl\":\"https:\\\/\\\/elcanillita.info\\\/press\\\/images\\\/2021\\\/01\\\/Packedit_filtered.jpg\",\"datePublished\":\"2021-01-22T12:20:03+00:00\",\"dateModified\":\"2021-01-23T10:38:17+00:00\",\"inLanguage\":\"es-AR\",\"potentialAction\":[{\"@type\":\"ReadAction\",\"target\":[\"https:\\\/\\\/elcanillita.info\\\/press\\\/2021\\\/01\\\/22\\\/jefe-usagm-dimite-peticion-biden\\\/\"]}]},{\"@type\":\"ImageObject\",\"inLanguage\":\"es-AR\",\"@id\":\"https:\\\/\\\/elcanillita.info\\\/press\\\/2021\\\/01\\\/22\\\/jefe-usagm-dimite-peticion-biden\\\/#primaryimage\",\"url\":\"https:\\\/\\\/elcanillita.info\\\/press\\\/images\\\/2021\\\/01\\\/Packedit_filtered.jpg\",\"contentUrl\":\"https:\\\/\\\/elcanillita.info\\\/press\\\/images\\\/2021\\\/01\\\/Packedit_filtered.jpg\",\"width\":600,\"height\":400},{\"@type\":\"WebSite\",\"@id\":\"https:\\\/\\\/elcanillita.info\\\/press\\\/#website\",\"url\":\"https:\\\/\\\/elcanillita.info\\\/press\\\/\",\"name\":\"ElCanillita.Info\",\"description\":\"desde los Apeninos a los Andes\",\"publisher\":{\"@id\":\"https:\\\/\\\/elcanillita.info\\\/press\\\/#organization\"},\"potentialAction\":[{\"@type\":\"SearchAction\",\"target\":{\"@type\":\"EntryPoint\",\"urlTemplate\":\"https:\\\/\\\/elcanillita.info\\\/press\\\/?s={search_term_string}\"},\"query-input\":{\"@type\":\"PropertyValueSpecification\",\"valueRequired\":true,\"valueName\":\"search_term_string\"}}],\"inLanguage\":\"es-AR\"},{\"@type\":\"Organization\",\"@id\":\"https:\\\/\\\/elcanillita.info\\\/press\\\/#organization\",\"name\":\"Guzzo Photos & Graphic Publications\",\"url\":\"https:\\\/\\\/elcanillita.info\\\/press\\\/\",\"logo\":{\"@type\":\"ImageObject\",\"inLanguage\":\"es-AR\",\"@id\":\"https:\\\/\\\/elcanillita.info\\\/press\\\/#\\\/schema\\\/logo\\\/image\\\/\",\"url\":\"https:\\\/\\\/elcanillita.info\\\/press\\\/images\\\/2020\\\/01\\\/cropped-cropped-cropped-elcanillitainfo.png\",\"contentUrl\":\"https:\\\/\\\/elcanillita.info\\\/press\\\/images\\\/2020\\\/01\\\/cropped-cropped-cropped-elcanillitainfo.png\",\"width\":460,\"height\":50,\"caption\":\"Guzzo Photos & Graphic Publications\"},\"image\":{\"@id\":\"https:\\\/\\\/elcanillita.info\\\/press\\\/#\\\/schema\\\/logo\\\/image\\\/\"},\"sameAs\":[\"https:\\\/\\\/ar-ar.facebook.com\\\/ElCanillitainfo-114249515285712\\\/\"]},{\"@type\":\"Person\",\"@id\":\"https:\\\/\\\/elcanillita.info\\\/press\\\/#\\\/schema\\\/person\\\/7fcb79f38045700919f7da6d97e71ba0\",\"name\":\"SalaStampa.eu, world press service\",\"image\":{\"@type\":\"ImageObject\",\"inLanguage\":\"es-AR\",\"@id\":\"https:\\\/\\\/secure.gravatar.com\\\/avatar\\\/c2f0e0d515a107624234994507816ca4724c7199cef73fc8bedebf6931d73888?s=96&d=mm&r=g\",\"url\":\"https:\\\/\\\/secure.gravatar.com\\\/avatar\\\/c2f0e0d515a107624234994507816ca4724c7199cef73fc8bedebf6931d73888?s=96&d=mm&r=g\",\"contentUrl\":\"https:\\\/\\\/secure.gravatar.com\\\/avatar\\\/c2f0e0d515a107624234994507816ca4724c7199cef73fc8bedebf6931d73888?s=96&d=mm&r=g\",\"caption\":\"SalaStampa.eu, world press service\"}}]}<\/script>\n<!-- \/ Yoast SEO plugin. -->","yoast_head_json":{"title":"El jefe de la USAGM dimite a petici\u00f3n de Biden - ElCanillita.Info","robots":{"index":"index","follow":"follow","max-snippet":"max-snippet:-1","max-image-preview":"max-image-preview:large","max-video-preview":"max-video-preview:-1"},"canonical":"https:\/\/elcanillita.info\/press\/2021\/01\/22\/jefe-usagm-dimite-peticion-biden\/","og_locale":"es_ES","og_type":"article","og_title":"El jefe de la USAGM dimite a petici\u00f3n de Biden - ElCanillita.Info","og_description":"El director de la Agencia Estadounidense de Medios de Comunicaci\u00f3n Global dimiti\u00f3 el mi\u00e9rcoles por la tarde a petici\u00f3n del presidente Joe Biden, poco despu\u00e9s de que \u00e9ste asumiera el cargo.","og_url":"https:\/\/elcanillita.info\/press\/2021\/01\/22\/jefe-usagm-dimite-peticion-biden\/","og_site_name":"ElCanillita.Info","article_publisher":"https:\/\/ar-ar.facebook.com\/ElCanillitainfo-114249515285712\/","article_published_time":"2021-01-22T12:20:03+00:00","article_modified_time":"2021-01-23T10:38:17+00:00","og_image":[{"width":600,"height":400,"url":"https:\/\/elcanillita.info\/press\/images\/2021\/01\/Packedit_filtered.jpg","type":"image\/jpeg"}],"author":"SalaStampa.eu, world press service","twitter_card":"summary_large_image","twitter_misc":{"Escrito por":"SalaStampa.eu, world press service","Tiempo de lectura":"9 minutos"},"schema":{"@context":"https:\/\/schema.org","@graph":[{"@type":"Article","@id":"https:\/\/elcanillita.info\/press\/2021\/01\/22\/jefe-usagm-dimite-peticion-biden\/#article","isPartOf":{"@id":"https:\/\/elcanillita.info\/press\/2021\/01\/22\/jefe-usagm-dimite-peticion-biden\/"},"author":{"name":"SalaStampa.eu, world press service","@id":"https:\/\/elcanillita.info\/press\/#\/schema\/person\/7fcb79f38045700919f7da6d97e71ba0"},"headline":"El jefe de la USAGM dimite a petici\u00f3n de Biden","datePublished":"2021-01-22T12:20:03+00:00","dateModified":"2021-01-23T10:38:17+00:00","mainEntityOfPage":{"@id":"https:\/\/elcanillita.info\/press\/2021\/01\/22\/jefe-usagm-dimite-peticion-biden\/"},"wordCount":1861,"publisher":{"@id":"https:\/\/elcanillita.info\/press\/#organization"},"image":{"@id":"https:\/\/elcanillita.info\/press\/2021\/01\/22\/jefe-usagm-dimite-peticion-biden\/#primaryimage"},"thumbnailUrl":"https:\/\/elcanillita.info\/press\/images\/2021\/01\/Packedit_filtered.jpg","keywords":["Estados Unidos"],"articleSection":["Actualidad","Am\u00e9rica del Norte","Politica"],"inLanguage":"es-AR"},{"@type":"WebPage","@id":"https:\/\/elcanillita.info\/press\/2021\/01\/22\/jefe-usagm-dimite-peticion-biden\/","url":"https:\/\/elcanillita.info\/press\/2021\/01\/22\/jefe-usagm-dimite-peticion-biden\/","name":"El jefe de la USAGM dimite a petici\u00f3n de Biden - ElCanillita.Info","isPartOf":{"@id":"https:\/\/elcanillita.info\/press\/#website"},"primaryImageOfPage":{"@id":"https:\/\/elcanillita.info\/press\/2021\/01\/22\/jefe-usagm-dimite-peticion-biden\/#primaryimage"},"image":{"@id":"https:\/\/elcanillita.info\/press\/2021\/01\/22\/jefe-usagm-dimite-peticion-biden\/#primaryimage"},"thumbnailUrl":"https:\/\/elcanillita.info\/press\/images\/2021\/01\/Packedit_filtered.jpg","datePublished":"2021-01-22T12:20:03+00:00","dateModified":"2021-01-23T10:38:17+00:00","inLanguage":"es-AR","potentialAction":[{"@type":"ReadAction","target":["https:\/\/elcanillita.info\/press\/2021\/01\/22\/jefe-usagm-dimite-peticion-biden\/"]}]},{"@type":"ImageObject","inLanguage":"es-AR","@id":"https:\/\/elcanillita.info\/press\/2021\/01\/22\/jefe-usagm-dimite-peticion-biden\/#primaryimage","url":"https:\/\/elcanillita.info\/press\/images\/2021\/01\/Packedit_filtered.jpg","contentUrl":"https:\/\/elcanillita.info\/press\/images\/2021\/01\/Packedit_filtered.jpg","width":600,"height":400},{"@type":"WebSite","@id":"https:\/\/elcanillita.info\/press\/#website","url":"https:\/\/elcanillita.info\/press\/","name":"ElCanillita.Info","description":"desde los Apeninos a los Andes","publisher":{"@id":"https:\/\/elcanillita.info\/press\/#organization"},"potentialAction":[{"@type":"SearchAction","target":{"@type":"EntryPoint","urlTemplate":"https:\/\/elcanillita.info\/press\/?s={search_term_string}"},"query-input":{"@type":"PropertyValueSpecification","valueRequired":true,"valueName":"search_term_string"}}],"inLanguage":"es-AR"},{"@type":"Organization","@id":"https:\/\/elcanillita.info\/press\/#organization","name":"Guzzo Photos & Graphic Publications","url":"https:\/\/elcanillita.info\/press\/","logo":{"@type":"ImageObject","inLanguage":"es-AR","@id":"https:\/\/elcanillita.info\/press\/#\/schema\/logo\/image\/","url":"https:\/\/elcanillita.info\/press\/images\/2020\/01\/cropped-cropped-cropped-elcanillitainfo.png","contentUrl":"https:\/\/elcanillita.info\/press\/images\/2020\/01\/cropped-cropped-cropped-elcanillitainfo.png","width":460,"height":50,"caption":"Guzzo Photos & Graphic Publications"},"image":{"@id":"https:\/\/elcanillita.info\/press\/#\/schema\/logo\/image\/"},"sameAs":["https:\/\/ar-ar.facebook.com\/ElCanillitainfo-114249515285712\/"]},{"@type":"Person","@id":"https:\/\/elcanillita.info\/press\/#\/schema\/person\/7fcb79f38045700919f7da6d97e71ba0","name":"SalaStampa.eu, world press service","image":{"@type":"ImageObject","inLanguage":"es-AR","@id":"https:\/\/secure.gravatar.com\/avatar\/c2f0e0d515a107624234994507816ca4724c7199cef73fc8bedebf6931d73888?s=96&d=mm&r=g","url":"https:\/\/secure.gravatar.com\/avatar\/c2f0e0d515a107624234994507816ca4724c7199cef73fc8bedebf6931d73888?s=96&d=mm&r=g","contentUrl":"https:\/\/secure.gravatar.com\/avatar\/c2f0e0d515a107624234994507816ca4724c7199cef73fc8bedebf6931d73888?s=96&d=mm&r=g","caption":"SalaStampa.eu, world press service"}}]}},"views":699,"_links":{"self":[{"href":"https:\/\/elcanillita.info\/press\/wp-json\/wp\/v2\/posts\/1327","targetHints":{"allow":["GET"]}}],"collection":[{"href":"https:\/\/elcanillita.info\/press\/wp-json\/wp\/v2\/posts"}],"about":[{"href":"https:\/\/elcanillita.info\/press\/wp-json\/wp\/v2\/types\/post"}],"author":[{"embeddable":true,"href":"https:\/\/elcanillita.info\/press\/wp-json\/wp\/v2\/users\/1"}],"replies":[{"embeddable":true,"href":"https:\/\/elcanillita.info\/press\/wp-json\/wp\/v2\/comments?post=1327"}],"version-history":[{"count":0,"href":"https:\/\/elcanillita.info\/press\/wp-json\/wp\/v2\/posts\/1327\/revisions"}],"wp:featuredmedia":[{"embeddable":true,"href":"https:\/\/elcanillita.info\/press\/wp-json\/wp\/v2\/media\/1341"}],"wp:attachment":[{"href":"https:\/\/elcanillita.info\/press\/wp-json\/wp\/v2\/media?parent=1327"}],"wp:term":[{"taxonomy":"category","embeddable":true,"href":"https:\/\/elcanillita.info\/press\/wp-json\/wp\/v2\/categories?post=1327"},{"taxonomy":"post_tag","embeddable":true,"href":"https:\/\/elcanillita.info\/press\/wp-json\/wp\/v2\/tags?post=1327"}],"curies":[{"name":"wp","href":"https:\/\/api.w.org\/{rel}","templated":true}]}}