{"id":1323,"date":"2021-01-21T18:30:41","date_gmt":"2021-01-21T21:30:41","guid":{"rendered":"https:\/\/elcanillita.info\/press\/?p=1323"},"modified":"2021-01-22T12:40:09","modified_gmt":"2021-01-22T15:40:09","slug":"primer-dia-biden-desmonta-ordenes-migratorias","status":"publish","type":"post","link":"https:\/\/elcanillita.info\/press\/2021\/01\/21\/primer-dia-biden-desmonta-ordenes-migratorias\/","title":{"rendered":"En el primer d\u00eda, Biden desmonta algunas de las \u00f3rdenes migratorias de Trump"},"content":{"rendered":"\n<figure class=\"wp-block-image size-large is-style-rounded\"><img loading=\"lazy\" decoding=\"async\" width=\"600\" height=\"400\" src=\"https:\/\/elcanillita.info\/press\/images\/2021\/01\/trumpvia.jpg\" alt=\"\" class=\"wp-image-1325\" srcset=\"https:\/\/elcanillita.info\/press\/images\/2021\/01\/trumpvia.jpg 600w, https:\/\/elcanillita.info\/press\/images\/2021\/01\/trumpvia-300x200.jpg 300w\" sizes=\"auto, (max-width: 600px) 100vw, 600px\" \/><figcaption><small><strong>El a\u00f1o pasado, el Tribunal Superior de Justicia desestim\u00f3 una impugnaci\u00f3n del plan de la administraci\u00f3n Trump para excluir a los indocumentados del recuento del censo nacional.<\/strong><\/small><\/figcaption><\/figure>\n\n\n\n<p>El presidente Joe Biden firm\u00f3 el mi\u00e9rcoles \u00f3rdenes ejecutivas de amplio alcance para poner fin a las restricciones de viaje desde pa\u00edses predominantemente musulmanes y africanos, poner fin a la financiaci\u00f3n del muro fronterizo y fortalecer las protecciones para los inmigrantes tra\u00eddos ilegalmente al pa\u00eds cuando eran ni\u00f1os. Las \u00f3rdenes desmantelaron gran parte de la pol\u00edticas restrictivas de inmigraci\u00f3n del expresidente Donald Trump.<\/p>\n\n\n\n<p>Restricciones para viajar<\/p>\n\n\n\n<p>La administraci\u00f3n de Biden-Harris revirti\u00f3 las proclamas que prohib\u00edan a las personas de varios pa\u00edses de mayor\u00eda musulmana y africana, viajar a los EE. UU. <br><br>En una conferencia telef\u00f3nica con periodistas, el asesor de seguridad nacional de Biden, Jake Sullivan, describi\u00f3 la pol\u00edtica de Trump como: &#8211; nada menos que una mancha en nuestra naci\u00f3n y arraigada en la xenofobia y la animadversi\u00f3n religiosa . <\/p>\n\n\n\n<p>Ahora, la orden dice que brindar\u00e1 alivio a las familias que fueron separadas por las restricciones de viaje de Trump, tambi\u00e9n pide fortalecer la detecci\u00f3n y la investigaci\u00f3n de antecedentes de los viajeros, mejorando el intercambio de informaci\u00f3n con los gobiernos extranjeros.<\/p>\n\n\n\n<p><strong>DACA<\/strong><\/p>\n\n\n\n<p>Biden est\u00e1 preservando y fortaleciendo el programa de Acci\u00f3n Diferida para los Llegados en la Infancia (DACA), que ha protegido de la deportaci\u00f3n a cientos de miles de migrantes tra\u00eddos ilegalmente a los Estados Unidos, cuando eran menores de edad. En su proclamaci\u00f3n, Biden pidi\u00f3 al Congreso que apruebe una legislaci\u00f3n que otorgue a los beneficiarios de DACA un estatus legal permanente y un camino hacia la ciudadan\u00eda estadounidense.<\/p>\n\n\n\n<p>DACA creado por la ex administraci\u00f3n Obama en 2012,  fue repetidamente blanco de ataques por parte de la administraci\u00f3n Trump. La Corte Suprema de Estados Unidos finalmente conserv\u00f3 el programa y dictamin\u00f3 que la administraci\u00f3n Trump hab\u00eda intentado desmantelarlo de manera indebida.<\/p>\n\n\n\n<p>Hay alrededor de 700,000 personas inscritas en DACA, que a\u00fan enfrenta desaf\u00edos legales.<\/p>\n\n\n\n<p><strong>Muro fronterizo<\/strong><\/p>\n\n\n\n<p>Biden puso fin a la declaraci\u00f3n de emergencia nacional que emiti\u00f3 Trump para acelerar la construcci\u00f3n del muro a lo largo de la frontera entre Estados Unidos y M\u00e9xico. Aunque el Congreso asign\u00f3 fondos adicionales para el muro a fines del a\u00f1o pasado, se espera que la administraci\u00f3n de Biden revise los contratos de construcci\u00f3n y tome medidas para detener las barreras fronterizas adicionales.<\/p>\n\n\n\n<p><strong>Deportaciones<\/strong><\/p>\n\n\n\n<p>La nueva administraci\u00f3n ha detenido las deportaciones de inmigrantes indocumentados mientras el Departamento de Seguridad Nacional (DHS) revisa las prioridades de aplicaci\u00f3n.<\/p>\n\n\n\n<pre class=\"wp-block-code\"><code>Recibido hoy en la sede de @DHSgov como secretario interino del Departamento de Seguridad Nacional hasta que se confirme al Sr. Mayorkas. \u00a1Gracias a los hombres y mujeres de todo el Departamento por su compromiso con la misi\u00f3n del DHS! pic.twitter.com\/EOJumELq7T\n- David P. Pekoske (@TSA_Pekoske) 20 de enero de 2021<\/code><\/pre>\n\n\n\n<p>Alejandro Mayorkas, elegido en el gobierno de Biden para ser secretario del DHS, compareci\u00f3 el martes para una audiencia de confirmaci\u00f3n en el Senado. Mayorkas se comprometi\u00f3 a seguir la ley de inmigraci\u00f3n de Estados Unidos para decidir si los migrantes y los indocumentados permanecen en el pa\u00eds.  De confirmarse, Mayorkas ser\u00eda el primer latino y el primer inmigrante en liderar el Departamento de Seguridad de los Estados Unidos.<\/p>\n\n\n\n<p><strong>Censo<\/strong><\/p>\n\n\n\n<p>Biden tambi\u00e9n revoc\u00f3 un plan para excluir a los inmigrantes indocumentados del conteo del censo utilizado para decidir la representaci\u00f3n de cada estado en la C\u00e1mara de Representantes. <br>La nueva administraci\u00f3n dice que quiere que la Oficina del Censo tenga el tiempo necesario para completar un recuento de poblaci\u00f3n preciso.<br><br>El director del censo de EE. UU. dimiti\u00f3 en medio de acusaciones de precipitar datos. Los denunciantes alegan que algunos designados pol\u00edticos de la Oficina del Censo estaban presionando para que se publicara anticipadamente los datos sobre inmigrantes indocumentados para complacer al presidente Trump.<\/p>\n\n\n\n<p>En 2018, Trump intent\u00f3 incluir una pregunta sobre ciudadan\u00eda en el cuestionario del censo, pero fue bloqueado por la Corte Suprema. El a\u00f1o pasado, sin embargo, el tribunal superior de Justicia desestim\u00f3 una impugnaci\u00f3n al plan de la administraci\u00f3n anterior, para excluir a los indocumentados del recuento del censo.<\/p>\n\n\n\n<p><strong>Legislaci\u00f3n de inmigraci\u00f3n<\/strong><\/p>\n\n\n\n<p>Biden tambi\u00e9n ha revelado un camino propuesto de ocho a\u00f1os hacia la ciudadan\u00eda para inmigrantes indocumentados. El senador Bob Menendez, un dem\u00f3crata de Nueva Jersey, acord\u00f3 presentar el proyecto de ley en el Congreso.<\/p>\n\n\n\n<pre class=\"wp-block-code\"><code>En este plan no solo se trata de arreglar nuestro sistema de inmigraci\u00f3n roto, sino de construir uno mejor que re\u00fana a las familias, saque a la comunidad indocumentada de las sombras abiendo el camino hacia la ciudadan\u00eda.\n- Senador Bob Menendez (@SenatorMenendez) 20 de enero de 2021<\/code><\/pre>\n\n\n\n<p> La legislaci\u00f3n har\u00eda que millones de inmigrantes indocumentados fueran elegibles para la residencia permanente en los Estados Unidos, despu\u00e9s de cinco a\u00f1os y elegibles para buscar la ciudadan\u00eda tres a\u00f1os despu\u00e9s. El cronograma se acelerar\u00eda para los beneficiarios de DACA y aquellos con Estatus de Protecci\u00f3n Temporal, que huyeron de conflictos armados o desastres naturales. Los solicitantes tendr\u00edan que haber ingresado a los Estados Unidos antes del 1 de enero de este a\u00f1o.<br><br><small>2021 \u00a9 SalaStampa.Eu, afiliada a la red Broadcasting Board of Governors-VOA\/USAGM<\/small><\/p>\n","protected":false},"excerpt":{"rendered":"<p>El presidente Joe Biden firm\u00f3 el mi\u00e9rcoles \u00f3rdenes ejecutivas de amplio alcance para poner fin a las restricciones de viaje desde pa\u00edses predominantemente musulmanes y africanos.<\/p>\n","protected":false},"author":1,"featured_media":1325,"comment_status":"closed","ping_status":"closed","sticky":false,"template":"","format":"standard","meta":{"footnotes":"","_links_to":"","_links_to_target":""},"categories":[70,9,23,25],"tags":[34],"class_list":["post-1323","post","type-post","status-publish","format-standard","has-post-thumbnail","hentry","category-actualidad","category-america-del-norte","category-politica","category-sociedad","tag-estados-unidos","entry","double"],"yoast_head":"<!-- This site is optimized with the Yoast SEO plugin v27.4 - https:\/\/yoast.com\/product\/yoast-seo-wordpress\/ -->\n<title>En el primer d\u00eda, Biden desmonta algunas de las \u00f3rdenes migratorias de Trump - ElCanillita.Info<\/title>\n<meta name=\"robots\" content=\"index, follow, max-snippet:-1, max-image-preview:large, max-video-preview:-1\" \/>\n<link rel=\"canonical\" href=\"https:\/\/elcanillita.info\/press\/2021\/01\/21\/primer-dia-biden-desmonta-ordenes-migratorias\/\" \/>\n<meta property=\"og:locale\" content=\"es_ES\" \/>\n<meta property=\"og:type\" content=\"article\" \/>\n<meta property=\"og:title\" content=\"En el primer d\u00eda, Biden desmonta algunas de las \u00f3rdenes migratorias de Trump - ElCanillita.Info\" \/>\n<meta property=\"og:description\" content=\"El presidente Joe Biden firm\u00f3 el mi\u00e9rcoles \u00f3rdenes ejecutivas de amplio alcance para poner fin a las restricciones de viaje desde pa\u00edses predominantemente musulmanes y africanos.\" \/>\n<meta property=\"og:url\" content=\"https:\/\/elcanillita.info\/press\/2021\/01\/21\/primer-dia-biden-desmonta-ordenes-migratorias\/\" \/>\n<meta property=\"og:site_name\" content=\"ElCanillita.Info\" \/>\n<meta property=\"article:publisher\" content=\"https:\/\/ar-ar.facebook.com\/ElCanillitainfo-114249515285712\/\" \/>\n<meta property=\"article:published_time\" content=\"2021-01-21T21:30:41+00:00\" \/>\n<meta property=\"article:modified_time\" content=\"2021-01-22T15:40:09+00:00\" \/>\n<meta property=\"og:image\" content=\"https:\/\/elcanillita.info\/press\/images\/2021\/01\/trumpvia.jpg\" \/>\n\t<meta property=\"og:image:width\" content=\"600\" \/>\n\t<meta property=\"og:image:height\" content=\"400\" \/>\n\t<meta property=\"og:image:type\" content=\"image\/jpeg\" \/>\n<meta name=\"author\" content=\"SalaStampa.eu, world press service\" \/>\n<meta name=\"twitter:card\" content=\"summary_large_image\" \/>\n<meta name=\"twitter:label1\" content=\"Escrito por\" \/>\n\t<meta name=\"twitter:data1\" content=\"SalaStampa.eu, world press service\" \/>\n\t<meta name=\"twitter:label2\" content=\"Tiempo de lectura\" \/>\n\t<meta name=\"twitter:data2\" content=\"4 minutos\" \/>\n<script type=\"application\/ld+json\" class=\"yoast-schema-graph\">{\"@context\":\"https:\\\/\\\/schema.org\",\"@graph\":[{\"@type\":\"Article\",\"@id\":\"https:\\\/\\\/elcanillita.info\\\/press\\\/2021\\\/01\\\/21\\\/primer-dia-biden-desmonta-ordenes-migratorias\\\/#article\",\"isPartOf\":{\"@id\":\"https:\\\/\\\/elcanillita.info\\\/press\\\/2021\\\/01\\\/21\\\/primer-dia-biden-desmonta-ordenes-migratorias\\\/\"},\"author\":{\"name\":\"SalaStampa.eu, world press service\",\"@id\":\"https:\\\/\\\/elcanillita.info\\\/press\\\/#\\\/schema\\\/person\\\/7fcb79f38045700919f7da6d97e71ba0\"},\"headline\":\"En el primer d\u00eda, Biden desmonta algunas de las \u00f3rdenes migratorias de Trump\",\"datePublished\":\"2021-01-21T21:30:41+00:00\",\"dateModified\":\"2021-01-22T15:40:09+00:00\",\"mainEntityOfPage\":{\"@id\":\"https:\\\/\\\/elcanillita.info\\\/press\\\/2021\\\/01\\\/21\\\/primer-dia-biden-desmonta-ordenes-migratorias\\\/\"},\"wordCount\":831,\"publisher\":{\"@id\":\"https:\\\/\\\/elcanillita.info\\\/press\\\/#organization\"},\"image\":{\"@id\":\"https:\\\/\\\/elcanillita.info\\\/press\\\/2021\\\/01\\\/21\\\/primer-dia-biden-desmonta-ordenes-migratorias\\\/#primaryimage\"},\"thumbnailUrl\":\"https:\\\/\\\/elcanillita.info\\\/press\\\/images\\\/2021\\\/01\\\/trumpvia.jpg\",\"keywords\":[\"Estados Unidos\"],\"articleSection\":[\"Actualidad\",\"Am\u00e9rica del Norte\",\"Politica\",\"Sociedad\"],\"inLanguage\":\"es-AR\"},{\"@type\":\"WebPage\",\"@id\":\"https:\\\/\\\/elcanillita.info\\\/press\\\/2021\\\/01\\\/21\\\/primer-dia-biden-desmonta-ordenes-migratorias\\\/\",\"url\":\"https:\\\/\\\/elcanillita.info\\\/press\\\/2021\\\/01\\\/21\\\/primer-dia-biden-desmonta-ordenes-migratorias\\\/\",\"name\":\"En el primer d\u00eda, Biden desmonta algunas de las \u00f3rdenes migratorias de Trump - ElCanillita.Info\",\"isPartOf\":{\"@id\":\"https:\\\/\\\/elcanillita.info\\\/press\\\/#website\"},\"primaryImageOfPage\":{\"@id\":\"https:\\\/\\\/elcanillita.info\\\/press\\\/2021\\\/01\\\/21\\\/primer-dia-biden-desmonta-ordenes-migratorias\\\/#primaryimage\"},\"image\":{\"@id\":\"https:\\\/\\\/elcanillita.info\\\/press\\\/2021\\\/01\\\/21\\\/primer-dia-biden-desmonta-ordenes-migratorias\\\/#primaryimage\"},\"thumbnailUrl\":\"https:\\\/\\\/elcanillita.info\\\/press\\\/images\\\/2021\\\/01\\\/trumpvia.jpg\",\"datePublished\":\"2021-01-21T21:30:41+00:00\",\"dateModified\":\"2021-01-22T15:40:09+00:00\",\"inLanguage\":\"es-AR\",\"potentialAction\":[{\"@type\":\"ReadAction\",\"target\":[\"https:\\\/\\\/elcanillita.info\\\/press\\\/2021\\\/01\\\/21\\\/primer-dia-biden-desmonta-ordenes-migratorias\\\/\"]}]},{\"@type\":\"ImageObject\",\"inLanguage\":\"es-AR\",\"@id\":\"https:\\\/\\\/elcanillita.info\\\/press\\\/2021\\\/01\\\/21\\\/primer-dia-biden-desmonta-ordenes-migratorias\\\/#primaryimage\",\"url\":\"https:\\\/\\\/elcanillita.info\\\/press\\\/images\\\/2021\\\/01\\\/trumpvia.jpg\",\"contentUrl\":\"https:\\\/\\\/elcanillita.info\\\/press\\\/images\\\/2021\\\/01\\\/trumpvia.jpg\",\"width\":600,\"height\":400},{\"@type\":\"WebSite\",\"@id\":\"https:\\\/\\\/elcanillita.info\\\/press\\\/#website\",\"url\":\"https:\\\/\\\/elcanillita.info\\\/press\\\/\",\"name\":\"ElCanillita.Info\",\"description\":\"desde los Apeninos a los Andes\",\"publisher\":{\"@id\":\"https:\\\/\\\/elcanillita.info\\\/press\\\/#organization\"},\"potentialAction\":[{\"@type\":\"SearchAction\",\"target\":{\"@type\":\"EntryPoint\",\"urlTemplate\":\"https:\\\/\\\/elcanillita.info\\\/press\\\/?s={search_term_string}\"},\"query-input\":{\"@type\":\"PropertyValueSpecification\",\"valueRequired\":true,\"valueName\":\"search_term_string\"}}],\"inLanguage\":\"es-AR\"},{\"@type\":\"Organization\",\"@id\":\"https:\\\/\\\/elcanillita.info\\\/press\\\/#organization\",\"name\":\"Guzzo Photos & Graphic Publications\",\"url\":\"https:\\\/\\\/elcanillita.info\\\/press\\\/\",\"logo\":{\"@type\":\"ImageObject\",\"inLanguage\":\"es-AR\",\"@id\":\"https:\\\/\\\/elcanillita.info\\\/press\\\/#\\\/schema\\\/logo\\\/image\\\/\",\"url\":\"https:\\\/\\\/elcanillita.info\\\/press\\\/images\\\/2020\\\/01\\\/cropped-cropped-cropped-elcanillitainfo.png\",\"contentUrl\":\"https:\\\/\\\/elcanillita.info\\\/press\\\/images\\\/2020\\\/01\\\/cropped-cropped-cropped-elcanillitainfo.png\",\"width\":460,\"height\":50,\"caption\":\"Guzzo Photos & Graphic Publications\"},\"image\":{\"@id\":\"https:\\\/\\\/elcanillita.info\\\/press\\\/#\\\/schema\\\/logo\\\/image\\\/\"},\"sameAs\":[\"https:\\\/\\\/ar-ar.facebook.com\\\/ElCanillitainfo-114249515285712\\\/\"]},{\"@type\":\"Person\",\"@id\":\"https:\\\/\\\/elcanillita.info\\\/press\\\/#\\\/schema\\\/person\\\/7fcb79f38045700919f7da6d97e71ba0\",\"name\":\"SalaStampa.eu, world press service\",\"image\":{\"@type\":\"ImageObject\",\"inLanguage\":\"es-AR\",\"@id\":\"https:\\\/\\\/secure.gravatar.com\\\/avatar\\\/c2f0e0d515a107624234994507816ca4724c7199cef73fc8bedebf6931d73888?s=96&d=mm&r=g\",\"url\":\"https:\\\/\\\/secure.gravatar.com\\\/avatar\\\/c2f0e0d515a107624234994507816ca4724c7199cef73fc8bedebf6931d73888?s=96&d=mm&r=g\",\"contentUrl\":\"https:\\\/\\\/secure.gravatar.com\\\/avatar\\\/c2f0e0d515a107624234994507816ca4724c7199cef73fc8bedebf6931d73888?s=96&d=mm&r=g\",\"caption\":\"SalaStampa.eu, world press service\"}}]}<\/script>\n<!-- \/ Yoast SEO plugin. -->","yoast_head_json":{"title":"En el primer d\u00eda, Biden desmonta algunas de las \u00f3rdenes migratorias de Trump - ElCanillita.Info","robots":{"index":"index","follow":"follow","max-snippet":"max-snippet:-1","max-image-preview":"max-image-preview:large","max-video-preview":"max-video-preview:-1"},"canonical":"https:\/\/elcanillita.info\/press\/2021\/01\/21\/primer-dia-biden-desmonta-ordenes-migratorias\/","og_locale":"es_ES","og_type":"article","og_title":"En el primer d\u00eda, Biden desmonta algunas de las \u00f3rdenes migratorias de Trump - ElCanillita.Info","og_description":"El presidente Joe Biden firm\u00f3 el mi\u00e9rcoles \u00f3rdenes ejecutivas de amplio alcance para poner fin a las restricciones de viaje desde pa\u00edses predominantemente musulmanes y africanos.","og_url":"https:\/\/elcanillita.info\/press\/2021\/01\/21\/primer-dia-biden-desmonta-ordenes-migratorias\/","og_site_name":"ElCanillita.Info","article_publisher":"https:\/\/ar-ar.facebook.com\/ElCanillitainfo-114249515285712\/","article_published_time":"2021-01-21T21:30:41+00:00","article_modified_time":"2021-01-22T15:40:09+00:00","og_image":[{"width":600,"height":400,"url":"https:\/\/elcanillita.info\/press\/images\/2021\/01\/trumpvia.jpg","type":"image\/jpeg"}],"author":"SalaStampa.eu, world press service","twitter_card":"summary_large_image","twitter_misc":{"Escrito por":"SalaStampa.eu, world press service","Tiempo de lectura":"4 minutos"},"schema":{"@context":"https:\/\/schema.org","@graph":[{"@type":"Article","@id":"https:\/\/elcanillita.info\/press\/2021\/01\/21\/primer-dia-biden-desmonta-ordenes-migratorias\/#article","isPartOf":{"@id":"https:\/\/elcanillita.info\/press\/2021\/01\/21\/primer-dia-biden-desmonta-ordenes-migratorias\/"},"author":{"name":"SalaStampa.eu, world press service","@id":"https:\/\/elcanillita.info\/press\/#\/schema\/person\/7fcb79f38045700919f7da6d97e71ba0"},"headline":"En el primer d\u00eda, Biden desmonta algunas de las \u00f3rdenes migratorias de Trump","datePublished":"2021-01-21T21:30:41+00:00","dateModified":"2021-01-22T15:40:09+00:00","mainEntityOfPage":{"@id":"https:\/\/elcanillita.info\/press\/2021\/01\/21\/primer-dia-biden-desmonta-ordenes-migratorias\/"},"wordCount":831,"publisher":{"@id":"https:\/\/elcanillita.info\/press\/#organization"},"image":{"@id":"https:\/\/elcanillita.info\/press\/2021\/01\/21\/primer-dia-biden-desmonta-ordenes-migratorias\/#primaryimage"},"thumbnailUrl":"https:\/\/elcanillita.info\/press\/images\/2021\/01\/trumpvia.jpg","keywords":["Estados Unidos"],"articleSection":["Actualidad","Am\u00e9rica del Norte","Politica","Sociedad"],"inLanguage":"es-AR"},{"@type":"WebPage","@id":"https:\/\/elcanillita.info\/press\/2021\/01\/21\/primer-dia-biden-desmonta-ordenes-migratorias\/","url":"https:\/\/elcanillita.info\/press\/2021\/01\/21\/primer-dia-biden-desmonta-ordenes-migratorias\/","name":"En el primer d\u00eda, Biden desmonta algunas de las \u00f3rdenes migratorias de Trump - ElCanillita.Info","isPartOf":{"@id":"https:\/\/elcanillita.info\/press\/#website"},"primaryImageOfPage":{"@id":"https:\/\/elcanillita.info\/press\/2021\/01\/21\/primer-dia-biden-desmonta-ordenes-migratorias\/#primaryimage"},"image":{"@id":"https:\/\/elcanillita.info\/press\/2021\/01\/21\/primer-dia-biden-desmonta-ordenes-migratorias\/#primaryimage"},"thumbnailUrl":"https:\/\/elcanillita.info\/press\/images\/2021\/01\/trumpvia.jpg","datePublished":"2021-01-21T21:30:41+00:00","dateModified":"2021-01-22T15:40:09+00:00","inLanguage":"es-AR","potentialAction":[{"@type":"ReadAction","target":["https:\/\/elcanillita.info\/press\/2021\/01\/21\/primer-dia-biden-desmonta-ordenes-migratorias\/"]}]},{"@type":"ImageObject","inLanguage":"es-AR","@id":"https:\/\/elcanillita.info\/press\/2021\/01\/21\/primer-dia-biden-desmonta-ordenes-migratorias\/#primaryimage","url":"https:\/\/elcanillita.info\/press\/images\/2021\/01\/trumpvia.jpg","contentUrl":"https:\/\/elcanillita.info\/press\/images\/2021\/01\/trumpvia.jpg","width":600,"height":400},{"@type":"WebSite","@id":"https:\/\/elcanillita.info\/press\/#website","url":"https:\/\/elcanillita.info\/press\/","name":"ElCanillita.Info","description":"desde los Apeninos a los Andes","publisher":{"@id":"https:\/\/elcanillita.info\/press\/#organization"},"potentialAction":[{"@type":"SearchAction","target":{"@type":"EntryPoint","urlTemplate":"https:\/\/elcanillita.info\/press\/?s={search_term_string}"},"query-input":{"@type":"PropertyValueSpecification","valueRequired":true,"valueName":"search_term_string"}}],"inLanguage":"es-AR"},{"@type":"Organization","@id":"https:\/\/elcanillita.info\/press\/#organization","name":"Guzzo Photos & Graphic Publications","url":"https:\/\/elcanillita.info\/press\/","logo":{"@type":"ImageObject","inLanguage":"es-AR","@id":"https:\/\/elcanillita.info\/press\/#\/schema\/logo\/image\/","url":"https:\/\/elcanillita.info\/press\/images\/2020\/01\/cropped-cropped-cropped-elcanillitainfo.png","contentUrl":"https:\/\/elcanillita.info\/press\/images\/2020\/01\/cropped-cropped-cropped-elcanillitainfo.png","width":460,"height":50,"caption":"Guzzo Photos & Graphic Publications"},"image":{"@id":"https:\/\/elcanillita.info\/press\/#\/schema\/logo\/image\/"},"sameAs":["https:\/\/ar-ar.facebook.com\/ElCanillitainfo-114249515285712\/"]},{"@type":"Person","@id":"https:\/\/elcanillita.info\/press\/#\/schema\/person\/7fcb79f38045700919f7da6d97e71ba0","name":"SalaStampa.eu, world press service","image":{"@type":"ImageObject","inLanguage":"es-AR","@id":"https:\/\/secure.gravatar.com\/avatar\/c2f0e0d515a107624234994507816ca4724c7199cef73fc8bedebf6931d73888?s=96&d=mm&r=g","url":"https:\/\/secure.gravatar.com\/avatar\/c2f0e0d515a107624234994507816ca4724c7199cef73fc8bedebf6931d73888?s=96&d=mm&r=g","contentUrl":"https:\/\/secure.gravatar.com\/avatar\/c2f0e0d515a107624234994507816ca4724c7199cef73fc8bedebf6931d73888?s=96&d=mm&r=g","caption":"SalaStampa.eu, world press service"}}]}},"views":627,"_links":{"self":[{"href":"https:\/\/elcanillita.info\/press\/wp-json\/wp\/v2\/posts\/1323","targetHints":{"allow":["GET"]}}],"collection":[{"href":"https:\/\/elcanillita.info\/press\/wp-json\/wp\/v2\/posts"}],"about":[{"href":"https:\/\/elcanillita.info\/press\/wp-json\/wp\/v2\/types\/post"}],"author":[{"embeddable":true,"href":"https:\/\/elcanillita.info\/press\/wp-json\/wp\/v2\/users\/1"}],"replies":[{"embeddable":true,"href":"https:\/\/elcanillita.info\/press\/wp-json\/wp\/v2\/comments?post=1323"}],"version-history":[{"count":0,"href":"https:\/\/elcanillita.info\/press\/wp-json\/wp\/v2\/posts\/1323\/revisions"}],"wp:featuredmedia":[{"embeddable":true,"href":"https:\/\/elcanillita.info\/press\/wp-json\/wp\/v2\/media\/1325"}],"wp:attachment":[{"href":"https:\/\/elcanillita.info\/press\/wp-json\/wp\/v2\/media?parent=1323"}],"wp:term":[{"taxonomy":"category","embeddable":true,"href":"https:\/\/elcanillita.info\/press\/wp-json\/wp\/v2\/categories?post=1323"},{"taxonomy":"post_tag","embeddable":true,"href":"https:\/\/elcanillita.info\/press\/wp-json\/wp\/v2\/tags?post=1323"}],"curies":[{"name":"wp","href":"https:\/\/api.w.org\/{rel}","templated":true}]}}