{"id":1259,"date":"2021-01-14T06:57:27","date_gmt":"2021-01-14T09:57:27","guid":{"rendered":"https:\/\/elcanillita.info\/press\/?p=1259"},"modified":"2021-01-14T06:59:41","modified_gmt":"2021-01-14T09:59:41","slug":"camara-representantes-usa-acusa-trump-capitolio","status":"publish","type":"post","link":"https:\/\/elcanillita.info\/press\/2021\/01\/14\/camara-representantes-usa-acusa-trump-capitolio\/","title":{"rendered":"C\u00e1mara de Representantes de Estados Unidos acusa a Trump por incitar a un mot\u00edn mortal en el Capitolio"},"content":{"rendered":"\n<figure class=\"wp-block-image size-large\"><img loading=\"lazy\" decoding=\"async\" width=\"600\" height=\"375\" src=\"https:\/\/elcanillita.info\/press\/images\/2021\/01\/Trump_20210114.jpg\" alt=\"\" class=\"wp-image-1260\" srcset=\"https:\/\/elcanillita.info\/press\/images\/2021\/01\/Trump_20210114.jpg 600w, https:\/\/elcanillita.info\/press\/images\/2021\/01\/Trump_20210114-300x188.jpg 300w\" sizes=\"auto, (max-width: 600px) 100vw, 600px\" \/><\/figure>\n\n\n\n<p>La C\u00e1mara de Representantes de los Estados Unidos impugn\u00f3 al Presidente Donald Trump el mi\u00e9rcoles, declarando que incit\u00f3 a la insurrecci\u00f3n la semana pasada cuando implor\u00f3 a miles de sus partidarios que marcharan al Capitolio para tratar de anular su p\u00e9rdida de la reelecci\u00f3n, provocando una manifestaci\u00f3n de la multitud que se convirti\u00f3 en un caos mortal.<\/p>\n\n\n\n<p>La mayor\u00eda de 232-197 para la impugnaci\u00f3n, con s\u00f3lo una semana restante en los cuatro a\u00f1os de mandato de Trump como l\u00edder de los EE.UU., estaba formada por los legisladores del Partido Dem\u00f3crata junto con 10 de los compa\u00f1eros republicanos de Trump.<\/p>\n\n\n\n<p>El voto de la C\u00e1mara de Representantes convirti\u00f3 a Trump en el primero de los 45 presidentes del pa\u00eds en sus 245 a\u00f1os de historia en ser destituido dos veces.<\/p>\n\n\n\n<p>Fue absuelto por el Senado hace un a\u00f1o en el primer caso de impugnaci\u00f3n y ahora se enfrentar\u00e1 a un nuevo juicio en las semanas siguientes a la toma de posesi\u00f3n del presidente electo Joe Biden el pr\u00f3ximo mi\u00e9rcoles. Se necesitar\u00e1n dos tercios de los votos del Senado para condenarlo. Si es condenado, un voto por mayor\u00eda simple podr\u00eda impedirle ocupar un cargo federal de nuevo.<\/p>\n\n\n\n<p><strong>Da\u00f1ina y mortal incursi\u00f3n<\/strong><\/p>\n\n\n\n<p>El voto de impugnaci\u00f3n de la C\u00e1mara de Representantes lleg\u00f3 una semana despu\u00e9s de que los alborotadores irrumpieran en el Capitolio de EE.UU., el s\u00edmbolo mundial de la democracia americana, durante la certificaci\u00f3n del voto del Colegio Electoral que mostraba que Biden hab\u00eda derrotado a Trump en las elecciones de noviembre.<\/p>\n\n\n\n<p>La multitud de partidarios de Trump irrumpi\u00f3 en algunas oficinas del Congreso y las saque\u00f3, llen\u00f3 los pisos de documentos del gobierno y se pele\u00f3 con la polic\u00eda. Cinco personas murieron, tres manifestantes murieron bajo emergencias m\u00e9dicas, otro en un tiroteo con la polic\u00eda y un oficial de polic\u00eda muri\u00f3, hecho sobre el cual las autoridades est\u00e1n investigando como un homicidio.<\/p>\n\n\n\n<p>Trump no coment\u00f3 de inmediato el mi\u00e9rcoles sobre ser destituido de nuevo. Pero en medio de advertencias de m\u00e1s violencia en torno a la inauguraci\u00f3n de Biden la pr\u00f3xima semana, emiti\u00f3 una declaraci\u00f3n instando a que &#8220;no debe haber violencia, ni violaci\u00f3n de la ley, ni vandalismo de ning\u00fan tipo&#8221;. Eso no es lo que yo defiendo, y no es lo que Am\u00e9rica representa. Hago un llamamiento a TODOS los americanos para que ayuden a aliviar las tensiones y calmar los \u00e1nimos.&#8221;<\/p>\n\n\n\n<p>Al comenzar el debate del mi\u00e9rcoles, la presidenta de la C\u00e1mara de Representantes Nancy Pelosi, la principal dem\u00f3crata de la c\u00e1mara, llam\u00f3 a Trump una amenaza a &#8220;la libertad, el autogobierno y el estado de derecho&#8221;.<\/p>\n\n\n\n<p>Pero un partidario incondicional de Trump, el representante Jim Jordan de Ohio, dijo que la impugnaci\u00f3n &#8220;no une al pa\u00eds&#8221;. Se trata de la pol\u00edtica&#8221;. Los dem\u00f3cratas, dijo, &#8220;quieren cancelar al presidente&#8221;.<\/p>\n\n\n\n<p>La delgada mayor\u00eda dem\u00f3crata en la C\u00e1mara de Representantes tuvo suficientes votos por s\u00ed misma para impugnar a Trump una semana antes de que su mandato termine al mediod\u00eda del 20 de enero y Biden, una figura pol\u00edtica de Washington durante casi 50 a\u00f1os, sea investido como el nuevo l\u00edder del pa\u00eds.<\/p>\n\n\n\n<p><strong>10 votos republicanos<\/strong><\/p>\n\n\n\n<p>Pero 10 republicanos, incluida la representante Liz Cheney de Wyoming, la tercera miembro de la C\u00e1mara de Representantes del partido, se unieron a los dem\u00f3cratas de la oposici\u00f3n para impugnar a Trump. Al anunciar su voto para la impugnaci\u00f3n el martes por la noche, dijo que &#8220;nunca ha habido una traici\u00f3n m\u00e1s grande&#8221; por parte de un presidente de los Estados Unidos.<\/p>\n\n\n\n<p>La C\u00e1mara de Representantes, sin votos republicanos, impugn\u00f3 a Trump a finales de 2019 por intentar que Ucrania desenterrara informaci\u00f3n negativa sobre Biden antes de las elecciones de noviembre. Pero fue absuelto en febrero despu\u00e9s de un juicio de 20 d\u00edas en el Senado.<\/p>\n\n\n\n<p>Biden gan\u00f3 la presidencia en una decisiva votaci\u00f3n del Colegio Electoral que es determinante en las elecciones presidenciales de Estados Unidos. El Congreso certific\u00f3 el jueves pasado el resultado del Colegio Electoral, pero no antes de que la mafia pro-Trump retrasara la certificaci\u00f3n durante horas antes de que las autoridades restablecieran el orden.<\/p>\n\n\n\n<p>Mientras la C\u00e1mara de Representantes debat\u00eda las reglas b\u00e1sicas del procedimiento de impugnaci\u00f3n, el representante dem\u00f3crata Jim McGovern de Massachusetts dijo: &#8220;No estar\u00edamos aqu\u00ed si no fuera por el presidente de los Estados Unidos&#8221;, a\u00f1adiendo que &#8220;la causa de esta violencia reside en el 1600 de la Avenida Pennsylvania&#8221;, el discurso de la Casa Blanca.<\/p>\n\n\n\n<p>En un mitin hace una semana, Trump inst\u00f3 a sus partidarios a marchar al Capitolio y &#8220;luchar&#8221; para anular su p\u00e9rdida electoral.<\/p>\n\n\n\n<p>El l\u00edder de la mayor\u00eda de la C\u00e1mara de Representantes, Steny Hoyer de Maryland, dijo que Trump hab\u00eda &#8220;tra\u00eddo verg\u00fcenza y desorden a la presidencia&#8221; y hab\u00eda &#8220;armado el odio&#8221;.<\/p>\n\n\n\n<p>Pero el representante Tom Cole, republicano de Oklahoma, se opuso a la impugnaci\u00f3n de Trump, diciendo: &#8220;No se me ocurre nada que cause m\u00e1s divisi\u00f3n que el camino que la mayor\u00eda est\u00e1 tomando ahora&#8221;. En lugar de mirar hacia adelante a una nueva administraci\u00f3n, la mayor\u00eda est\u00e1 de nuevo tratando de ajustar cuentas contra la antigua.&#8221;<\/p>\n\n\n\n<p><strong>Acci\u00f3n &#8220;temeraria<\/strong><\/p>\n\n\n\n<p>El representante Jason Smith de Missouri, otro republicano, dijo: &#8220;Pensemos en la gente antes que en la pol\u00edtica. Esto es una impugnaci\u00f3n imprudente&#8221;.<\/p>\n\n\n\n<p>El l\u00edder republicano de la C\u00e1mara de Representantes Kevin McCarthy de California, un aliado cercano de Trump, dijo, &#8220;La impugnaci\u00f3n en este momento tendr\u00eda el efecto opuesto de unir a nuestro pa\u00eds&#8221;. Pero el liderazgo republicano dijo que no intentar\u00eda presionar a los miembros del partido para que votaran contra la impugnaci\u00f3n.<\/p>\n\n\n\n<p>En una visita el martes a la frontera entre EE.UU. y M\u00e9xico, Trump dijo que el empuje para impugnar de nuevo fue &#8220;causando una tremenda ira y divisi\u00f3n y un dolor mucho mayor de lo que la mayor\u00eda de la gente nunca entender\u00e1, lo que es muy peligroso para los EE.UU., especialmente en este momento tan tierno&#8221;.<\/p>\n\n\n\n<p>Inst\u00f3 a &#8220;la paz y la calma&#8221; y dijo que ahora era &#8220;un tiempo para la ley y un tiempo para el orden&#8221;.<\/p>\n\n\n\n<p>Trump, quien en un video la semana pasada le dijo a la multitud de sus seguidores, &#8220;Te queremos. Eres muy especial&#8221;, no respondi\u00f3 a las preguntas de los periodistas.<\/p>\n\n\n\n<p>No estaba claro si los l\u00edderes de la C\u00e1mara de Representantes enviar\u00edan inmediatamente la resoluci\u00f3n de impugnaci\u00f3n al Senado, dado que el mandato de Trump termina en una semana.<\/p>\n\n\n\n<p>La resoluci\u00f3n de impugnaci\u00f3n cita las acusaciones infundadas de Trump de que fue enga\u00f1ado para un segundo mandato por irregularidades en la votaci\u00f3n y el recuento de votos; su presi\u00f3n sobre los funcionarios electorales en el estado sure\u00f1o de Georgia para &#8220;encontrar&#8221; m\u00e1s de 11.000 votos para superar el margen de victoria de Biden en el estado; y sus declaraciones en un mitin el mi\u00e9rcoles pasado instando a miles de partidarios a marchar al Capitolio para presionar a los legisladores a anular el resultado de las elecciones.<\/p>\n\n\n\n<p><strong>Juicio, nombramientos, ayuda de COVID<\/strong><\/p>\n\n\n\n<p>Biden dijo que era su &#8220;esperanza y expectativa&#8221; que el Senado pudiera celebrar simult\u00e1neamente un juicio pol\u00edtico y confirmar sus nombramientos en el gabinete despu\u00e9s de que tome posesi\u00f3n del cargo, y que tambi\u00e9n aprobara m\u00e1s ayuda para la econom\u00eda estadounidense que se ha visto debilitada por la pandemia del coronavirus.<\/p>\n\n\n\n<p>&#8220;Es de vital importancia que haya un enfoque realmente serio para que las personas que se dedicaron a la sedici\u00f3n y a amenazar vidas, desfigurando la propiedad p\u00fablica, causaron grandes da\u00f1os &#8211; que se les haga responsables&#8221;, dijo el lunes de los alborotadores.<\/p>\n\n\n\n<p>Docenas de alborotadores ya han sido arrestados, y las autoridades federales est\u00e1n investigando muchos m\u00e1s, escudri\u00f1ando los videos de seguridad en el Capitolio para identificar a los malhechores y buscando en los videos de los medios sociales que los alborotadores publicaron de s\u00ed mismos en el edificio.<br><br><small>2021 \u00a9 SalaStampa.Eu, afiliada a la red Broadcasting Board of Governors  &#8211; VOA \/ USAGM<\/small><\/p>\n","protected":false},"excerpt":{"rendered":"<p>La C\u00e1mara de Representantes de los Estados Unidos impugn\u00f3 al Presidente Donald Trump el mi\u00e9rcoles, declarando que incit\u00f3 a la insurrecci\u00f3n la semana pasada cuando implor\u00f3 a miles de sus partidarios que marcharan al Capitolio. <\/p>\n","protected":false},"author":1,"featured_media":1260,"comment_status":"closed","ping_status":"closed","sticky":false,"template":"","format":"standard","meta":{"footnotes":"","_links_to":"","_links_to_target":""},"categories":[70,9,22,23,25],"tags":[],"class_list":["post-1259","post","type-post","status-publish","format-standard","has-post-thumbnail","hentry","category-actualidad","category-america-del-norte","category-justicia","category-politica","category-sociedad","entry","double"],"yoast_head":"<!-- This site is optimized with the Yoast SEO plugin v27.4 - https:\/\/yoast.com\/product\/yoast-seo-wordpress\/ -->\n<title>C\u00e1mara de Representantes de Estados Unidos acusa a Trump por incitar a un mot\u00edn mortal en el Capitolio - ElCanillita.Info<\/title>\n<meta name=\"robots\" content=\"index, follow, max-snippet:-1, max-image-preview:large, max-video-preview:-1\" \/>\n<link rel=\"canonical\" href=\"https:\/\/elcanillita.info\/press\/2021\/01\/14\/camara-representantes-usa-acusa-trump-capitolio\/\" \/>\n<meta property=\"og:locale\" content=\"es_ES\" \/>\n<meta property=\"og:type\" content=\"article\" \/>\n<meta property=\"og:title\" content=\"C\u00e1mara de Representantes de Estados Unidos acusa a Trump por incitar a un mot\u00edn mortal en el Capitolio - ElCanillita.Info\" \/>\n<meta property=\"og:description\" content=\"La C\u00e1mara de Representantes de los Estados Unidos impugn\u00f3 al Presidente Donald Trump el mi\u00e9rcoles, declarando que incit\u00f3 a la insurrecci\u00f3n la semana pasada cuando implor\u00f3 a miles de sus partidarios que marcharan al Capitolio.\" \/>\n<meta property=\"og:url\" content=\"https:\/\/elcanillita.info\/press\/2021\/01\/14\/camara-representantes-usa-acusa-trump-capitolio\/\" \/>\n<meta property=\"og:site_name\" content=\"ElCanillita.Info\" \/>\n<meta property=\"article:publisher\" content=\"https:\/\/ar-ar.facebook.com\/ElCanillitainfo-114249515285712\/\" \/>\n<meta property=\"article:published_time\" content=\"2021-01-14T09:57:27+00:00\" \/>\n<meta property=\"article:modified_time\" content=\"2021-01-14T09:59:41+00:00\" \/>\n<meta property=\"og:image\" content=\"https:\/\/elcanillita.info\/press\/images\/2021\/01\/Trump_20210114.jpg\" \/>\n\t<meta property=\"og:image:width\" content=\"600\" \/>\n\t<meta property=\"og:image:height\" content=\"375\" \/>\n\t<meta property=\"og:image:type\" content=\"image\/jpeg\" \/>\n<meta name=\"author\" content=\"SalaStampa.eu, world press service\" \/>\n<meta name=\"twitter:card\" content=\"summary_large_image\" \/>\n<meta name=\"twitter:label1\" content=\"Escrito por\" \/>\n\t<meta name=\"twitter:data1\" content=\"SalaStampa.eu, world press service\" \/>\n\t<meta name=\"twitter:label2\" content=\"Tiempo de lectura\" \/>\n\t<meta name=\"twitter:data2\" content=\"6 minutos\" \/>\n<script type=\"application\/ld+json\" class=\"yoast-schema-graph\">{\"@context\":\"https:\\\/\\\/schema.org\",\"@graph\":[{\"@type\":\"Article\",\"@id\":\"https:\\\/\\\/elcanillita.info\\\/press\\\/2021\\\/01\\\/14\\\/camara-representantes-usa-acusa-trump-capitolio\\\/#article\",\"isPartOf\":{\"@id\":\"https:\\\/\\\/elcanillita.info\\\/press\\\/2021\\\/01\\\/14\\\/camara-representantes-usa-acusa-trump-capitolio\\\/\"},\"author\":{\"name\":\"SalaStampa.eu, world press service\",\"@id\":\"https:\\\/\\\/elcanillita.info\\\/press\\\/#\\\/schema\\\/person\\\/7fcb79f38045700919f7da6d97e71ba0\"},\"headline\":\"C\u00e1mara de Representantes de Estados Unidos acusa a Trump por incitar a un mot\u00edn mortal en el Capitolio\",\"datePublished\":\"2021-01-14T09:57:27+00:00\",\"dateModified\":\"2021-01-14T09:59:41+00:00\",\"mainEntityOfPage\":{\"@id\":\"https:\\\/\\\/elcanillita.info\\\/press\\\/2021\\\/01\\\/14\\\/camara-representantes-usa-acusa-trump-capitolio\\\/\"},\"wordCount\":1445,\"publisher\":{\"@id\":\"https:\\\/\\\/elcanillita.info\\\/press\\\/#organization\"},\"image\":{\"@id\":\"https:\\\/\\\/elcanillita.info\\\/press\\\/2021\\\/01\\\/14\\\/camara-representantes-usa-acusa-trump-capitolio\\\/#primaryimage\"},\"thumbnailUrl\":\"https:\\\/\\\/elcanillita.info\\\/press\\\/images\\\/2021\\\/01\\\/Trump_20210114.jpg\",\"articleSection\":[\"Actualidad\",\"Am\u00e9rica del Norte\",\"Justicia\",\"Politica\",\"Sociedad\"],\"inLanguage\":\"es-AR\"},{\"@type\":\"WebPage\",\"@id\":\"https:\\\/\\\/elcanillita.info\\\/press\\\/2021\\\/01\\\/14\\\/camara-representantes-usa-acusa-trump-capitolio\\\/\",\"url\":\"https:\\\/\\\/elcanillita.info\\\/press\\\/2021\\\/01\\\/14\\\/camara-representantes-usa-acusa-trump-capitolio\\\/\",\"name\":\"C\u00e1mara de Representantes de Estados Unidos acusa a Trump por incitar a un mot\u00edn mortal en el Capitolio - ElCanillita.Info\",\"isPartOf\":{\"@id\":\"https:\\\/\\\/elcanillita.info\\\/press\\\/#website\"},\"primaryImageOfPage\":{\"@id\":\"https:\\\/\\\/elcanillita.info\\\/press\\\/2021\\\/01\\\/14\\\/camara-representantes-usa-acusa-trump-capitolio\\\/#primaryimage\"},\"image\":{\"@id\":\"https:\\\/\\\/elcanillita.info\\\/press\\\/2021\\\/01\\\/14\\\/camara-representantes-usa-acusa-trump-capitolio\\\/#primaryimage\"},\"thumbnailUrl\":\"https:\\\/\\\/elcanillita.info\\\/press\\\/images\\\/2021\\\/01\\\/Trump_20210114.jpg\",\"datePublished\":\"2021-01-14T09:57:27+00:00\",\"dateModified\":\"2021-01-14T09:59:41+00:00\",\"inLanguage\":\"es-AR\",\"potentialAction\":[{\"@type\":\"ReadAction\",\"target\":[\"https:\\\/\\\/elcanillita.info\\\/press\\\/2021\\\/01\\\/14\\\/camara-representantes-usa-acusa-trump-capitolio\\\/\"]}]},{\"@type\":\"ImageObject\",\"inLanguage\":\"es-AR\",\"@id\":\"https:\\\/\\\/elcanillita.info\\\/press\\\/2021\\\/01\\\/14\\\/camara-representantes-usa-acusa-trump-capitolio\\\/#primaryimage\",\"url\":\"https:\\\/\\\/elcanillita.info\\\/press\\\/images\\\/2021\\\/01\\\/Trump_20210114.jpg\",\"contentUrl\":\"https:\\\/\\\/elcanillita.info\\\/press\\\/images\\\/2021\\\/01\\\/Trump_20210114.jpg\",\"width\":600,\"height\":375},{\"@type\":\"WebSite\",\"@id\":\"https:\\\/\\\/elcanillita.info\\\/press\\\/#website\",\"url\":\"https:\\\/\\\/elcanillita.info\\\/press\\\/\",\"name\":\"ElCanillita.Info\",\"description\":\"desde los Apeninos a los Andes\",\"publisher\":{\"@id\":\"https:\\\/\\\/elcanillita.info\\\/press\\\/#organization\"},\"potentialAction\":[{\"@type\":\"SearchAction\",\"target\":{\"@type\":\"EntryPoint\",\"urlTemplate\":\"https:\\\/\\\/elcanillita.info\\\/press\\\/?s={search_term_string}\"},\"query-input\":{\"@type\":\"PropertyValueSpecification\",\"valueRequired\":true,\"valueName\":\"search_term_string\"}}],\"inLanguage\":\"es-AR\"},{\"@type\":\"Organization\",\"@id\":\"https:\\\/\\\/elcanillita.info\\\/press\\\/#organization\",\"name\":\"Guzzo Photos & Graphic Publications\",\"url\":\"https:\\\/\\\/elcanillita.info\\\/press\\\/\",\"logo\":{\"@type\":\"ImageObject\",\"inLanguage\":\"es-AR\",\"@id\":\"https:\\\/\\\/elcanillita.info\\\/press\\\/#\\\/schema\\\/logo\\\/image\\\/\",\"url\":\"https:\\\/\\\/elcanillita.info\\\/press\\\/images\\\/2020\\\/01\\\/cropped-cropped-cropped-elcanillitainfo.png\",\"contentUrl\":\"https:\\\/\\\/elcanillita.info\\\/press\\\/images\\\/2020\\\/01\\\/cropped-cropped-cropped-elcanillitainfo.png\",\"width\":460,\"height\":50,\"caption\":\"Guzzo Photos & Graphic Publications\"},\"image\":{\"@id\":\"https:\\\/\\\/elcanillita.info\\\/press\\\/#\\\/schema\\\/logo\\\/image\\\/\"},\"sameAs\":[\"https:\\\/\\\/ar-ar.facebook.com\\\/ElCanillitainfo-114249515285712\\\/\"]},{\"@type\":\"Person\",\"@id\":\"https:\\\/\\\/elcanillita.info\\\/press\\\/#\\\/schema\\\/person\\\/7fcb79f38045700919f7da6d97e71ba0\",\"name\":\"SalaStampa.eu, world press service\",\"image\":{\"@type\":\"ImageObject\",\"inLanguage\":\"es-AR\",\"@id\":\"https:\\\/\\\/secure.gravatar.com\\\/avatar\\\/c2f0e0d515a107624234994507816ca4724c7199cef73fc8bedebf6931d73888?s=96&d=mm&r=g\",\"url\":\"https:\\\/\\\/secure.gravatar.com\\\/avatar\\\/c2f0e0d515a107624234994507816ca4724c7199cef73fc8bedebf6931d73888?s=96&d=mm&r=g\",\"contentUrl\":\"https:\\\/\\\/secure.gravatar.com\\\/avatar\\\/c2f0e0d515a107624234994507816ca4724c7199cef73fc8bedebf6931d73888?s=96&d=mm&r=g\",\"caption\":\"SalaStampa.eu, world press service\"}}]}<\/script>\n<!-- \/ Yoast SEO plugin. -->","yoast_head_json":{"title":"C\u00e1mara de Representantes de Estados Unidos acusa a Trump por incitar a un mot\u00edn mortal en el Capitolio - ElCanillita.Info","robots":{"index":"index","follow":"follow","max-snippet":"max-snippet:-1","max-image-preview":"max-image-preview:large","max-video-preview":"max-video-preview:-1"},"canonical":"https:\/\/elcanillita.info\/press\/2021\/01\/14\/camara-representantes-usa-acusa-trump-capitolio\/","og_locale":"es_ES","og_type":"article","og_title":"C\u00e1mara de Representantes de Estados Unidos acusa a Trump por incitar a un mot\u00edn mortal en el Capitolio - ElCanillita.Info","og_description":"La C\u00e1mara de Representantes de los Estados Unidos impugn\u00f3 al Presidente Donald Trump el mi\u00e9rcoles, declarando que incit\u00f3 a la insurrecci\u00f3n la semana pasada cuando implor\u00f3 a miles de sus partidarios que marcharan al Capitolio.","og_url":"https:\/\/elcanillita.info\/press\/2021\/01\/14\/camara-representantes-usa-acusa-trump-capitolio\/","og_site_name":"ElCanillita.Info","article_publisher":"https:\/\/ar-ar.facebook.com\/ElCanillitainfo-114249515285712\/","article_published_time":"2021-01-14T09:57:27+00:00","article_modified_time":"2021-01-14T09:59:41+00:00","og_image":[{"width":600,"height":375,"url":"https:\/\/elcanillita.info\/press\/images\/2021\/01\/Trump_20210114.jpg","type":"image\/jpeg"}],"author":"SalaStampa.eu, world press service","twitter_card":"summary_large_image","twitter_misc":{"Escrito por":"SalaStampa.eu, world press service","Tiempo de lectura":"6 minutos"},"schema":{"@context":"https:\/\/schema.org","@graph":[{"@type":"Article","@id":"https:\/\/elcanillita.info\/press\/2021\/01\/14\/camara-representantes-usa-acusa-trump-capitolio\/#article","isPartOf":{"@id":"https:\/\/elcanillita.info\/press\/2021\/01\/14\/camara-representantes-usa-acusa-trump-capitolio\/"},"author":{"name":"SalaStampa.eu, world press service","@id":"https:\/\/elcanillita.info\/press\/#\/schema\/person\/7fcb79f38045700919f7da6d97e71ba0"},"headline":"C\u00e1mara de Representantes de Estados Unidos acusa a Trump por incitar a un mot\u00edn mortal en el Capitolio","datePublished":"2021-01-14T09:57:27+00:00","dateModified":"2021-01-14T09:59:41+00:00","mainEntityOfPage":{"@id":"https:\/\/elcanillita.info\/press\/2021\/01\/14\/camara-representantes-usa-acusa-trump-capitolio\/"},"wordCount":1445,"publisher":{"@id":"https:\/\/elcanillita.info\/press\/#organization"},"image":{"@id":"https:\/\/elcanillita.info\/press\/2021\/01\/14\/camara-representantes-usa-acusa-trump-capitolio\/#primaryimage"},"thumbnailUrl":"https:\/\/elcanillita.info\/press\/images\/2021\/01\/Trump_20210114.jpg","articleSection":["Actualidad","Am\u00e9rica del Norte","Justicia","Politica","Sociedad"],"inLanguage":"es-AR"},{"@type":"WebPage","@id":"https:\/\/elcanillita.info\/press\/2021\/01\/14\/camara-representantes-usa-acusa-trump-capitolio\/","url":"https:\/\/elcanillita.info\/press\/2021\/01\/14\/camara-representantes-usa-acusa-trump-capitolio\/","name":"C\u00e1mara de Representantes de Estados Unidos acusa a Trump por incitar a un mot\u00edn mortal en el Capitolio - ElCanillita.Info","isPartOf":{"@id":"https:\/\/elcanillita.info\/press\/#website"},"primaryImageOfPage":{"@id":"https:\/\/elcanillita.info\/press\/2021\/01\/14\/camara-representantes-usa-acusa-trump-capitolio\/#primaryimage"},"image":{"@id":"https:\/\/elcanillita.info\/press\/2021\/01\/14\/camara-representantes-usa-acusa-trump-capitolio\/#primaryimage"},"thumbnailUrl":"https:\/\/elcanillita.info\/press\/images\/2021\/01\/Trump_20210114.jpg","datePublished":"2021-01-14T09:57:27+00:00","dateModified":"2021-01-14T09:59:41+00:00","inLanguage":"es-AR","potentialAction":[{"@type":"ReadAction","target":["https:\/\/elcanillita.info\/press\/2021\/01\/14\/camara-representantes-usa-acusa-trump-capitolio\/"]}]},{"@type":"ImageObject","inLanguage":"es-AR","@id":"https:\/\/elcanillita.info\/press\/2021\/01\/14\/camara-representantes-usa-acusa-trump-capitolio\/#primaryimage","url":"https:\/\/elcanillita.info\/press\/images\/2021\/01\/Trump_20210114.jpg","contentUrl":"https:\/\/elcanillita.info\/press\/images\/2021\/01\/Trump_20210114.jpg","width":600,"height":375},{"@type":"WebSite","@id":"https:\/\/elcanillita.info\/press\/#website","url":"https:\/\/elcanillita.info\/press\/","name":"ElCanillita.Info","description":"desde los Apeninos a los Andes","publisher":{"@id":"https:\/\/elcanillita.info\/press\/#organization"},"potentialAction":[{"@type":"SearchAction","target":{"@type":"EntryPoint","urlTemplate":"https:\/\/elcanillita.info\/press\/?s={search_term_string}"},"query-input":{"@type":"PropertyValueSpecification","valueRequired":true,"valueName":"search_term_string"}}],"inLanguage":"es-AR"},{"@type":"Organization","@id":"https:\/\/elcanillita.info\/press\/#organization","name":"Guzzo Photos & Graphic Publications","url":"https:\/\/elcanillita.info\/press\/","logo":{"@type":"ImageObject","inLanguage":"es-AR","@id":"https:\/\/elcanillita.info\/press\/#\/schema\/logo\/image\/","url":"https:\/\/elcanillita.info\/press\/images\/2020\/01\/cropped-cropped-cropped-elcanillitainfo.png","contentUrl":"https:\/\/elcanillita.info\/press\/images\/2020\/01\/cropped-cropped-cropped-elcanillitainfo.png","width":460,"height":50,"caption":"Guzzo Photos & Graphic Publications"},"image":{"@id":"https:\/\/elcanillita.info\/press\/#\/schema\/logo\/image\/"},"sameAs":["https:\/\/ar-ar.facebook.com\/ElCanillitainfo-114249515285712\/"]},{"@type":"Person","@id":"https:\/\/elcanillita.info\/press\/#\/schema\/person\/7fcb79f38045700919f7da6d97e71ba0","name":"SalaStampa.eu, world press service","image":{"@type":"ImageObject","inLanguage":"es-AR","@id":"https:\/\/secure.gravatar.com\/avatar\/c2f0e0d515a107624234994507816ca4724c7199cef73fc8bedebf6931d73888?s=96&d=mm&r=g","url":"https:\/\/secure.gravatar.com\/avatar\/c2f0e0d515a107624234994507816ca4724c7199cef73fc8bedebf6931d73888?s=96&d=mm&r=g","contentUrl":"https:\/\/secure.gravatar.com\/avatar\/c2f0e0d515a107624234994507816ca4724c7199cef73fc8bedebf6931d73888?s=96&d=mm&r=g","caption":"SalaStampa.eu, world press service"}}]}},"views":584,"_links":{"self":[{"href":"https:\/\/elcanillita.info\/press\/wp-json\/wp\/v2\/posts\/1259","targetHints":{"allow":["GET"]}}],"collection":[{"href":"https:\/\/elcanillita.info\/press\/wp-json\/wp\/v2\/posts"}],"about":[{"href":"https:\/\/elcanillita.info\/press\/wp-json\/wp\/v2\/types\/post"}],"author":[{"embeddable":true,"href":"https:\/\/elcanillita.info\/press\/wp-json\/wp\/v2\/users\/1"}],"replies":[{"embeddable":true,"href":"https:\/\/elcanillita.info\/press\/wp-json\/wp\/v2\/comments?post=1259"}],"version-history":[{"count":0,"href":"https:\/\/elcanillita.info\/press\/wp-json\/wp\/v2\/posts\/1259\/revisions"}],"wp:featuredmedia":[{"embeddable":true,"href":"https:\/\/elcanillita.info\/press\/wp-json\/wp\/v2\/media\/1260"}],"wp:attachment":[{"href":"https:\/\/elcanillita.info\/press\/wp-json\/wp\/v2\/media?parent=1259"}],"wp:term":[{"taxonomy":"category","embeddable":true,"href":"https:\/\/elcanillita.info\/press\/wp-json\/wp\/v2\/categories?post=1259"},{"taxonomy":"post_tag","embeddable":true,"href":"https:\/\/elcanillita.info\/press\/wp-json\/wp\/v2\/tags?post=1259"}],"curies":[{"name":"wp","href":"https:\/\/api.w.org\/{rel}","templated":true}]}}