{"id":1255,"date":"2021-01-13T09:42:06","date_gmt":"2021-01-13T12:42:06","guid":{"rendered":"https:\/\/elcanillita.info\/press\/?p=1255"},"modified":"2021-01-14T19:33:53","modified_gmt":"2021-01-14T22:33:53","slug":"noticiero-13-01-2021","status":"publish","type":"post","link":"https:\/\/elcanillita.info\/press\/2021\/01\/13\/noticiero-13-01-2021\/","title":{"rendered":"Noticiero 13.01.2021"},"content":{"rendered":"<p><strong>Nicaragua: Reacciones discurso de Ortega<\/strong><\/p>\n<p>El discurso del presidente Daniel Ortega provoca diversas reacciones y entre ellas se destaca su menosprecio al proceso electoral y el dar por sentada su permanencia en el poder.<br \/>\n<small>Desde Managua informa la corresponsal de la Voz de Am\u00e9rica, Daliana Oca\u00f1a.<\/small><\/p>\n<audio class=\"wp-audio-shortcode\" id=\"audio-1255-1\" preload=\"none\" style=\"width: 100%;\" controls=\"controls\"><source type=\"audio\/mpeg\" src=\"https:\/\/elcanillita.info\/press\/images\/2021\/01\/Nicaragua%20_Reacciones_discurso_de_Ortega_20210113.mp3?_=1\" \/><a href=\"https:\/\/elcanillita.info\/press\/images\/2021\/01\/Nicaragua%20_Reacciones_discurso_de_Ortega_20210113.mp3\">https:\/\/elcanillita.info\/press\/images\/2021\/01\/Nicaragua%20_Reacciones_discurso_de_Ortega_20210113.mp3<\/a><\/audio>\n<hr>\n<p><strong>EE.UU. COVID-19 Vacunaci\u00f3n<\/strong><\/p>\n<p>Estados Unidos avanza hacia la siguiente fase en el plan de vacunaci\u00f3n en el pa\u00eds.<br \/>\n<small>Informa Judith Mart\u00edn Rodr\u00edguez de la Voz de Am\u00e9rica.<\/small><\/p>\n<audio class=\"wp-audio-shortcode\" id=\"audio-1255-2\" preload=\"none\" style=\"width: 100%;\" controls=\"controls\"><source type=\"audio\/mpeg\" src=\"https:\/\/elcanillita.info\/press\/images\/2021\/01\/EE.UU._COVID-20210113.mp3?_=2\" \/><a href=\"https:\/\/elcanillita.info\/press\/images\/2021\/01\/EE.UU._COVID-20210113.mp3\">https:\/\/elcanillita.info\/press\/images\/2021\/01\/EE.UU._COVID-20210113.mp3<\/a><\/audio>\n<hr>\n<p><strong>Venezuela: Masacre operativo policial<\/strong><\/p>\n<p>En Venezuela denuncian la \u201cmasacre\u201d de al menos 23 personas durante un operativo policial.<br \/>\n<small>Desde Caracas informa la corresponsal de la Voz de Am\u00e9rica, Carolina Alcalde.<\/small><\/p>\n<audio class=\"wp-audio-shortcode\" id=\"audio-1255-3\" preload=\"none\" style=\"width: 100%;\" controls=\"controls\"><source type=\"audio\/mpeg\" src=\"https:\/\/elcanillita.info\/press\/images\/2021\/01\/Venezuela%20_Masacre_20210113.mp3?_=3\" \/><a href=\"https:\/\/elcanillita.info\/press\/images\/2021\/01\/Venezuela%20_Masacre_20210113.mp3\">https:\/\/elcanillita.info\/press\/images\/2021\/01\/Venezuela%20_Masacre_20210113.mp3<\/a><\/audio>\n<hr>\n<p><strong>Hoy en El Mundo Al D\u00eda:<\/strong><\/p>\n<p>En el programa de hoy, el vicepresidente Mike Pence descarta convocar la Enmienda 25 y hoy podr\u00eda definirse un juicio pol\u00edtico contra el presidente Donald Trump.<\/p>\n<p>\u00c9sta y m\u00e1s noticias de Estados Unidos y Am\u00e9rica Latina en Buenos D\u00edas Am\u00e9rica, un programa de la Voz de Am\u00e9rica. Agradecemos su sinton\u00eda.<\/p>\n<audio class=\"wp-audio-shortcode\" id=\"audio-1255-4\" preload=\"none\" style=\"width: 100%;\" controls=\"controls\"><source type=\"audio\/mpeg\" src=\"https:\/\/elcanillita.info\/press\/images\/2021\/01\/El_Mundo_al_D__20210113.mp3?_=4\" \/><a href=\"https:\/\/elcanillita.info\/press\/images\/2021\/01\/El_Mundo_al_D__20210113.mp3\">https:\/\/elcanillita.info\/press\/images\/2021\/01\/El_Mundo_al_D__20210113.mp3<\/a><\/audio>\n<hr>\n","protected":false},"excerpt":{"rendered":"<p>Nicaragua: Reacciones discurso de Ortega El discurso del presidente Daniel Ortega provoca diversas reacciones y entre ellas se destaca su menosprecio al proceso electoral y&#8230;<\/p>\n","protected":false},"author":1,"featured_media":0,"comment_status":"closed","ping_status":"closed","sticky":false,"template":"","format":"standard","meta":{"footnotes":"","_links_to":"","_links_to_target":""},"categories":[70,8,89,20,23,78,25],"tags":[],"class_list":["post-1255","post","type-post","status-publish","format-standard","hentry","category-actualidad","category-america","category-broadcasting","category-economia","category-politica","category-sanidad","category-sociedad","entry","double"],"yoast_head":"<!-- This site is optimized with the Yoast SEO plugin v27.5 - https:\/\/yoast.com\/product\/yoast-seo-wordpress\/ -->\n<title>Noticiero 13.01.2021 - ElCanillita.Info<\/title>\n<meta name=\"robots\" content=\"index, follow, max-snippet:-1, max-image-preview:large, max-video-preview:-1\" \/>\n<link rel=\"canonical\" href=\"https:\/\/elcanillita.info\/press\/2021\/01\/13\/noticiero-13-01-2021\/\" \/>\n<meta property=\"og:locale\" content=\"es_ES\" \/>\n<meta property=\"og:type\" content=\"article\" \/>\n<meta property=\"og:title\" content=\"Noticiero 13.01.2021 - ElCanillita.Info\" \/>\n<meta property=\"og:description\" content=\"Nicaragua: Reacciones discurso de Ortega El discurso del presidente Daniel Ortega provoca diversas reacciones y entre ellas se destaca su menosprecio al proceso electoral y&#8230;\" \/>\n<meta property=\"og:url\" content=\"https:\/\/elcanillita.info\/press\/2021\/01\/13\/noticiero-13-01-2021\/\" \/>\n<meta property=\"og:site_name\" content=\"ElCanillita.Info\" \/>\n<meta property=\"article:publisher\" content=\"https:\/\/ar-ar.facebook.com\/ElCanillitainfo-114249515285712\/\" \/>\n<meta property=\"article:published_time\" content=\"2021-01-13T12:42:06+00:00\" \/>\n<meta property=\"article:modified_time\" content=\"2021-01-14T22:33:53+00:00\" \/>\n<meta name=\"author\" content=\"SalaStampa.eu, world press service\" \/>\n<meta name=\"twitter:card\" content=\"summary_large_image\" \/>\n<meta name=\"twitter:label1\" content=\"Escrito por\" \/>\n\t<meta name=\"twitter:data1\" content=\"SalaStampa.eu, world press service\" \/>\n\t<meta name=\"twitter:label2\" content=\"Tiempo de lectura\" \/>\n\t<meta name=\"twitter:data2\" content=\"1 minuto\" \/>\n<script type=\"application\/ld+json\" class=\"yoast-schema-graph\">{\"@context\":\"https:\\\/\\\/schema.org\",\"@graph\":[{\"@type\":\"Article\",\"@id\":\"https:\\\/\\\/elcanillita.info\\\/press\\\/2021\\\/01\\\/13\\\/noticiero-13-01-2021\\\/#article\",\"isPartOf\":{\"@id\":\"https:\\\/\\\/elcanillita.info\\\/press\\\/2021\\\/01\\\/13\\\/noticiero-13-01-2021\\\/\"},\"author\":{\"name\":\"SalaStampa.eu, world press service\",\"@id\":\"https:\\\/\\\/elcanillita.info\\\/press\\\/#\\\/schema\\\/person\\\/7fcb79f38045700919f7da6d97e71ba0\"},\"headline\":\"Noticiero 13.01.2021\",\"datePublished\":\"2021-01-13T12:42:06+00:00\",\"dateModified\":\"2021-01-14T22:33:53+00:00\",\"mainEntityOfPage\":{\"@id\":\"https:\\\/\\\/elcanillita.info\\\/press\\\/2021\\\/01\\\/13\\\/noticiero-13-01-2021\\\/\"},\"wordCount\":227,\"publisher\":{\"@id\":\"https:\\\/\\\/elcanillita.info\\\/press\\\/#organization\"},\"articleSection\":[\"Actualidad\",\"Am\u00e9rica\",\"broadcasting\",\"Economia\",\"Politica\",\"Sanidad\",\"Sociedad\"],\"inLanguage\":\"es-AR\"},{\"@type\":\"WebPage\",\"@id\":\"https:\\\/\\\/elcanillita.info\\\/press\\\/2021\\\/01\\\/13\\\/noticiero-13-01-2021\\\/\",\"url\":\"https:\\\/\\\/elcanillita.info\\\/press\\\/2021\\\/01\\\/13\\\/noticiero-13-01-2021\\\/\",\"name\":\"Noticiero 13.01.2021 - ElCanillita.Info\",\"isPartOf\":{\"@id\":\"https:\\\/\\\/elcanillita.info\\\/press\\\/#website\"},\"datePublished\":\"2021-01-13T12:42:06+00:00\",\"dateModified\":\"2021-01-14T22:33:53+00:00\",\"inLanguage\":\"es-AR\",\"potentialAction\":[{\"@type\":\"ReadAction\",\"target\":[\"https:\\\/\\\/elcanillita.info\\\/press\\\/2021\\\/01\\\/13\\\/noticiero-13-01-2021\\\/\"]}]},{\"@type\":\"WebSite\",\"@id\":\"https:\\\/\\\/elcanillita.info\\\/press\\\/#website\",\"url\":\"https:\\\/\\\/elcanillita.info\\\/press\\\/\",\"name\":\"ElCanillita.Info\",\"description\":\"desde los Apeninos a los Andes\",\"publisher\":{\"@id\":\"https:\\\/\\\/elcanillita.info\\\/press\\\/#organization\"},\"potentialAction\":[{\"@type\":\"SearchAction\",\"target\":{\"@type\":\"EntryPoint\",\"urlTemplate\":\"https:\\\/\\\/elcanillita.info\\\/press\\\/?s={search_term_string}\"},\"query-input\":{\"@type\":\"PropertyValueSpecification\",\"valueRequired\":true,\"valueName\":\"search_term_string\"}}],\"inLanguage\":\"es-AR\"},{\"@type\":\"Organization\",\"@id\":\"https:\\\/\\\/elcanillita.info\\\/press\\\/#organization\",\"name\":\"Guzzo Photos & Graphic Publications\",\"url\":\"https:\\\/\\\/elcanillita.info\\\/press\\\/\",\"logo\":{\"@type\":\"ImageObject\",\"inLanguage\":\"es-AR\",\"@id\":\"https:\\\/\\\/elcanillita.info\\\/press\\\/#\\\/schema\\\/logo\\\/image\\\/\",\"url\":\"https:\\\/\\\/elcanillita.info\\\/press\\\/images\\\/2020\\\/01\\\/cropped-cropped-cropped-elcanillitainfo.png\",\"contentUrl\":\"https:\\\/\\\/elcanillita.info\\\/press\\\/images\\\/2020\\\/01\\\/cropped-cropped-cropped-elcanillitainfo.png\",\"width\":460,\"height\":50,\"caption\":\"Guzzo Photos & Graphic Publications\"},\"image\":{\"@id\":\"https:\\\/\\\/elcanillita.info\\\/press\\\/#\\\/schema\\\/logo\\\/image\\\/\"},\"sameAs\":[\"https:\\\/\\\/ar-ar.facebook.com\\\/ElCanillitainfo-114249515285712\\\/\"]},{\"@type\":\"Person\",\"@id\":\"https:\\\/\\\/elcanillita.info\\\/press\\\/#\\\/schema\\\/person\\\/7fcb79f38045700919f7da6d97e71ba0\",\"name\":\"SalaStampa.eu, world press service\",\"image\":{\"@type\":\"ImageObject\",\"inLanguage\":\"es-AR\",\"@id\":\"https:\\\/\\\/secure.gravatar.com\\\/avatar\\\/c2f0e0d515a107624234994507816ca4724c7199cef73fc8bedebf6931d73888?s=96&d=mm&r=g\",\"url\":\"https:\\\/\\\/secure.gravatar.com\\\/avatar\\\/c2f0e0d515a107624234994507816ca4724c7199cef73fc8bedebf6931d73888?s=96&d=mm&r=g\",\"contentUrl\":\"https:\\\/\\\/secure.gravatar.com\\\/avatar\\\/c2f0e0d515a107624234994507816ca4724c7199cef73fc8bedebf6931d73888?s=96&d=mm&r=g\",\"caption\":\"SalaStampa.eu, world press service\"}}]}<\/script>\n<!-- \/ Yoast SEO plugin. -->","yoast_head_json":{"title":"Noticiero 13.01.2021 - ElCanillita.Info","robots":{"index":"index","follow":"follow","max-snippet":"max-snippet:-1","max-image-preview":"max-image-preview:large","max-video-preview":"max-video-preview:-1"},"canonical":"https:\/\/elcanillita.info\/press\/2021\/01\/13\/noticiero-13-01-2021\/","og_locale":"es_ES","og_type":"article","og_title":"Noticiero 13.01.2021 - ElCanillita.Info","og_description":"Nicaragua: Reacciones discurso de Ortega El discurso del presidente Daniel Ortega provoca diversas reacciones y entre ellas se destaca su menosprecio al proceso electoral y&#8230;","og_url":"https:\/\/elcanillita.info\/press\/2021\/01\/13\/noticiero-13-01-2021\/","og_site_name":"ElCanillita.Info","article_publisher":"https:\/\/ar-ar.facebook.com\/ElCanillitainfo-114249515285712\/","article_published_time":"2021-01-13T12:42:06+00:00","article_modified_time":"2021-01-14T22:33:53+00:00","author":"SalaStampa.eu, world press service","twitter_card":"summary_large_image","twitter_misc":{"Escrito por":"SalaStampa.eu, world press service","Tiempo de lectura":"1 minuto"},"schema":{"@context":"https:\/\/schema.org","@graph":[{"@type":"Article","@id":"https:\/\/elcanillita.info\/press\/2021\/01\/13\/noticiero-13-01-2021\/#article","isPartOf":{"@id":"https:\/\/elcanillita.info\/press\/2021\/01\/13\/noticiero-13-01-2021\/"},"author":{"name":"SalaStampa.eu, world press service","@id":"https:\/\/elcanillita.info\/press\/#\/schema\/person\/7fcb79f38045700919f7da6d97e71ba0"},"headline":"Noticiero 13.01.2021","datePublished":"2021-01-13T12:42:06+00:00","dateModified":"2021-01-14T22:33:53+00:00","mainEntityOfPage":{"@id":"https:\/\/elcanillita.info\/press\/2021\/01\/13\/noticiero-13-01-2021\/"},"wordCount":227,"publisher":{"@id":"https:\/\/elcanillita.info\/press\/#organization"},"articleSection":["Actualidad","Am\u00e9rica","broadcasting","Economia","Politica","Sanidad","Sociedad"],"inLanguage":"es-AR"},{"@type":"WebPage","@id":"https:\/\/elcanillita.info\/press\/2021\/01\/13\/noticiero-13-01-2021\/","url":"https:\/\/elcanillita.info\/press\/2021\/01\/13\/noticiero-13-01-2021\/","name":"Noticiero 13.01.2021 - ElCanillita.Info","isPartOf":{"@id":"https:\/\/elcanillita.info\/press\/#website"},"datePublished":"2021-01-13T12:42:06+00:00","dateModified":"2021-01-14T22:33:53+00:00","inLanguage":"es-AR","potentialAction":[{"@type":"ReadAction","target":["https:\/\/elcanillita.info\/press\/2021\/01\/13\/noticiero-13-01-2021\/"]}]},{"@type":"WebSite","@id":"https:\/\/elcanillita.info\/press\/#website","url":"https:\/\/elcanillita.info\/press\/","name":"ElCanillita.Info","description":"desde los Apeninos a los Andes","publisher":{"@id":"https:\/\/elcanillita.info\/press\/#organization"},"potentialAction":[{"@type":"SearchAction","target":{"@type":"EntryPoint","urlTemplate":"https:\/\/elcanillita.info\/press\/?s={search_term_string}"},"query-input":{"@type":"PropertyValueSpecification","valueRequired":true,"valueName":"search_term_string"}}],"inLanguage":"es-AR"},{"@type":"Organization","@id":"https:\/\/elcanillita.info\/press\/#organization","name":"Guzzo Photos & Graphic Publications","url":"https:\/\/elcanillita.info\/press\/","logo":{"@type":"ImageObject","inLanguage":"es-AR","@id":"https:\/\/elcanillita.info\/press\/#\/schema\/logo\/image\/","url":"https:\/\/elcanillita.info\/press\/images\/2020\/01\/cropped-cropped-cropped-elcanillitainfo.png","contentUrl":"https:\/\/elcanillita.info\/press\/images\/2020\/01\/cropped-cropped-cropped-elcanillitainfo.png","width":460,"height":50,"caption":"Guzzo Photos & Graphic Publications"},"image":{"@id":"https:\/\/elcanillita.info\/press\/#\/schema\/logo\/image\/"},"sameAs":["https:\/\/ar-ar.facebook.com\/ElCanillitainfo-114249515285712\/"]},{"@type":"Person","@id":"https:\/\/elcanillita.info\/press\/#\/schema\/person\/7fcb79f38045700919f7da6d97e71ba0","name":"SalaStampa.eu, world press service","image":{"@type":"ImageObject","inLanguage":"es-AR","@id":"https:\/\/secure.gravatar.com\/avatar\/c2f0e0d515a107624234994507816ca4724c7199cef73fc8bedebf6931d73888?s=96&d=mm&r=g","url":"https:\/\/secure.gravatar.com\/avatar\/c2f0e0d515a107624234994507816ca4724c7199cef73fc8bedebf6931d73888?s=96&d=mm&r=g","contentUrl":"https:\/\/secure.gravatar.com\/avatar\/c2f0e0d515a107624234994507816ca4724c7199cef73fc8bedebf6931d73888?s=96&d=mm&r=g","caption":"SalaStampa.eu, world press service"}}]}},"views":639,"_links":{"self":[{"href":"https:\/\/elcanillita.info\/press\/wp-json\/wp\/v2\/posts\/1255","targetHints":{"allow":["GET"]}}],"collection":[{"href":"https:\/\/elcanillita.info\/press\/wp-json\/wp\/v2\/posts"}],"about":[{"href":"https:\/\/elcanillita.info\/press\/wp-json\/wp\/v2\/types\/post"}],"author":[{"embeddable":true,"href":"https:\/\/elcanillita.info\/press\/wp-json\/wp\/v2\/users\/1"}],"replies":[{"embeddable":true,"href":"https:\/\/elcanillita.info\/press\/wp-json\/wp\/v2\/comments?post=1255"}],"version-history":[{"count":0,"href":"https:\/\/elcanillita.info\/press\/wp-json\/wp\/v2\/posts\/1255\/revisions"}],"wp:attachment":[{"href":"https:\/\/elcanillita.info\/press\/wp-json\/wp\/v2\/media?parent=1255"}],"wp:term":[{"taxonomy":"category","embeddable":true,"href":"https:\/\/elcanillita.info\/press\/wp-json\/wp\/v2\/categories?post=1255"},{"taxonomy":"post_tag","embeddable":true,"href":"https:\/\/elcanillita.info\/press\/wp-json\/wp\/v2\/tags?post=1255"}],"curies":[{"name":"wp","href":"https:\/\/api.w.org\/{rel}","templated":true}]}}