{"id":1235,"date":"2021-01-11T07:35:38","date_gmt":"2021-01-11T10:35:38","guid":{"rendered":"https:\/\/elcanillita.info\/press\/?p=1235"},"modified":"2021-01-11T12:05:48","modified_gmt":"2021-01-11T15:05:48","slug":"lunes-camara-destitucion-contra-trump","status":"publish","type":"post","link":"https:\/\/elcanillita.info\/press\/2021\/01\/11\/lunes-camara-destitucion-contra-trump\/","title":{"rendered":"Es probable que \u00e9ste lunes la C\u00e1mara ofrezca art\u00edculos de destituci\u00f3n contra Trump."},"content":{"rendered":"\n<figure class=\"wp-block-image size-large\"><img loading=\"lazy\" decoding=\"async\" width=\"600\" height=\"403\" src=\"https:\/\/elcanillita.info\/press\/images\/2021\/01\/regan.jpg\" alt=\"\" class=\"wp-image-1236\" srcset=\"https:\/\/elcanillita.info\/press\/images\/2021\/01\/regan.jpg 600w, https:\/\/elcanillita.info\/press\/images\/2021\/01\/regan-300x202.jpg 300w\" sizes=\"auto, (max-width: 600px) 100vw, 600px\" \/><\/figure>\n\n\n\n<p><small><strong>Un trabajador limpia una estatua del ex presidente Ronald Reagan dentro de la Rotonda del Capitolio.<\/strong><\/small><\/p>\n\n\n\n<p>Los esfuerzos para hacer responsable al Presidente Donald Trump por su papel en incitar a la turba que invadi\u00f3 el Capitolio de los EE.UU. el mi\u00e9rcoles, cobraron impulso el s\u00e1bado, con los miembros dem\u00f3cratas de la C\u00e1mara de Representantes de EE.UU. anunciando que ofrecer\u00e1n art\u00edculos de destituci\u00f3n \u00e9ste lunes.<\/p>\n\n\n\n<p>El representante Ted Lieu, dem\u00f3crata del estado de California, que ayud\u00f3 a redactar los cargos contra Trump, tweete\u00f3 el s\u00e1bado por la tarde que los art\u00edculos ten\u00edan 180 copatrocinadores, aunque no hab\u00eda republicanos entre ellos.<\/p>\n\n\n\n<pre class=\"wp-block-code\"><code>Acabamos de encontrar 180 copatrocinadores del art\u00edculo de la impugnaci\u00f3n redactado por el representante @davidcicilina, @RepRaskin, yo y el personal judicial de @House.\n\nPresentaremos el art\u00edculo de la impugnaci\u00f3n este lunes durante la sesi\u00f3n pro forma de la C\u00e1mara. https:\/\/t.co\/qm7LmXhOgK\n- Ted Lieu (@tedlieu) Enero 9, 2021<\/code><\/pre>\n\n\n\n<p>La presidente de la C\u00e1mara de Representantes de los Estados Unidos, Nancy Pelosi, y sus colegas est\u00e1n ansiosos por ver al presidente destituido antes de que su mandato termine el 20 de enero, aunque es poco probable que el Senado de los Estados Unidos, liderado por los republicanos, est\u00e9 de acuerdo.<\/p>\n\n\n\n<p>&#8211; La situaci\u00f3n de este desquiciado presidente no podr\u00eda ser m\u00e1s peligrosa, y debemos hacer todo lo posible para proteger al pueblo estadounidense de su desequilibrado asalto a nuestro pa\u00eds y a nuestra democracia&#8221;, dijo Pelosi el viernes.<\/p>\n\n\n\n<p>Si la C\u00e1mara de Representantes impugnara al presidente, por segunda vez, eso desencadenar\u00eda un juicio en el Senado, que ya ha absuelto a Trump una vez y estar\u00e1 en receso hasta el 19 de enero. <br>Los dem\u00f3cratas tomar\u00e1n el control del Senado a finales de este mes.<\/p>\n\n\n\n<p>Los l\u00edderes dem\u00f3cratas del Congreso tambi\u00e9n han pedido al Vicepresidente Mike Pence que invoque la 25\u00aa Enmienda, que ofrece una alternativa y tal vez una forma m\u00e1s r\u00e1pida de destituir al presidente de su cargo. Pence no ha respondido pero, seg\u00fan se informa, ha dicho a sus colegas que no est\u00e1 a favor de tal acci\u00f3n.<\/p>\n\n\n\n<p>Aprobada en los a\u00f1os 60, la 25\u00aa Enmienda de la Constituci\u00f3n de los EE.UU. permite la transferencia temporal del poder del presidente al vicepresidente si el presidente est\u00e1 incapacitado, con la aprobaci\u00f3n de la mayor\u00eda del gabinete. Pero los analistas dicen que esa opci\u00f3n podr\u00eda ser dif\u00edcil de ejercer cuando s\u00f3lo quedan unos d\u00edas en la presidencia de Trump.<\/p>\n\n\n\n<p>&#8211; Tambi\u00e9n es muy dif\u00edcil en una situaci\u00f3n en la que el presidente no est\u00e1 en coma o no est\u00e1 incapacitado f\u00edsicamente de otra manera que no pueda funcionar u operar porque bajo la 25\u00aa Enmienda, una vez que se invoca, el presidente puede notificar al Congreso que es capaz de descargar los poderes del cargo y recuperar ese poder, dijo John Hudak, un investigador principal en estudios de gobernabilidad en la Instituci\u00f3n Brookings.<\/p>\n\n\n\n<p>Un n\u00famero abrumador de legisladores dem\u00f3cratas -y algunos republicanos- han expresado su apoyo a la eliminaci\u00f3n de Trump del poder o a la censura de sus acciones.<\/p>\n\n\n\n<p>La senadora Lisa Murkowski, de Alaska, ha pedido la dimisi\u00f3n de Trump, convirti\u00e9ndose as\u00ed en la primera senadora republicana que apoya una dimisi\u00f3n presidencial.<\/p>\n\n\n\n<p>&#8211; Quiero que dimita, dijo al Anchorage Daily News. &#8211; Quiero que se vaya. Ya ha causado suficiente da\u00f1o.<\/p>\n\n\n\n<p>&#8211; No se ha centrado en lo que est\u00e1 pasando con COVID, dijo Murkowski. &#8211; O ha estado jugando al golf, o ha estado dentro del Despacho Oval echando humo y arrojando a cada persona que le ha sido leal y fiel debajo, empezando por el vicepresidente \u2026 Tiene que salir.<\/p>\n\n\n\n<p>El senador de Pensilvania Pat Toomey declin\u00f3 el s\u00e1bado en Fox News comprometerse a votar a favor de la eliminaci\u00f3n de Trumps a pesar de decir que hab\u00eda &#8220;cometido delitos incriminatorios&#8221;.<\/p>\n\n\n\n<p>Sin embargo, el senador de Nebraska Ben Sasse dijo a CBS News que definitivamente considerar\u00eda la impugnaci\u00f3n.<\/p>\n\n\n\n<p>Pero el l\u00edder republicano de la C\u00e1mara de Representantes, Kevin McCarthy, indic\u00f3 que no apoya la impugnaci\u00f3n.<\/p>\n\n\n\n<p>El presidente electo Joe Biden ha dicho que Trump no era apto para el cargo, pero se neg\u00f3 a apoyar los llamamientos dem\u00f3cratas para que sea impugnado por segunda vez. Biden dijo que la situaci\u00f3n ser\u00eda diferente si Trump no tuviera que dejar el cargo en menos de dos semanas.<\/p>\n\n\n\n<p>&#8211; Si estuvi\u00e9ramos a seis meses de distancia, deber\u00edamos hacer todo lo posible para sacarlo de la oficina. Desafiarlo de nuevo, tratando de evocar la 25\u00aa Enmienda, lo que sea necesario, dijo Biden. <br>&#8211; Pero ahora estoy centrado en que tomemos el control como presidente y vicepresidente el d\u00eda 20 de enero y en hacer que nuestra agenda se mueva lo m\u00e1s r\u00e1pido posible.<\/p>\n\n\n\n<p>Trump fue acusado de abuso de poder y obstrucci\u00f3n del Congreso en diciembre de 2019, pero fue absuelto en un juicio en el Senado de EE.UU. en febrero de 2020. Ning\u00fan presidente estadounidense se ha enfrentado nunca a dos votos de destituci\u00f3n.<\/p>\n\n\n\n<p>&#8211; Hay dos razones para buscar un juicio pol\u00edtico, dijo Paul Berman, profesor de derecho en la Facultad de Derecho de la Universidad George Washington. &#8211; Una es simplemente para dejar claro que un presidente en ejercicio que incita a una insurrecci\u00f3n contra el gobierno de los Estados Unidos es quiz\u00e1s la peor cosa que un presidente podr\u00eda hacer. Y esa declaraci\u00f3n debe ser hecha.<br><br>Segundo, y m\u00e1s pragm\u00e1ticamente, si fuera impugnado y condenado, eso le impedir\u00eda presentarse a un cargo p\u00fablico en el futuro.&#8221;<br><br><small>2021 \u00a9 SalaStampa.Eu, afiliada a la red Broadcasting Board of Governors  &#8211; VOA \/ USAGM &#8211; Foto: Reuter<\/small>s<\/p>\n","protected":false},"excerpt":{"rendered":"<p>Los esfuerzos para hacer responsable al Presidente Donald Trump por su papel en incitar a la turba que invadi\u00f3 el Capitolio de los EE.UU. el mi\u00e9rcoles, cobraron impulso el s\u00e1bado, con los miembros dem\u00f3cratas de la C\u00e1mara de Representantes de EE.UU.<\/p>\n","protected":false},"author":1,"featured_media":1236,"comment_status":"closed","ping_status":"closed","sticky":false,"template":"","format":"standard","meta":{"footnotes":"","_links_to":"","_links_to_target":""},"categories":[70,9,23,25],"tags":[34],"class_list":["post-1235","post","type-post","status-publish","format-standard","has-post-thumbnail","hentry","category-actualidad","category-america-del-norte","category-politica","category-sociedad","tag-estados-unidos","entry","double"],"yoast_head":"<!-- This site is optimized with the Yoast SEO plugin v27.4 - https:\/\/yoast.com\/product\/yoast-seo-wordpress\/ -->\n<title>Es probable que \u00e9ste lunes la C\u00e1mara ofrezca art\u00edculos de destituci\u00f3n contra Trump. - ElCanillita.Info<\/title>\n<meta name=\"robots\" content=\"index, follow, max-snippet:-1, max-image-preview:large, max-video-preview:-1\" \/>\n<link rel=\"canonical\" href=\"https:\/\/elcanillita.info\/press\/2021\/01\/11\/lunes-camara-destitucion-contra-trump\/\" \/>\n<meta property=\"og:locale\" content=\"es_ES\" \/>\n<meta property=\"og:type\" content=\"article\" \/>\n<meta property=\"og:title\" content=\"Es probable que \u00e9ste lunes la C\u00e1mara ofrezca art\u00edculos de destituci\u00f3n contra Trump. - ElCanillita.Info\" \/>\n<meta property=\"og:description\" content=\"Los esfuerzos para hacer responsable al Presidente Donald Trump por su papel en incitar a la turba que invadi\u00f3 el Capitolio de los EE.UU. el mi\u00e9rcoles, cobraron impulso el s\u00e1bado, con los miembros dem\u00f3cratas de la C\u00e1mara de Representantes de EE.UU.\" \/>\n<meta property=\"og:url\" content=\"https:\/\/elcanillita.info\/press\/2021\/01\/11\/lunes-camara-destitucion-contra-trump\/\" \/>\n<meta property=\"og:site_name\" content=\"ElCanillita.Info\" \/>\n<meta property=\"article:publisher\" content=\"https:\/\/ar-ar.facebook.com\/ElCanillitainfo-114249515285712\/\" \/>\n<meta property=\"article:published_time\" content=\"2021-01-11T10:35:38+00:00\" \/>\n<meta property=\"article:modified_time\" content=\"2021-01-11T15:05:48+00:00\" \/>\n<meta property=\"og:image\" content=\"https:\/\/elcanillita.info\/press\/images\/2021\/01\/regan.jpg\" \/>\n\t<meta property=\"og:image:width\" content=\"600\" \/>\n\t<meta property=\"og:image:height\" content=\"403\" \/>\n\t<meta property=\"og:image:type\" content=\"image\/jpeg\" \/>\n<meta name=\"author\" content=\"SalaStampa.eu, world press service\" \/>\n<meta name=\"twitter:card\" content=\"summary_large_image\" \/>\n<meta name=\"twitter:label1\" content=\"Escrito por\" \/>\n\t<meta name=\"twitter:data1\" content=\"SalaStampa.eu, world press service\" \/>\n\t<meta name=\"twitter:label2\" content=\"Tiempo de lectura\" \/>\n\t<meta name=\"twitter:data2\" content=\"5 minutos\" \/>\n<script type=\"application\/ld+json\" class=\"yoast-schema-graph\">{\"@context\":\"https:\\\/\\\/schema.org\",\"@graph\":[{\"@type\":\"Article\",\"@id\":\"https:\\\/\\\/elcanillita.info\\\/press\\\/2021\\\/01\\\/11\\\/lunes-camara-destitucion-contra-trump\\\/#article\",\"isPartOf\":{\"@id\":\"https:\\\/\\\/elcanillita.info\\\/press\\\/2021\\\/01\\\/11\\\/lunes-camara-destitucion-contra-trump\\\/\"},\"author\":{\"name\":\"SalaStampa.eu, world press service\",\"@id\":\"https:\\\/\\\/elcanillita.info\\\/press\\\/#\\\/schema\\\/person\\\/7fcb79f38045700919f7da6d97e71ba0\"},\"headline\":\"Es probable que \u00e9ste lunes la C\u00e1mara ofrezca art\u00edculos de destituci\u00f3n contra Trump.\",\"datePublished\":\"2021-01-11T10:35:38+00:00\",\"dateModified\":\"2021-01-11T15:05:48+00:00\",\"mainEntityOfPage\":{\"@id\":\"https:\\\/\\\/elcanillita.info\\\/press\\\/2021\\\/01\\\/11\\\/lunes-camara-destitucion-contra-trump\\\/\"},\"wordCount\":954,\"publisher\":{\"@id\":\"https:\\\/\\\/elcanillita.info\\\/press\\\/#organization\"},\"image\":{\"@id\":\"https:\\\/\\\/elcanillita.info\\\/press\\\/2021\\\/01\\\/11\\\/lunes-camara-destitucion-contra-trump\\\/#primaryimage\"},\"thumbnailUrl\":\"https:\\\/\\\/elcanillita.info\\\/press\\\/images\\\/2021\\\/01\\\/regan.jpg\",\"keywords\":[\"Estados Unidos\"],\"articleSection\":[\"Actualidad\",\"Am\u00e9rica del Norte\",\"Politica\",\"Sociedad\"],\"inLanguage\":\"es-AR\"},{\"@type\":\"WebPage\",\"@id\":\"https:\\\/\\\/elcanillita.info\\\/press\\\/2021\\\/01\\\/11\\\/lunes-camara-destitucion-contra-trump\\\/\",\"url\":\"https:\\\/\\\/elcanillita.info\\\/press\\\/2021\\\/01\\\/11\\\/lunes-camara-destitucion-contra-trump\\\/\",\"name\":\"Es probable que \u00e9ste lunes la C\u00e1mara ofrezca art\u00edculos de destituci\u00f3n contra Trump. - ElCanillita.Info\",\"isPartOf\":{\"@id\":\"https:\\\/\\\/elcanillita.info\\\/press\\\/#website\"},\"primaryImageOfPage\":{\"@id\":\"https:\\\/\\\/elcanillita.info\\\/press\\\/2021\\\/01\\\/11\\\/lunes-camara-destitucion-contra-trump\\\/#primaryimage\"},\"image\":{\"@id\":\"https:\\\/\\\/elcanillita.info\\\/press\\\/2021\\\/01\\\/11\\\/lunes-camara-destitucion-contra-trump\\\/#primaryimage\"},\"thumbnailUrl\":\"https:\\\/\\\/elcanillita.info\\\/press\\\/images\\\/2021\\\/01\\\/regan.jpg\",\"datePublished\":\"2021-01-11T10:35:38+00:00\",\"dateModified\":\"2021-01-11T15:05:48+00:00\",\"inLanguage\":\"es-AR\",\"potentialAction\":[{\"@type\":\"ReadAction\",\"target\":[\"https:\\\/\\\/elcanillita.info\\\/press\\\/2021\\\/01\\\/11\\\/lunes-camara-destitucion-contra-trump\\\/\"]}]},{\"@type\":\"ImageObject\",\"inLanguage\":\"es-AR\",\"@id\":\"https:\\\/\\\/elcanillita.info\\\/press\\\/2021\\\/01\\\/11\\\/lunes-camara-destitucion-contra-trump\\\/#primaryimage\",\"url\":\"https:\\\/\\\/elcanillita.info\\\/press\\\/images\\\/2021\\\/01\\\/regan.jpg\",\"contentUrl\":\"https:\\\/\\\/elcanillita.info\\\/press\\\/images\\\/2021\\\/01\\\/regan.jpg\",\"width\":600,\"height\":403},{\"@type\":\"WebSite\",\"@id\":\"https:\\\/\\\/elcanillita.info\\\/press\\\/#website\",\"url\":\"https:\\\/\\\/elcanillita.info\\\/press\\\/\",\"name\":\"ElCanillita.Info\",\"description\":\"desde los Apeninos a los Andes\",\"publisher\":{\"@id\":\"https:\\\/\\\/elcanillita.info\\\/press\\\/#organization\"},\"potentialAction\":[{\"@type\":\"SearchAction\",\"target\":{\"@type\":\"EntryPoint\",\"urlTemplate\":\"https:\\\/\\\/elcanillita.info\\\/press\\\/?s={search_term_string}\"},\"query-input\":{\"@type\":\"PropertyValueSpecification\",\"valueRequired\":true,\"valueName\":\"search_term_string\"}}],\"inLanguage\":\"es-AR\"},{\"@type\":\"Organization\",\"@id\":\"https:\\\/\\\/elcanillita.info\\\/press\\\/#organization\",\"name\":\"Guzzo Photos & Graphic Publications\",\"url\":\"https:\\\/\\\/elcanillita.info\\\/press\\\/\",\"logo\":{\"@type\":\"ImageObject\",\"inLanguage\":\"es-AR\",\"@id\":\"https:\\\/\\\/elcanillita.info\\\/press\\\/#\\\/schema\\\/logo\\\/image\\\/\",\"url\":\"https:\\\/\\\/elcanillita.info\\\/press\\\/images\\\/2020\\\/01\\\/cropped-cropped-cropped-elcanillitainfo.png\",\"contentUrl\":\"https:\\\/\\\/elcanillita.info\\\/press\\\/images\\\/2020\\\/01\\\/cropped-cropped-cropped-elcanillitainfo.png\",\"width\":460,\"height\":50,\"caption\":\"Guzzo Photos & Graphic Publications\"},\"image\":{\"@id\":\"https:\\\/\\\/elcanillita.info\\\/press\\\/#\\\/schema\\\/logo\\\/image\\\/\"},\"sameAs\":[\"https:\\\/\\\/ar-ar.facebook.com\\\/ElCanillitainfo-114249515285712\\\/\"]},{\"@type\":\"Person\",\"@id\":\"https:\\\/\\\/elcanillita.info\\\/press\\\/#\\\/schema\\\/person\\\/7fcb79f38045700919f7da6d97e71ba0\",\"name\":\"SalaStampa.eu, world press service\",\"image\":{\"@type\":\"ImageObject\",\"inLanguage\":\"es-AR\",\"@id\":\"https:\\\/\\\/secure.gravatar.com\\\/avatar\\\/c2f0e0d515a107624234994507816ca4724c7199cef73fc8bedebf6931d73888?s=96&d=mm&r=g\",\"url\":\"https:\\\/\\\/secure.gravatar.com\\\/avatar\\\/c2f0e0d515a107624234994507816ca4724c7199cef73fc8bedebf6931d73888?s=96&d=mm&r=g\",\"contentUrl\":\"https:\\\/\\\/secure.gravatar.com\\\/avatar\\\/c2f0e0d515a107624234994507816ca4724c7199cef73fc8bedebf6931d73888?s=96&d=mm&r=g\",\"caption\":\"SalaStampa.eu, world press service\"}}]}<\/script>\n<!-- \/ Yoast SEO plugin. -->","yoast_head_json":{"title":"Es probable que \u00e9ste lunes la C\u00e1mara ofrezca art\u00edculos de destituci\u00f3n contra Trump. - ElCanillita.Info","robots":{"index":"index","follow":"follow","max-snippet":"max-snippet:-1","max-image-preview":"max-image-preview:large","max-video-preview":"max-video-preview:-1"},"canonical":"https:\/\/elcanillita.info\/press\/2021\/01\/11\/lunes-camara-destitucion-contra-trump\/","og_locale":"es_ES","og_type":"article","og_title":"Es probable que \u00e9ste lunes la C\u00e1mara ofrezca art\u00edculos de destituci\u00f3n contra Trump. - ElCanillita.Info","og_description":"Los esfuerzos para hacer responsable al Presidente Donald Trump por su papel en incitar a la turba que invadi\u00f3 el Capitolio de los EE.UU. el mi\u00e9rcoles, cobraron impulso el s\u00e1bado, con los miembros dem\u00f3cratas de la C\u00e1mara de Representantes de EE.UU.","og_url":"https:\/\/elcanillita.info\/press\/2021\/01\/11\/lunes-camara-destitucion-contra-trump\/","og_site_name":"ElCanillita.Info","article_publisher":"https:\/\/ar-ar.facebook.com\/ElCanillitainfo-114249515285712\/","article_published_time":"2021-01-11T10:35:38+00:00","article_modified_time":"2021-01-11T15:05:48+00:00","og_image":[{"width":600,"height":403,"url":"https:\/\/elcanillita.info\/press\/images\/2021\/01\/regan.jpg","type":"image\/jpeg"}],"author":"SalaStampa.eu, world press service","twitter_card":"summary_large_image","twitter_misc":{"Escrito por":"SalaStampa.eu, world press service","Tiempo de lectura":"5 minutos"},"schema":{"@context":"https:\/\/schema.org","@graph":[{"@type":"Article","@id":"https:\/\/elcanillita.info\/press\/2021\/01\/11\/lunes-camara-destitucion-contra-trump\/#article","isPartOf":{"@id":"https:\/\/elcanillita.info\/press\/2021\/01\/11\/lunes-camara-destitucion-contra-trump\/"},"author":{"name":"SalaStampa.eu, world press service","@id":"https:\/\/elcanillita.info\/press\/#\/schema\/person\/7fcb79f38045700919f7da6d97e71ba0"},"headline":"Es probable que \u00e9ste lunes la C\u00e1mara ofrezca art\u00edculos de destituci\u00f3n contra Trump.","datePublished":"2021-01-11T10:35:38+00:00","dateModified":"2021-01-11T15:05:48+00:00","mainEntityOfPage":{"@id":"https:\/\/elcanillita.info\/press\/2021\/01\/11\/lunes-camara-destitucion-contra-trump\/"},"wordCount":954,"publisher":{"@id":"https:\/\/elcanillita.info\/press\/#organization"},"image":{"@id":"https:\/\/elcanillita.info\/press\/2021\/01\/11\/lunes-camara-destitucion-contra-trump\/#primaryimage"},"thumbnailUrl":"https:\/\/elcanillita.info\/press\/images\/2021\/01\/regan.jpg","keywords":["Estados Unidos"],"articleSection":["Actualidad","Am\u00e9rica del Norte","Politica","Sociedad"],"inLanguage":"es-AR"},{"@type":"WebPage","@id":"https:\/\/elcanillita.info\/press\/2021\/01\/11\/lunes-camara-destitucion-contra-trump\/","url":"https:\/\/elcanillita.info\/press\/2021\/01\/11\/lunes-camara-destitucion-contra-trump\/","name":"Es probable que \u00e9ste lunes la C\u00e1mara ofrezca art\u00edculos de destituci\u00f3n contra Trump. - ElCanillita.Info","isPartOf":{"@id":"https:\/\/elcanillita.info\/press\/#website"},"primaryImageOfPage":{"@id":"https:\/\/elcanillita.info\/press\/2021\/01\/11\/lunes-camara-destitucion-contra-trump\/#primaryimage"},"image":{"@id":"https:\/\/elcanillita.info\/press\/2021\/01\/11\/lunes-camara-destitucion-contra-trump\/#primaryimage"},"thumbnailUrl":"https:\/\/elcanillita.info\/press\/images\/2021\/01\/regan.jpg","datePublished":"2021-01-11T10:35:38+00:00","dateModified":"2021-01-11T15:05:48+00:00","inLanguage":"es-AR","potentialAction":[{"@type":"ReadAction","target":["https:\/\/elcanillita.info\/press\/2021\/01\/11\/lunes-camara-destitucion-contra-trump\/"]}]},{"@type":"ImageObject","inLanguage":"es-AR","@id":"https:\/\/elcanillita.info\/press\/2021\/01\/11\/lunes-camara-destitucion-contra-trump\/#primaryimage","url":"https:\/\/elcanillita.info\/press\/images\/2021\/01\/regan.jpg","contentUrl":"https:\/\/elcanillita.info\/press\/images\/2021\/01\/regan.jpg","width":600,"height":403},{"@type":"WebSite","@id":"https:\/\/elcanillita.info\/press\/#website","url":"https:\/\/elcanillita.info\/press\/","name":"ElCanillita.Info","description":"desde los Apeninos a los Andes","publisher":{"@id":"https:\/\/elcanillita.info\/press\/#organization"},"potentialAction":[{"@type":"SearchAction","target":{"@type":"EntryPoint","urlTemplate":"https:\/\/elcanillita.info\/press\/?s={search_term_string}"},"query-input":{"@type":"PropertyValueSpecification","valueRequired":true,"valueName":"search_term_string"}}],"inLanguage":"es-AR"},{"@type":"Organization","@id":"https:\/\/elcanillita.info\/press\/#organization","name":"Guzzo Photos & Graphic Publications","url":"https:\/\/elcanillita.info\/press\/","logo":{"@type":"ImageObject","inLanguage":"es-AR","@id":"https:\/\/elcanillita.info\/press\/#\/schema\/logo\/image\/","url":"https:\/\/elcanillita.info\/press\/images\/2020\/01\/cropped-cropped-cropped-elcanillitainfo.png","contentUrl":"https:\/\/elcanillita.info\/press\/images\/2020\/01\/cropped-cropped-cropped-elcanillitainfo.png","width":460,"height":50,"caption":"Guzzo Photos & Graphic Publications"},"image":{"@id":"https:\/\/elcanillita.info\/press\/#\/schema\/logo\/image\/"},"sameAs":["https:\/\/ar-ar.facebook.com\/ElCanillitainfo-114249515285712\/"]},{"@type":"Person","@id":"https:\/\/elcanillita.info\/press\/#\/schema\/person\/7fcb79f38045700919f7da6d97e71ba0","name":"SalaStampa.eu, world press service","image":{"@type":"ImageObject","inLanguage":"es-AR","@id":"https:\/\/secure.gravatar.com\/avatar\/c2f0e0d515a107624234994507816ca4724c7199cef73fc8bedebf6931d73888?s=96&d=mm&r=g","url":"https:\/\/secure.gravatar.com\/avatar\/c2f0e0d515a107624234994507816ca4724c7199cef73fc8bedebf6931d73888?s=96&d=mm&r=g","contentUrl":"https:\/\/secure.gravatar.com\/avatar\/c2f0e0d515a107624234994507816ca4724c7199cef73fc8bedebf6931d73888?s=96&d=mm&r=g","caption":"SalaStampa.eu, world press service"}}]}},"views":626,"_links":{"self":[{"href":"https:\/\/elcanillita.info\/press\/wp-json\/wp\/v2\/posts\/1235","targetHints":{"allow":["GET"]}}],"collection":[{"href":"https:\/\/elcanillita.info\/press\/wp-json\/wp\/v2\/posts"}],"about":[{"href":"https:\/\/elcanillita.info\/press\/wp-json\/wp\/v2\/types\/post"}],"author":[{"embeddable":true,"href":"https:\/\/elcanillita.info\/press\/wp-json\/wp\/v2\/users\/1"}],"replies":[{"embeddable":true,"href":"https:\/\/elcanillita.info\/press\/wp-json\/wp\/v2\/comments?post=1235"}],"version-history":[{"count":0,"href":"https:\/\/elcanillita.info\/press\/wp-json\/wp\/v2\/posts\/1235\/revisions"}],"wp:featuredmedia":[{"embeddable":true,"href":"https:\/\/elcanillita.info\/press\/wp-json\/wp\/v2\/media\/1236"}],"wp:attachment":[{"href":"https:\/\/elcanillita.info\/press\/wp-json\/wp\/v2\/media?parent=1235"}],"wp:term":[{"taxonomy":"category","embeddable":true,"href":"https:\/\/elcanillita.info\/press\/wp-json\/wp\/v2\/categories?post=1235"},{"taxonomy":"post_tag","embeddable":true,"href":"https:\/\/elcanillita.info\/press\/wp-json\/wp\/v2\/tags?post=1235"}],"curies":[{"name":"wp","href":"https:\/\/api.w.org\/{rel}","templated":true}]}}