{"id":1208,"date":"2020-12-31T07:00:00","date_gmt":"2020-12-31T10:00:00","guid":{"rendered":"https:\/\/elcanillita.info\/press\/?p=1208"},"modified":"2021-01-11T19:20:54","modified_gmt":"2021-01-11T22:20:54","slug":"conventillo","status":"publish","type":"post","link":"https:\/\/elcanillita.info\/press\/2020\/12\/31\/conventillo\/","title":{"rendered":"El Conventillo"},"content":{"rendered":"<p><img decoding=\"async\" src=\"https:\/\/elcanillita.info\/press\/images\/2021\/01\/ConventilloII.jpg\" \/><\/p>\n\n\n<p>Aqu\u00ed estamos los argentinos, tristes, empobrecidos y desconcertados. Esperamos el fin del a\u00f1o de la pandemia dudando entre salir a abrazarnos con nuestros amigos y familiares o quedarnos confinados esperando que una vacuna no homologada, insuficiente y discutida, termine con nuestras penurias y desvelos.<\/p>\n\n\n\n<p>Lo peor es que cuando miramos hacia los gobernantes en cuyas manos hemos puesto nuestros destinos el espect\u00e1culo que contemplamos es deplorable, un vodevil de bajo nivel desarrollado en el marco de un conventillo e ilustrado por tragic\u00f3micas disputas que los medios de difusi\u00f3n comentan y amplifican como si fueran graves problemas de Estado.<\/p>\n\n\n\n<p>En este contexto se debate si un funcionario af\u00edn al Presidente no aplaude a la Vicepresidente cuando menoscaba a los ministros o si la Secretaria de Acceso a la Salud que responde a la Vicepresidente impone la vacuna de su preferencia por encima de los acuerdos, siempre sospechosos, del Ministro de Salud.<br><br>Entreverados en estas frusler\u00edas, para solaz del periodismo pol\u00edtico que asume el rol de las chusmas del conventillo, la maquinaria gubernamental impone en un mismo y tr\u00e1gico d\u00eda una f\u00f3rmula para ajustar las jubilaciones y pensiones y una ley de legalizaci\u00f3n del aborto que arroja impunidad sobre la muerte de miles de ni\u00f1os y ni\u00f1as en el vientre materno, en un pa\u00eds con una densidad poblacional de apenas 16 habitantes por kil\u00f3metro cuadrado y con un crecimiento demogr\u00e1fico declinante.<\/p>\n\n\n\n<p>El vodevil alcanza su esplendor y conmueve al conventillo con el show de la vacuna rusa. En un operativo digno de una batalla \u00e9pica, el gobierno logra, luego de ingentes esfuerzos, traer al pa\u00eds 300.000 medias dosis de una vacuna que no ha completado ni publicado las pruebas de emergencia que se exigen en el mundo y las distribuye con su torpeza habitual, pero con un despliegue medi\u00e1tico que constituye su \u00fanica raz\u00f3n de ser: impresionar a los inocentes y enga\u00f1ar a sus propios seguidores.<\/p>\n\n\n\n<p>El remate de tanto dislate lo aporta la mal llamada oposici\u00f3n que jam\u00e1s se planta y se desprestigia haciendo acuerdos espurios con el oficialismo, como el efectuado en el Consejo de la Magistratura y soportando arbitrariedades en el Congreso. Baste decir que diez senadores de la oposici\u00f3n votaron a favor de proyecto de la legalizaci\u00f3n del aborto y permitieron que el gobierno impusiera a la sociedad tama\u00f1a iniquidad.&nbsp; &nbsp;<\/p>\n\n\n\n<p>En este punto resulta evidente que no hay soluci\u00f3n en la Argentina si la alternativa a la nefasta alianza que nos gobierna es la timorata e incompetente alianza de Juntos por el Cambio. La \u00fanica esperanza es que en las elecciones del 2021 la ciudadan\u00eda vote masivamente a otras opciones como las que presentar\u00e1n Nueva Uni\u00f3n Ciudadana y otros partidos de centro derecha, republicanos y sin miedo, que sepan plantarse en el Congreso para construir las bases de un cambio profundo en el 2023. Cualquier oferta de m\u00e1s de lo mismo terminar\u00e1 con&#8230;m\u00e1s de lo mismo, ya que no se pueden obtener resultados diferentes repitiendo los mismos errores.<\/p>\n\n\n\n<p>Es dif\u00edcil encontrar argumentos para despedir este duro a\u00f1o con un mensaje optimista o esperanzador, pero nos queda una carta fuerte para jugar. En las largas horas que pasamos en la plaza del Congreso en la vigilia en defensa de la vida tuvimos oportunidad de ver numerosos j\u00f3venes de ambos sexos llenos de fervor c\u00edvico y religioso, cat\u00f3licos y evang\u00e9licos exponiendo sus principios y su fe sin verg\u00fcenza ni temor.<\/p>\n\n\n\n<p>Es en esa fuerza naciente y creciente que depositamos nuestra esperanza y pondremos toda nuestra experiencia para que esa voluntad sea bien canalizada porque contamos con la confianza que nos da nuestra fe en Dios, fuente de toda raz\u00f3n y justicia.<\/p>\n\n\n\n<p>\u00a1\u00a1 VIVA LA PATRIA y FELIZ A\u00d1O NUEVO 2021 a pesar de todo y contra todo!!<\/p>\n\n\n\n<p>Buenos Aires, 30 de Diciembre de 2020<\/p>\n\n\n\n<p>JUAN CARLOS NEVES <br><small>Presidente de la Nueva Uni\u00f3n Ciudadana <\/small><br><small>Coordinador General de Encender (Encuentro de Centro Derecha) <br><br><small>Solicitada \/ SalaStampa.eu &#8211; ElCanillita.info &#8211;  Informaci\u00f3n de dominio p\u00fablico<\/small><\/small><\/p>\n","protected":false},"excerpt":{"rendered":"<p>Aqu\u00ed estamos los argentinos, tristes, empobrecidos y desconcertados. Esperamos el fin del a\u00f1o de la pandemia dudando entre salir a abrazarnos con nuestros amigos y familiares o quedarnos confinados esperando que una vacuna no homologada, insuficiente y discutida, termine con nuestras penurias y desvelos.<\/p>\n","protected":false},"author":1,"featured_media":1209,"comment_status":"closed","ping_status":"closed","sticky":false,"template":"","format":"standard","meta":{"footnotes":"","_links_to":"","_links_to_target":""},"categories":[70,11,25],"tags":[29],"class_list":["post-1208","post","type-post","status-publish","format-standard","has-post-thumbnail","hentry","category-actualidad","category-america-del-sur","category-sociedad","tag-argentina","entry","double"],"yoast_head":"<!-- This site is optimized with the Yoast SEO plugin v27.4 - https:\/\/yoast.com\/product\/yoast-seo-wordpress\/ -->\n<title>El Conventillo - ElCanillita.Info<\/title>\n<meta name=\"robots\" content=\"index, follow, max-snippet:-1, max-image-preview:large, max-video-preview:-1\" \/>\n<link rel=\"canonical\" href=\"https:\/\/elcanillita.info\/press\/2020\/12\/31\/conventillo\/\" \/>\n<meta property=\"og:locale\" content=\"es_ES\" \/>\n<meta property=\"og:type\" content=\"article\" \/>\n<meta property=\"og:title\" content=\"El Conventillo - ElCanillita.Info\" \/>\n<meta property=\"og:description\" content=\"Aqu\u00ed estamos los argentinos, tristes, empobrecidos y desconcertados. Esperamos el fin del a\u00f1o de la pandemia dudando entre salir a abrazarnos con nuestros amigos y familiares o quedarnos confinados esperando que una vacuna no homologada, insuficiente y discutida, termine con nuestras penurias y desvelos.\" \/>\n<meta property=\"og:url\" content=\"https:\/\/elcanillita.info\/press\/2020\/12\/31\/conventillo\/\" \/>\n<meta property=\"og:site_name\" content=\"ElCanillita.Info\" \/>\n<meta property=\"article:publisher\" content=\"https:\/\/ar-ar.facebook.com\/ElCanillitainfo-114249515285712\/\" \/>\n<meta property=\"article:published_time\" content=\"2020-12-31T10:00:00+00:00\" \/>\n<meta property=\"article:modified_time\" content=\"2021-01-11T22:20:54+00:00\" \/>\n<meta property=\"og:image\" content=\"https:\/\/elcanillita.info\/press\/images\/2020\/12\/ConventilloII.jpg\" \/>\n\t<meta property=\"og:image:width\" content=\"600\" \/>\n\t<meta property=\"og:image:height\" content=\"468\" \/>\n\t<meta property=\"og:image:type\" content=\"image\/jpeg\" \/>\n<meta name=\"author\" content=\"SalaStampa.eu, world press service\" \/>\n<meta name=\"twitter:card\" content=\"summary_large_image\" \/>\n<meta name=\"twitter:label1\" content=\"Escrito por\" \/>\n\t<meta name=\"twitter:data1\" content=\"SalaStampa.eu, world press service\" \/>\n\t<meta name=\"twitter:label2\" content=\"Tiempo de lectura\" \/>\n\t<meta name=\"twitter:data2\" content=\"3 minutos\" \/>\n<script type=\"application\/ld+json\" class=\"yoast-schema-graph\">{\"@context\":\"https:\\\/\\\/schema.org\",\"@graph\":[{\"@type\":\"Article\",\"@id\":\"https:\\\/\\\/elcanillita.info\\\/press\\\/2020\\\/12\\\/31\\\/conventillo\\\/#article\",\"isPartOf\":{\"@id\":\"https:\\\/\\\/elcanillita.info\\\/press\\\/2020\\\/12\\\/31\\\/conventillo\\\/\"},\"author\":{\"name\":\"SalaStampa.eu, world press service\",\"@id\":\"https:\\\/\\\/elcanillita.info\\\/press\\\/#\\\/schema\\\/person\\\/7fcb79f38045700919f7da6d97e71ba0\"},\"headline\":\"El Conventillo\",\"datePublished\":\"2020-12-31T10:00:00+00:00\",\"dateModified\":\"2021-01-11T22:20:54+00:00\",\"mainEntityOfPage\":{\"@id\":\"https:\\\/\\\/elcanillita.info\\\/press\\\/2020\\\/12\\\/31\\\/conventillo\\\/\"},\"wordCount\":692,\"publisher\":{\"@id\":\"https:\\\/\\\/elcanillita.info\\\/press\\\/#organization\"},\"image\":{\"@id\":\"https:\\\/\\\/elcanillita.info\\\/press\\\/2020\\\/12\\\/31\\\/conventillo\\\/#primaryimage\"},\"thumbnailUrl\":\"https:\\\/\\\/elcanillita.info\\\/press\\\/images\\\/2020\\\/12\\\/ConventilloII.jpg\",\"keywords\":[\"Argentina\"],\"articleSection\":[\"Actualidad\",\"Am\u00e9rica del Sur\",\"Sociedad\"],\"inLanguage\":\"es-AR\"},{\"@type\":\"WebPage\",\"@id\":\"https:\\\/\\\/elcanillita.info\\\/press\\\/2020\\\/12\\\/31\\\/conventillo\\\/\",\"url\":\"https:\\\/\\\/elcanillita.info\\\/press\\\/2020\\\/12\\\/31\\\/conventillo\\\/\",\"name\":\"El Conventillo - ElCanillita.Info\",\"isPartOf\":{\"@id\":\"https:\\\/\\\/elcanillita.info\\\/press\\\/#website\"},\"primaryImageOfPage\":{\"@id\":\"https:\\\/\\\/elcanillita.info\\\/press\\\/2020\\\/12\\\/31\\\/conventillo\\\/#primaryimage\"},\"image\":{\"@id\":\"https:\\\/\\\/elcanillita.info\\\/press\\\/2020\\\/12\\\/31\\\/conventillo\\\/#primaryimage\"},\"thumbnailUrl\":\"https:\\\/\\\/elcanillita.info\\\/press\\\/images\\\/2020\\\/12\\\/ConventilloII.jpg\",\"datePublished\":\"2020-12-31T10:00:00+00:00\",\"dateModified\":\"2021-01-11T22:20:54+00:00\",\"inLanguage\":\"es-AR\",\"potentialAction\":[{\"@type\":\"ReadAction\",\"target\":[\"https:\\\/\\\/elcanillita.info\\\/press\\\/2020\\\/12\\\/31\\\/conventillo\\\/\"]}]},{\"@type\":\"ImageObject\",\"inLanguage\":\"es-AR\",\"@id\":\"https:\\\/\\\/elcanillita.info\\\/press\\\/2020\\\/12\\\/31\\\/conventillo\\\/#primaryimage\",\"url\":\"https:\\\/\\\/elcanillita.info\\\/press\\\/images\\\/2020\\\/12\\\/ConventilloII.jpg\",\"contentUrl\":\"https:\\\/\\\/elcanillita.info\\\/press\\\/images\\\/2020\\\/12\\\/ConventilloII.jpg\",\"width\":600,\"height\":468},{\"@type\":\"WebSite\",\"@id\":\"https:\\\/\\\/elcanillita.info\\\/press\\\/#website\",\"url\":\"https:\\\/\\\/elcanillita.info\\\/press\\\/\",\"name\":\"ElCanillita.Info\",\"description\":\"desde los Apeninos a los Andes\",\"publisher\":{\"@id\":\"https:\\\/\\\/elcanillita.info\\\/press\\\/#organization\"},\"potentialAction\":[{\"@type\":\"SearchAction\",\"target\":{\"@type\":\"EntryPoint\",\"urlTemplate\":\"https:\\\/\\\/elcanillita.info\\\/press\\\/?s={search_term_string}\"},\"query-input\":{\"@type\":\"PropertyValueSpecification\",\"valueRequired\":true,\"valueName\":\"search_term_string\"}}],\"inLanguage\":\"es-AR\"},{\"@type\":\"Organization\",\"@id\":\"https:\\\/\\\/elcanillita.info\\\/press\\\/#organization\",\"name\":\"Guzzo Photos & Graphic Publications\",\"url\":\"https:\\\/\\\/elcanillita.info\\\/press\\\/\",\"logo\":{\"@type\":\"ImageObject\",\"inLanguage\":\"es-AR\",\"@id\":\"https:\\\/\\\/elcanillita.info\\\/press\\\/#\\\/schema\\\/logo\\\/image\\\/\",\"url\":\"https:\\\/\\\/elcanillita.info\\\/press\\\/images\\\/2020\\\/01\\\/cropped-cropped-cropped-elcanillitainfo.png\",\"contentUrl\":\"https:\\\/\\\/elcanillita.info\\\/press\\\/images\\\/2020\\\/01\\\/cropped-cropped-cropped-elcanillitainfo.png\",\"width\":460,\"height\":50,\"caption\":\"Guzzo Photos & Graphic Publications\"},\"image\":{\"@id\":\"https:\\\/\\\/elcanillita.info\\\/press\\\/#\\\/schema\\\/logo\\\/image\\\/\"},\"sameAs\":[\"https:\\\/\\\/ar-ar.facebook.com\\\/ElCanillitainfo-114249515285712\\\/\"]},{\"@type\":\"Person\",\"@id\":\"https:\\\/\\\/elcanillita.info\\\/press\\\/#\\\/schema\\\/person\\\/7fcb79f38045700919f7da6d97e71ba0\",\"name\":\"SalaStampa.eu, world press service\",\"image\":{\"@type\":\"ImageObject\",\"inLanguage\":\"es-AR\",\"@id\":\"https:\\\/\\\/secure.gravatar.com\\\/avatar\\\/c2f0e0d515a107624234994507816ca4724c7199cef73fc8bedebf6931d73888?s=96&d=mm&r=g\",\"url\":\"https:\\\/\\\/secure.gravatar.com\\\/avatar\\\/c2f0e0d515a107624234994507816ca4724c7199cef73fc8bedebf6931d73888?s=96&d=mm&r=g\",\"contentUrl\":\"https:\\\/\\\/secure.gravatar.com\\\/avatar\\\/c2f0e0d515a107624234994507816ca4724c7199cef73fc8bedebf6931d73888?s=96&d=mm&r=g\",\"caption\":\"SalaStampa.eu, world press service\"}}]}<\/script>\n<!-- \/ Yoast SEO plugin. -->","yoast_head_json":{"title":"El Conventillo - ElCanillita.Info","robots":{"index":"index","follow":"follow","max-snippet":"max-snippet:-1","max-image-preview":"max-image-preview:large","max-video-preview":"max-video-preview:-1"},"canonical":"https:\/\/elcanillita.info\/press\/2020\/12\/31\/conventillo\/","og_locale":"es_ES","og_type":"article","og_title":"El Conventillo - ElCanillita.Info","og_description":"Aqu\u00ed estamos los argentinos, tristes, empobrecidos y desconcertados. Esperamos el fin del a\u00f1o de la pandemia dudando entre salir a abrazarnos con nuestros amigos y familiares o quedarnos confinados esperando que una vacuna no homologada, insuficiente y discutida, termine con nuestras penurias y desvelos.","og_url":"https:\/\/elcanillita.info\/press\/2020\/12\/31\/conventillo\/","og_site_name":"ElCanillita.Info","article_publisher":"https:\/\/ar-ar.facebook.com\/ElCanillitainfo-114249515285712\/","article_published_time":"2020-12-31T10:00:00+00:00","article_modified_time":"2021-01-11T22:20:54+00:00","og_image":[{"width":600,"height":468,"url":"https:\/\/elcanillita.info\/press\/images\/2020\/12\/ConventilloII.jpg","type":"image\/jpeg"}],"author":"SalaStampa.eu, world press service","twitter_card":"summary_large_image","twitter_misc":{"Escrito por":"SalaStampa.eu, world press service","Tiempo de lectura":"3 minutos"},"schema":{"@context":"https:\/\/schema.org","@graph":[{"@type":"Article","@id":"https:\/\/elcanillita.info\/press\/2020\/12\/31\/conventillo\/#article","isPartOf":{"@id":"https:\/\/elcanillita.info\/press\/2020\/12\/31\/conventillo\/"},"author":{"name":"SalaStampa.eu, world press service","@id":"https:\/\/elcanillita.info\/press\/#\/schema\/person\/7fcb79f38045700919f7da6d97e71ba0"},"headline":"El Conventillo","datePublished":"2020-12-31T10:00:00+00:00","dateModified":"2021-01-11T22:20:54+00:00","mainEntityOfPage":{"@id":"https:\/\/elcanillita.info\/press\/2020\/12\/31\/conventillo\/"},"wordCount":692,"publisher":{"@id":"https:\/\/elcanillita.info\/press\/#organization"},"image":{"@id":"https:\/\/elcanillita.info\/press\/2020\/12\/31\/conventillo\/#primaryimage"},"thumbnailUrl":"https:\/\/elcanillita.info\/press\/images\/2020\/12\/ConventilloII.jpg","keywords":["Argentina"],"articleSection":["Actualidad","Am\u00e9rica del Sur","Sociedad"],"inLanguage":"es-AR"},{"@type":"WebPage","@id":"https:\/\/elcanillita.info\/press\/2020\/12\/31\/conventillo\/","url":"https:\/\/elcanillita.info\/press\/2020\/12\/31\/conventillo\/","name":"El Conventillo - ElCanillita.Info","isPartOf":{"@id":"https:\/\/elcanillita.info\/press\/#website"},"primaryImageOfPage":{"@id":"https:\/\/elcanillita.info\/press\/2020\/12\/31\/conventillo\/#primaryimage"},"image":{"@id":"https:\/\/elcanillita.info\/press\/2020\/12\/31\/conventillo\/#primaryimage"},"thumbnailUrl":"https:\/\/elcanillita.info\/press\/images\/2020\/12\/ConventilloII.jpg","datePublished":"2020-12-31T10:00:00+00:00","dateModified":"2021-01-11T22:20:54+00:00","inLanguage":"es-AR","potentialAction":[{"@type":"ReadAction","target":["https:\/\/elcanillita.info\/press\/2020\/12\/31\/conventillo\/"]}]},{"@type":"ImageObject","inLanguage":"es-AR","@id":"https:\/\/elcanillita.info\/press\/2020\/12\/31\/conventillo\/#primaryimage","url":"https:\/\/elcanillita.info\/press\/images\/2020\/12\/ConventilloII.jpg","contentUrl":"https:\/\/elcanillita.info\/press\/images\/2020\/12\/ConventilloII.jpg","width":600,"height":468},{"@type":"WebSite","@id":"https:\/\/elcanillita.info\/press\/#website","url":"https:\/\/elcanillita.info\/press\/","name":"ElCanillita.Info","description":"desde los Apeninos a los Andes","publisher":{"@id":"https:\/\/elcanillita.info\/press\/#organization"},"potentialAction":[{"@type":"SearchAction","target":{"@type":"EntryPoint","urlTemplate":"https:\/\/elcanillita.info\/press\/?s={search_term_string}"},"query-input":{"@type":"PropertyValueSpecification","valueRequired":true,"valueName":"search_term_string"}}],"inLanguage":"es-AR"},{"@type":"Organization","@id":"https:\/\/elcanillita.info\/press\/#organization","name":"Guzzo Photos & Graphic Publications","url":"https:\/\/elcanillita.info\/press\/","logo":{"@type":"ImageObject","inLanguage":"es-AR","@id":"https:\/\/elcanillita.info\/press\/#\/schema\/logo\/image\/","url":"https:\/\/elcanillita.info\/press\/images\/2020\/01\/cropped-cropped-cropped-elcanillitainfo.png","contentUrl":"https:\/\/elcanillita.info\/press\/images\/2020\/01\/cropped-cropped-cropped-elcanillitainfo.png","width":460,"height":50,"caption":"Guzzo Photos & Graphic Publications"},"image":{"@id":"https:\/\/elcanillita.info\/press\/#\/schema\/logo\/image\/"},"sameAs":["https:\/\/ar-ar.facebook.com\/ElCanillitainfo-114249515285712\/"]},{"@type":"Person","@id":"https:\/\/elcanillita.info\/press\/#\/schema\/person\/7fcb79f38045700919f7da6d97e71ba0","name":"SalaStampa.eu, world press service","image":{"@type":"ImageObject","inLanguage":"es-AR","@id":"https:\/\/secure.gravatar.com\/avatar\/c2f0e0d515a107624234994507816ca4724c7199cef73fc8bedebf6931d73888?s=96&d=mm&r=g","url":"https:\/\/secure.gravatar.com\/avatar\/c2f0e0d515a107624234994507816ca4724c7199cef73fc8bedebf6931d73888?s=96&d=mm&r=g","contentUrl":"https:\/\/secure.gravatar.com\/avatar\/c2f0e0d515a107624234994507816ca4724c7199cef73fc8bedebf6931d73888?s=96&d=mm&r=g","caption":"SalaStampa.eu, world press service"}}]}},"views":703,"_links":{"self":[{"href":"https:\/\/elcanillita.info\/press\/wp-json\/wp\/v2\/posts\/1208","targetHints":{"allow":["GET"]}}],"collection":[{"href":"https:\/\/elcanillita.info\/press\/wp-json\/wp\/v2\/posts"}],"about":[{"href":"https:\/\/elcanillita.info\/press\/wp-json\/wp\/v2\/types\/post"}],"author":[{"embeddable":true,"href":"https:\/\/elcanillita.info\/press\/wp-json\/wp\/v2\/users\/1"}],"replies":[{"embeddable":true,"href":"https:\/\/elcanillita.info\/press\/wp-json\/wp\/v2\/comments?post=1208"}],"version-history":[{"count":0,"href":"https:\/\/elcanillita.info\/press\/wp-json\/wp\/v2\/posts\/1208\/revisions"}],"wp:featuredmedia":[{"embeddable":true,"href":"https:\/\/elcanillita.info\/press\/wp-json\/wp\/v2\/media\/1209"}],"wp:attachment":[{"href":"https:\/\/elcanillita.info\/press\/wp-json\/wp\/v2\/media?parent=1208"}],"wp:term":[{"taxonomy":"category","embeddable":true,"href":"https:\/\/elcanillita.info\/press\/wp-json\/wp\/v2\/categories?post=1208"},{"taxonomy":"post_tag","embeddable":true,"href":"https:\/\/elcanillita.info\/press\/wp-json\/wp\/v2\/tags?post=1208"}],"curies":[{"name":"wp","href":"https:\/\/api.w.org\/{rel}","templated":true}]}}