{"id":1206,"date":"2020-12-31T14:33:20","date_gmt":"2020-12-31T17:33:20","guid":{"rendered":"https:\/\/elcanillita.info\/press\/?p=1206"},"modified":"2020-12-31T14:42:36","modified_gmt":"2020-12-31T17:42:36","slug":"china-reemplaza-lenguaje-mongoles-sector-educacion","status":"publish","type":"post","link":"https:\/\/elcanillita.info\/press\/2020\/12\/31\/china-reemplaza-lenguaje-mongoles-sector-educacion\/","title":{"rendered":"China reemplaza el lenguaje a los mongoles \u00e9tnicos en el sector de la educaci\u00f3n con el idioma chino Han"},"content":{"rendered":"<p><img decoding=\"async\" src=\"https:\/\/elcanillita.info\/press\/images\/2020\/12\/mongolia_20201231.jpg\"><small>El gobierno de Mongolia tambi\u00e9n ha ordenado a las escuelas que eliminen gradualmente la ense\u00f1anza de mongoles en el tercer grado. En la imagen los manifestantes sostienen pancartas y ondean la bandera mongola durante una protesta en Ulan Bator, la capital de Mongolia, contra las pol\u00edticas chinas, en la vecina provincia china de Mongolia Interior &#8211; Foto: RFA del 1\/10\/2020 <br><strong>N.d.R<\/strong>: El t\u00e9rmino &#8220;Han&#8221; se refiere al grupo \u00e9tnico mayoritario de China (dinast\u00eda que rein\u00f3 en China desde el 202 a.C. hasta el 220 d.C.), aquellos que en Occidente se identifican gen\u00e9ricamente como &#8220;chinos&#8221;. En contraste con la creencia occidental de que los Han son una etnia homog\u00e9nea, existen considerables diferencias gen\u00e9ticas, ling\u00fc\u00edsticas, culturales y sociales entre los cincuenta y seis grupos de la etnia Han.<\/small><\/p>\n\n\n<p>El Partido Comunista Chino (PCC) en el poder, ha intensificado las medidas para eliminar el idioma mongol en las escuelas de su regi\u00f3n septentrional de Mongolia Interior, ordenando a las escuelas primarias de nivel medio mongol que pasen a la ense\u00f1anza media china para el tercer grado, as\u00ed ha sido informado a Radio Free Asia.<\/p>\n\n\n\n<p>La medida se produce despu\u00e9s de que las autoridades educativas locales, ordenaran discretamente a las escuelas de ense\u00f1anza media de Mongolia en la regi\u00f3n, empezando a cambiar las clases de ense\u00f1anza media en chino a finales de agosto, lo que provoc\u00f3 una protesta en toda la regi\u00f3n y un boicot de las clases en el que se detuvo a miles de personas de etnia mongola en la represi\u00f3n que sigui\u00f3.<\/p>\n\n\n\n<p>Ahora, el gobierno de la Regi\u00f3n Aut\u00f3noma de Mongolia Interior ha ordenado a las escuelas primarias de ense\u00f1anza media mongola que pongan fin a toda la ense\u00f1anza media mongola para el tercer grado, impartiendo todas las lecciones en chino.<\/p>\n\n\n\n<p>Los mongoles \u00e9tnicos que ocupan puestos oficiales en los comit\u00e9s de los PCCh de las escuelas y en las instituciones educativas y culturales ya est\u00e1n siendo sustituidos por funcionarios chinos de mayor\u00eda Han, seg\u00fan Tie Mulun, miembro del grupo de exiliados de la Gran Asamblea Hural de Mongolia Meridional con sede en el Jap\u00f3n.<\/p>\n\n\n\n<p>Tie dijo que las autoridades tienen varios planes para la promoci\u00f3n obligatoria de la cultura china que se aplicar\u00e1n en 2021.<\/p>\n\n\n\n<ul class=\"wp-block-list\"><li>Los cuadros mongoles est\u00e1n celebrando reuniones pol\u00edticas a finales de este a\u00f1o, en las que [se espera] que se denuncien y critiquen mutuamente&#8221;, dijo Tie a RFA el martes.<br><\/li><li>Los secretarios del partido y los directores de las escuelas medias de Mongolia son en su mayor\u00eda mongoles \u00e9tnicos en este momento, dijo.<br><\/li><li>A partir del d\u00eda de A\u00f1o Nuevo, los secretarios del partido del PCCh en las escuelas medias de Mongolia ser\u00e1n reemplazados, con el fin de asegurar que todos sean chinos Han para marzo, dijo Tie.<\/li><\/ul>\n\n\n\n<p>Dijo que las escuelas de Mongolia tambi\u00e9n est\u00e1n obligadas a celebrar una ceremonia de izamiento de la bandera nacional todas las ma\u00f1anas antes de las clases.<\/p>\n\n\n\n<p>En Bairin Right Banner, una divisi\u00f3n administrativa similar a la del condado, la oficina de educaci\u00f3n local, tambi\u00e9n est\u00e1 exigiendo a las escuelas de ense\u00f1anza media de Mongolia que inscriban a los alumnos chinos Han, imponiendo un objetivo del 50 por ciento a los directores.<\/p>\n\n\n\n<ul class=\"wp-block-list\"><li>Las escuelas mongolas del Bairin Right Banner pronto ser\u00e1n cosa del pasado, porque han ordenado a las escuelas secundarias de ense\u00f1anza media mongola que admitan a los estudiantes chinos Han, hasta un 50 por ciento, dijo Tie.<br><\/li><li>Tambi\u00e9n hay planes en marcha para reducir la programaci\u00f3n en idioma mongol en la televisi\u00f3n estatal de Mongolia Interior, con m\u00e1s programas sobre la historia de los chinos Han y del PCC, y el fin de los programas de noticias en idioma mongol, dijo Tie a RFA.<br><\/li><li>Habr\u00e1 cambios en los programas de la TV de Mongolia Interior, dijo. &#8211; La programaci\u00f3n en idioma mongol puede desaparecer gradualmente; [el gobierno dice] que no es apropiada para Mongolia Interior.<\/li><\/ul>\n\n\n\n<p><strong>Etno Nacionalismo Han<\/strong><\/p>\n\n\n\n<p>El ex profesor universitario Yang Haiying, de Jap\u00f3n, dijo que hab\u00eda escuchado las mismas noticias de la regi\u00f3n.<\/p>\n\n\n\n<ul class=\"wp-block-list\"><li>Demuestra que el PCCh ha intensificado su pr\u00e1ctica del etnonacionalismo Han, hasta el punto de que quieren colocar secretarios del partido chino Han en todos los lugares de trabajo [en cultura y educaci\u00f3n]&#8221;, dijo Yang.<br><\/li><li>Anteriormente, quer\u00edan que los chinos HAN ocuparan los principales puestos en el partido, el gobierno y el ej\u00e9rcito, pero no tanto en la educaci\u00f3n, dijo.<br><\/li><li>Esto es una supresi\u00f3n total de cualquier llamada autonom\u00eda, dijo Yang, en referencia al nombre oficial de la Regi\u00f3n Aut\u00f3noma de Mongolia Interior.<\/li><\/ul>\n\n\n\n<p>Desde que las protestas por los cambios en la pol\u00edtica ling\u00fc\u00edstica sacudieron la regi\u00f3n, el gobierno tambi\u00e9n ha estado reclutando masivamente a profesores de escuelas secundarias de otras partes de China para trabajar en las escuelas de la regi\u00f3n, seg\u00fan han revelado los anuncios de reclutamiento p\u00fablicamente disponibles.<\/p>\n\n\n\n<p>Se estima que 10.000 personas fueron detenidas o sometidas a otras formas de detenci\u00f3n, ya que cientos de miles de estudiantes mongoles y sus familias organizaron una campa\u00f1a de desobediencia civil en toda la regi\u00f3n, contra la eliminaci\u00f3n gradual del mongol en las escuelas que antes eran mong\u00f3licas.<\/p>\n\n\n\n<p>Aunque muchos han sido liberados desde entonces, algunos activistas de alto perfil, entre ellos el abogado de derechos humanos Hu Baolong y el activista Yang Jindulima, siguen detenidos en r\u00e9gimen de incomunicaci\u00f3n, seg\u00fan Nomin, un mongol \u00e9tnico que se encuentra actualmente en los Estados Unidos.<\/p>\n\n\n\n<p>Los censores del gobierno tambi\u00e9n han eliminado en masa los mensajes y cuentas de los medios de comunicaci\u00f3n social y han colocado agentes en grupos de chat en idioma mongol para anular cualquier disidencia o noticia en tiempo real que salga de la regi\u00f3n.<\/p>\n\n\n\n<p><small>Reportado por Qiao Long para el Servicio de Radio Free Asia. Traducido en castellano y editado por Guzzo Photos &amp; Graphic Publications &#8211; \u00a9 2020 SalaStampa.Eu  affiliate with USAGM \/ BBG Copyright \u00a9 1998-2020, RFA. Reprinted by ElCanillita.Info with the permission of Radio Free Asia, 2025 M St. NW, Suite 300, Washington DC 20036<\/small><\/p>\n","protected":false},"excerpt":{"rendered":"<p>El Partido Comunista Chino (PCC) en el poder, ha intensificado las medidas para eliminar el idioma mongol en las escuelas de su regi\u00f3n septentrional de Mongolia Interior, ordenando a las escuelas primarias de nivel medio mongol que pasen a la ense\u00f1anza media china para el tercer grado.  <\/p>\n","protected":false},"author":1,"featured_media":1207,"comment_status":"closed","ping_status":"closed","sticky":false,"template":"","format":"standard","meta":{"footnotes":"","_links_to":"","_links_to_target":""},"categories":[70,16,19,23,25],"tags":[],"class_list":["post-1206","post","type-post","status-publish","format-standard","has-post-thumbnail","hentry","category-actualidad","category-asia","category-cultura","category-politica","category-sociedad","entry","double"],"yoast_head":"<!-- This site is optimized with the Yoast SEO plugin v27.4 - https:\/\/yoast.com\/product\/yoast-seo-wordpress\/ -->\n<title>China reemplaza el lenguaje a los mongoles \u00e9tnicos en el sector de la educaci\u00f3n con el idioma chino Han - ElCanillita.Info<\/title>\n<meta name=\"robots\" content=\"index, follow, max-snippet:-1, max-image-preview:large, max-video-preview:-1\" \/>\n<link rel=\"canonical\" href=\"https:\/\/elcanillita.info\/press\/2020\/12\/31\/china-reemplaza-lenguaje-mongoles-sector-educacion\/\" \/>\n<meta property=\"og:locale\" content=\"es_ES\" \/>\n<meta property=\"og:type\" content=\"article\" \/>\n<meta property=\"og:title\" content=\"China reemplaza el lenguaje a los mongoles \u00e9tnicos en el sector de la educaci\u00f3n con el idioma chino Han - ElCanillita.Info\" \/>\n<meta property=\"og:description\" content=\"El Partido Comunista Chino (PCC) en el poder, ha intensificado las medidas para eliminar el idioma mongol en las escuelas de su regi\u00f3n septentrional de Mongolia Interior, ordenando a las escuelas primarias de nivel medio mongol que pasen a la ense\u00f1anza media china para el tercer grado.\" \/>\n<meta property=\"og:url\" content=\"https:\/\/elcanillita.info\/press\/2020\/12\/31\/china-reemplaza-lenguaje-mongoles-sector-educacion\/\" \/>\n<meta property=\"og:site_name\" content=\"ElCanillita.Info\" \/>\n<meta property=\"article:publisher\" content=\"https:\/\/ar-ar.facebook.com\/ElCanillitainfo-114249515285712\/\" \/>\n<meta property=\"article:published_time\" content=\"2020-12-31T17:33:20+00:00\" \/>\n<meta property=\"article:modified_time\" content=\"2020-12-31T17:42:36+00:00\" \/>\n<meta property=\"og:image\" content=\"https:\/\/elcanillita.info\/press\/images\/2020\/12\/mongolia_20201231-1.jpg\" \/>\n\t<meta property=\"og:image:width\" content=\"600\" \/>\n\t<meta property=\"og:image:height\" content=\"399\" \/>\n\t<meta property=\"og:image:type\" content=\"image\/jpeg\" \/>\n<meta name=\"author\" content=\"SalaStampa.eu, world press service\" \/>\n<meta name=\"twitter:card\" content=\"summary_large_image\" \/>\n<meta name=\"twitter:label1\" content=\"Escrito por\" \/>\n\t<meta name=\"twitter:data1\" content=\"SalaStampa.eu, world press service\" \/>\n\t<meta name=\"twitter:label2\" content=\"Tiempo de lectura\" \/>\n\t<meta name=\"twitter:data2\" content=\"5 minutos\" \/>\n<script type=\"application\/ld+json\" class=\"yoast-schema-graph\">{\"@context\":\"https:\\\/\\\/schema.org\",\"@graph\":[{\"@type\":\"Article\",\"@id\":\"https:\\\/\\\/elcanillita.info\\\/press\\\/2020\\\/12\\\/31\\\/china-reemplaza-lenguaje-mongoles-sector-educacion\\\/#article\",\"isPartOf\":{\"@id\":\"https:\\\/\\\/elcanillita.info\\\/press\\\/2020\\\/12\\\/31\\\/china-reemplaza-lenguaje-mongoles-sector-educacion\\\/\"},\"author\":{\"name\":\"SalaStampa.eu, world press service\",\"@id\":\"https:\\\/\\\/elcanillita.info\\\/press\\\/#\\\/schema\\\/person\\\/7fcb79f38045700919f7da6d97e71ba0\"},\"headline\":\"China reemplaza el lenguaje a los mongoles \u00e9tnicos en el sector de la educaci\u00f3n con el idioma chino Han\",\"datePublished\":\"2020-12-31T17:33:20+00:00\",\"dateModified\":\"2020-12-31T17:42:36+00:00\",\"mainEntityOfPage\":{\"@id\":\"https:\\\/\\\/elcanillita.info\\\/press\\\/2020\\\/12\\\/31\\\/china-reemplaza-lenguaje-mongoles-sector-educacion\\\/\"},\"wordCount\":1072,\"publisher\":{\"@id\":\"https:\\\/\\\/elcanillita.info\\\/press\\\/#organization\"},\"image\":{\"@id\":\"https:\\\/\\\/elcanillita.info\\\/press\\\/2020\\\/12\\\/31\\\/china-reemplaza-lenguaje-mongoles-sector-educacion\\\/#primaryimage\"},\"thumbnailUrl\":\"https:\\\/\\\/elcanillita.info\\\/press\\\/images\\\/2020\\\/12\\\/mongolia_20201231-1.jpg\",\"articleSection\":[\"Actualidad\",\"Asia\",\"Cultura\",\"Politica\",\"Sociedad\"],\"inLanguage\":\"es-AR\"},{\"@type\":\"WebPage\",\"@id\":\"https:\\\/\\\/elcanillita.info\\\/press\\\/2020\\\/12\\\/31\\\/china-reemplaza-lenguaje-mongoles-sector-educacion\\\/\",\"url\":\"https:\\\/\\\/elcanillita.info\\\/press\\\/2020\\\/12\\\/31\\\/china-reemplaza-lenguaje-mongoles-sector-educacion\\\/\",\"name\":\"China reemplaza el lenguaje a los mongoles \u00e9tnicos en el sector de la educaci\u00f3n con el idioma chino Han - ElCanillita.Info\",\"isPartOf\":{\"@id\":\"https:\\\/\\\/elcanillita.info\\\/press\\\/#website\"},\"primaryImageOfPage\":{\"@id\":\"https:\\\/\\\/elcanillita.info\\\/press\\\/2020\\\/12\\\/31\\\/china-reemplaza-lenguaje-mongoles-sector-educacion\\\/#primaryimage\"},\"image\":{\"@id\":\"https:\\\/\\\/elcanillita.info\\\/press\\\/2020\\\/12\\\/31\\\/china-reemplaza-lenguaje-mongoles-sector-educacion\\\/#primaryimage\"},\"thumbnailUrl\":\"https:\\\/\\\/elcanillita.info\\\/press\\\/images\\\/2020\\\/12\\\/mongolia_20201231-1.jpg\",\"datePublished\":\"2020-12-31T17:33:20+00:00\",\"dateModified\":\"2020-12-31T17:42:36+00:00\",\"inLanguage\":\"es-AR\",\"potentialAction\":[{\"@type\":\"ReadAction\",\"target\":[\"https:\\\/\\\/elcanillita.info\\\/press\\\/2020\\\/12\\\/31\\\/china-reemplaza-lenguaje-mongoles-sector-educacion\\\/\"]}]},{\"@type\":\"ImageObject\",\"inLanguage\":\"es-AR\",\"@id\":\"https:\\\/\\\/elcanillita.info\\\/press\\\/2020\\\/12\\\/31\\\/china-reemplaza-lenguaje-mongoles-sector-educacion\\\/#primaryimage\",\"url\":\"https:\\\/\\\/elcanillita.info\\\/press\\\/images\\\/2020\\\/12\\\/mongolia_20201231-1.jpg\",\"contentUrl\":\"https:\\\/\\\/elcanillita.info\\\/press\\\/images\\\/2020\\\/12\\\/mongolia_20201231-1.jpg\",\"width\":600,\"height\":399},{\"@type\":\"WebSite\",\"@id\":\"https:\\\/\\\/elcanillita.info\\\/press\\\/#website\",\"url\":\"https:\\\/\\\/elcanillita.info\\\/press\\\/\",\"name\":\"ElCanillita.Info\",\"description\":\"desde los Apeninos a los Andes\",\"publisher\":{\"@id\":\"https:\\\/\\\/elcanillita.info\\\/press\\\/#organization\"},\"potentialAction\":[{\"@type\":\"SearchAction\",\"target\":{\"@type\":\"EntryPoint\",\"urlTemplate\":\"https:\\\/\\\/elcanillita.info\\\/press\\\/?s={search_term_string}\"},\"query-input\":{\"@type\":\"PropertyValueSpecification\",\"valueRequired\":true,\"valueName\":\"search_term_string\"}}],\"inLanguage\":\"es-AR\"},{\"@type\":\"Organization\",\"@id\":\"https:\\\/\\\/elcanillita.info\\\/press\\\/#organization\",\"name\":\"Guzzo Photos & Graphic Publications\",\"url\":\"https:\\\/\\\/elcanillita.info\\\/press\\\/\",\"logo\":{\"@type\":\"ImageObject\",\"inLanguage\":\"es-AR\",\"@id\":\"https:\\\/\\\/elcanillita.info\\\/press\\\/#\\\/schema\\\/logo\\\/image\\\/\",\"url\":\"https:\\\/\\\/elcanillita.info\\\/press\\\/images\\\/2020\\\/01\\\/cropped-cropped-cropped-elcanillitainfo.png\",\"contentUrl\":\"https:\\\/\\\/elcanillita.info\\\/press\\\/images\\\/2020\\\/01\\\/cropped-cropped-cropped-elcanillitainfo.png\",\"width\":460,\"height\":50,\"caption\":\"Guzzo Photos & Graphic Publications\"},\"image\":{\"@id\":\"https:\\\/\\\/elcanillita.info\\\/press\\\/#\\\/schema\\\/logo\\\/image\\\/\"},\"sameAs\":[\"https:\\\/\\\/ar-ar.facebook.com\\\/ElCanillitainfo-114249515285712\\\/\"]},{\"@type\":\"Person\",\"@id\":\"https:\\\/\\\/elcanillita.info\\\/press\\\/#\\\/schema\\\/person\\\/7fcb79f38045700919f7da6d97e71ba0\",\"name\":\"SalaStampa.eu, world press service\",\"image\":{\"@type\":\"ImageObject\",\"inLanguage\":\"es-AR\",\"@id\":\"https:\\\/\\\/secure.gravatar.com\\\/avatar\\\/c2f0e0d515a107624234994507816ca4724c7199cef73fc8bedebf6931d73888?s=96&d=mm&r=g\",\"url\":\"https:\\\/\\\/secure.gravatar.com\\\/avatar\\\/c2f0e0d515a107624234994507816ca4724c7199cef73fc8bedebf6931d73888?s=96&d=mm&r=g\",\"contentUrl\":\"https:\\\/\\\/secure.gravatar.com\\\/avatar\\\/c2f0e0d515a107624234994507816ca4724c7199cef73fc8bedebf6931d73888?s=96&d=mm&r=g\",\"caption\":\"SalaStampa.eu, world press service\"}}]}<\/script>\n<!-- \/ Yoast SEO plugin. -->","yoast_head_json":{"title":"China reemplaza el lenguaje a los mongoles \u00e9tnicos en el sector de la educaci\u00f3n con el idioma chino Han - ElCanillita.Info","robots":{"index":"index","follow":"follow","max-snippet":"max-snippet:-1","max-image-preview":"max-image-preview:large","max-video-preview":"max-video-preview:-1"},"canonical":"https:\/\/elcanillita.info\/press\/2020\/12\/31\/china-reemplaza-lenguaje-mongoles-sector-educacion\/","og_locale":"es_ES","og_type":"article","og_title":"China reemplaza el lenguaje a los mongoles \u00e9tnicos en el sector de la educaci\u00f3n con el idioma chino Han - ElCanillita.Info","og_description":"El Partido Comunista Chino (PCC) en el poder, ha intensificado las medidas para eliminar el idioma mongol en las escuelas de su regi\u00f3n septentrional de Mongolia Interior, ordenando a las escuelas primarias de nivel medio mongol que pasen a la ense\u00f1anza media china para el tercer grado.","og_url":"https:\/\/elcanillita.info\/press\/2020\/12\/31\/china-reemplaza-lenguaje-mongoles-sector-educacion\/","og_site_name":"ElCanillita.Info","article_publisher":"https:\/\/ar-ar.facebook.com\/ElCanillitainfo-114249515285712\/","article_published_time":"2020-12-31T17:33:20+00:00","article_modified_time":"2020-12-31T17:42:36+00:00","og_image":[{"width":600,"height":399,"url":"https:\/\/elcanillita.info\/press\/images\/2020\/12\/mongolia_20201231-1.jpg","type":"image\/jpeg"}],"author":"SalaStampa.eu, world press service","twitter_card":"summary_large_image","twitter_misc":{"Escrito por":"SalaStampa.eu, world press service","Tiempo de lectura":"5 minutos"},"schema":{"@context":"https:\/\/schema.org","@graph":[{"@type":"Article","@id":"https:\/\/elcanillita.info\/press\/2020\/12\/31\/china-reemplaza-lenguaje-mongoles-sector-educacion\/#article","isPartOf":{"@id":"https:\/\/elcanillita.info\/press\/2020\/12\/31\/china-reemplaza-lenguaje-mongoles-sector-educacion\/"},"author":{"name":"SalaStampa.eu, world press service","@id":"https:\/\/elcanillita.info\/press\/#\/schema\/person\/7fcb79f38045700919f7da6d97e71ba0"},"headline":"China reemplaza el lenguaje a los mongoles \u00e9tnicos en el sector de la educaci\u00f3n con el idioma chino Han","datePublished":"2020-12-31T17:33:20+00:00","dateModified":"2020-12-31T17:42:36+00:00","mainEntityOfPage":{"@id":"https:\/\/elcanillita.info\/press\/2020\/12\/31\/china-reemplaza-lenguaje-mongoles-sector-educacion\/"},"wordCount":1072,"publisher":{"@id":"https:\/\/elcanillita.info\/press\/#organization"},"image":{"@id":"https:\/\/elcanillita.info\/press\/2020\/12\/31\/china-reemplaza-lenguaje-mongoles-sector-educacion\/#primaryimage"},"thumbnailUrl":"https:\/\/elcanillita.info\/press\/images\/2020\/12\/mongolia_20201231-1.jpg","articleSection":["Actualidad","Asia","Cultura","Politica","Sociedad"],"inLanguage":"es-AR"},{"@type":"WebPage","@id":"https:\/\/elcanillita.info\/press\/2020\/12\/31\/china-reemplaza-lenguaje-mongoles-sector-educacion\/","url":"https:\/\/elcanillita.info\/press\/2020\/12\/31\/china-reemplaza-lenguaje-mongoles-sector-educacion\/","name":"China reemplaza el lenguaje a los mongoles \u00e9tnicos en el sector de la educaci\u00f3n con el idioma chino Han - ElCanillita.Info","isPartOf":{"@id":"https:\/\/elcanillita.info\/press\/#website"},"primaryImageOfPage":{"@id":"https:\/\/elcanillita.info\/press\/2020\/12\/31\/china-reemplaza-lenguaje-mongoles-sector-educacion\/#primaryimage"},"image":{"@id":"https:\/\/elcanillita.info\/press\/2020\/12\/31\/china-reemplaza-lenguaje-mongoles-sector-educacion\/#primaryimage"},"thumbnailUrl":"https:\/\/elcanillita.info\/press\/images\/2020\/12\/mongolia_20201231-1.jpg","datePublished":"2020-12-31T17:33:20+00:00","dateModified":"2020-12-31T17:42:36+00:00","inLanguage":"es-AR","potentialAction":[{"@type":"ReadAction","target":["https:\/\/elcanillita.info\/press\/2020\/12\/31\/china-reemplaza-lenguaje-mongoles-sector-educacion\/"]}]},{"@type":"ImageObject","inLanguage":"es-AR","@id":"https:\/\/elcanillita.info\/press\/2020\/12\/31\/china-reemplaza-lenguaje-mongoles-sector-educacion\/#primaryimage","url":"https:\/\/elcanillita.info\/press\/images\/2020\/12\/mongolia_20201231-1.jpg","contentUrl":"https:\/\/elcanillita.info\/press\/images\/2020\/12\/mongolia_20201231-1.jpg","width":600,"height":399},{"@type":"WebSite","@id":"https:\/\/elcanillita.info\/press\/#website","url":"https:\/\/elcanillita.info\/press\/","name":"ElCanillita.Info","description":"desde los Apeninos a los Andes","publisher":{"@id":"https:\/\/elcanillita.info\/press\/#organization"},"potentialAction":[{"@type":"SearchAction","target":{"@type":"EntryPoint","urlTemplate":"https:\/\/elcanillita.info\/press\/?s={search_term_string}"},"query-input":{"@type":"PropertyValueSpecification","valueRequired":true,"valueName":"search_term_string"}}],"inLanguage":"es-AR"},{"@type":"Organization","@id":"https:\/\/elcanillita.info\/press\/#organization","name":"Guzzo Photos & Graphic Publications","url":"https:\/\/elcanillita.info\/press\/","logo":{"@type":"ImageObject","inLanguage":"es-AR","@id":"https:\/\/elcanillita.info\/press\/#\/schema\/logo\/image\/","url":"https:\/\/elcanillita.info\/press\/images\/2020\/01\/cropped-cropped-cropped-elcanillitainfo.png","contentUrl":"https:\/\/elcanillita.info\/press\/images\/2020\/01\/cropped-cropped-cropped-elcanillitainfo.png","width":460,"height":50,"caption":"Guzzo Photos & Graphic Publications"},"image":{"@id":"https:\/\/elcanillita.info\/press\/#\/schema\/logo\/image\/"},"sameAs":["https:\/\/ar-ar.facebook.com\/ElCanillitainfo-114249515285712\/"]},{"@type":"Person","@id":"https:\/\/elcanillita.info\/press\/#\/schema\/person\/7fcb79f38045700919f7da6d97e71ba0","name":"SalaStampa.eu, world press service","image":{"@type":"ImageObject","inLanguage":"es-AR","@id":"https:\/\/secure.gravatar.com\/avatar\/c2f0e0d515a107624234994507816ca4724c7199cef73fc8bedebf6931d73888?s=96&d=mm&r=g","url":"https:\/\/secure.gravatar.com\/avatar\/c2f0e0d515a107624234994507816ca4724c7199cef73fc8bedebf6931d73888?s=96&d=mm&r=g","contentUrl":"https:\/\/secure.gravatar.com\/avatar\/c2f0e0d515a107624234994507816ca4724c7199cef73fc8bedebf6931d73888?s=96&d=mm&r=g","caption":"SalaStampa.eu, world press service"}}]}},"views":651,"_links":{"self":[{"href":"https:\/\/elcanillita.info\/press\/wp-json\/wp\/v2\/posts\/1206","targetHints":{"allow":["GET"]}}],"collection":[{"href":"https:\/\/elcanillita.info\/press\/wp-json\/wp\/v2\/posts"}],"about":[{"href":"https:\/\/elcanillita.info\/press\/wp-json\/wp\/v2\/types\/post"}],"author":[{"embeddable":true,"href":"https:\/\/elcanillita.info\/press\/wp-json\/wp\/v2\/users\/1"}],"replies":[{"embeddable":true,"href":"https:\/\/elcanillita.info\/press\/wp-json\/wp\/v2\/comments?post=1206"}],"version-history":[{"count":0,"href":"https:\/\/elcanillita.info\/press\/wp-json\/wp\/v2\/posts\/1206\/revisions"}],"wp:featuredmedia":[{"embeddable":true,"href":"https:\/\/elcanillita.info\/press\/wp-json\/wp\/v2\/media\/1207"}],"wp:attachment":[{"href":"https:\/\/elcanillita.info\/press\/wp-json\/wp\/v2\/media?parent=1206"}],"wp:term":[{"taxonomy":"category","embeddable":true,"href":"https:\/\/elcanillita.info\/press\/wp-json\/wp\/v2\/categories?post=1206"},{"taxonomy":"post_tag","embeddable":true,"href":"https:\/\/elcanillita.info\/press\/wp-json\/wp\/v2\/tags?post=1206"}],"curies":[{"name":"wp","href":"https:\/\/api.w.org\/{rel}","templated":true}]}}