{"id":1202,"date":"2020-12-31T11:37:22","date_gmt":"2020-12-31T14:37:22","guid":{"rendered":"https:\/\/elcanillita.info\/press\/?p=1202"},"modified":"2020-12-31T14:28:07","modified_gmt":"2020-12-31T17:28:07","slug":"periodista-zhang-zhan-desafio-juez","status":"publish","type":"post","link":"https:\/\/elcanillita.info\/press\/2020\/12\/31\/periodista-zhang-zhan-desafio-juez\/","title":{"rendered":"La periodista Zhang Zhan desafi\u00f3 al juez durante el juicio"},"content":{"rendered":"<p><img decoding=\"async\" src=\"https:\/\/elcanillita.info\/press\/images\/2020\/12\/Zhabg_20201231.jpg\"><strong><small>Zhang Zhan, detenida despu\u00e9s de informar sobre el coronavirus de Wuhan, aparece en una captura de pantalla de v\u00eddeo.<\/small><\/strong><\/p>\n\n\n<p>La periodista encarcelada Zhang Zhan, que fue condenada a cuatro a\u00f1os de prisi\u00f3n por publicar informes de Wuhan durante la primera ola de la pandemia de coronavirus en la ciudad de Wuhan, habl\u00f3 en el tribunal y desafi\u00f3 al juez durante su juicio a principios de esta semana, seg\u00fan informe recibido por Radio Free Asia.<\/p>\n\n\n\n<p>Zhang, de 37 a\u00f1os, compareci\u00f3 en el Tribunal Popular del Nuevo Distrito de Pudong en silla de ruedas el martes despu\u00e9s de ser alimentada a la fuerza durante una huelga de hambre en el Centro de Detenci\u00f3n del Nuevo Distrito de Pudong.<\/p>\n\n\n\n<p>Fue declarada culpable de provocar peleas y crear problemas, un cargo que se utiliza frecuentemente para atacar a los cr\u00edticos del gobernante Partido Comunista Chino (PCCh), sobre la base de que hab\u00eda publicado &#8220;falsos&#8221;\u2026<\/p>\n\n\n\n<p><strong>Informaci\u00f3n sobre la pandemia en los sitios de medios sociales<\/strong><\/p>\n\n\n\n<p>Zhang se neg\u00f3 a hablar cuando el juez le pidi\u00f3 que confirmara sus datos personales, dijo el abogado.<\/p>\n\n\n\n<p>El juez instruy\u00f3 a la secretaria de la corte para que hiciera constar que no hab\u00eda respondido, a lo que Zhang respondi\u00f3: &#8211; \u00bfNo te dice tu conciencia que lo que est\u00e1s haciendo est\u00e1 mal, al ponerme en el banquillo?<\/p>\n\n\n\n<p>El juez no dijo nada en respuesta, y el juicio procedi\u00f3 a la etapa en la que el acusado es informado de sus derechos y obligaciones en el tribunal.<\/p>\n\n\n\n<p>Cuando se le pregunt\u00f3 si ten\u00eda algo que decir, Zhang respondi\u00f3:- No voy a responderle hasta que corrija su error.<\/p>\n\n\n\n<p>Ella continu\u00f3: &#8211; No soy yo quien est\u00e1 siendo juzgado aqu\u00ed hoy, eres t\u00fa.<\/p>\n\n\n\n<p>Zhang se refiri\u00f3 m\u00e1s tarde al proceso judicial como un juego judicial.<\/p>\n\n\n\n<p>Cuando el fiscal termin\u00f3 de leer la acusaci\u00f3n, el juez le pregunt\u00f3 a Zhang si la acusaci\u00f3n era cierta.<\/p>\n\n\n\n<p>Zhang respondi\u00f3 con una referencia hist\u00f3rica.<\/p>\n\n\n\n<p>&#8211; Incluso durante la Dinast\u00eda Han [202 a.C.-9 d.C.], no era un crimen criticar al gobierno, le dijo al juez.<\/p>\n\n\n\n<p><strong>Preguntas absurdas<\/strong><\/p>\n\n\n\n<p>M\u00e1s tarde, el fiscal del estado le pregunt\u00f3 a Zhang si efectivamente hab\u00eda publicado informes de Wuhan en YouTube y Twitter.<\/p>\n\n\n\n<p>Zhang respondi\u00f3: &#8211; Estas absurdas preguntas son la raz\u00f3n por la que nuestro pa\u00eds est\u00e1 en decadencia.<\/p>\n\n\n\n<p>M\u00e1s tarde, cuando su abogado defensor Ren Quanniu le hizo la misma pregunta, ella respondi\u00f3 que est\u00e1 mal que el gobierno criminalice el discurso p\u00fablico.<\/p>\n\n\n\n<p>&#8211; Porque significa que cada palabra que digo debe ser censurada, dijo. -\u00bfTiene el estado el poder de censurar el discurso de sus ciudadanos?<\/p>\n\n\n\n<p>A\u00f1adi\u00f3 que los v\u00eddeos que public\u00f3 se basaban en entrevistas de primera mano con el pueblo de Wuhan, y no en rumores.<\/p>\n\n\n\n<p>&#8211; Pero si el fiscal del Estado quiere censurar al pueblo, puede llevar a cualquiera a los tribunales, dijo.<\/p>\n\n\n\n<p>El abogado defensor de Zhang, Zhang Keke, se neg\u00f3 a comentar el juicio, diciendo que era &#8220;inconveniente&#8221;, una frase que a menudo se utiliza para indicar la presi\u00f3n de las autoridades.<\/p>\n\n\n\n<p>&#8211; No es conveniente aceptar entrevistas con medios de comunicaci\u00f3n extranjeros, dijo Zhang Keke.<\/p>\n\n\n\n<p><strong>Impresionante y admirable<\/strong><\/p>\n\n\n\n<p>El profesor de la Universidad de Tsinghua, Guo Yuhua, dijo que era impresionante y admiraba a Zhang y a otros ciudadanos periodistas, incluyendo a Chen Qiushi, por tratar de llevar la verdad sobre la pandemia en China a un p\u00fablico m\u00e1s amplio.<\/p>\n\n\n\n<p>&#8211; Desde Chen Qiushi a Zhang Zhan, creo que todos son muy dignos de admiraci\u00f3n, dijo Guo a Radio Free Asia.<\/p>\n\n\n\n<p>-Siempre les he prestado especial atenci\u00f3n\u2026 y apoyo lo que hacen, dijo. -Pero al mismo tiempo hay un sentimiento de impotencia, sabiendo que no hay nada que podamos hacer por ellos.<\/p>\n\n\n\n<p>El juicio y la sentencia de Zhang provocaron la condena de Washington.<\/p>\n\n\n\n<p>El Secretario de Estado Mike Pompeo dijo que los EE.UU. conden\u00f3 firmemente la &#8220;falsa acusaci\u00f3n y condena&#8221;.<\/p>\n\n\n\n<p>&#8220;El resto del mundo confi\u00f3 en gran medida en los informes no censurados de ciudadanos periodistas como Zhang para entender la verdadera situaci\u00f3n en Wuhan&#8221;, dijo Pompeo.<\/p>\n\n\n\n<p>-Su precipitado juicio, al que se neg\u00f3 el acceso a los observadores extranjeros, muestra lo temeroso que es el Partido Comunista Chino (PCC) del poder de los ciudadanos chinos que dicen la verdad.<\/p>\n\n\n\n<p>Pompeo pidi\u00f3 la liberaci\u00f3n inmediata e incondicional de Zhang.<\/p>\n\n\n\n<p><small>Reportado por Qiao Long para el servicio de la RFA. Traducido y editado en castellano por Guzzo Photos &amp; Graphic Publications &#8211; \u00a9 2020 SalaStampa.Eu  affiliate with USAGM \/ BBG Copyright \u00a9 1998-2020, RFA. Reprinted by ElCanillita.Info with the permission of Radio Free Asia, 2025 M St. NW, Suite 300, Washington DC 20036<\/small><\/p>\n","protected":false},"excerpt":{"rendered":"<p>La periodista encarcelada Zhang Zhan, que fue condenado a cuatro a\u00f1os de prisi\u00f3n por publicar informes de Wuhan durante la primera ola de la pandemia de coronavirus en la ciudad de Wuhan, habl\u00f3 en el tribunal y desafi\u00f3 al juez durante su juicio a principios de esta semana<\/p>\n","protected":false},"author":1,"featured_media":1203,"comment_status":"closed","ping_status":"closed","sticky":false,"template":"","format":"standard","meta":{"footnotes":"","_links_to":"","_links_to_target":""},"categories":[16],"tags":[55],"class_list":["post-1202","post","type-post","status-publish","format-standard","has-post-thumbnail","hentry","category-asia","tag-china","entry","double"],"yoast_head":"<!-- This site is optimized with the Yoast SEO plugin v27.4 - https:\/\/yoast.com\/product\/yoast-seo-wordpress\/ -->\n<title>La periodista Zhang Zhan desafi\u00f3 al juez durante el juicio - ElCanillita.Info<\/title>\n<meta name=\"robots\" content=\"index, follow, max-snippet:-1, max-image-preview:large, max-video-preview:-1\" \/>\n<link rel=\"canonical\" href=\"https:\/\/elcanillita.info\/press\/2020\/12\/31\/periodista-zhang-zhan-desafio-juez\/\" \/>\n<meta property=\"og:locale\" content=\"es_ES\" \/>\n<meta property=\"og:type\" content=\"article\" \/>\n<meta property=\"og:title\" content=\"La periodista Zhang Zhan desafi\u00f3 al juez durante el juicio - ElCanillita.Info\" \/>\n<meta property=\"og:description\" content=\"La periodista encarcelada Zhang Zhan, que fue condenado a cuatro a\u00f1os de prisi\u00f3n por publicar informes de Wuhan durante la primera ola de la pandemia de coronavirus en la ciudad de Wuhan, habl\u00f3 en el tribunal y desafi\u00f3 al juez durante su juicio a principios de esta semana\" \/>\n<meta property=\"og:url\" content=\"https:\/\/elcanillita.info\/press\/2020\/12\/31\/periodista-zhang-zhan-desafio-juez\/\" \/>\n<meta property=\"og:site_name\" content=\"ElCanillita.Info\" \/>\n<meta property=\"article:publisher\" content=\"https:\/\/ar-ar.facebook.com\/ElCanillitainfo-114249515285712\/\" \/>\n<meta property=\"article:published_time\" content=\"2020-12-31T14:37:22+00:00\" \/>\n<meta property=\"article:modified_time\" content=\"2020-12-31T17:28:07+00:00\" \/>\n<meta property=\"og:image\" content=\"https:\/\/elcanillita.info\/press\/images\/2020\/12\/Zhabg_20201231-1.jpg\" \/>\n\t<meta property=\"og:image:width\" content=\"600\" \/>\n\t<meta property=\"og:image:height\" content=\"337\" \/>\n\t<meta property=\"og:image:type\" content=\"image\/jpeg\" \/>\n<meta name=\"author\" content=\"SalaStampa.eu, world press service\" \/>\n<meta name=\"twitter:card\" content=\"summary_large_image\" \/>\n<meta name=\"twitter:label1\" content=\"Escrito por\" \/>\n\t<meta name=\"twitter:data1\" content=\"SalaStampa.eu, world press service\" \/>\n\t<meta name=\"twitter:label2\" content=\"Tiempo de lectura\" \/>\n\t<meta name=\"twitter:data2\" content=\"4 minutos\" \/>\n<script type=\"application\/ld+json\" class=\"yoast-schema-graph\">{\"@context\":\"https:\\\/\\\/schema.org\",\"@graph\":[{\"@type\":\"Article\",\"@id\":\"https:\\\/\\\/elcanillita.info\\\/press\\\/2020\\\/12\\\/31\\\/periodista-zhang-zhan-desafio-juez\\\/#article\",\"isPartOf\":{\"@id\":\"https:\\\/\\\/elcanillita.info\\\/press\\\/2020\\\/12\\\/31\\\/periodista-zhang-zhan-desafio-juez\\\/\"},\"author\":{\"name\":\"SalaStampa.eu, world press service\",\"@id\":\"https:\\\/\\\/elcanillita.info\\\/press\\\/#\\\/schema\\\/person\\\/7fcb79f38045700919f7da6d97e71ba0\"},\"headline\":\"La periodista Zhang Zhan desafi\u00f3 al juez durante el juicio\",\"datePublished\":\"2020-12-31T14:37:22+00:00\",\"dateModified\":\"2020-12-31T17:28:07+00:00\",\"mainEntityOfPage\":{\"@id\":\"https:\\\/\\\/elcanillita.info\\\/press\\\/2020\\\/12\\\/31\\\/periodista-zhang-zhan-desafio-juez\\\/\"},\"wordCount\":806,\"publisher\":{\"@id\":\"https:\\\/\\\/elcanillita.info\\\/press\\\/#organization\"},\"image\":{\"@id\":\"https:\\\/\\\/elcanillita.info\\\/press\\\/2020\\\/12\\\/31\\\/periodista-zhang-zhan-desafio-juez\\\/#primaryimage\"},\"thumbnailUrl\":\"https:\\\/\\\/elcanillita.info\\\/press\\\/images\\\/2020\\\/12\\\/Zhabg_20201231-1.jpg\",\"keywords\":[\"China\"],\"articleSection\":[\"Asia\"],\"inLanguage\":\"es-AR\"},{\"@type\":\"WebPage\",\"@id\":\"https:\\\/\\\/elcanillita.info\\\/press\\\/2020\\\/12\\\/31\\\/periodista-zhang-zhan-desafio-juez\\\/\",\"url\":\"https:\\\/\\\/elcanillita.info\\\/press\\\/2020\\\/12\\\/31\\\/periodista-zhang-zhan-desafio-juez\\\/\",\"name\":\"La periodista Zhang Zhan desafi\u00f3 al juez durante el juicio - ElCanillita.Info\",\"isPartOf\":{\"@id\":\"https:\\\/\\\/elcanillita.info\\\/press\\\/#website\"},\"primaryImageOfPage\":{\"@id\":\"https:\\\/\\\/elcanillita.info\\\/press\\\/2020\\\/12\\\/31\\\/periodista-zhang-zhan-desafio-juez\\\/#primaryimage\"},\"image\":{\"@id\":\"https:\\\/\\\/elcanillita.info\\\/press\\\/2020\\\/12\\\/31\\\/periodista-zhang-zhan-desafio-juez\\\/#primaryimage\"},\"thumbnailUrl\":\"https:\\\/\\\/elcanillita.info\\\/press\\\/images\\\/2020\\\/12\\\/Zhabg_20201231-1.jpg\",\"datePublished\":\"2020-12-31T14:37:22+00:00\",\"dateModified\":\"2020-12-31T17:28:07+00:00\",\"inLanguage\":\"es-AR\",\"potentialAction\":[{\"@type\":\"ReadAction\",\"target\":[\"https:\\\/\\\/elcanillita.info\\\/press\\\/2020\\\/12\\\/31\\\/periodista-zhang-zhan-desafio-juez\\\/\"]}]},{\"@type\":\"ImageObject\",\"inLanguage\":\"es-AR\",\"@id\":\"https:\\\/\\\/elcanillita.info\\\/press\\\/2020\\\/12\\\/31\\\/periodista-zhang-zhan-desafio-juez\\\/#primaryimage\",\"url\":\"https:\\\/\\\/elcanillita.info\\\/press\\\/images\\\/2020\\\/12\\\/Zhabg_20201231-1.jpg\",\"contentUrl\":\"https:\\\/\\\/elcanillita.info\\\/press\\\/images\\\/2020\\\/12\\\/Zhabg_20201231-1.jpg\",\"width\":600,\"height\":337},{\"@type\":\"WebSite\",\"@id\":\"https:\\\/\\\/elcanillita.info\\\/press\\\/#website\",\"url\":\"https:\\\/\\\/elcanillita.info\\\/press\\\/\",\"name\":\"ElCanillita.Info\",\"description\":\"desde los Apeninos a los Andes\",\"publisher\":{\"@id\":\"https:\\\/\\\/elcanillita.info\\\/press\\\/#organization\"},\"potentialAction\":[{\"@type\":\"SearchAction\",\"target\":{\"@type\":\"EntryPoint\",\"urlTemplate\":\"https:\\\/\\\/elcanillita.info\\\/press\\\/?s={search_term_string}\"},\"query-input\":{\"@type\":\"PropertyValueSpecification\",\"valueRequired\":true,\"valueName\":\"search_term_string\"}}],\"inLanguage\":\"es-AR\"},{\"@type\":\"Organization\",\"@id\":\"https:\\\/\\\/elcanillita.info\\\/press\\\/#organization\",\"name\":\"Guzzo Photos & Graphic Publications\",\"url\":\"https:\\\/\\\/elcanillita.info\\\/press\\\/\",\"logo\":{\"@type\":\"ImageObject\",\"inLanguage\":\"es-AR\",\"@id\":\"https:\\\/\\\/elcanillita.info\\\/press\\\/#\\\/schema\\\/logo\\\/image\\\/\",\"url\":\"https:\\\/\\\/elcanillita.info\\\/press\\\/images\\\/2020\\\/01\\\/cropped-cropped-cropped-elcanillitainfo.png\",\"contentUrl\":\"https:\\\/\\\/elcanillita.info\\\/press\\\/images\\\/2020\\\/01\\\/cropped-cropped-cropped-elcanillitainfo.png\",\"width\":460,\"height\":50,\"caption\":\"Guzzo Photos & Graphic Publications\"},\"image\":{\"@id\":\"https:\\\/\\\/elcanillita.info\\\/press\\\/#\\\/schema\\\/logo\\\/image\\\/\"},\"sameAs\":[\"https:\\\/\\\/ar-ar.facebook.com\\\/ElCanillitainfo-114249515285712\\\/\"]},{\"@type\":\"Person\",\"@id\":\"https:\\\/\\\/elcanillita.info\\\/press\\\/#\\\/schema\\\/person\\\/7fcb79f38045700919f7da6d97e71ba0\",\"name\":\"SalaStampa.eu, world press service\",\"image\":{\"@type\":\"ImageObject\",\"inLanguage\":\"es-AR\",\"@id\":\"https:\\\/\\\/secure.gravatar.com\\\/avatar\\\/c2f0e0d515a107624234994507816ca4724c7199cef73fc8bedebf6931d73888?s=96&d=mm&r=g\",\"url\":\"https:\\\/\\\/secure.gravatar.com\\\/avatar\\\/c2f0e0d515a107624234994507816ca4724c7199cef73fc8bedebf6931d73888?s=96&d=mm&r=g\",\"contentUrl\":\"https:\\\/\\\/secure.gravatar.com\\\/avatar\\\/c2f0e0d515a107624234994507816ca4724c7199cef73fc8bedebf6931d73888?s=96&d=mm&r=g\",\"caption\":\"SalaStampa.eu, world press service\"}}]}<\/script>\n<!-- \/ Yoast SEO plugin. -->","yoast_head_json":{"title":"La periodista Zhang Zhan desafi\u00f3 al juez durante el juicio - ElCanillita.Info","robots":{"index":"index","follow":"follow","max-snippet":"max-snippet:-1","max-image-preview":"max-image-preview:large","max-video-preview":"max-video-preview:-1"},"canonical":"https:\/\/elcanillita.info\/press\/2020\/12\/31\/periodista-zhang-zhan-desafio-juez\/","og_locale":"es_ES","og_type":"article","og_title":"La periodista Zhang Zhan desafi\u00f3 al juez durante el juicio - ElCanillita.Info","og_description":"La periodista encarcelada Zhang Zhan, que fue condenado a cuatro a\u00f1os de prisi\u00f3n por publicar informes de Wuhan durante la primera ola de la pandemia de coronavirus en la ciudad de Wuhan, habl\u00f3 en el tribunal y desafi\u00f3 al juez durante su juicio a principios de esta semana","og_url":"https:\/\/elcanillita.info\/press\/2020\/12\/31\/periodista-zhang-zhan-desafio-juez\/","og_site_name":"ElCanillita.Info","article_publisher":"https:\/\/ar-ar.facebook.com\/ElCanillitainfo-114249515285712\/","article_published_time":"2020-12-31T14:37:22+00:00","article_modified_time":"2020-12-31T17:28:07+00:00","og_image":[{"width":600,"height":337,"url":"https:\/\/elcanillita.info\/press\/images\/2020\/12\/Zhabg_20201231-1.jpg","type":"image\/jpeg"}],"author":"SalaStampa.eu, world press service","twitter_card":"summary_large_image","twitter_misc":{"Escrito por":"SalaStampa.eu, world press service","Tiempo de lectura":"4 minutos"},"schema":{"@context":"https:\/\/schema.org","@graph":[{"@type":"Article","@id":"https:\/\/elcanillita.info\/press\/2020\/12\/31\/periodista-zhang-zhan-desafio-juez\/#article","isPartOf":{"@id":"https:\/\/elcanillita.info\/press\/2020\/12\/31\/periodista-zhang-zhan-desafio-juez\/"},"author":{"name":"SalaStampa.eu, world press service","@id":"https:\/\/elcanillita.info\/press\/#\/schema\/person\/7fcb79f38045700919f7da6d97e71ba0"},"headline":"La periodista Zhang Zhan desafi\u00f3 al juez durante el juicio","datePublished":"2020-12-31T14:37:22+00:00","dateModified":"2020-12-31T17:28:07+00:00","mainEntityOfPage":{"@id":"https:\/\/elcanillita.info\/press\/2020\/12\/31\/periodista-zhang-zhan-desafio-juez\/"},"wordCount":806,"publisher":{"@id":"https:\/\/elcanillita.info\/press\/#organization"},"image":{"@id":"https:\/\/elcanillita.info\/press\/2020\/12\/31\/periodista-zhang-zhan-desafio-juez\/#primaryimage"},"thumbnailUrl":"https:\/\/elcanillita.info\/press\/images\/2020\/12\/Zhabg_20201231-1.jpg","keywords":["China"],"articleSection":["Asia"],"inLanguage":"es-AR"},{"@type":"WebPage","@id":"https:\/\/elcanillita.info\/press\/2020\/12\/31\/periodista-zhang-zhan-desafio-juez\/","url":"https:\/\/elcanillita.info\/press\/2020\/12\/31\/periodista-zhang-zhan-desafio-juez\/","name":"La periodista Zhang Zhan desafi\u00f3 al juez durante el juicio - ElCanillita.Info","isPartOf":{"@id":"https:\/\/elcanillita.info\/press\/#website"},"primaryImageOfPage":{"@id":"https:\/\/elcanillita.info\/press\/2020\/12\/31\/periodista-zhang-zhan-desafio-juez\/#primaryimage"},"image":{"@id":"https:\/\/elcanillita.info\/press\/2020\/12\/31\/periodista-zhang-zhan-desafio-juez\/#primaryimage"},"thumbnailUrl":"https:\/\/elcanillita.info\/press\/images\/2020\/12\/Zhabg_20201231-1.jpg","datePublished":"2020-12-31T14:37:22+00:00","dateModified":"2020-12-31T17:28:07+00:00","inLanguage":"es-AR","potentialAction":[{"@type":"ReadAction","target":["https:\/\/elcanillita.info\/press\/2020\/12\/31\/periodista-zhang-zhan-desafio-juez\/"]}]},{"@type":"ImageObject","inLanguage":"es-AR","@id":"https:\/\/elcanillita.info\/press\/2020\/12\/31\/periodista-zhang-zhan-desafio-juez\/#primaryimage","url":"https:\/\/elcanillita.info\/press\/images\/2020\/12\/Zhabg_20201231-1.jpg","contentUrl":"https:\/\/elcanillita.info\/press\/images\/2020\/12\/Zhabg_20201231-1.jpg","width":600,"height":337},{"@type":"WebSite","@id":"https:\/\/elcanillita.info\/press\/#website","url":"https:\/\/elcanillita.info\/press\/","name":"ElCanillita.Info","description":"desde los Apeninos a los Andes","publisher":{"@id":"https:\/\/elcanillita.info\/press\/#organization"},"potentialAction":[{"@type":"SearchAction","target":{"@type":"EntryPoint","urlTemplate":"https:\/\/elcanillita.info\/press\/?s={search_term_string}"},"query-input":{"@type":"PropertyValueSpecification","valueRequired":true,"valueName":"search_term_string"}}],"inLanguage":"es-AR"},{"@type":"Organization","@id":"https:\/\/elcanillita.info\/press\/#organization","name":"Guzzo Photos & Graphic Publications","url":"https:\/\/elcanillita.info\/press\/","logo":{"@type":"ImageObject","inLanguage":"es-AR","@id":"https:\/\/elcanillita.info\/press\/#\/schema\/logo\/image\/","url":"https:\/\/elcanillita.info\/press\/images\/2020\/01\/cropped-cropped-cropped-elcanillitainfo.png","contentUrl":"https:\/\/elcanillita.info\/press\/images\/2020\/01\/cropped-cropped-cropped-elcanillitainfo.png","width":460,"height":50,"caption":"Guzzo Photos & Graphic Publications"},"image":{"@id":"https:\/\/elcanillita.info\/press\/#\/schema\/logo\/image\/"},"sameAs":["https:\/\/ar-ar.facebook.com\/ElCanillitainfo-114249515285712\/"]},{"@type":"Person","@id":"https:\/\/elcanillita.info\/press\/#\/schema\/person\/7fcb79f38045700919f7da6d97e71ba0","name":"SalaStampa.eu, world press service","image":{"@type":"ImageObject","inLanguage":"es-AR","@id":"https:\/\/secure.gravatar.com\/avatar\/c2f0e0d515a107624234994507816ca4724c7199cef73fc8bedebf6931d73888?s=96&d=mm&r=g","url":"https:\/\/secure.gravatar.com\/avatar\/c2f0e0d515a107624234994507816ca4724c7199cef73fc8bedebf6931d73888?s=96&d=mm&r=g","contentUrl":"https:\/\/secure.gravatar.com\/avatar\/c2f0e0d515a107624234994507816ca4724c7199cef73fc8bedebf6931d73888?s=96&d=mm&r=g","caption":"SalaStampa.eu, world press service"}}]}},"views":664,"_links":{"self":[{"href":"https:\/\/elcanillita.info\/press\/wp-json\/wp\/v2\/posts\/1202","targetHints":{"allow":["GET"]}}],"collection":[{"href":"https:\/\/elcanillita.info\/press\/wp-json\/wp\/v2\/posts"}],"about":[{"href":"https:\/\/elcanillita.info\/press\/wp-json\/wp\/v2\/types\/post"}],"author":[{"embeddable":true,"href":"https:\/\/elcanillita.info\/press\/wp-json\/wp\/v2\/users\/1"}],"replies":[{"embeddable":true,"href":"https:\/\/elcanillita.info\/press\/wp-json\/wp\/v2\/comments?post=1202"}],"version-history":[{"count":0,"href":"https:\/\/elcanillita.info\/press\/wp-json\/wp\/v2\/posts\/1202\/revisions"}],"wp:featuredmedia":[{"embeddable":true,"href":"https:\/\/elcanillita.info\/press\/wp-json\/wp\/v2\/media\/1203"}],"wp:attachment":[{"href":"https:\/\/elcanillita.info\/press\/wp-json\/wp\/v2\/media?parent=1202"}],"wp:term":[{"taxonomy":"category","embeddable":true,"href":"https:\/\/elcanillita.info\/press\/wp-json\/wp\/v2\/categories?post=1202"},{"taxonomy":"post_tag","embeddable":true,"href":"https:\/\/elcanillita.info\/press\/wp-json\/wp\/v2\/tags?post=1202"}],"curies":[{"name":"wp","href":"https:\/\/api.w.org\/{rel}","templated":true}]}}