{"id":1200,"date":"2020-12-28T08:43:36","date_gmt":"2020-12-28T11:43:36","guid":{"rendered":"https:\/\/elcanillita.info\/press\/?p=1200"},"modified":"2020-12-29T09:09:54","modified_gmt":"2020-12-29T12:09:54","slug":"manifestantes-hong-kong-juzgados-shenzhen-china","status":"publish","type":"post","link":"https:\/\/elcanillita.info\/press\/2020\/12\/28\/manifestantes-hong-kong-juzgados-shenzhen-china\/","title":{"rendered":"Manifestantes de Hong Kong que huyeron en una lancha son juzgados en Shenzhen, China."},"content":{"rendered":"<p><img decoding=\"async\" src=\"https:\/\/elcanillita.info\/press\/images\/2020\/12\/honbk_20201229.jpg\"><small>Diplom\u00e1ticos de los Estados Unidos, Gran Breta\u00f1a, Australia, Canad\u00e1, Portugal y los Pa\u00edses Bajos esperan fuera del Tribunal Popular del Distrito de Yantian, donde 12 activistas pro-democracia de Hong Kong que fueron arrestados en agosto pasado cuando trataban de huir de Hong Kong a Taiw\u00e1n en barco, ser\u00e1n juzgados en la ciudad sudoriental china de Shenzhen, al otro lado de la frontera de Hong Kong, el 28 de diciembre de 2020.<br>Foto: Radio Free Asia<\/small><\/p>\n\n\n<p><strong>Un grupo adherido dice que las familias no recibieron suficiente aviso para asistir al juicio debido a los requisitos de cuarentena.<\/strong><\/p>\n\n\n\n<p>Diez de los 12 manifestantes de Hong Kong arrestados cuando intentaban huir de la ciudad hacia la isla democr\u00e1tica de Taiw\u00e1n, fueron juzgados el lunes en un tribunal de la ciudad de Shenzhen, en el sur de China, por cargos relacionados con el cruce ilegal de la frontera.<\/p>\n\n\n\n<p>En la tarde del 28 de diciembre, este tribunal celebr\u00f3 un juicio p\u00fablico de acuerdo con la ley en el caso del cruce ilegal de la frontera, dijo el Tribunal Popular del Distrito de Yantian en una declaraci\u00f3n publicada en su cuenta oficial en la plataforma de medios sociales de Weibo.<\/p>\n\n\n\n<p>Los activistas de Hong Kong Quinn Moon y Tang Kai-yin fueron juzgados por organizar un cruce fronterizo ilegal&#8221;, lo que conlleva una pena m\u00e1xima de siete a\u00f1os de prisi\u00f3n, y Li Tsz-yin; Andy Li, Wong Wai-yin y Kok Tsz-lun fueron juzgados por cruzar ilegalmente una frontera.<\/p>\n\n\n\n<p>Otros dos detenidos tambi\u00e9n fueron procesados por la Fiscal\u00eda Popular del Distrito de Yantian, pero sus juicios se celebrar\u00e1n a puerta cerrada porque son menores de 18 a\u00f1os, dijo la fiscal\u00eda a principios de este mes.<\/p>\n\n\n\n<p>El tribunal escuch\u00f3 el caso del fiscal de la fiscal\u00eda y los argumentos de la defensa de los abogados de los acusados&#8221;, dice la declaraci\u00f3n del tribunal. La sentencia se dictar\u00e1 en una fecha posterior.<\/p>\n\n\n\n<p>Dijo que al juicio asistieron diputados del Congreso del Pueblo de Hong Kong y Shenzhen, miembros de la Conferencia Consultiva Pol\u00edtica del Pueblo Chino (CPPCC) del Partido Comunista Chino en el poder, periodistas y familiares de los acusados.<\/p>\n\n\n\n<p>Sin embargo, los familiares de los acusados dijeron a los medios de comunicaci\u00f3n de Hong Kong que no se les hab\u00eda avisado con suficiente antelaci\u00f3n para asistir al juicio, teniendo en cuenta el requisito de 14 d\u00edas de cuarentena para los residentes de Hong Kong que viajen al resto de China.<\/p>\n\n\n\n<p><strong>Negaron el acceso a las familias, a los abogados, periodistas y diplom\u00e1ticos.<\/strong><\/p>\n\n\n\n<p>El grupo asociado <strong>Save 12 Hong Kong Youths<\/strong> dijo que a las familias de los parientes, abogados, periodistas y diplom\u00e1ticos se les neg\u00f3 el acceso al juicio alegando que la sala estaba llena, lo que hizo que la audiencia fuera efectivamente un juicio secreto, inform\u00f3 la emisora gubernamental RTHK.<\/p>\n\n\n\n<p>Independientemente del desarrollo futuro del caso, los derechos b\u00e1sicos de los 12 hongkoneses ya han sido privados por las autoridades chinas, cit\u00f3 el grupo.<\/p>\n\n\n\n<p>El injusto proceso judicial es evidencia de una obvia y draconiana persecuci\u00f3n pol\u00edtica, dijo, y pidi\u00f3 el pronto retorno de los detenidos a Hong Kong.<\/p>\n\n\n\n<p>La seguridad era estricta fuera de los edificios del tribunal, con un muro de barreras de tr\u00e1fico de dos metros de alto que rodeaba el acceso a las puertas.<\/p>\n\n\n\n<p>Veh\u00edculos policiales y coches blindados patrullaban el distrito, con las puertas del tribunal bajo una fuerte vigilancia policial.<\/p>\n\n\n\n<p>Un miembro de la familia de un acusado dijo que hab\u00eda recibido una notificaci\u00f3n de un enlace de v\u00eddeo de un abogado defensor designado por las autoridades, pero que el juicio no se mostraba en el horario en directo del tribunal.<\/p>\n\n\n\n<p>Varios familiares dijeron en una conferencia de prensa en Hong Kong que, sin embargo, no hab\u00edan recibido ninguna advertencia previa de que el juicio se celebrar\u00eda cuando lo hiciera.<\/p>\n\n\n\n<p>Se supon\u00eda que deb\u00edamos obtener la aprobaci\u00f3n previa del juez para asistir al juicio, pero el abogado nombrado oficialmente fue evasivo y ni siquiera nos dijo el nombre del juez&#8221;, dijo un pariente.<\/p>\n\n\n\n<p>No he visto a mi hijo por tanto tiempo, y espero que esto no dure mucho m\u00e1s.<\/p>\n\n\n\n<p><strong>Los asientos est\u00e1n ahora llenos<\/strong><\/p>\n\n\n\n<p>Un empleado que respondi\u00f3 al tel\u00e9fono en el Tribunal Popular del Distrito de Yantian dijo a RFA: &#8220;El juicio se llev\u00f3 a cabo p\u00fablicamente de acuerdo con la ley, pero no hubo transmisi\u00f3n en vivo del juicio&#8221;.<\/p>\n\n\n\n<p>Deber\u00eda ser posible asistir, pero todos los asientos est\u00e1n ahora llenos.<\/p>\n\n\n\n<p>Un abogado defensor contratado por una de las familias, pero al que se le neg\u00f3 el permiso para visitar a su cliente en el Centro de Detenci\u00f3n de Yantian donde los 12 est\u00e1n detenidos, dijo que todo el proceso era un juicio espect\u00e1culo.<\/p>\n\n\n\n<p>Todo el juicio fue completamente un show para mostrar, sin contrainterrogatorio y sin defensa real, dijo el abogado, citando a los funcionarios extranjeros que hab\u00edan asistido.<\/p>\n\n\n\n<p>Utilizaron un juicio espect\u00e1culo de alta calidad para dar la impresi\u00f3n que quer\u00edan dar mientras cortaban el flujo de informaci\u00f3n, dijo el abogado.<\/p>\n\n\n\n<p>Dijo que los acusados de cruzar ilegalmente una frontera probablemente recibir\u00edan sentencias ligeras comparadas con Tang Kai-yin y Quinn Moon.<\/p>\n\n\n\n<p>El abogado penalista de Pek\u00edn, Zhang Dongshuo, dijo que el destino de los dos menores sospechosos estaba menos claro, ya que pod\u00edan ser retenidos bajo supervisi\u00f3n en ausencia de cualquier mecanismo de cooperaci\u00f3n judicial para su regreso a Hong Kong.<\/p>\n\n\n\n<p><strong>Un portavoz de la Embajada de los Estados Unidos pidi\u00f3 la liberaci\u00f3n inmediata de los detenidos.<\/strong><\/p>\n\n\n\n<p>El llamado &#8216;crimen&#8217; fue huir de la tiran\u00eda, dijo el portavoz. La China comunista no se detendr\u00e1 ante nada para impedir que su pueblo busque la libertad en otro lugar.<\/p>\n\n\n\n<p>El Ministerio de Asuntos Exteriores de China acus\u00f3 a los EE.UU. de interferir en los asuntos internos y la soberan\u00eda judicial de China.<\/p>\n\n\n\n<p>El South China Morning Post inform\u00f3 el domingo que la polic\u00eda de Hong Kong est\u00e1 buscando a unas 30 personas que est\u00e1n en el extranjero bajo sospecha de violaciones de la ley de seguridad nacional, incluyendo a los ex-legisladores auto-exiliados Ted Hui y Sixtus Baggio Leung.<\/p>\n\n\n\n<p>El diario editado en ingl\u00e9s cit\u00f3 a un informante de la polic\u00eda diciendo que la mayor\u00eda de ellos est\u00e1n ahora en Europa, los Estados Unidos y Taiw\u00e1n, y son una mezcla de activistas en el extranjero y de los que hab\u00edan emigrado legalmente antes o despu\u00e9s de la promulgaci\u00f3n de la ley de seguridad nacional el 30 de junio.<\/p>\n\n\n\n<p><small>Reportado por Gao Feng para los servicios de la RFA. Traducido y editado por Rub\u00e9n Guzzo<\/small>.<br><small>\u00a9 2020 SalaStampa.Eu  affiliate with USAGM \/ BBG\nCopyright \u00a9 1998-2020, RFA. Reprinted by ElCanillita.Info with the permission of Radio Free Asia, 2025 M St. NW, Suite 300, Washington DC 20036<\/small><\/p>\n","protected":false},"excerpt":{"rendered":"<p>Diez de los 12 manifestantes de Hong Kong arrestados cuando intentaban huir de la ciudad hacia la isla democr\u00e1tica de Taiw\u00e1n fueron, juzgados el lunes en un tribunal de la ciudad de Shenzhen, en el sur de China, por cargos relacionados con el cruce ilegal de la frontera.<\/p>\n","protected":false},"author":1,"featured_media":1201,"comment_status":"closed","ping_status":"closed","sticky":false,"template":"","format":"standard","meta":{"footnotes":"","_links_to":"","_links_to_target":""},"categories":[70,16,22,25],"tags":[74],"class_list":["post-1200","post","type-post","status-publish","format-standard","has-post-thumbnail","hentry","category-actualidad","category-asia","category-justicia","category-sociedad","tag-hong-kong","entry","double"],"yoast_head":"<!-- This site is optimized with the Yoast SEO plugin v27.4 - https:\/\/yoast.com\/product\/yoast-seo-wordpress\/ -->\n<title>Manifestantes de Hong Kong que huyeron en una lancha son juzgados en Shenzhen, China. - ElCanillita.Info<\/title>\n<meta name=\"robots\" content=\"index, follow, max-snippet:-1, max-image-preview:large, max-video-preview:-1\" \/>\n<link rel=\"canonical\" href=\"https:\/\/elcanillita.info\/press\/2020\/12\/28\/manifestantes-hong-kong-juzgados-shenzhen-china\/\" \/>\n<meta property=\"og:locale\" content=\"es_ES\" \/>\n<meta property=\"og:type\" content=\"article\" \/>\n<meta property=\"og:title\" content=\"Manifestantes de Hong Kong que huyeron en una lancha son juzgados en Shenzhen, China. - ElCanillita.Info\" \/>\n<meta property=\"og:description\" content=\"Diez de los 12 manifestantes de Hong Kong arrestados cuando intentaban huir de la ciudad hacia la isla democr\u00e1tica de Taiw\u00e1n fueron, juzgados el lunes en un tribunal de la ciudad de Shenzhen, en el sur de China, por cargos relacionados con el cruce ilegal de la frontera.\" \/>\n<meta property=\"og:url\" content=\"https:\/\/elcanillita.info\/press\/2020\/12\/28\/manifestantes-hong-kong-juzgados-shenzhen-china\/\" \/>\n<meta property=\"og:site_name\" content=\"ElCanillita.Info\" \/>\n<meta property=\"article:publisher\" content=\"https:\/\/ar-ar.facebook.com\/ElCanillitainfo-114249515285712\/\" \/>\n<meta property=\"article:published_time\" content=\"2020-12-28T11:43:36+00:00\" \/>\n<meta property=\"article:modified_time\" content=\"2020-12-29T12:09:54+00:00\" \/>\n<meta property=\"og:image\" content=\"https:\/\/elcanillita.info\/press\/images\/2020\/12\/honbk_20201229-1.jpg\" \/>\n\t<meta property=\"og:image:width\" content=\"600\" \/>\n\t<meta property=\"og:image:height\" content=\"399\" \/>\n\t<meta property=\"og:image:type\" content=\"image\/jpeg\" \/>\n<meta name=\"author\" content=\"SalaStampa.eu, world press service\" \/>\n<meta name=\"twitter:card\" content=\"summary_large_image\" \/>\n<meta name=\"twitter:label1\" content=\"Escrito por\" \/>\n\t<meta name=\"twitter:data1\" content=\"SalaStampa.eu, world press service\" \/>\n\t<meta name=\"twitter:label2\" content=\"Tiempo de lectura\" \/>\n\t<meta name=\"twitter:data2\" content=\"6 minutos\" \/>\n<script type=\"application\/ld+json\" class=\"yoast-schema-graph\">{\"@context\":\"https:\\\/\\\/schema.org\",\"@graph\":[{\"@type\":\"Article\",\"@id\":\"https:\\\/\\\/elcanillita.info\\\/press\\\/2020\\\/12\\\/28\\\/manifestantes-hong-kong-juzgados-shenzhen-china\\\/#article\",\"isPartOf\":{\"@id\":\"https:\\\/\\\/elcanillita.info\\\/press\\\/2020\\\/12\\\/28\\\/manifestantes-hong-kong-juzgados-shenzhen-china\\\/\"},\"author\":{\"name\":\"SalaStampa.eu, world press service\",\"@id\":\"https:\\\/\\\/elcanillita.info\\\/press\\\/#\\\/schema\\\/person\\\/7fcb79f38045700919f7da6d97e71ba0\"},\"headline\":\"Manifestantes de Hong Kong que huyeron en una lancha son juzgados en Shenzhen, China.\",\"datePublished\":\"2020-12-28T11:43:36+00:00\",\"dateModified\":\"2020-12-29T12:09:54+00:00\",\"mainEntityOfPage\":{\"@id\":\"https:\\\/\\\/elcanillita.info\\\/press\\\/2020\\\/12\\\/28\\\/manifestantes-hong-kong-juzgados-shenzhen-china\\\/\"},\"wordCount\":1175,\"publisher\":{\"@id\":\"https:\\\/\\\/elcanillita.info\\\/press\\\/#organization\"},\"image\":{\"@id\":\"https:\\\/\\\/elcanillita.info\\\/press\\\/2020\\\/12\\\/28\\\/manifestantes-hong-kong-juzgados-shenzhen-china\\\/#primaryimage\"},\"thumbnailUrl\":\"https:\\\/\\\/elcanillita.info\\\/press\\\/images\\\/2020\\\/12\\\/honbk_20201229-1.jpg\",\"keywords\":[\"Hong Kong\"],\"articleSection\":[\"Actualidad\",\"Asia\",\"Justicia\",\"Sociedad\"],\"inLanguage\":\"es-AR\"},{\"@type\":\"WebPage\",\"@id\":\"https:\\\/\\\/elcanillita.info\\\/press\\\/2020\\\/12\\\/28\\\/manifestantes-hong-kong-juzgados-shenzhen-china\\\/\",\"url\":\"https:\\\/\\\/elcanillita.info\\\/press\\\/2020\\\/12\\\/28\\\/manifestantes-hong-kong-juzgados-shenzhen-china\\\/\",\"name\":\"Manifestantes de Hong Kong que huyeron en una lancha son juzgados en Shenzhen, China. - ElCanillita.Info\",\"isPartOf\":{\"@id\":\"https:\\\/\\\/elcanillita.info\\\/press\\\/#website\"},\"primaryImageOfPage\":{\"@id\":\"https:\\\/\\\/elcanillita.info\\\/press\\\/2020\\\/12\\\/28\\\/manifestantes-hong-kong-juzgados-shenzhen-china\\\/#primaryimage\"},\"image\":{\"@id\":\"https:\\\/\\\/elcanillita.info\\\/press\\\/2020\\\/12\\\/28\\\/manifestantes-hong-kong-juzgados-shenzhen-china\\\/#primaryimage\"},\"thumbnailUrl\":\"https:\\\/\\\/elcanillita.info\\\/press\\\/images\\\/2020\\\/12\\\/honbk_20201229-1.jpg\",\"datePublished\":\"2020-12-28T11:43:36+00:00\",\"dateModified\":\"2020-12-29T12:09:54+00:00\",\"inLanguage\":\"es-AR\",\"potentialAction\":[{\"@type\":\"ReadAction\",\"target\":[\"https:\\\/\\\/elcanillita.info\\\/press\\\/2020\\\/12\\\/28\\\/manifestantes-hong-kong-juzgados-shenzhen-china\\\/\"]}]},{\"@type\":\"ImageObject\",\"inLanguage\":\"es-AR\",\"@id\":\"https:\\\/\\\/elcanillita.info\\\/press\\\/2020\\\/12\\\/28\\\/manifestantes-hong-kong-juzgados-shenzhen-china\\\/#primaryimage\",\"url\":\"https:\\\/\\\/elcanillita.info\\\/press\\\/images\\\/2020\\\/12\\\/honbk_20201229-1.jpg\",\"contentUrl\":\"https:\\\/\\\/elcanillita.info\\\/press\\\/images\\\/2020\\\/12\\\/honbk_20201229-1.jpg\",\"width\":600,\"height\":399},{\"@type\":\"WebSite\",\"@id\":\"https:\\\/\\\/elcanillita.info\\\/press\\\/#website\",\"url\":\"https:\\\/\\\/elcanillita.info\\\/press\\\/\",\"name\":\"ElCanillita.Info\",\"description\":\"desde los Apeninos a los Andes\",\"publisher\":{\"@id\":\"https:\\\/\\\/elcanillita.info\\\/press\\\/#organization\"},\"potentialAction\":[{\"@type\":\"SearchAction\",\"target\":{\"@type\":\"EntryPoint\",\"urlTemplate\":\"https:\\\/\\\/elcanillita.info\\\/press\\\/?s={search_term_string}\"},\"query-input\":{\"@type\":\"PropertyValueSpecification\",\"valueRequired\":true,\"valueName\":\"search_term_string\"}}],\"inLanguage\":\"es-AR\"},{\"@type\":\"Organization\",\"@id\":\"https:\\\/\\\/elcanillita.info\\\/press\\\/#organization\",\"name\":\"Guzzo Photos & Graphic Publications\",\"url\":\"https:\\\/\\\/elcanillita.info\\\/press\\\/\",\"logo\":{\"@type\":\"ImageObject\",\"inLanguage\":\"es-AR\",\"@id\":\"https:\\\/\\\/elcanillita.info\\\/press\\\/#\\\/schema\\\/logo\\\/image\\\/\",\"url\":\"https:\\\/\\\/elcanillita.info\\\/press\\\/images\\\/2020\\\/01\\\/cropped-cropped-cropped-elcanillitainfo.png\",\"contentUrl\":\"https:\\\/\\\/elcanillita.info\\\/press\\\/images\\\/2020\\\/01\\\/cropped-cropped-cropped-elcanillitainfo.png\",\"width\":460,\"height\":50,\"caption\":\"Guzzo Photos & Graphic Publications\"},\"image\":{\"@id\":\"https:\\\/\\\/elcanillita.info\\\/press\\\/#\\\/schema\\\/logo\\\/image\\\/\"},\"sameAs\":[\"https:\\\/\\\/ar-ar.facebook.com\\\/ElCanillitainfo-114249515285712\\\/\"]},{\"@type\":\"Person\",\"@id\":\"https:\\\/\\\/elcanillita.info\\\/press\\\/#\\\/schema\\\/person\\\/7fcb79f38045700919f7da6d97e71ba0\",\"name\":\"SalaStampa.eu, world press service\",\"image\":{\"@type\":\"ImageObject\",\"inLanguage\":\"es-AR\",\"@id\":\"https:\\\/\\\/secure.gravatar.com\\\/avatar\\\/c2f0e0d515a107624234994507816ca4724c7199cef73fc8bedebf6931d73888?s=96&d=mm&r=g\",\"url\":\"https:\\\/\\\/secure.gravatar.com\\\/avatar\\\/c2f0e0d515a107624234994507816ca4724c7199cef73fc8bedebf6931d73888?s=96&d=mm&r=g\",\"contentUrl\":\"https:\\\/\\\/secure.gravatar.com\\\/avatar\\\/c2f0e0d515a107624234994507816ca4724c7199cef73fc8bedebf6931d73888?s=96&d=mm&r=g\",\"caption\":\"SalaStampa.eu, world press service\"}}]}<\/script>\n<!-- \/ Yoast SEO plugin. -->","yoast_head_json":{"title":"Manifestantes de Hong Kong que huyeron en una lancha son juzgados en Shenzhen, China. - ElCanillita.Info","robots":{"index":"index","follow":"follow","max-snippet":"max-snippet:-1","max-image-preview":"max-image-preview:large","max-video-preview":"max-video-preview:-1"},"canonical":"https:\/\/elcanillita.info\/press\/2020\/12\/28\/manifestantes-hong-kong-juzgados-shenzhen-china\/","og_locale":"es_ES","og_type":"article","og_title":"Manifestantes de Hong Kong que huyeron en una lancha son juzgados en Shenzhen, China. - ElCanillita.Info","og_description":"Diez de los 12 manifestantes de Hong Kong arrestados cuando intentaban huir de la ciudad hacia la isla democr\u00e1tica de Taiw\u00e1n fueron, juzgados el lunes en un tribunal de la ciudad de Shenzhen, en el sur de China, por cargos relacionados con el cruce ilegal de la frontera.","og_url":"https:\/\/elcanillita.info\/press\/2020\/12\/28\/manifestantes-hong-kong-juzgados-shenzhen-china\/","og_site_name":"ElCanillita.Info","article_publisher":"https:\/\/ar-ar.facebook.com\/ElCanillitainfo-114249515285712\/","article_published_time":"2020-12-28T11:43:36+00:00","article_modified_time":"2020-12-29T12:09:54+00:00","og_image":[{"width":600,"height":399,"url":"https:\/\/elcanillita.info\/press\/images\/2020\/12\/honbk_20201229-1.jpg","type":"image\/jpeg"}],"author":"SalaStampa.eu, world press service","twitter_card":"summary_large_image","twitter_misc":{"Escrito por":"SalaStampa.eu, world press service","Tiempo de lectura":"6 minutos"},"schema":{"@context":"https:\/\/schema.org","@graph":[{"@type":"Article","@id":"https:\/\/elcanillita.info\/press\/2020\/12\/28\/manifestantes-hong-kong-juzgados-shenzhen-china\/#article","isPartOf":{"@id":"https:\/\/elcanillita.info\/press\/2020\/12\/28\/manifestantes-hong-kong-juzgados-shenzhen-china\/"},"author":{"name":"SalaStampa.eu, world press service","@id":"https:\/\/elcanillita.info\/press\/#\/schema\/person\/7fcb79f38045700919f7da6d97e71ba0"},"headline":"Manifestantes de Hong Kong que huyeron en una lancha son juzgados en Shenzhen, China.","datePublished":"2020-12-28T11:43:36+00:00","dateModified":"2020-12-29T12:09:54+00:00","mainEntityOfPage":{"@id":"https:\/\/elcanillita.info\/press\/2020\/12\/28\/manifestantes-hong-kong-juzgados-shenzhen-china\/"},"wordCount":1175,"publisher":{"@id":"https:\/\/elcanillita.info\/press\/#organization"},"image":{"@id":"https:\/\/elcanillita.info\/press\/2020\/12\/28\/manifestantes-hong-kong-juzgados-shenzhen-china\/#primaryimage"},"thumbnailUrl":"https:\/\/elcanillita.info\/press\/images\/2020\/12\/honbk_20201229-1.jpg","keywords":["Hong Kong"],"articleSection":["Actualidad","Asia","Justicia","Sociedad"],"inLanguage":"es-AR"},{"@type":"WebPage","@id":"https:\/\/elcanillita.info\/press\/2020\/12\/28\/manifestantes-hong-kong-juzgados-shenzhen-china\/","url":"https:\/\/elcanillita.info\/press\/2020\/12\/28\/manifestantes-hong-kong-juzgados-shenzhen-china\/","name":"Manifestantes de Hong Kong que huyeron en una lancha son juzgados en Shenzhen, China. - ElCanillita.Info","isPartOf":{"@id":"https:\/\/elcanillita.info\/press\/#website"},"primaryImageOfPage":{"@id":"https:\/\/elcanillita.info\/press\/2020\/12\/28\/manifestantes-hong-kong-juzgados-shenzhen-china\/#primaryimage"},"image":{"@id":"https:\/\/elcanillita.info\/press\/2020\/12\/28\/manifestantes-hong-kong-juzgados-shenzhen-china\/#primaryimage"},"thumbnailUrl":"https:\/\/elcanillita.info\/press\/images\/2020\/12\/honbk_20201229-1.jpg","datePublished":"2020-12-28T11:43:36+00:00","dateModified":"2020-12-29T12:09:54+00:00","inLanguage":"es-AR","potentialAction":[{"@type":"ReadAction","target":["https:\/\/elcanillita.info\/press\/2020\/12\/28\/manifestantes-hong-kong-juzgados-shenzhen-china\/"]}]},{"@type":"ImageObject","inLanguage":"es-AR","@id":"https:\/\/elcanillita.info\/press\/2020\/12\/28\/manifestantes-hong-kong-juzgados-shenzhen-china\/#primaryimage","url":"https:\/\/elcanillita.info\/press\/images\/2020\/12\/honbk_20201229-1.jpg","contentUrl":"https:\/\/elcanillita.info\/press\/images\/2020\/12\/honbk_20201229-1.jpg","width":600,"height":399},{"@type":"WebSite","@id":"https:\/\/elcanillita.info\/press\/#website","url":"https:\/\/elcanillita.info\/press\/","name":"ElCanillita.Info","description":"desde los Apeninos a los Andes","publisher":{"@id":"https:\/\/elcanillita.info\/press\/#organization"},"potentialAction":[{"@type":"SearchAction","target":{"@type":"EntryPoint","urlTemplate":"https:\/\/elcanillita.info\/press\/?s={search_term_string}"},"query-input":{"@type":"PropertyValueSpecification","valueRequired":true,"valueName":"search_term_string"}}],"inLanguage":"es-AR"},{"@type":"Organization","@id":"https:\/\/elcanillita.info\/press\/#organization","name":"Guzzo Photos & Graphic Publications","url":"https:\/\/elcanillita.info\/press\/","logo":{"@type":"ImageObject","inLanguage":"es-AR","@id":"https:\/\/elcanillita.info\/press\/#\/schema\/logo\/image\/","url":"https:\/\/elcanillita.info\/press\/images\/2020\/01\/cropped-cropped-cropped-elcanillitainfo.png","contentUrl":"https:\/\/elcanillita.info\/press\/images\/2020\/01\/cropped-cropped-cropped-elcanillitainfo.png","width":460,"height":50,"caption":"Guzzo Photos & Graphic Publications"},"image":{"@id":"https:\/\/elcanillita.info\/press\/#\/schema\/logo\/image\/"},"sameAs":["https:\/\/ar-ar.facebook.com\/ElCanillitainfo-114249515285712\/"]},{"@type":"Person","@id":"https:\/\/elcanillita.info\/press\/#\/schema\/person\/7fcb79f38045700919f7da6d97e71ba0","name":"SalaStampa.eu, world press service","image":{"@type":"ImageObject","inLanguage":"es-AR","@id":"https:\/\/secure.gravatar.com\/avatar\/c2f0e0d515a107624234994507816ca4724c7199cef73fc8bedebf6931d73888?s=96&d=mm&r=g","url":"https:\/\/secure.gravatar.com\/avatar\/c2f0e0d515a107624234994507816ca4724c7199cef73fc8bedebf6931d73888?s=96&d=mm&r=g","contentUrl":"https:\/\/secure.gravatar.com\/avatar\/c2f0e0d515a107624234994507816ca4724c7199cef73fc8bedebf6931d73888?s=96&d=mm&r=g","caption":"SalaStampa.eu, world press service"}}]}},"views":737,"_links":{"self":[{"href":"https:\/\/elcanillita.info\/press\/wp-json\/wp\/v2\/posts\/1200","targetHints":{"allow":["GET"]}}],"collection":[{"href":"https:\/\/elcanillita.info\/press\/wp-json\/wp\/v2\/posts"}],"about":[{"href":"https:\/\/elcanillita.info\/press\/wp-json\/wp\/v2\/types\/post"}],"author":[{"embeddable":true,"href":"https:\/\/elcanillita.info\/press\/wp-json\/wp\/v2\/users\/1"}],"replies":[{"embeddable":true,"href":"https:\/\/elcanillita.info\/press\/wp-json\/wp\/v2\/comments?post=1200"}],"version-history":[{"count":0,"href":"https:\/\/elcanillita.info\/press\/wp-json\/wp\/v2\/posts\/1200\/revisions"}],"wp:featuredmedia":[{"embeddable":true,"href":"https:\/\/elcanillita.info\/press\/wp-json\/wp\/v2\/media\/1201"}],"wp:attachment":[{"href":"https:\/\/elcanillita.info\/press\/wp-json\/wp\/v2\/media?parent=1200"}],"wp:term":[{"taxonomy":"category","embeddable":true,"href":"https:\/\/elcanillita.info\/press\/wp-json\/wp\/v2\/categories?post=1200"},{"taxonomy":"post_tag","embeddable":true,"href":"https:\/\/elcanillita.info\/press\/wp-json\/wp\/v2\/tags?post=1200"}],"curies":[{"name":"wp","href":"https:\/\/api.w.org\/{rel}","templated":true}]}}