{"id":1198,"date":"2020-12-28T17:23:12","date_gmt":"2020-12-28T20:23:12","guid":{"rendered":"https:\/\/elcanillita.info\/press\/?p=1198"},"modified":"2020-12-29T07:39:57","modified_gmt":"2020-12-29T10:39:57","slug":"cuatro-anos-prision-periodista-chino-wuhan","status":"publish","type":"post","link":"https:\/\/elcanillita.info\/press\/2020\/12\/28\/cuatro-anos-prision-periodista-chino-wuhan\/","title":{"rendered":"Cuatro a\u00f1os de prisi\u00f3n a una periodista china que inform\u00f3 sobre la pandemia de Wuhan"},"content":{"rendered":"<p><img decoding=\"async\" src=\"https:\/\/elcanillita.info\/press\/images\/2020\/12\/hk_20201228.jpg\" \/><small>Un activista a favor de la democracia, sostiene carteles con la foto de la periodista china Zhang Zhan (foto izquierda) frente a la oficina de enlace del gobierno central chino, en Hong Kong, el lunes 28 de diciembre 2020. <br \/>Zhang (foto derecha) compareci\u00f3 ante el tribunal hoy d\u00eda en silla de ruedas despu\u00e9s de haber sido alimentada por la fuerza durante una huelga de hambre en el centro de detenci\u00f3n del nuevo distrito de Pudong. AP \/ RFA<\/small><\/p>\n\n\n<p><strong>Un tribunal de Shangai ha condenado a cuatro a\u00f1os de prisi\u00f3n a una periodista que inform\u00f3 sobre la pandemia de coronavirus que surgi\u00f3 en diciembre de 2019 en la ciudad de Wuhan, en el centro de China.<\/strong><\/p>\n\n\n\n<p>Zhang Zhan,  compareci\u00f3 en el tribunal en una silla de ruedas despu\u00e9s de haber sido alimentada por la fuerza durante una huelga de hambre en el Centro de Detenci\u00f3n del Nuevo Distrito de Pudong, fue encarcelada \u00e9ste lunes por un Tribunal, que la declar\u00f3 culpable de buscar disputas y provocar problemas, cargo que se utiliza frecuentemente para atacar a los cr\u00edticos del Partido gobernante Comunista Chino (PCCh).<\/p>\n\n\n\n<p>Zhang comenz\u00f3 a llorar cuando escuch\u00f3 la sentencia, al igual que su madre cuando habl\u00f3 con los periodistas despu\u00e9s del juicio.<\/p>\n\n\n\n<p>&#8220;Le dieron cuatro a\u00f1os, lo cual fue totalmente inhumano&#8221;, dijo la madre de Zhang, que s\u00f3lo dio el apellido Shao a RFA despu\u00e9s del juicio.<\/p>\n\n\n\n<p>Estaba sentada frente al juez y nosotros est\u00e1bamos sentados detr\u00e1s de ella, as\u00ed que no pod\u00edamos ver su cara\u2026 pero la vimos sec\u00e1ndose las l\u00e1grimas&#8221;, dijo Shao. &#8220;Estaba tan, tan flaca.<\/p>\n\n\n\n<p>Entonces el juez dijo: &#8216;Ll\u00e9vense a la criminal&#8217;, y la empujaron en su silla de ruedas&#8221;, dijo. &#8220;No s\u00e9 c\u00f3mo pueden soportar hacer algo tan cruel.<\/p>\n\n\n\n<p>La seguridad era estricta fuera de los edificios del tribunal, con la polic\u00eda estableciendo un cord\u00f3n alrededor de las puertas y obligando a los periodistas y transe\u00fantes a retroceder, la prensa tom\u00f3 fotos de la escena.<\/p>\n\n\n\n<p>&#8220;Cuando sal\u00ed, hab\u00eda muchos polic\u00edas alrededor de las puertas&#8221;, dijo Shao. &#8220;No s\u00e9 lo que pas\u00f3\u2026 pero le dijeron al abogado [Li Dawei] que se fuera&#8221;.<\/p>\n\n\n\n<p><strong>Alimentada por la fuerza con un tubo nasal<\/strong><\/p>\n\n\n\n<p>Repetidas reclamos de los abogados defensores de Zhang, Zhang Keke y Ren Quanniu, no fueron respondidos despu\u00e9s del juicio.<\/p>\n\n\n\n<p>Zhang Keke hab\u00eda publicado previamente en los medios sociales que Ren estaba sorprendido por lo delgada que estaba Zhang Zhan durante la \u00faltima visita a su cliente.<\/p>\n\n\n\n<p>En la acusaci\u00f3n, a Zhang Zhan le fue imputado &#8220;publicar informaci\u00f3n falsa&#8221; en las plataformas de medios sociales extranjeros Twitter y YouTube y de dar entrevistas a organizaciones de noticias extranjeras.<\/p>\n\n\n\n<p>Zhang, de 37 a\u00f1os, empez\u00f3 a rechazar comida durante la detenci\u00f3n en junio, y Radio Free Asia inform\u00f3 en septiembre que estaba siendo alimentada por la fuerza mediante un tubo nasal.<\/p>\n\n\n\n<p>Tambi\u00e9n se ha resistido a la presi\u00f3n de la polic\u00eda para que &#8220;confiese&#8221; los cargos que se le imputan.<\/p>\n\n\n\n<p>Zhang est\u00e1 acusada de &#8220;fabricar&#8221; dos art\u00edculos en su reportaje de Wuhan.<\/p>\n\n\n\n<p>El primero fue un informe sobre los ciudadanos de Wuhan, que fueron forzados a pagar una cuota para hacerse pruebas de \u00e1cido nucleico para COVID-19, y en el segundo report\u00f3 que los residentes confinados en sus casas durante uno de los bloqueos, recibieron vegetales podridos enviados por el comit\u00e9 del vecindario.<\/p>\n\n\n\n<p>Zhang dijo que admiti\u00f3 todos los hechos materiales del caso, pero se neg\u00f3 a declararse culpable de los cargos, diciendo que la informaci\u00f3n que public\u00f3 no era falsa.<\/p>\n\n\n\n<p><strong>Parece que quieren que muera<\/strong><\/p>\n\n\n\n<p>Sus abogados defensores argumentaron que ella hab\u00eda visitado personalmente las comunidades cercanas a la estaci\u00f3n de tren de Wuhan, as\u00ed como las farmacias y supermercados en otros distritos, donde hab\u00eda entrevistado residentes de Wuhan, y adquiri\u00f3 la informaci\u00f3n en los puestos y de primera mano.<\/p>\n\n\n\n<p>Shao dijo que hab\u00eda declinado las entrevistas con los medios de comunicaci\u00f3n desde el arresto de su hija bajo presi\u00f3n de la polic\u00eda, con la esperanza de una sentencia m\u00e1s indulgente.<\/p>\n\n\n\n<p>&#8220;Creo que fui enga\u00f1ada, porque de todos modos terminaron d\u00e1ndole una dura sentencia, lo cual no esperaba&#8221;, dijo Shao.<\/p>\n\n\n\n<p>&#8220;Parece que quieren que muera, porque saben de su condici\u00f3n f\u00edsica&#8221;, dijo.<\/p>\n\n\n\n<p>Otros informes de la escena reportan que la polic\u00eda detuvo e interrog\u00f3 a representantes de los medios de comunicaci\u00f3n brit\u00e1nicos y japoneses, mientras una multitud de partidarios de Zhang se reun\u00edan fuera de los edificios del tribunal.<\/p>\n\n\n\n<p>El abogado de derechos de Sichuan, Li Dawei, dijo que hab\u00eda viajado desde su ciudad con la esperanza de que se le permitiera sentarse en la sala del tribunal como observador, pero no tuvo \u00e9xito.<\/p>\n\n\n\n<p>&#8220;Ten\u00eda la esperanza de sentarme como observador, pero no me lo permitieron&#8221;, dijo. &#8220;Dijeron que el juez debia autorizar previamente que los observadores se sentaran cerca de un imputado&#8221;.<\/p>\n\n\n\n<p>El activista de derechos con sede en Shangai Shen Yanqiu dijo que la polic\u00eda hab\u00eda estado apostada en todas las salidas alrededor del metro, y que estaban deteniendo a activistas conocidos.<\/p>\n\n\n\n<p>&#8220;Hab\u00eda polic\u00edas uniformados y de civil en las puertas del tribunal y en todas las salidas del metro&#8221;, dijo Shen a RFA. <br><br>He Jiawei, un residente de la ciudad de Zhuzhou en la provincia de Hunan, fue detenido por la polic\u00eda en la comisar\u00eda de Century Square, y tambi\u00e9n se detuvo a los reporteros.<\/p>\n\n\n\n<p><small>Reportado por Qiao Long y Man Hoi Yan para los servicios de RFA. Traducido y editado por Ruben Guzzo<\/small><br><small>\u00a9 2020 SalaStampa.Eu  affiliate with USAGM \/ BBG\nCopyright \u00a9 1998-2020, RFA. Reprinted by ElCanillita.Info with the permission of Radio Free Asia, 2025 M St. NW, Suite 300, Washington DC 20036<\/small><\/p>\n","protected":false},"excerpt":{"rendered":"<p>Un tribunal de Shangai ha condenado a cuatro a\u00f1os de prisi\u00f3n a una periodista que inform\u00f3 sobre la pandemia de coronavirus que surgi\u00f3 en la ciudad de Wuhan, en el centro de China.<\/p>\n","protected":false},"author":1,"featured_media":1199,"comment_status":"closed","ping_status":"closed","sticky":false,"template":"","format":"standard","meta":{"footnotes":"","_links_to":"","_links_to_target":""},"categories":[70,16,23,78,25],"tags":[55],"class_list":["post-1198","post","type-post","status-publish","format-standard","has-post-thumbnail","hentry","category-actualidad","category-asia","category-politica","category-sanidad","category-sociedad","tag-china","entry","double"],"yoast_head":"<!-- This site is optimized with the Yoast SEO plugin v27.4 - https:\/\/yoast.com\/product\/yoast-seo-wordpress\/ -->\n<title>Cuatro a\u00f1os de prisi\u00f3n a una periodista china que inform\u00f3 sobre la pandemia de Wuhan - ElCanillita.Info<\/title>\n<meta name=\"robots\" content=\"index, follow, max-snippet:-1, max-image-preview:large, max-video-preview:-1\" \/>\n<link rel=\"canonical\" href=\"https:\/\/elcanillita.info\/press\/2020\/12\/28\/cuatro-anos-prision-periodista-chino-wuhan\/\" \/>\n<meta property=\"og:locale\" content=\"es_ES\" \/>\n<meta property=\"og:type\" content=\"article\" \/>\n<meta property=\"og:title\" content=\"Cuatro a\u00f1os de prisi\u00f3n a una periodista china que inform\u00f3 sobre la pandemia de Wuhan - ElCanillita.Info\" \/>\n<meta property=\"og:description\" content=\"Un tribunal de Shangai ha condenado a cuatro a\u00f1os de prisi\u00f3n a una periodista que inform\u00f3 sobre la pandemia de coronavirus que surgi\u00f3 en la ciudad de Wuhan, en el centro de China.\" \/>\n<meta property=\"og:url\" content=\"https:\/\/elcanillita.info\/press\/2020\/12\/28\/cuatro-anos-prision-periodista-chino-wuhan\/\" \/>\n<meta property=\"og:site_name\" content=\"ElCanillita.Info\" \/>\n<meta property=\"article:publisher\" content=\"https:\/\/ar-ar.facebook.com\/ElCanillitainfo-114249515285712\/\" \/>\n<meta property=\"article:published_time\" content=\"2020-12-28T20:23:12+00:00\" \/>\n<meta property=\"article:modified_time\" content=\"2020-12-29T10:39:57+00:00\" \/>\n<meta property=\"og:image\" content=\"https:\/\/elcanillita.info\/press\/images\/2020\/12\/pandeWuhan.jpg\" \/>\n\t<meta property=\"og:image:width\" content=\"600\" \/>\n\t<meta property=\"og:image:height\" content=\"289\" \/>\n\t<meta property=\"og:image:type\" content=\"image\/jpeg\" \/>\n<meta name=\"author\" content=\"SalaStampa.eu, world press service\" \/>\n<meta name=\"twitter:card\" content=\"summary_large_image\" \/>\n<meta name=\"twitter:label1\" content=\"Escrito por\" \/>\n\t<meta name=\"twitter:data1\" content=\"SalaStampa.eu, world press service\" \/>\n\t<meta name=\"twitter:label2\" content=\"Tiempo de lectura\" \/>\n\t<meta name=\"twitter:data2\" content=\"5 minutos\" \/>\n<script type=\"application\/ld+json\" class=\"yoast-schema-graph\">{\"@context\":\"https:\\\/\\\/schema.org\",\"@graph\":[{\"@type\":\"Article\",\"@id\":\"https:\\\/\\\/elcanillita.info\\\/press\\\/2020\\\/12\\\/28\\\/cuatro-anos-prision-periodista-chino-wuhan\\\/#article\",\"isPartOf\":{\"@id\":\"https:\\\/\\\/elcanillita.info\\\/press\\\/2020\\\/12\\\/28\\\/cuatro-anos-prision-periodista-chino-wuhan\\\/\"},\"author\":{\"name\":\"SalaStampa.eu, world press service\",\"@id\":\"https:\\\/\\\/elcanillita.info\\\/press\\\/#\\\/schema\\\/person\\\/7fcb79f38045700919f7da6d97e71ba0\"},\"headline\":\"Cuatro a\u00f1os de prisi\u00f3n a una periodista china que inform\u00f3 sobre la pandemia de Wuhan\",\"datePublished\":\"2020-12-28T20:23:12+00:00\",\"dateModified\":\"2020-12-29T10:39:57+00:00\",\"mainEntityOfPage\":{\"@id\":\"https:\\\/\\\/elcanillita.info\\\/press\\\/2020\\\/12\\\/28\\\/cuatro-anos-prision-periodista-chino-wuhan\\\/\"},\"wordCount\":989,\"publisher\":{\"@id\":\"https:\\\/\\\/elcanillita.info\\\/press\\\/#organization\"},\"image\":{\"@id\":\"https:\\\/\\\/elcanillita.info\\\/press\\\/2020\\\/12\\\/28\\\/cuatro-anos-prision-periodista-chino-wuhan\\\/#primaryimage\"},\"thumbnailUrl\":\"https:\\\/\\\/elcanillita.info\\\/press\\\/images\\\/2020\\\/12\\\/pandeWuhan.jpg\",\"keywords\":[\"China\"],\"articleSection\":[\"Actualidad\",\"Asia\",\"Politica\",\"Sanidad\",\"Sociedad\"],\"inLanguage\":\"es-AR\"},{\"@type\":\"WebPage\",\"@id\":\"https:\\\/\\\/elcanillita.info\\\/press\\\/2020\\\/12\\\/28\\\/cuatro-anos-prision-periodista-chino-wuhan\\\/\",\"url\":\"https:\\\/\\\/elcanillita.info\\\/press\\\/2020\\\/12\\\/28\\\/cuatro-anos-prision-periodista-chino-wuhan\\\/\",\"name\":\"Cuatro a\u00f1os de prisi\u00f3n a una periodista china que inform\u00f3 sobre la pandemia de Wuhan - ElCanillita.Info\",\"isPartOf\":{\"@id\":\"https:\\\/\\\/elcanillita.info\\\/press\\\/#website\"},\"primaryImageOfPage\":{\"@id\":\"https:\\\/\\\/elcanillita.info\\\/press\\\/2020\\\/12\\\/28\\\/cuatro-anos-prision-periodista-chino-wuhan\\\/#primaryimage\"},\"image\":{\"@id\":\"https:\\\/\\\/elcanillita.info\\\/press\\\/2020\\\/12\\\/28\\\/cuatro-anos-prision-periodista-chino-wuhan\\\/#primaryimage\"},\"thumbnailUrl\":\"https:\\\/\\\/elcanillita.info\\\/press\\\/images\\\/2020\\\/12\\\/pandeWuhan.jpg\",\"datePublished\":\"2020-12-28T20:23:12+00:00\",\"dateModified\":\"2020-12-29T10:39:57+00:00\",\"inLanguage\":\"es-AR\",\"potentialAction\":[{\"@type\":\"ReadAction\",\"target\":[\"https:\\\/\\\/elcanillita.info\\\/press\\\/2020\\\/12\\\/28\\\/cuatro-anos-prision-periodista-chino-wuhan\\\/\"]}]},{\"@type\":\"ImageObject\",\"inLanguage\":\"es-AR\",\"@id\":\"https:\\\/\\\/elcanillita.info\\\/press\\\/2020\\\/12\\\/28\\\/cuatro-anos-prision-periodista-chino-wuhan\\\/#primaryimage\",\"url\":\"https:\\\/\\\/elcanillita.info\\\/press\\\/images\\\/2020\\\/12\\\/pandeWuhan.jpg\",\"contentUrl\":\"https:\\\/\\\/elcanillita.info\\\/press\\\/images\\\/2020\\\/12\\\/pandeWuhan.jpg\",\"width\":600,\"height\":289},{\"@type\":\"WebSite\",\"@id\":\"https:\\\/\\\/elcanillita.info\\\/press\\\/#website\",\"url\":\"https:\\\/\\\/elcanillita.info\\\/press\\\/\",\"name\":\"ElCanillita.Info\",\"description\":\"desde los Apeninos a los Andes\",\"publisher\":{\"@id\":\"https:\\\/\\\/elcanillita.info\\\/press\\\/#organization\"},\"potentialAction\":[{\"@type\":\"SearchAction\",\"target\":{\"@type\":\"EntryPoint\",\"urlTemplate\":\"https:\\\/\\\/elcanillita.info\\\/press\\\/?s={search_term_string}\"},\"query-input\":{\"@type\":\"PropertyValueSpecification\",\"valueRequired\":true,\"valueName\":\"search_term_string\"}}],\"inLanguage\":\"es-AR\"},{\"@type\":\"Organization\",\"@id\":\"https:\\\/\\\/elcanillita.info\\\/press\\\/#organization\",\"name\":\"Guzzo Photos & Graphic Publications\",\"url\":\"https:\\\/\\\/elcanillita.info\\\/press\\\/\",\"logo\":{\"@type\":\"ImageObject\",\"inLanguage\":\"es-AR\",\"@id\":\"https:\\\/\\\/elcanillita.info\\\/press\\\/#\\\/schema\\\/logo\\\/image\\\/\",\"url\":\"https:\\\/\\\/elcanillita.info\\\/press\\\/images\\\/2020\\\/01\\\/cropped-cropped-cropped-elcanillitainfo.png\",\"contentUrl\":\"https:\\\/\\\/elcanillita.info\\\/press\\\/images\\\/2020\\\/01\\\/cropped-cropped-cropped-elcanillitainfo.png\",\"width\":460,\"height\":50,\"caption\":\"Guzzo Photos & Graphic Publications\"},\"image\":{\"@id\":\"https:\\\/\\\/elcanillita.info\\\/press\\\/#\\\/schema\\\/logo\\\/image\\\/\"},\"sameAs\":[\"https:\\\/\\\/ar-ar.facebook.com\\\/ElCanillitainfo-114249515285712\\\/\"]},{\"@type\":\"Person\",\"@id\":\"https:\\\/\\\/elcanillita.info\\\/press\\\/#\\\/schema\\\/person\\\/7fcb79f38045700919f7da6d97e71ba0\",\"name\":\"SalaStampa.eu, world press service\",\"image\":{\"@type\":\"ImageObject\",\"inLanguage\":\"es-AR\",\"@id\":\"https:\\\/\\\/secure.gravatar.com\\\/avatar\\\/c2f0e0d515a107624234994507816ca4724c7199cef73fc8bedebf6931d73888?s=96&d=mm&r=g\",\"url\":\"https:\\\/\\\/secure.gravatar.com\\\/avatar\\\/c2f0e0d515a107624234994507816ca4724c7199cef73fc8bedebf6931d73888?s=96&d=mm&r=g\",\"contentUrl\":\"https:\\\/\\\/secure.gravatar.com\\\/avatar\\\/c2f0e0d515a107624234994507816ca4724c7199cef73fc8bedebf6931d73888?s=96&d=mm&r=g\",\"caption\":\"SalaStampa.eu, world press service\"}}]}<\/script>\n<!-- \/ Yoast SEO plugin. -->","yoast_head_json":{"title":"Cuatro a\u00f1os de prisi\u00f3n a una periodista china que inform\u00f3 sobre la pandemia de Wuhan - ElCanillita.Info","robots":{"index":"index","follow":"follow","max-snippet":"max-snippet:-1","max-image-preview":"max-image-preview:large","max-video-preview":"max-video-preview:-1"},"canonical":"https:\/\/elcanillita.info\/press\/2020\/12\/28\/cuatro-anos-prision-periodista-chino-wuhan\/","og_locale":"es_ES","og_type":"article","og_title":"Cuatro a\u00f1os de prisi\u00f3n a una periodista china que inform\u00f3 sobre la pandemia de Wuhan - ElCanillita.Info","og_description":"Un tribunal de Shangai ha condenado a cuatro a\u00f1os de prisi\u00f3n a una periodista que inform\u00f3 sobre la pandemia de coronavirus que surgi\u00f3 en la ciudad de Wuhan, en el centro de China.","og_url":"https:\/\/elcanillita.info\/press\/2020\/12\/28\/cuatro-anos-prision-periodista-chino-wuhan\/","og_site_name":"ElCanillita.Info","article_publisher":"https:\/\/ar-ar.facebook.com\/ElCanillitainfo-114249515285712\/","article_published_time":"2020-12-28T20:23:12+00:00","article_modified_time":"2020-12-29T10:39:57+00:00","og_image":[{"width":600,"height":289,"url":"https:\/\/elcanillita.info\/press\/images\/2020\/12\/pandeWuhan.jpg","type":"image\/jpeg"}],"author":"SalaStampa.eu, world press service","twitter_card":"summary_large_image","twitter_misc":{"Escrito por":"SalaStampa.eu, world press service","Tiempo de lectura":"5 minutos"},"schema":{"@context":"https:\/\/schema.org","@graph":[{"@type":"Article","@id":"https:\/\/elcanillita.info\/press\/2020\/12\/28\/cuatro-anos-prision-periodista-chino-wuhan\/#article","isPartOf":{"@id":"https:\/\/elcanillita.info\/press\/2020\/12\/28\/cuatro-anos-prision-periodista-chino-wuhan\/"},"author":{"name":"SalaStampa.eu, world press service","@id":"https:\/\/elcanillita.info\/press\/#\/schema\/person\/7fcb79f38045700919f7da6d97e71ba0"},"headline":"Cuatro a\u00f1os de prisi\u00f3n a una periodista china que inform\u00f3 sobre la pandemia de Wuhan","datePublished":"2020-12-28T20:23:12+00:00","dateModified":"2020-12-29T10:39:57+00:00","mainEntityOfPage":{"@id":"https:\/\/elcanillita.info\/press\/2020\/12\/28\/cuatro-anos-prision-periodista-chino-wuhan\/"},"wordCount":989,"publisher":{"@id":"https:\/\/elcanillita.info\/press\/#organization"},"image":{"@id":"https:\/\/elcanillita.info\/press\/2020\/12\/28\/cuatro-anos-prision-periodista-chino-wuhan\/#primaryimage"},"thumbnailUrl":"https:\/\/elcanillita.info\/press\/images\/2020\/12\/pandeWuhan.jpg","keywords":["China"],"articleSection":["Actualidad","Asia","Politica","Sanidad","Sociedad"],"inLanguage":"es-AR"},{"@type":"WebPage","@id":"https:\/\/elcanillita.info\/press\/2020\/12\/28\/cuatro-anos-prision-periodista-chino-wuhan\/","url":"https:\/\/elcanillita.info\/press\/2020\/12\/28\/cuatro-anos-prision-periodista-chino-wuhan\/","name":"Cuatro a\u00f1os de prisi\u00f3n a una periodista china que inform\u00f3 sobre la pandemia de Wuhan - ElCanillita.Info","isPartOf":{"@id":"https:\/\/elcanillita.info\/press\/#website"},"primaryImageOfPage":{"@id":"https:\/\/elcanillita.info\/press\/2020\/12\/28\/cuatro-anos-prision-periodista-chino-wuhan\/#primaryimage"},"image":{"@id":"https:\/\/elcanillita.info\/press\/2020\/12\/28\/cuatro-anos-prision-periodista-chino-wuhan\/#primaryimage"},"thumbnailUrl":"https:\/\/elcanillita.info\/press\/images\/2020\/12\/pandeWuhan.jpg","datePublished":"2020-12-28T20:23:12+00:00","dateModified":"2020-12-29T10:39:57+00:00","inLanguage":"es-AR","potentialAction":[{"@type":"ReadAction","target":["https:\/\/elcanillita.info\/press\/2020\/12\/28\/cuatro-anos-prision-periodista-chino-wuhan\/"]}]},{"@type":"ImageObject","inLanguage":"es-AR","@id":"https:\/\/elcanillita.info\/press\/2020\/12\/28\/cuatro-anos-prision-periodista-chino-wuhan\/#primaryimage","url":"https:\/\/elcanillita.info\/press\/images\/2020\/12\/pandeWuhan.jpg","contentUrl":"https:\/\/elcanillita.info\/press\/images\/2020\/12\/pandeWuhan.jpg","width":600,"height":289},{"@type":"WebSite","@id":"https:\/\/elcanillita.info\/press\/#website","url":"https:\/\/elcanillita.info\/press\/","name":"ElCanillita.Info","description":"desde los Apeninos a los Andes","publisher":{"@id":"https:\/\/elcanillita.info\/press\/#organization"},"potentialAction":[{"@type":"SearchAction","target":{"@type":"EntryPoint","urlTemplate":"https:\/\/elcanillita.info\/press\/?s={search_term_string}"},"query-input":{"@type":"PropertyValueSpecification","valueRequired":true,"valueName":"search_term_string"}}],"inLanguage":"es-AR"},{"@type":"Organization","@id":"https:\/\/elcanillita.info\/press\/#organization","name":"Guzzo Photos & Graphic Publications","url":"https:\/\/elcanillita.info\/press\/","logo":{"@type":"ImageObject","inLanguage":"es-AR","@id":"https:\/\/elcanillita.info\/press\/#\/schema\/logo\/image\/","url":"https:\/\/elcanillita.info\/press\/images\/2020\/01\/cropped-cropped-cropped-elcanillitainfo.png","contentUrl":"https:\/\/elcanillita.info\/press\/images\/2020\/01\/cropped-cropped-cropped-elcanillitainfo.png","width":460,"height":50,"caption":"Guzzo Photos & Graphic Publications"},"image":{"@id":"https:\/\/elcanillita.info\/press\/#\/schema\/logo\/image\/"},"sameAs":["https:\/\/ar-ar.facebook.com\/ElCanillitainfo-114249515285712\/"]},{"@type":"Person","@id":"https:\/\/elcanillita.info\/press\/#\/schema\/person\/7fcb79f38045700919f7da6d97e71ba0","name":"SalaStampa.eu, world press service","image":{"@type":"ImageObject","inLanguage":"es-AR","@id":"https:\/\/secure.gravatar.com\/avatar\/c2f0e0d515a107624234994507816ca4724c7199cef73fc8bedebf6931d73888?s=96&d=mm&r=g","url":"https:\/\/secure.gravatar.com\/avatar\/c2f0e0d515a107624234994507816ca4724c7199cef73fc8bedebf6931d73888?s=96&d=mm&r=g","contentUrl":"https:\/\/secure.gravatar.com\/avatar\/c2f0e0d515a107624234994507816ca4724c7199cef73fc8bedebf6931d73888?s=96&d=mm&r=g","caption":"SalaStampa.eu, world press service"}}]}},"views":650,"_links":{"self":[{"href":"https:\/\/elcanillita.info\/press\/wp-json\/wp\/v2\/posts\/1198","targetHints":{"allow":["GET"]}}],"collection":[{"href":"https:\/\/elcanillita.info\/press\/wp-json\/wp\/v2\/posts"}],"about":[{"href":"https:\/\/elcanillita.info\/press\/wp-json\/wp\/v2\/types\/post"}],"author":[{"embeddable":true,"href":"https:\/\/elcanillita.info\/press\/wp-json\/wp\/v2\/users\/1"}],"replies":[{"embeddable":true,"href":"https:\/\/elcanillita.info\/press\/wp-json\/wp\/v2\/comments?post=1198"}],"version-history":[{"count":0,"href":"https:\/\/elcanillita.info\/press\/wp-json\/wp\/v2\/posts\/1198\/revisions"}],"wp:featuredmedia":[{"embeddable":true,"href":"https:\/\/elcanillita.info\/press\/wp-json\/wp\/v2\/media\/1199"}],"wp:attachment":[{"href":"https:\/\/elcanillita.info\/press\/wp-json\/wp\/v2\/media?parent=1198"}],"wp:term":[{"taxonomy":"category","embeddable":true,"href":"https:\/\/elcanillita.info\/press\/wp-json\/wp\/v2\/categories?post=1198"},{"taxonomy":"post_tag","embeddable":true,"href":"https:\/\/elcanillita.info\/press\/wp-json\/wp\/v2\/tags?post=1198"}],"curies":[{"name":"wp","href":"https:\/\/api.w.org\/{rel}","templated":true}]}}