{"id":1197,"date":"2020-12-26T16:55:05","date_gmt":"2020-12-26T19:55:05","guid":{"rendered":"https:\/\/elcanillita.info\/press\/?p=1197"},"modified":"2020-12-26T17:02:06","modified_gmt":"2020-12-26T20:02:06","slug":"historia-vuelve-repetirse","status":"publish","type":"post","link":"https:\/\/elcanillita.info\/press\/2020\/12\/26\/historia-vuelve-repetirse\/","title":{"rendered":"La historia vuelve a repetirse&#8230;"},"content":{"rendered":"\n<p><strong><em>\u201cEl supremo arte de la guerra es someter al enemigo sin luchar\u201d.<\/em><\/strong><br><strong><em>Sun Tzu<\/em><\/strong><\/p>\n\n\n\n<p>Cuando Enrique Cad\u00edcamo escribi\u00f3 el tango \u201cPor la vuelta\u201d, no pod\u00eda suponer que la Argentina ser\u00eda esa&nbsp;<em>\u201cmu\u00f1equita dulce y rubia\u201d<\/em>&nbsp;unida al protagonista por&nbsp;<em>\u201cese mismo loco af\u00e1n\u201d<\/em>&nbsp;que, lamentablemente, ya formaba parte del pasado. Sin embargo, el cuarto gobierno kirchnerista no s\u00f3lo se resiste a la despedida sino que vuelve a insistir en los mismos \u00bferrores?<\/p>\n\n\n\n<p>La reciente ley que dispuso la declaraci\u00f3n de los servicios de Internet, televisi\u00f3n por cable y telecomunicaciones como servicios p\u00fablicos, sujetos a regulaciones absurdas y la prestaci\u00f3n b\u00e1sica universal de los mismos, constituye una injustificable intervenci\u00f3n del Estado en uno de los mercados libres que eficientemente funcionaban en el pa\u00eds y remite a la historia de YPF, cuando don N\u00e9stor decidi\u00f3 apropiarse del 25% de la compa\u00f1\u00eda y, para conseguirlo, nos dej\u00f3 sin el autoabastecimiento energ\u00e9tico, que tanto nos hab\u00eda costado conseguir. \u00bfOtra vez querr\u00e1 la comandante suprema de la Patria quedarse no s\u00f3lo con las coimas sino con las propias empresas?<\/p>\n\n\n\n<p>Como recordar\u00e1 \u2013en cualquier caso, las notas obran en mi blog- he escrito infinidad de veces sobre el tema y, \u00faltimamente, lo he vuelto a hacer motivado por el pleito que tramita en Nueva York, iniciado por Burford Capital contra el Estado argentino, que podr\u00eda llegar a costarnos la friolera de US$ 15 mil millones. La raz\u00f3n de mi insistencia radica en que sospecho que detr\u00e1s del \u201cfondo buitre\u201d sigue estando la familia Eskenazy, testaferro de los Kirchner en la an\u00f3nima compa\u00f1\u00eda australiana due\u00f1a a\u00fan de ese 25%.<\/p>\n\n\n\n<p>Con la irracional excusa de la necesaria gratuidad de los servicios de Internet y comunicaciones para los m\u00e1s pobres, nuevamente el Estado esta inviabilizando las inversiones locales y extranjeras que se requieren, como en tantos otros rubros industriales, para mantener actualizado a un sector verdaderamente din\u00e1mico y competitivo de nuestra econom\u00eda, que seg\u00fan el propio Ente Nacional de Comunicaciones ya atiende al 95% del territorio, y del cual dependeremos para no caernos definitivamente del mapa global.<\/p>\n\n\n\n<p>La \u2013para ella- muy preocupante probabilidad de perder las elecciones del pr\u00f3ximo a\u00f1o por la monumental cat\u00e1strofe econ\u00f3mica que la absurda \u201ccuareterna\u201d produjo, que ser\u00e1 imposible remontar en tan s\u00f3lo ocho o diez meses (con o sin PASO), ha llevado a PresidenteVice a repetir sus gestos del per\u00edodo 2011-2015 y a congelar las tarifas de la energ\u00eda, por lo cual podemos predecir \u2013sin margen de error- que volver\u00e1n los cortes de luz y la falta de gas. Pero, por mucho que le pese, las herramientas de las que dispone no son las mismas; no existen ya las reservas necesarias para reflotar los negociados con el gas licuado importado, reconstruir la pi\u00f1ata de subsidios a todos y a todas ni domar al mercado del d\u00f3lar \u201cblue\u201d.<\/p>\n\n\n\n<p>Por el contrario, la falta de respuesta del consumo, considerado por el kirchnerismo analfabeto como principal factor dinamizador de la econom\u00eda, obligar\u00e1 al Gobierno a seguir emitiendo m\u00e1s papelitos de colores para atender a las organizaciones sociales y a las empresas que no pueden pagar los salarios mientras se les impide despedir personal. Es decir, inexorablemente el peso continuar\u00e1 devalu\u00e1ndose y perdiendo poder adquisitivo y no se generar\u00e1 trabajo formal privado.<\/p>\n\n\n\n<p>Mientras tanto, asombrados asistimos al permanente fuego amigo que el Senado, n\u00facleo central de la telara\u00f1a de Cristina Fern\u00e1ndez, y los lenguaraces de \u00e9sta disparan diariamente sobre el Presidente Pinocho, el Ministro Mart\u00edn Guzm\u00e1n y los presuntos avances de ambos en la negociaci\u00f3n con el FMI para obtener alguna forma de facilidades extendidas. Pero no debiera sorprendernos porque, como se ha dicho en estas columnas muchas veces, la VicepresidenteVice pretende dejarnos sin alternativas de subsistencia financiera que no sean las provenientes de China, con todo lo negativo que ello implica, tanto para la democracia republicana y a nuestra geopol\u00edtica cuanto para la propia econom\u00eda, que as\u00ed s\u00f3lo suministrar\u00e1 las materias primas esenciales al gigante asi\u00e1tico.<\/p>\n\n\n\n<p>La gota que derram\u00f3 el triste vaso de este olvidable a\u00f1o la puso Carlos Pagni cuando el lunes explic\u00f3, con todo detalle, las razones del oscuro pacto entre el oficialismo y la oposici\u00f3n en el Consejo de la Magistratura, que habilit\u00f3 la designaci\u00f3n para la determinante C\u00e1mara Federal Criminal de Roberto Boico, ex abogado de Cristina Fern\u00e1ndez y varios de los mayores corruptos de la historia. Si son ciertas, y los sagrados hechos le dan la raz\u00f3n, Juntos por el Cambio habr\u00e1 entregado las banderas al enemigo y, con ello, su \u00faltimo basti\u00f3n contra la impunidad. A partir de ahora, s\u00f3lo nos queda la oscilante Corte Suprema como trinchera para proteger a la Rep\u00fablica.<\/p>\n\n\n\n<p>Le \u2013y me- deseo el mejor 2021 posible, que seguramente no ser\u00e1 mucho, puesto que en \u00e9l deberemos resistir el golpe de Estado institucional que el kirchnerismo est\u00e1 ejecutando contra la Constituci\u00f3n y su tan esencial divisi\u00f3n de poderes. Deberemos imitar a Le\u00f3nidas cuando, en el paso de las Term\u00f3pilas, con s\u00f3lo 300 griegos ante miles de persas, orden\u00f3:&nbsp;<em>\u201cMensajero, ve a Esparta y di que aqu\u00ed hemos muerto por defender sus leyes\u201d<\/em>.<\/p>\n\n<p>Buenos Aires, 26 Diciembre 2020<\/p>\n<p> <small>\u00a9 2020 Enrique Guillermo Avogadro<\/small><br>\n<small>\u00a9 2020 ElCanillita.Info \u2013 Todos los derechos reservados<br> Prohibida la reproducci\u00f3n total o parcial de \u00e9ste art\u00edculo sin autorizaci\u00f3n explicita del autor<\/small><\/p><\/p>\n","protected":false},"excerpt":{"rendered":"<p>\u201cEl supremo arte de la guerra es someter al enemigo sin luchar\u201d.Sun Tzu Cuando Enrique Cad\u00edcamo escribi\u00f3 el tango \u201cPor la vuelta\u201d, no pod\u00eda suponer&#8230;<\/p>\n","protected":false},"author":1,"featured_media":1196,"comment_status":"closed","ping_status":"closed","sticky":false,"template":"","format":"standard","meta":{"footnotes":"","_links_to":"","_links_to_target":""},"categories":[11,25],"tags":[],"class_list":["post-1197","post","type-post","status-publish","format-standard","has-post-thumbnail","hentry","category-america-del-sur","category-sociedad","entry","double"],"yoast_head":"<!-- This site is optimized with the Yoast SEO plugin v27.4 - https:\/\/yoast.com\/product\/yoast-seo-wordpress\/ -->\n<title>La historia vuelve a repetirse... - ElCanillita.Info<\/title>\n<meta name=\"robots\" content=\"index, follow, max-snippet:-1, max-image-preview:large, max-video-preview:-1\" \/>\n<link rel=\"canonical\" href=\"https:\/\/elcanillita.info\/press\/2020\/12\/26\/historia-vuelve-repetirse\/\" \/>\n<meta property=\"og:locale\" content=\"es_ES\" \/>\n<meta property=\"og:type\" content=\"article\" \/>\n<meta property=\"og:title\" content=\"La historia vuelve a repetirse... - ElCanillita.Info\" \/>\n<meta property=\"og:description\" content=\"\u201cEl supremo arte de la guerra es someter al enemigo sin luchar\u201d.Sun Tzu Cuando Enrique Cad\u00edcamo escribi\u00f3 el tango \u201cPor la vuelta\u201d, no pod\u00eda suponer&#8230;\" \/>\n<meta property=\"og:url\" content=\"https:\/\/elcanillita.info\/press\/2020\/12\/26\/historia-vuelve-repetirse\/\" \/>\n<meta property=\"og:site_name\" content=\"ElCanillita.Info\" \/>\n<meta property=\"article:publisher\" content=\"https:\/\/ar-ar.facebook.com\/ElCanillitainfo-114249515285712\/\" \/>\n<meta property=\"article:published_time\" content=\"2020-12-26T19:55:05+00:00\" \/>\n<meta property=\"article:modified_time\" content=\"2020-12-26T20:02:06+00:00\" \/>\n<meta property=\"og:image\" content=\"https:\/\/elcanillita.info\/press\/images\/2020\/12\/navidad_600x800_elcanillitainfo.jpg\" \/>\n\t<meta property=\"og:image:width\" content=\"601\" \/>\n\t<meta property=\"og:image:height\" content=\"800\" \/>\n\t<meta property=\"og:image:type\" content=\"image\/jpeg\" \/>\n<meta name=\"author\" content=\"SalaStampa.eu, world press service\" \/>\n<meta name=\"twitter:card\" content=\"summary_large_image\" \/>\n<meta name=\"twitter:label1\" content=\"Escrito por\" \/>\n\t<meta name=\"twitter:data1\" content=\"SalaStampa.eu, world press service\" \/>\n\t<meta name=\"twitter:label2\" content=\"Tiempo de lectura\" \/>\n\t<meta name=\"twitter:data2\" content=\"5 minutos\" \/>\n<script type=\"application\/ld+json\" class=\"yoast-schema-graph\">{\"@context\":\"https:\\\/\\\/schema.org\",\"@graph\":[{\"@type\":\"Article\",\"@id\":\"https:\\\/\\\/elcanillita.info\\\/press\\\/2020\\\/12\\\/26\\\/historia-vuelve-repetirse\\\/#article\",\"isPartOf\":{\"@id\":\"https:\\\/\\\/elcanillita.info\\\/press\\\/2020\\\/12\\\/26\\\/historia-vuelve-repetirse\\\/\"},\"author\":{\"name\":\"SalaStampa.eu, world press service\",\"@id\":\"https:\\\/\\\/elcanillita.info\\\/press\\\/#\\\/schema\\\/person\\\/7fcb79f38045700919f7da6d97e71ba0\"},\"headline\":\"La historia vuelve a repetirse&#8230;\",\"datePublished\":\"2020-12-26T19:55:05+00:00\",\"dateModified\":\"2020-12-26T20:02:06+00:00\",\"mainEntityOfPage\":{\"@id\":\"https:\\\/\\\/elcanillita.info\\\/press\\\/2020\\\/12\\\/26\\\/historia-vuelve-repetirse\\\/\"},\"wordCount\":935,\"publisher\":{\"@id\":\"https:\\\/\\\/elcanillita.info\\\/press\\\/#organization\"},\"image\":{\"@id\":\"https:\\\/\\\/elcanillita.info\\\/press\\\/2020\\\/12\\\/26\\\/historia-vuelve-repetirse\\\/#primaryimage\"},\"thumbnailUrl\":\"https:\\\/\\\/elcanillita.info\\\/press\\\/images\\\/2020\\\/12\\\/navidad_600x800_elcanillitainfo.jpg\",\"articleSection\":[\"Am\u00e9rica del Sur\",\"Sociedad\"],\"inLanguage\":\"es-AR\"},{\"@type\":\"WebPage\",\"@id\":\"https:\\\/\\\/elcanillita.info\\\/press\\\/2020\\\/12\\\/26\\\/historia-vuelve-repetirse\\\/\",\"url\":\"https:\\\/\\\/elcanillita.info\\\/press\\\/2020\\\/12\\\/26\\\/historia-vuelve-repetirse\\\/\",\"name\":\"La historia vuelve a repetirse... - ElCanillita.Info\",\"isPartOf\":{\"@id\":\"https:\\\/\\\/elcanillita.info\\\/press\\\/#website\"},\"primaryImageOfPage\":{\"@id\":\"https:\\\/\\\/elcanillita.info\\\/press\\\/2020\\\/12\\\/26\\\/historia-vuelve-repetirse\\\/#primaryimage\"},\"image\":{\"@id\":\"https:\\\/\\\/elcanillita.info\\\/press\\\/2020\\\/12\\\/26\\\/historia-vuelve-repetirse\\\/#primaryimage\"},\"thumbnailUrl\":\"https:\\\/\\\/elcanillita.info\\\/press\\\/images\\\/2020\\\/12\\\/navidad_600x800_elcanillitainfo.jpg\",\"datePublished\":\"2020-12-26T19:55:05+00:00\",\"dateModified\":\"2020-12-26T20:02:06+00:00\",\"inLanguage\":\"es-AR\",\"potentialAction\":[{\"@type\":\"ReadAction\",\"target\":[\"https:\\\/\\\/elcanillita.info\\\/press\\\/2020\\\/12\\\/26\\\/historia-vuelve-repetirse\\\/\"]}]},{\"@type\":\"ImageObject\",\"inLanguage\":\"es-AR\",\"@id\":\"https:\\\/\\\/elcanillita.info\\\/press\\\/2020\\\/12\\\/26\\\/historia-vuelve-repetirse\\\/#primaryimage\",\"url\":\"https:\\\/\\\/elcanillita.info\\\/press\\\/images\\\/2020\\\/12\\\/navidad_600x800_elcanillitainfo.jpg\",\"contentUrl\":\"https:\\\/\\\/elcanillita.info\\\/press\\\/images\\\/2020\\\/12\\\/navidad_600x800_elcanillitainfo.jpg\",\"width\":601,\"height\":800,\"caption\":\"Navidad, Dolores de La Press\"},{\"@type\":\"WebSite\",\"@id\":\"https:\\\/\\\/elcanillita.info\\\/press\\\/#website\",\"url\":\"https:\\\/\\\/elcanillita.info\\\/press\\\/\",\"name\":\"ElCanillita.Info\",\"description\":\"desde los Apeninos a los Andes\",\"publisher\":{\"@id\":\"https:\\\/\\\/elcanillita.info\\\/press\\\/#organization\"},\"potentialAction\":[{\"@type\":\"SearchAction\",\"target\":{\"@type\":\"EntryPoint\",\"urlTemplate\":\"https:\\\/\\\/elcanillita.info\\\/press\\\/?s={search_term_string}\"},\"query-input\":{\"@type\":\"PropertyValueSpecification\",\"valueRequired\":true,\"valueName\":\"search_term_string\"}}],\"inLanguage\":\"es-AR\"},{\"@type\":\"Organization\",\"@id\":\"https:\\\/\\\/elcanillita.info\\\/press\\\/#organization\",\"name\":\"Guzzo Photos & Graphic Publications\",\"url\":\"https:\\\/\\\/elcanillita.info\\\/press\\\/\",\"logo\":{\"@type\":\"ImageObject\",\"inLanguage\":\"es-AR\",\"@id\":\"https:\\\/\\\/elcanillita.info\\\/press\\\/#\\\/schema\\\/logo\\\/image\\\/\",\"url\":\"https:\\\/\\\/elcanillita.info\\\/press\\\/images\\\/2020\\\/01\\\/cropped-cropped-cropped-elcanillitainfo.png\",\"contentUrl\":\"https:\\\/\\\/elcanillita.info\\\/press\\\/images\\\/2020\\\/01\\\/cropped-cropped-cropped-elcanillitainfo.png\",\"width\":460,\"height\":50,\"caption\":\"Guzzo Photos & Graphic Publications\"},\"image\":{\"@id\":\"https:\\\/\\\/elcanillita.info\\\/press\\\/#\\\/schema\\\/logo\\\/image\\\/\"},\"sameAs\":[\"https:\\\/\\\/ar-ar.facebook.com\\\/ElCanillitainfo-114249515285712\\\/\"]},{\"@type\":\"Person\",\"@id\":\"https:\\\/\\\/elcanillita.info\\\/press\\\/#\\\/schema\\\/person\\\/7fcb79f38045700919f7da6d97e71ba0\",\"name\":\"SalaStampa.eu, world press service\",\"image\":{\"@type\":\"ImageObject\",\"inLanguage\":\"es-AR\",\"@id\":\"https:\\\/\\\/secure.gravatar.com\\\/avatar\\\/c2f0e0d515a107624234994507816ca4724c7199cef73fc8bedebf6931d73888?s=96&d=mm&r=g\",\"url\":\"https:\\\/\\\/secure.gravatar.com\\\/avatar\\\/c2f0e0d515a107624234994507816ca4724c7199cef73fc8bedebf6931d73888?s=96&d=mm&r=g\",\"contentUrl\":\"https:\\\/\\\/secure.gravatar.com\\\/avatar\\\/c2f0e0d515a107624234994507816ca4724c7199cef73fc8bedebf6931d73888?s=96&d=mm&r=g\",\"caption\":\"SalaStampa.eu, world press service\"}}]}<\/script>\n<!-- \/ Yoast SEO plugin. -->","yoast_head_json":{"title":"La historia vuelve a repetirse... - ElCanillita.Info","robots":{"index":"index","follow":"follow","max-snippet":"max-snippet:-1","max-image-preview":"max-image-preview:large","max-video-preview":"max-video-preview:-1"},"canonical":"https:\/\/elcanillita.info\/press\/2020\/12\/26\/historia-vuelve-repetirse\/","og_locale":"es_ES","og_type":"article","og_title":"La historia vuelve a repetirse... - ElCanillita.Info","og_description":"\u201cEl supremo arte de la guerra es someter al enemigo sin luchar\u201d.Sun Tzu Cuando Enrique Cad\u00edcamo escribi\u00f3 el tango \u201cPor la vuelta\u201d, no pod\u00eda suponer&#8230;","og_url":"https:\/\/elcanillita.info\/press\/2020\/12\/26\/historia-vuelve-repetirse\/","og_site_name":"ElCanillita.Info","article_publisher":"https:\/\/ar-ar.facebook.com\/ElCanillitainfo-114249515285712\/","article_published_time":"2020-12-26T19:55:05+00:00","article_modified_time":"2020-12-26T20:02:06+00:00","og_image":[{"width":601,"height":800,"url":"https:\/\/elcanillita.info\/press\/images\/2020\/12\/navidad_600x800_elcanillitainfo.jpg","type":"image\/jpeg"}],"author":"SalaStampa.eu, world press service","twitter_card":"summary_large_image","twitter_misc":{"Escrito por":"SalaStampa.eu, world press service","Tiempo de lectura":"5 minutos"},"schema":{"@context":"https:\/\/schema.org","@graph":[{"@type":"Article","@id":"https:\/\/elcanillita.info\/press\/2020\/12\/26\/historia-vuelve-repetirse\/#article","isPartOf":{"@id":"https:\/\/elcanillita.info\/press\/2020\/12\/26\/historia-vuelve-repetirse\/"},"author":{"name":"SalaStampa.eu, world press service","@id":"https:\/\/elcanillita.info\/press\/#\/schema\/person\/7fcb79f38045700919f7da6d97e71ba0"},"headline":"La historia vuelve a repetirse&#8230;","datePublished":"2020-12-26T19:55:05+00:00","dateModified":"2020-12-26T20:02:06+00:00","mainEntityOfPage":{"@id":"https:\/\/elcanillita.info\/press\/2020\/12\/26\/historia-vuelve-repetirse\/"},"wordCount":935,"publisher":{"@id":"https:\/\/elcanillita.info\/press\/#organization"},"image":{"@id":"https:\/\/elcanillita.info\/press\/2020\/12\/26\/historia-vuelve-repetirse\/#primaryimage"},"thumbnailUrl":"https:\/\/elcanillita.info\/press\/images\/2020\/12\/navidad_600x800_elcanillitainfo.jpg","articleSection":["Am\u00e9rica del Sur","Sociedad"],"inLanguage":"es-AR"},{"@type":"WebPage","@id":"https:\/\/elcanillita.info\/press\/2020\/12\/26\/historia-vuelve-repetirse\/","url":"https:\/\/elcanillita.info\/press\/2020\/12\/26\/historia-vuelve-repetirse\/","name":"La historia vuelve a repetirse... - ElCanillita.Info","isPartOf":{"@id":"https:\/\/elcanillita.info\/press\/#website"},"primaryImageOfPage":{"@id":"https:\/\/elcanillita.info\/press\/2020\/12\/26\/historia-vuelve-repetirse\/#primaryimage"},"image":{"@id":"https:\/\/elcanillita.info\/press\/2020\/12\/26\/historia-vuelve-repetirse\/#primaryimage"},"thumbnailUrl":"https:\/\/elcanillita.info\/press\/images\/2020\/12\/navidad_600x800_elcanillitainfo.jpg","datePublished":"2020-12-26T19:55:05+00:00","dateModified":"2020-12-26T20:02:06+00:00","inLanguage":"es-AR","potentialAction":[{"@type":"ReadAction","target":["https:\/\/elcanillita.info\/press\/2020\/12\/26\/historia-vuelve-repetirse\/"]}]},{"@type":"ImageObject","inLanguage":"es-AR","@id":"https:\/\/elcanillita.info\/press\/2020\/12\/26\/historia-vuelve-repetirse\/#primaryimage","url":"https:\/\/elcanillita.info\/press\/images\/2020\/12\/navidad_600x800_elcanillitainfo.jpg","contentUrl":"https:\/\/elcanillita.info\/press\/images\/2020\/12\/navidad_600x800_elcanillitainfo.jpg","width":601,"height":800,"caption":"Navidad, Dolores de La Press"},{"@type":"WebSite","@id":"https:\/\/elcanillita.info\/press\/#website","url":"https:\/\/elcanillita.info\/press\/","name":"ElCanillita.Info","description":"desde los Apeninos a los Andes","publisher":{"@id":"https:\/\/elcanillita.info\/press\/#organization"},"potentialAction":[{"@type":"SearchAction","target":{"@type":"EntryPoint","urlTemplate":"https:\/\/elcanillita.info\/press\/?s={search_term_string}"},"query-input":{"@type":"PropertyValueSpecification","valueRequired":true,"valueName":"search_term_string"}}],"inLanguage":"es-AR"},{"@type":"Organization","@id":"https:\/\/elcanillita.info\/press\/#organization","name":"Guzzo Photos & Graphic Publications","url":"https:\/\/elcanillita.info\/press\/","logo":{"@type":"ImageObject","inLanguage":"es-AR","@id":"https:\/\/elcanillita.info\/press\/#\/schema\/logo\/image\/","url":"https:\/\/elcanillita.info\/press\/images\/2020\/01\/cropped-cropped-cropped-elcanillitainfo.png","contentUrl":"https:\/\/elcanillita.info\/press\/images\/2020\/01\/cropped-cropped-cropped-elcanillitainfo.png","width":460,"height":50,"caption":"Guzzo Photos & Graphic Publications"},"image":{"@id":"https:\/\/elcanillita.info\/press\/#\/schema\/logo\/image\/"},"sameAs":["https:\/\/ar-ar.facebook.com\/ElCanillitainfo-114249515285712\/"]},{"@type":"Person","@id":"https:\/\/elcanillita.info\/press\/#\/schema\/person\/7fcb79f38045700919f7da6d97e71ba0","name":"SalaStampa.eu, world press service","image":{"@type":"ImageObject","inLanguage":"es-AR","@id":"https:\/\/secure.gravatar.com\/avatar\/c2f0e0d515a107624234994507816ca4724c7199cef73fc8bedebf6931d73888?s=96&d=mm&r=g","url":"https:\/\/secure.gravatar.com\/avatar\/c2f0e0d515a107624234994507816ca4724c7199cef73fc8bedebf6931d73888?s=96&d=mm&r=g","contentUrl":"https:\/\/secure.gravatar.com\/avatar\/c2f0e0d515a107624234994507816ca4724c7199cef73fc8bedebf6931d73888?s=96&d=mm&r=g","caption":"SalaStampa.eu, world press service"}}]}},"views":599,"_links":{"self":[{"href":"https:\/\/elcanillita.info\/press\/wp-json\/wp\/v2\/posts\/1197","targetHints":{"allow":["GET"]}}],"collection":[{"href":"https:\/\/elcanillita.info\/press\/wp-json\/wp\/v2\/posts"}],"about":[{"href":"https:\/\/elcanillita.info\/press\/wp-json\/wp\/v2\/types\/post"}],"author":[{"embeddable":true,"href":"https:\/\/elcanillita.info\/press\/wp-json\/wp\/v2\/users\/1"}],"replies":[{"embeddable":true,"href":"https:\/\/elcanillita.info\/press\/wp-json\/wp\/v2\/comments?post=1197"}],"version-history":[{"count":0,"href":"https:\/\/elcanillita.info\/press\/wp-json\/wp\/v2\/posts\/1197\/revisions"}],"wp:featuredmedia":[{"embeddable":true,"href":"https:\/\/elcanillita.info\/press\/wp-json\/wp\/v2\/media\/1196"}],"wp:attachment":[{"href":"https:\/\/elcanillita.info\/press\/wp-json\/wp\/v2\/media?parent=1197"}],"wp:term":[{"taxonomy":"category","embeddable":true,"href":"https:\/\/elcanillita.info\/press\/wp-json\/wp\/v2\/categories?post=1197"},{"taxonomy":"post_tag","embeddable":true,"href":"https:\/\/elcanillita.info\/press\/wp-json\/wp\/v2\/tags?post=1197"}],"curies":[{"name":"wp","href":"https:\/\/api.w.org\/{rel}","templated":true}]}}