{"id":1193,"date":"2020-12-22T08:52:28","date_gmt":"2020-12-22T11:52:28","guid":{"rendered":"https:\/\/elcanillita.info\/press\/?p=1193"},"modified":"2020-12-22T09:11:46","modified_gmt":"2020-12-22T12:11:46","slug":"variante-coronavirus","status":"publish","type":"post","link":"https:\/\/elcanillita.info\/press\/2020\/12\/22\/variante-coronavirus\/","title":{"rendered":"La variante del coronavirus"},"content":{"rendered":"<p><img decoding=\"async\" src=\"https:\/\/elcanillita.info\/press\/images\/2020\/12\/coronavirus.jpg\"><\/p>\n\n\n<p>&#8211; \u00bfCu\u00e1l es la prueba que permite saber si se est\u00e1 infectado con la nueva versi\u00f3n del coronavirus?<br>&#8211; \u00bfSon suficientes los hisopos y las pruebas de ant\u00edgeno?<br>&#8211; \u00bfY cu\u00e1les son los riesgos de que estas dos pruebas fallen en el diagn\u00f3stico de Covid en presencia de la variante mutada?<\/p>\n\n\n\n<p>Se llama VUI-202012\/01 o linaje B.1.1.7 y es la nueva variante del coronavirus Sars-Cov-2 que surgi\u00f3 a mediados de septiembre en el sudeste de Inglaterra.<\/p>\n\n\n\n<p>Los pa\u00edses europeos, entre los que se encuentran Alemania, Francia, B\u00e9lgica, los Pa\u00edses Bajos y Austria, han decidido bloquear los vuelos procedentes de Gran Breta\u00f1a.<\/p>\n\n\n\n<p>El temor es que la nueva variante considerada 70% m\u00e1s contagiosa considerada por las autoridades sanitarias del Reino Unido, podr\u00eda arribar con los pasajeros que regresan a Europa para las vacaciones de Navidad, desencadenando una tercera ola que se superpondr\u00eda con la campa\u00f1a de vacunaci\u00f3n que se est\u00e1 llevando a cabo en los pa\u00edses de la UE.<br><br> Una acci\u00f3n claramente tard\u00eda contra una mutaci\u00f3n que, de minoritaria, en pocos meses se ha convertido en la predominante en la regi\u00f3n sudeste de Inglaterra, y que por lo tanto ha tenido mucho tiempo para &#8220;viajar&#8221; en el Viejo Continente. En Italia, desde hace unos d\u00edas, una persona y &#8220;su cohabitante&#8221;, como descrito por el Ministerio de Salud en una nota oficial &#8211; han sido admitidos en el Hospital Militar Celio de Roma, donde los m\u00e9dicos han encontrado que uno de ellos es positivo a la nueva variante.<\/p>\n\n\n\n<p>Ambos hombres hab\u00edan regresado recientemente de Inglaterra cuando sintieron los primeros s\u00edntomas. Otro hombre, un m\u00e9dico, que se sospecha que es positivo a la nueva variante, se someti\u00f3 a pruebas en el Hospital Spallanzani. Una situaci\u00f3n que ha desencadenado medidas de seguridad contra los contactos cercanos, as\u00ed como alertar a los pasajeros en sus vuelos de regreso a Italia, creando no poco aprehensi\u00f3n porque a trav\u00e9s del cl\u00e1sico hisopo molecular no es posible saber si uno ha sido infectado por la nueva variante.<\/p>\n\n\n\n<p>Como se sabe, la prueba de diagn\u00f3stico tradicional, el hisopo molecular, detecta la presencia de material gen\u00e9tico del virus Sars-Cov-2 en una muestra de oro\/rinofaringe.  A trav\u00e9s de esta prueba por lo tanto, no es posible saber qu\u00e9 variante del virus est\u00e1 involucrada, sino s\u00f3lo si la infecci\u00f3n est\u00e1 en curso y, en caso afirmativo, la carga viral asociada.<\/p>\n\n\n\n<p>Para saber si est\u00e1 infectado por la nueva variante, se necesita una prueba mucho m\u00e1s precisa, es decir, la secuenciaci\u00f3n del genoma del virus, que puede ser completa o parcial, tambi\u00e9n debido a la nueva informaci\u00f3n sobre las mutaciones presentes en la variante.<\/p>\n\n\n\n<p>En particular, ha surgido que, a nivel de la prote\u00edna Spike, el coronavirus utiliza para unirse al receptor celular ACE2, la nueva variante muestra ocho mutaciones diferentes, incluyendo sustituciones y supresiones de amino\u00e1cidos. Mutaciones que podr\u00edan, entre otras cosas, reducir la eficiencia de la prueba de diagn\u00f3stico, ya que el examen se basa en &#8220;sondas&#8221; (de una a cuatro, seg\u00fan el fabricante del reactivo) capaces de fijarse en secuencias de nucle\u00f3tidos espec\u00edficos: en presencia de variantes virales importantes, estas sondas pueden no ser eficaces en presencia de variantes virales sustanciales.<\/p>\n\n\n\n<p>Por otra parte, incluso las pruebas antig\u00e9nicas r\u00e1pidas, es decir, las que reconocen la misma prote\u00edna Spike, podr\u00edan ser ineficaces, ya que a\u00fan no se ha aclarado si las mutaciones presentes en la nueva variante son capaces de evadir o no el control, con el riesgo de resultar negativos cuando en cambio uno es positivo para la versi\u00f3n mutada del virus.<\/p>\n\n\n\n<p>A este respecto, tras la reuni\u00f3n de emergencia del Centro Europeo para el Control de las Enfermedades (CEPCE), la Agencia de la UE ha indicado la necesidad de que los laboratorios europeos vuelvan a comprobar y actualizar los diversos m\u00e9todos de diagn\u00f3stico, es decir, las secuencias utilizadas para detectar el Sars-Cov-2 mediante hisopos moleculares y pruebas antig\u00e9nicas.<br><br> De acuerdo con la ECDC, para la correcta identificaci\u00f3n del virus, no ser\u00e1 posible confiar \u00fanicamente en la detecci\u00f3n de mutaciones en el gen que codifica la prote\u00edna viral Spike, tambi\u00e9n ser\u00e1 necesario contar con la confirmaci\u00f3n mediante la secuenciaci\u00f3n de genes. <br><br>Una recomendaci\u00f3n que, al menos en esta etapa inicial, podr\u00eda chocar en paises donde los laboratorios no han recibido financiaci\u00f3n para implementar la secuenciaci\u00f3n de genes que permite identificar las mutaciones del virus. Hasta ahora, se han realizado muy pocas secuencias en Italia, como lo confirman los pocos datos compartidos por los investigadores italianos en bases de datos internacionales como GenBank y Gisaid.<br><br><small>Fuente: https:\/\/www.gov.uk\/government\/news\/phe-investigating-a-novel-strain-of-covid-19<\/small> <br><small>PanPress.eu  \/ SalaStampa.eu &#8211; ElCanillita.info &#8211;  Informaci\u00f3n de dominio p\u00fablico<\/small><\/p>\n","protected":false},"excerpt":{"rendered":"<p>Se llama VUI-202012\/01 o linaje B.1.1.7 y es la nueva variante del coronavirus Sars-Cov-2 que surgi\u00f3 a mediados de septiembre en el sudeste de Inglaterra. Los pa\u00edses europeos, entre los que se encuentran Alemania, Francia, B\u00e9lgica, los Pa\u00edses Bajos y Austria, han decidido bloquear los vuelos procedentes de Gran Breta\u00f1a. <\/p>\n","protected":false},"author":1,"featured_media":1194,"comment_status":"closed","ping_status":"closed","sticky":false,"template":"","format":"standard","meta":{"footnotes":"","_links_to":"","_links_to_target":""},"categories":[70,24,5,78,25],"tags":[35],"class_list":["post-1193","post","type-post","status-publish","format-standard","has-post-thumbnail","hentry","category-actualidad","category-ciencia-tecnologia","category-europa","category-sanidad","category-sociedad","tag-mundo","entry","double"],"yoast_head":"<!-- This site is optimized with the Yoast SEO plugin v27.4 - https:\/\/yoast.com\/product\/yoast-seo-wordpress\/ -->\n<title>La variante del coronavirus - ElCanillita.Info<\/title>\n<meta name=\"robots\" content=\"index, follow, max-snippet:-1, max-image-preview:large, max-video-preview:-1\" \/>\n<link rel=\"canonical\" href=\"https:\/\/elcanillita.info\/press\/2020\/12\/22\/variante-coronavirus\/\" \/>\n<meta property=\"og:locale\" content=\"es_ES\" \/>\n<meta property=\"og:type\" content=\"article\" \/>\n<meta property=\"og:title\" content=\"La variante del coronavirus - ElCanillita.Info\" \/>\n<meta property=\"og:description\" content=\"Se llama VUI-202012\/01 o linaje B.1.1.7 y es la nueva variante del coronavirus Sars-Cov-2 que surgi\u00f3 a mediados de septiembre en el sudeste de Inglaterra. Los pa\u00edses europeos, entre los que se encuentran Alemania, Francia, B\u00e9lgica, los Pa\u00edses Bajos y Austria, han decidido bloquear los vuelos procedentes de Gran Breta\u00f1a.\" \/>\n<meta property=\"og:url\" content=\"https:\/\/elcanillita.info\/press\/2020\/12\/22\/variante-coronavirus\/\" \/>\n<meta property=\"og:site_name\" content=\"ElCanillita.Info\" \/>\n<meta property=\"article:publisher\" content=\"https:\/\/ar-ar.facebook.com\/ElCanillitainfo-114249515285712\/\" \/>\n<meta property=\"article:published_time\" content=\"2020-12-22T11:52:28+00:00\" \/>\n<meta property=\"article:modified_time\" content=\"2020-12-22T12:11:46+00:00\" \/>\n<meta property=\"og:image\" content=\"https:\/\/elcanillita.info\/press\/images\/2020\/12\/coronavirus-1.jpg\" \/>\n\t<meta property=\"og:image:width\" content=\"600\" \/>\n\t<meta property=\"og:image:height\" content=\"407\" \/>\n\t<meta property=\"og:image:type\" content=\"image\/jpeg\" \/>\n<meta name=\"author\" content=\"SalaStampa.eu, world press service\" \/>\n<meta name=\"twitter:card\" content=\"summary_large_image\" \/>\n<meta name=\"twitter:label1\" content=\"Escrito por\" \/>\n\t<meta name=\"twitter:data1\" content=\"SalaStampa.eu, world press service\" \/>\n\t<meta name=\"twitter:label2\" content=\"Tiempo de lectura\" \/>\n\t<meta name=\"twitter:data2\" content=\"4 minutos\" \/>\n<script type=\"application\/ld+json\" class=\"yoast-schema-graph\">{\"@context\":\"https:\\\/\\\/schema.org\",\"@graph\":[{\"@type\":\"Article\",\"@id\":\"https:\\\/\\\/elcanillita.info\\\/press\\\/2020\\\/12\\\/22\\\/variante-coronavirus\\\/#article\",\"isPartOf\":{\"@id\":\"https:\\\/\\\/elcanillita.info\\\/press\\\/2020\\\/12\\\/22\\\/variante-coronavirus\\\/\"},\"author\":{\"name\":\"SalaStampa.eu, world press service\",\"@id\":\"https:\\\/\\\/elcanillita.info\\\/press\\\/#\\\/schema\\\/person\\\/7fcb79f38045700919f7da6d97e71ba0\"},\"headline\":\"La variante del coronavirus\",\"datePublished\":\"2020-12-22T11:52:28+00:00\",\"dateModified\":\"2020-12-22T12:11:46+00:00\",\"mainEntityOfPage\":{\"@id\":\"https:\\\/\\\/elcanillita.info\\\/press\\\/2020\\\/12\\\/22\\\/variante-coronavirus\\\/\"},\"wordCount\":834,\"publisher\":{\"@id\":\"https:\\\/\\\/elcanillita.info\\\/press\\\/#organization\"},\"image\":{\"@id\":\"https:\\\/\\\/elcanillita.info\\\/press\\\/2020\\\/12\\\/22\\\/variante-coronavirus\\\/#primaryimage\"},\"thumbnailUrl\":\"https:\\\/\\\/elcanillita.info\\\/press\\\/images\\\/2020\\\/12\\\/coronavirus-1.jpg\",\"keywords\":[\"MUNDO\"],\"articleSection\":[\"Actualidad\",\"Ciencia y Tecnologia\",\"Europa\",\"Sanidad\",\"Sociedad\"],\"inLanguage\":\"es-AR\"},{\"@type\":\"WebPage\",\"@id\":\"https:\\\/\\\/elcanillita.info\\\/press\\\/2020\\\/12\\\/22\\\/variante-coronavirus\\\/\",\"url\":\"https:\\\/\\\/elcanillita.info\\\/press\\\/2020\\\/12\\\/22\\\/variante-coronavirus\\\/\",\"name\":\"La variante del coronavirus - ElCanillita.Info\",\"isPartOf\":{\"@id\":\"https:\\\/\\\/elcanillita.info\\\/press\\\/#website\"},\"primaryImageOfPage\":{\"@id\":\"https:\\\/\\\/elcanillita.info\\\/press\\\/2020\\\/12\\\/22\\\/variante-coronavirus\\\/#primaryimage\"},\"image\":{\"@id\":\"https:\\\/\\\/elcanillita.info\\\/press\\\/2020\\\/12\\\/22\\\/variante-coronavirus\\\/#primaryimage\"},\"thumbnailUrl\":\"https:\\\/\\\/elcanillita.info\\\/press\\\/images\\\/2020\\\/12\\\/coronavirus-1.jpg\",\"datePublished\":\"2020-12-22T11:52:28+00:00\",\"dateModified\":\"2020-12-22T12:11:46+00:00\",\"inLanguage\":\"es-AR\",\"potentialAction\":[{\"@type\":\"ReadAction\",\"target\":[\"https:\\\/\\\/elcanillita.info\\\/press\\\/2020\\\/12\\\/22\\\/variante-coronavirus\\\/\"]}]},{\"@type\":\"ImageObject\",\"inLanguage\":\"es-AR\",\"@id\":\"https:\\\/\\\/elcanillita.info\\\/press\\\/2020\\\/12\\\/22\\\/variante-coronavirus\\\/#primaryimage\",\"url\":\"https:\\\/\\\/elcanillita.info\\\/press\\\/images\\\/2020\\\/12\\\/coronavirus-1.jpg\",\"contentUrl\":\"https:\\\/\\\/elcanillita.info\\\/press\\\/images\\\/2020\\\/12\\\/coronavirus-1.jpg\",\"width\":600,\"height\":407,\"caption\":\"CREATOR: gd-jpeg v1.0 (using IJG JPEG v62), quality = 75\"},{\"@type\":\"WebSite\",\"@id\":\"https:\\\/\\\/elcanillita.info\\\/press\\\/#website\",\"url\":\"https:\\\/\\\/elcanillita.info\\\/press\\\/\",\"name\":\"ElCanillita.Info\",\"description\":\"desde los Apeninos a los Andes\",\"publisher\":{\"@id\":\"https:\\\/\\\/elcanillita.info\\\/press\\\/#organization\"},\"potentialAction\":[{\"@type\":\"SearchAction\",\"target\":{\"@type\":\"EntryPoint\",\"urlTemplate\":\"https:\\\/\\\/elcanillita.info\\\/press\\\/?s={search_term_string}\"},\"query-input\":{\"@type\":\"PropertyValueSpecification\",\"valueRequired\":true,\"valueName\":\"search_term_string\"}}],\"inLanguage\":\"es-AR\"},{\"@type\":\"Organization\",\"@id\":\"https:\\\/\\\/elcanillita.info\\\/press\\\/#organization\",\"name\":\"Guzzo Photos & Graphic Publications\",\"url\":\"https:\\\/\\\/elcanillita.info\\\/press\\\/\",\"logo\":{\"@type\":\"ImageObject\",\"inLanguage\":\"es-AR\",\"@id\":\"https:\\\/\\\/elcanillita.info\\\/press\\\/#\\\/schema\\\/logo\\\/image\\\/\",\"url\":\"https:\\\/\\\/elcanillita.info\\\/press\\\/images\\\/2020\\\/01\\\/cropped-cropped-cropped-elcanillitainfo.png\",\"contentUrl\":\"https:\\\/\\\/elcanillita.info\\\/press\\\/images\\\/2020\\\/01\\\/cropped-cropped-cropped-elcanillitainfo.png\",\"width\":460,\"height\":50,\"caption\":\"Guzzo Photos & Graphic Publications\"},\"image\":{\"@id\":\"https:\\\/\\\/elcanillita.info\\\/press\\\/#\\\/schema\\\/logo\\\/image\\\/\"},\"sameAs\":[\"https:\\\/\\\/ar-ar.facebook.com\\\/ElCanillitainfo-114249515285712\\\/\"]},{\"@type\":\"Person\",\"@id\":\"https:\\\/\\\/elcanillita.info\\\/press\\\/#\\\/schema\\\/person\\\/7fcb79f38045700919f7da6d97e71ba0\",\"name\":\"SalaStampa.eu, world press service\",\"image\":{\"@type\":\"ImageObject\",\"inLanguage\":\"es-AR\",\"@id\":\"https:\\\/\\\/secure.gravatar.com\\\/avatar\\\/c2f0e0d515a107624234994507816ca4724c7199cef73fc8bedebf6931d73888?s=96&d=mm&r=g\",\"url\":\"https:\\\/\\\/secure.gravatar.com\\\/avatar\\\/c2f0e0d515a107624234994507816ca4724c7199cef73fc8bedebf6931d73888?s=96&d=mm&r=g\",\"contentUrl\":\"https:\\\/\\\/secure.gravatar.com\\\/avatar\\\/c2f0e0d515a107624234994507816ca4724c7199cef73fc8bedebf6931d73888?s=96&d=mm&r=g\",\"caption\":\"SalaStampa.eu, world press service\"}}]}<\/script>\n<!-- \/ Yoast SEO plugin. -->","yoast_head_json":{"title":"La variante del coronavirus - ElCanillita.Info","robots":{"index":"index","follow":"follow","max-snippet":"max-snippet:-1","max-image-preview":"max-image-preview:large","max-video-preview":"max-video-preview:-1"},"canonical":"https:\/\/elcanillita.info\/press\/2020\/12\/22\/variante-coronavirus\/","og_locale":"es_ES","og_type":"article","og_title":"La variante del coronavirus - ElCanillita.Info","og_description":"Se llama VUI-202012\/01 o linaje B.1.1.7 y es la nueva variante del coronavirus Sars-Cov-2 que surgi\u00f3 a mediados de septiembre en el sudeste de Inglaterra. Los pa\u00edses europeos, entre los que se encuentran Alemania, Francia, B\u00e9lgica, los Pa\u00edses Bajos y Austria, han decidido bloquear los vuelos procedentes de Gran Breta\u00f1a.","og_url":"https:\/\/elcanillita.info\/press\/2020\/12\/22\/variante-coronavirus\/","og_site_name":"ElCanillita.Info","article_publisher":"https:\/\/ar-ar.facebook.com\/ElCanillitainfo-114249515285712\/","article_published_time":"2020-12-22T11:52:28+00:00","article_modified_time":"2020-12-22T12:11:46+00:00","og_image":[{"width":600,"height":407,"url":"https:\/\/elcanillita.info\/press\/images\/2020\/12\/coronavirus-1.jpg","type":"image\/jpeg"}],"author":"SalaStampa.eu, world press service","twitter_card":"summary_large_image","twitter_misc":{"Escrito por":"SalaStampa.eu, world press service","Tiempo de lectura":"4 minutos"},"schema":{"@context":"https:\/\/schema.org","@graph":[{"@type":"Article","@id":"https:\/\/elcanillita.info\/press\/2020\/12\/22\/variante-coronavirus\/#article","isPartOf":{"@id":"https:\/\/elcanillita.info\/press\/2020\/12\/22\/variante-coronavirus\/"},"author":{"name":"SalaStampa.eu, world press service","@id":"https:\/\/elcanillita.info\/press\/#\/schema\/person\/7fcb79f38045700919f7da6d97e71ba0"},"headline":"La variante del coronavirus","datePublished":"2020-12-22T11:52:28+00:00","dateModified":"2020-12-22T12:11:46+00:00","mainEntityOfPage":{"@id":"https:\/\/elcanillita.info\/press\/2020\/12\/22\/variante-coronavirus\/"},"wordCount":834,"publisher":{"@id":"https:\/\/elcanillita.info\/press\/#organization"},"image":{"@id":"https:\/\/elcanillita.info\/press\/2020\/12\/22\/variante-coronavirus\/#primaryimage"},"thumbnailUrl":"https:\/\/elcanillita.info\/press\/images\/2020\/12\/coronavirus-1.jpg","keywords":["MUNDO"],"articleSection":["Actualidad","Ciencia y Tecnologia","Europa","Sanidad","Sociedad"],"inLanguage":"es-AR"},{"@type":"WebPage","@id":"https:\/\/elcanillita.info\/press\/2020\/12\/22\/variante-coronavirus\/","url":"https:\/\/elcanillita.info\/press\/2020\/12\/22\/variante-coronavirus\/","name":"La variante del coronavirus - ElCanillita.Info","isPartOf":{"@id":"https:\/\/elcanillita.info\/press\/#website"},"primaryImageOfPage":{"@id":"https:\/\/elcanillita.info\/press\/2020\/12\/22\/variante-coronavirus\/#primaryimage"},"image":{"@id":"https:\/\/elcanillita.info\/press\/2020\/12\/22\/variante-coronavirus\/#primaryimage"},"thumbnailUrl":"https:\/\/elcanillita.info\/press\/images\/2020\/12\/coronavirus-1.jpg","datePublished":"2020-12-22T11:52:28+00:00","dateModified":"2020-12-22T12:11:46+00:00","inLanguage":"es-AR","potentialAction":[{"@type":"ReadAction","target":["https:\/\/elcanillita.info\/press\/2020\/12\/22\/variante-coronavirus\/"]}]},{"@type":"ImageObject","inLanguage":"es-AR","@id":"https:\/\/elcanillita.info\/press\/2020\/12\/22\/variante-coronavirus\/#primaryimage","url":"https:\/\/elcanillita.info\/press\/images\/2020\/12\/coronavirus-1.jpg","contentUrl":"https:\/\/elcanillita.info\/press\/images\/2020\/12\/coronavirus-1.jpg","width":600,"height":407,"caption":"CREATOR: gd-jpeg v1.0 (using IJG JPEG v62), quality = 75"},{"@type":"WebSite","@id":"https:\/\/elcanillita.info\/press\/#website","url":"https:\/\/elcanillita.info\/press\/","name":"ElCanillita.Info","description":"desde los Apeninos a los Andes","publisher":{"@id":"https:\/\/elcanillita.info\/press\/#organization"},"potentialAction":[{"@type":"SearchAction","target":{"@type":"EntryPoint","urlTemplate":"https:\/\/elcanillita.info\/press\/?s={search_term_string}"},"query-input":{"@type":"PropertyValueSpecification","valueRequired":true,"valueName":"search_term_string"}}],"inLanguage":"es-AR"},{"@type":"Organization","@id":"https:\/\/elcanillita.info\/press\/#organization","name":"Guzzo Photos & Graphic Publications","url":"https:\/\/elcanillita.info\/press\/","logo":{"@type":"ImageObject","inLanguage":"es-AR","@id":"https:\/\/elcanillita.info\/press\/#\/schema\/logo\/image\/","url":"https:\/\/elcanillita.info\/press\/images\/2020\/01\/cropped-cropped-cropped-elcanillitainfo.png","contentUrl":"https:\/\/elcanillita.info\/press\/images\/2020\/01\/cropped-cropped-cropped-elcanillitainfo.png","width":460,"height":50,"caption":"Guzzo Photos & Graphic Publications"},"image":{"@id":"https:\/\/elcanillita.info\/press\/#\/schema\/logo\/image\/"},"sameAs":["https:\/\/ar-ar.facebook.com\/ElCanillitainfo-114249515285712\/"]},{"@type":"Person","@id":"https:\/\/elcanillita.info\/press\/#\/schema\/person\/7fcb79f38045700919f7da6d97e71ba0","name":"SalaStampa.eu, world press service","image":{"@type":"ImageObject","inLanguage":"es-AR","@id":"https:\/\/secure.gravatar.com\/avatar\/c2f0e0d515a107624234994507816ca4724c7199cef73fc8bedebf6931d73888?s=96&d=mm&r=g","url":"https:\/\/secure.gravatar.com\/avatar\/c2f0e0d515a107624234994507816ca4724c7199cef73fc8bedebf6931d73888?s=96&d=mm&r=g","contentUrl":"https:\/\/secure.gravatar.com\/avatar\/c2f0e0d515a107624234994507816ca4724c7199cef73fc8bedebf6931d73888?s=96&d=mm&r=g","caption":"SalaStampa.eu, world press service"}}]}},"views":766,"_links":{"self":[{"href":"https:\/\/elcanillita.info\/press\/wp-json\/wp\/v2\/posts\/1193","targetHints":{"allow":["GET"]}}],"collection":[{"href":"https:\/\/elcanillita.info\/press\/wp-json\/wp\/v2\/posts"}],"about":[{"href":"https:\/\/elcanillita.info\/press\/wp-json\/wp\/v2\/types\/post"}],"author":[{"embeddable":true,"href":"https:\/\/elcanillita.info\/press\/wp-json\/wp\/v2\/users\/1"}],"replies":[{"embeddable":true,"href":"https:\/\/elcanillita.info\/press\/wp-json\/wp\/v2\/comments?post=1193"}],"version-history":[{"count":0,"href":"https:\/\/elcanillita.info\/press\/wp-json\/wp\/v2\/posts\/1193\/revisions"}],"wp:featuredmedia":[{"embeddable":true,"href":"https:\/\/elcanillita.info\/press\/wp-json\/wp\/v2\/media\/1194"}],"wp:attachment":[{"href":"https:\/\/elcanillita.info\/press\/wp-json\/wp\/v2\/media?parent=1193"}],"wp:term":[{"taxonomy":"category","embeddable":true,"href":"https:\/\/elcanillita.info\/press\/wp-json\/wp\/v2\/categories?post=1193"},{"taxonomy":"post_tag","embeddable":true,"href":"https:\/\/elcanillita.info\/press\/wp-json\/wp\/v2\/tags?post=1193"}],"curies":[{"name":"wp","href":"https:\/\/api.w.org\/{rel}","templated":true}]}}