{"id":1181,"date":"2020-12-16T14:50:13","date_gmt":"2020-12-16T17:50:13","guid":{"rendered":"https:\/\/elcanillita.info\/press\/?p=1181"},"modified":"2020-12-16T18:56:55","modified_gmt":"2020-12-16T21:56:55","slug":"california-accion-legal-amazon-investigacion-laboral-covid-19","status":"publish","type":"post","link":"https:\/\/elcanillita.info\/press\/2020\/12\/16\/california-accion-legal-amazon-investigacion-laboral-covid-19\/","title":{"rendered":"California toma acci\u00f3n legal contra Amazon en investigaci\u00f3n laboral sobre exposici\u00f3n al Covid -19"},"content":{"rendered":"\n<figure class=\"wp-block-video\"><video controls src=\"http:\/\/elcanillita.info\/press\/images\/2020\/12\/Amazon.mp4\"><\/video><\/figure>\n\n\n\n<p> Alegando que no ha estado haciendo lo suficiente para proteger la salud de sus empleados durante la pandemia, el procurador general de California anunci\u00f3 acci\u00f3n legal contra Amazon, el gigante de comercio electr\u00f3nico estadounidense, que tambi\u00e9n tiene centros de distribuci\u00f3n en Europa y Latinoam\u00e9rica. <br><br><small>Informa Ver\u00f3nica Villafa\u00f1e, desde Los \u00c1ngeles.<\/small><small>\u00a9 2020 SalaStampa.Eu  afiliada a USAGM \/ BBG<\/small><\/p>\n","protected":false},"excerpt":{"rendered":"<p>Alegando que no ha estado haciendo lo suficiente para proteger la salud de sus empleados durante la pandemia, el procurador general de California anunci\u00f3 acci\u00f3n legal contra Amazon, el gigante de comercio electr\u00f3nico estadounidense, que tambi\u00e9n tiene centros de distribuci\u00f3n en Europa y Latinoam\u00e9rica. <\/p>\n","protected":false},"author":1,"featured_media":1185,"comment_status":"closed","ping_status":"closed","sticky":false,"template":"","format":"standard","meta":{"footnotes":"","_links_to":"","_links_to_target":""},"categories":[70,9,20,22,25],"tags":[34],"class_list":["post-1181","post","type-post","status-publish","format-standard","has-post-thumbnail","hentry","category-actualidad","category-america-del-norte","category-economia","category-justicia","category-sociedad","tag-estados-unidos","entry","double"],"yoast_head":"<!-- This site is optimized with the Yoast SEO plugin v27.4 - https:\/\/yoast.com\/product\/yoast-seo-wordpress\/ -->\n<title>California toma acci\u00f3n legal contra Amazon en investigaci\u00f3n laboral sobre exposici\u00f3n al Covid -19 - ElCanillita.Info<\/title>\n<meta name=\"robots\" content=\"index, follow, max-snippet:-1, max-image-preview:large, max-video-preview:-1\" \/>\n<link rel=\"canonical\" href=\"https:\/\/elcanillita.info\/press\/2020\/12\/16\/california-accion-legal-amazon-investigacion-laboral-covid-19\/\" \/>\n<meta property=\"og:locale\" content=\"es_ES\" \/>\n<meta property=\"og:type\" content=\"article\" \/>\n<meta property=\"og:title\" content=\"California toma acci\u00f3n legal contra Amazon en investigaci\u00f3n laboral sobre exposici\u00f3n al Covid -19 - ElCanillita.Info\" \/>\n<meta property=\"og:description\" content=\"Alegando que no ha estado haciendo lo suficiente para proteger la salud de sus empleados durante la pandemia, el procurador general de California anunci\u00f3 acci\u00f3n legal contra Amazon, el gigante de comercio electr\u00f3nico estadounidense, que tambi\u00e9n tiene centros de distribuci\u00f3n en Europa y Latinoam\u00e9rica.\" \/>\n<meta property=\"og:url\" content=\"https:\/\/elcanillita.info\/press\/2020\/12\/16\/california-accion-legal-amazon-investigacion-laboral-covid-19\/\" \/>\n<meta property=\"og:site_name\" content=\"ElCanillita.Info\" \/>\n<meta property=\"article:publisher\" content=\"https:\/\/ar-ar.facebook.com\/ElCanillitainfo-114249515285712\/\" \/>\n<meta property=\"article:published_time\" content=\"2020-12-16T17:50:13+00:00\" \/>\n<meta property=\"article:modified_time\" content=\"2020-12-16T21:56:55+00:00\" \/>\n<meta property=\"og:image\" content=\"https:\/\/elcanillita.info\/press\/images\/2020\/12\/amazon_20201216-1.jpg\" \/>\n\t<meta property=\"og:image:width\" content=\"600\" \/>\n\t<meta property=\"og:image:height\" content=\"386\" \/>\n\t<meta property=\"og:image:type\" content=\"image\/jpeg\" \/>\n<meta name=\"author\" content=\"SalaStampa.eu, world press service\" \/>\n<meta name=\"twitter:card\" content=\"summary_large_image\" \/>\n<meta name=\"twitter:label1\" content=\"Escrito por\" \/>\n\t<meta name=\"twitter:data1\" content=\"SalaStampa.eu, world press service\" \/>\n<script type=\"application\/ld+json\" class=\"yoast-schema-graph\">{\"@context\":\"https:\\\/\\\/schema.org\",\"@graph\":[{\"@type\":\"Article\",\"@id\":\"https:\\\/\\\/elcanillita.info\\\/press\\\/2020\\\/12\\\/16\\\/california-accion-legal-amazon-investigacion-laboral-covid-19\\\/#article\",\"isPartOf\":{\"@id\":\"https:\\\/\\\/elcanillita.info\\\/press\\\/2020\\\/12\\\/16\\\/california-accion-legal-amazon-investigacion-laboral-covid-19\\\/\"},\"author\":{\"name\":\"SalaStampa.eu, world press service\",\"@id\":\"https:\\\/\\\/elcanillita.info\\\/press\\\/#\\\/schema\\\/person\\\/7fcb79f38045700919f7da6d97e71ba0\"},\"headline\":\"California toma acci\u00f3n legal contra Amazon en investigaci\u00f3n laboral sobre exposici\u00f3n al Covid -19\",\"datePublished\":\"2020-12-16T17:50:13+00:00\",\"dateModified\":\"2020-12-16T21:56:55+00:00\",\"mainEntityOfPage\":{\"@id\":\"https:\\\/\\\/elcanillita.info\\\/press\\\/2020\\\/12\\\/16\\\/california-accion-legal-amazon-investigacion-laboral-covid-19\\\/\"},\"wordCount\":80,\"publisher\":{\"@id\":\"https:\\\/\\\/elcanillita.info\\\/press\\\/#organization\"},\"image\":{\"@id\":\"https:\\\/\\\/elcanillita.info\\\/press\\\/2020\\\/12\\\/16\\\/california-accion-legal-amazon-investigacion-laboral-covid-19\\\/#primaryimage\"},\"thumbnailUrl\":\"https:\\\/\\\/elcanillita.info\\\/press\\\/images\\\/2020\\\/12\\\/amazon_20201216-1.jpg\",\"keywords\":[\"Estados Unidos\"],\"articleSection\":[\"Actualidad\",\"Am\u00e9rica del Norte\",\"Economia\",\"Justicia\",\"Sociedad\"],\"inLanguage\":\"es-AR\"},{\"@type\":\"WebPage\",\"@id\":\"https:\\\/\\\/elcanillita.info\\\/press\\\/2020\\\/12\\\/16\\\/california-accion-legal-amazon-investigacion-laboral-covid-19\\\/\",\"url\":\"https:\\\/\\\/elcanillita.info\\\/press\\\/2020\\\/12\\\/16\\\/california-accion-legal-amazon-investigacion-laboral-covid-19\\\/\",\"name\":\"California toma acci\u00f3n legal contra Amazon en investigaci\u00f3n laboral sobre exposici\u00f3n al Covid -19 - ElCanillita.Info\",\"isPartOf\":{\"@id\":\"https:\\\/\\\/elcanillita.info\\\/press\\\/#website\"},\"primaryImageOfPage\":{\"@id\":\"https:\\\/\\\/elcanillita.info\\\/press\\\/2020\\\/12\\\/16\\\/california-accion-legal-amazon-investigacion-laboral-covid-19\\\/#primaryimage\"},\"image\":{\"@id\":\"https:\\\/\\\/elcanillita.info\\\/press\\\/2020\\\/12\\\/16\\\/california-accion-legal-amazon-investigacion-laboral-covid-19\\\/#primaryimage\"},\"thumbnailUrl\":\"https:\\\/\\\/elcanillita.info\\\/press\\\/images\\\/2020\\\/12\\\/amazon_20201216-1.jpg\",\"datePublished\":\"2020-12-16T17:50:13+00:00\",\"dateModified\":\"2020-12-16T21:56:55+00:00\",\"inLanguage\":\"es-AR\",\"potentialAction\":[{\"@type\":\"ReadAction\",\"target\":[\"https:\\\/\\\/elcanillita.info\\\/press\\\/2020\\\/12\\\/16\\\/california-accion-legal-amazon-investigacion-laboral-covid-19\\\/\"]}]},{\"@type\":\"ImageObject\",\"inLanguage\":\"es-AR\",\"@id\":\"https:\\\/\\\/elcanillita.info\\\/press\\\/2020\\\/12\\\/16\\\/california-accion-legal-amazon-investigacion-laboral-covid-19\\\/#primaryimage\",\"url\":\"https:\\\/\\\/elcanillita.info\\\/press\\\/images\\\/2020\\\/12\\\/amazon_20201216-1.jpg\",\"contentUrl\":\"https:\\\/\\\/elcanillita.info\\\/press\\\/images\\\/2020\\\/12\\\/amazon_20201216-1.jpg\",\"width\":600,\"height\":386},{\"@type\":\"WebSite\",\"@id\":\"https:\\\/\\\/elcanillita.info\\\/press\\\/#website\",\"url\":\"https:\\\/\\\/elcanillita.info\\\/press\\\/\",\"name\":\"ElCanillita.Info\",\"description\":\"desde los Apeninos a los Andes\",\"publisher\":{\"@id\":\"https:\\\/\\\/elcanillita.info\\\/press\\\/#organization\"},\"potentialAction\":[{\"@type\":\"SearchAction\",\"target\":{\"@type\":\"EntryPoint\",\"urlTemplate\":\"https:\\\/\\\/elcanillita.info\\\/press\\\/?s={search_term_string}\"},\"query-input\":{\"@type\":\"PropertyValueSpecification\",\"valueRequired\":true,\"valueName\":\"search_term_string\"}}],\"inLanguage\":\"es-AR\"},{\"@type\":\"Organization\",\"@id\":\"https:\\\/\\\/elcanillita.info\\\/press\\\/#organization\",\"name\":\"Guzzo Photos & Graphic Publications\",\"url\":\"https:\\\/\\\/elcanillita.info\\\/press\\\/\",\"logo\":{\"@type\":\"ImageObject\",\"inLanguage\":\"es-AR\",\"@id\":\"https:\\\/\\\/elcanillita.info\\\/press\\\/#\\\/schema\\\/logo\\\/image\\\/\",\"url\":\"https:\\\/\\\/elcanillita.info\\\/press\\\/images\\\/2020\\\/01\\\/cropped-cropped-cropped-elcanillitainfo.png\",\"contentUrl\":\"https:\\\/\\\/elcanillita.info\\\/press\\\/images\\\/2020\\\/01\\\/cropped-cropped-cropped-elcanillitainfo.png\",\"width\":460,\"height\":50,\"caption\":\"Guzzo Photos & Graphic Publications\"},\"image\":{\"@id\":\"https:\\\/\\\/elcanillita.info\\\/press\\\/#\\\/schema\\\/logo\\\/image\\\/\"},\"sameAs\":[\"https:\\\/\\\/ar-ar.facebook.com\\\/ElCanillitainfo-114249515285712\\\/\"]},{\"@type\":\"Person\",\"@id\":\"https:\\\/\\\/elcanillita.info\\\/press\\\/#\\\/schema\\\/person\\\/7fcb79f38045700919f7da6d97e71ba0\",\"name\":\"SalaStampa.eu, world press service\",\"image\":{\"@type\":\"ImageObject\",\"inLanguage\":\"es-AR\",\"@id\":\"https:\\\/\\\/secure.gravatar.com\\\/avatar\\\/c2f0e0d515a107624234994507816ca4724c7199cef73fc8bedebf6931d73888?s=96&d=mm&r=g\",\"url\":\"https:\\\/\\\/secure.gravatar.com\\\/avatar\\\/c2f0e0d515a107624234994507816ca4724c7199cef73fc8bedebf6931d73888?s=96&d=mm&r=g\",\"contentUrl\":\"https:\\\/\\\/secure.gravatar.com\\\/avatar\\\/c2f0e0d515a107624234994507816ca4724c7199cef73fc8bedebf6931d73888?s=96&d=mm&r=g\",\"caption\":\"SalaStampa.eu, world press service\"}}]}<\/script>\n<!-- \/ Yoast SEO plugin. -->","yoast_head_json":{"title":"California toma acci\u00f3n legal contra Amazon en investigaci\u00f3n laboral sobre exposici\u00f3n al Covid -19 - ElCanillita.Info","robots":{"index":"index","follow":"follow","max-snippet":"max-snippet:-1","max-image-preview":"max-image-preview:large","max-video-preview":"max-video-preview:-1"},"canonical":"https:\/\/elcanillita.info\/press\/2020\/12\/16\/california-accion-legal-amazon-investigacion-laboral-covid-19\/","og_locale":"es_ES","og_type":"article","og_title":"California toma acci\u00f3n legal contra Amazon en investigaci\u00f3n laboral sobre exposici\u00f3n al Covid -19 - ElCanillita.Info","og_description":"Alegando que no ha estado haciendo lo suficiente para proteger la salud de sus empleados durante la pandemia, el procurador general de California anunci\u00f3 acci\u00f3n legal contra Amazon, el gigante de comercio electr\u00f3nico estadounidense, que tambi\u00e9n tiene centros de distribuci\u00f3n en Europa y Latinoam\u00e9rica.","og_url":"https:\/\/elcanillita.info\/press\/2020\/12\/16\/california-accion-legal-amazon-investigacion-laboral-covid-19\/","og_site_name":"ElCanillita.Info","article_publisher":"https:\/\/ar-ar.facebook.com\/ElCanillitainfo-114249515285712\/","article_published_time":"2020-12-16T17:50:13+00:00","article_modified_time":"2020-12-16T21:56:55+00:00","og_image":[{"width":600,"height":386,"url":"https:\/\/elcanillita.info\/press\/images\/2020\/12\/amazon_20201216-1.jpg","type":"image\/jpeg"}],"author":"SalaStampa.eu, world press service","twitter_card":"summary_large_image","twitter_misc":{"Escrito por":"SalaStampa.eu, world press service"},"schema":{"@context":"https:\/\/schema.org","@graph":[{"@type":"Article","@id":"https:\/\/elcanillita.info\/press\/2020\/12\/16\/california-accion-legal-amazon-investigacion-laboral-covid-19\/#article","isPartOf":{"@id":"https:\/\/elcanillita.info\/press\/2020\/12\/16\/california-accion-legal-amazon-investigacion-laboral-covid-19\/"},"author":{"name":"SalaStampa.eu, world press service","@id":"https:\/\/elcanillita.info\/press\/#\/schema\/person\/7fcb79f38045700919f7da6d97e71ba0"},"headline":"California toma acci\u00f3n legal contra Amazon en investigaci\u00f3n laboral sobre exposici\u00f3n al Covid -19","datePublished":"2020-12-16T17:50:13+00:00","dateModified":"2020-12-16T21:56:55+00:00","mainEntityOfPage":{"@id":"https:\/\/elcanillita.info\/press\/2020\/12\/16\/california-accion-legal-amazon-investigacion-laboral-covid-19\/"},"wordCount":80,"publisher":{"@id":"https:\/\/elcanillita.info\/press\/#organization"},"image":{"@id":"https:\/\/elcanillita.info\/press\/2020\/12\/16\/california-accion-legal-amazon-investigacion-laboral-covid-19\/#primaryimage"},"thumbnailUrl":"https:\/\/elcanillita.info\/press\/images\/2020\/12\/amazon_20201216-1.jpg","keywords":["Estados Unidos"],"articleSection":["Actualidad","Am\u00e9rica del Norte","Economia","Justicia","Sociedad"],"inLanguage":"es-AR"},{"@type":"WebPage","@id":"https:\/\/elcanillita.info\/press\/2020\/12\/16\/california-accion-legal-amazon-investigacion-laboral-covid-19\/","url":"https:\/\/elcanillita.info\/press\/2020\/12\/16\/california-accion-legal-amazon-investigacion-laboral-covid-19\/","name":"California toma acci\u00f3n legal contra Amazon en investigaci\u00f3n laboral sobre exposici\u00f3n al Covid -19 - ElCanillita.Info","isPartOf":{"@id":"https:\/\/elcanillita.info\/press\/#website"},"primaryImageOfPage":{"@id":"https:\/\/elcanillita.info\/press\/2020\/12\/16\/california-accion-legal-amazon-investigacion-laboral-covid-19\/#primaryimage"},"image":{"@id":"https:\/\/elcanillita.info\/press\/2020\/12\/16\/california-accion-legal-amazon-investigacion-laboral-covid-19\/#primaryimage"},"thumbnailUrl":"https:\/\/elcanillita.info\/press\/images\/2020\/12\/amazon_20201216-1.jpg","datePublished":"2020-12-16T17:50:13+00:00","dateModified":"2020-12-16T21:56:55+00:00","inLanguage":"es-AR","potentialAction":[{"@type":"ReadAction","target":["https:\/\/elcanillita.info\/press\/2020\/12\/16\/california-accion-legal-amazon-investigacion-laboral-covid-19\/"]}]},{"@type":"ImageObject","inLanguage":"es-AR","@id":"https:\/\/elcanillita.info\/press\/2020\/12\/16\/california-accion-legal-amazon-investigacion-laboral-covid-19\/#primaryimage","url":"https:\/\/elcanillita.info\/press\/images\/2020\/12\/amazon_20201216-1.jpg","contentUrl":"https:\/\/elcanillita.info\/press\/images\/2020\/12\/amazon_20201216-1.jpg","width":600,"height":386},{"@type":"WebSite","@id":"https:\/\/elcanillita.info\/press\/#website","url":"https:\/\/elcanillita.info\/press\/","name":"ElCanillita.Info","description":"desde los Apeninos a los Andes","publisher":{"@id":"https:\/\/elcanillita.info\/press\/#organization"},"potentialAction":[{"@type":"SearchAction","target":{"@type":"EntryPoint","urlTemplate":"https:\/\/elcanillita.info\/press\/?s={search_term_string}"},"query-input":{"@type":"PropertyValueSpecification","valueRequired":true,"valueName":"search_term_string"}}],"inLanguage":"es-AR"},{"@type":"Organization","@id":"https:\/\/elcanillita.info\/press\/#organization","name":"Guzzo Photos & Graphic Publications","url":"https:\/\/elcanillita.info\/press\/","logo":{"@type":"ImageObject","inLanguage":"es-AR","@id":"https:\/\/elcanillita.info\/press\/#\/schema\/logo\/image\/","url":"https:\/\/elcanillita.info\/press\/images\/2020\/01\/cropped-cropped-cropped-elcanillitainfo.png","contentUrl":"https:\/\/elcanillita.info\/press\/images\/2020\/01\/cropped-cropped-cropped-elcanillitainfo.png","width":460,"height":50,"caption":"Guzzo Photos & Graphic Publications"},"image":{"@id":"https:\/\/elcanillita.info\/press\/#\/schema\/logo\/image\/"},"sameAs":["https:\/\/ar-ar.facebook.com\/ElCanillitainfo-114249515285712\/"]},{"@type":"Person","@id":"https:\/\/elcanillita.info\/press\/#\/schema\/person\/7fcb79f38045700919f7da6d97e71ba0","name":"SalaStampa.eu, world press service","image":{"@type":"ImageObject","inLanguage":"es-AR","@id":"https:\/\/secure.gravatar.com\/avatar\/c2f0e0d515a107624234994507816ca4724c7199cef73fc8bedebf6931d73888?s=96&d=mm&r=g","url":"https:\/\/secure.gravatar.com\/avatar\/c2f0e0d515a107624234994507816ca4724c7199cef73fc8bedebf6931d73888?s=96&d=mm&r=g","contentUrl":"https:\/\/secure.gravatar.com\/avatar\/c2f0e0d515a107624234994507816ca4724c7199cef73fc8bedebf6931d73888?s=96&d=mm&r=g","caption":"SalaStampa.eu, world press service"}}]}},"views":602,"_links":{"self":[{"href":"https:\/\/elcanillita.info\/press\/wp-json\/wp\/v2\/posts\/1181","targetHints":{"allow":["GET"]}}],"collection":[{"href":"https:\/\/elcanillita.info\/press\/wp-json\/wp\/v2\/posts"}],"about":[{"href":"https:\/\/elcanillita.info\/press\/wp-json\/wp\/v2\/types\/post"}],"author":[{"embeddable":true,"href":"https:\/\/elcanillita.info\/press\/wp-json\/wp\/v2\/users\/1"}],"replies":[{"embeddable":true,"href":"https:\/\/elcanillita.info\/press\/wp-json\/wp\/v2\/comments?post=1181"}],"version-history":[{"count":0,"href":"https:\/\/elcanillita.info\/press\/wp-json\/wp\/v2\/posts\/1181\/revisions"}],"wp:featuredmedia":[{"embeddable":true,"href":"https:\/\/elcanillita.info\/press\/wp-json\/wp\/v2\/media\/1185"}],"wp:attachment":[{"href":"https:\/\/elcanillita.info\/press\/wp-json\/wp\/v2\/media?parent=1181"}],"wp:term":[{"taxonomy":"category","embeddable":true,"href":"https:\/\/elcanillita.info\/press\/wp-json\/wp\/v2\/categories?post=1181"},{"taxonomy":"post_tag","embeddable":true,"href":"https:\/\/elcanillita.info\/press\/wp-json\/wp\/v2\/tags?post=1181"}],"curies":[{"name":"wp","href":"https:\/\/api.w.org\/{rel}","templated":true}]}}