{"id":1179,"date":"2020-12-16T14:54:43","date_gmt":"2020-12-16T17:54:43","guid":{"rendered":"https:\/\/elcanillita.info\/press\/?p=1179"},"modified":"2020-12-17T10:43:28","modified_gmt":"2020-12-17T13:43:28","slug":"derecho-saber-productos-activista-lucha-trabajos-forzados","status":"publish","type":"post","link":"https:\/\/elcanillita.info\/press\/2020\/12\/16\/derecho-saber-productos-activista-lucha-trabajos-forzados\/","title":{"rendered":"&#8216;Tenemos derecho a saber c\u00f3mo se hacen nuestros productos&#8217;: Activista que lucha contra los trabajos forzados en Xinjiang"},"content":{"rendered":"<p><img decoding=\"async\" src=\"https:\/\/elcanillita.info\/press\/images\/2020\/12\/huawei.jpg\"><strong><small>El delantero franc\u00e9s Antoine Griezmann (izq.) El 11 de octubre de 2019 en Reykjavik y el logo de la empresa china Huawei en Londres el 14 de julio de 2020. (AFP)<\/small><\/strong><\/p>\n\n\n<p>Pierre Bussiere es un activista franc\u00e9s que lanz\u00f3 una campa\u00f1a de &#8220;verg\u00fcenza&#8221; para presionar a las empresas que venden productos fabricados con trabajos forzados en la Regi\u00f3n Aut\u00f3noma Uigur del noroeste de China (XUAR), donde se cree que las autoridades han retenido hasta 1,8 millones de uigures y otras minor\u00edas musulmanas en una vasta red de campos de internamiento desde principios de 2017. <\/p>\n\n\n\n<p>En medio de un creciente escrutinio internacional, los detenidos han sido &#8220;graduados&#8221; y enviados a trabajar a f\u00e1bricas cercanas como parte de un esfuerzo por etiquetar los campos como &#8220;centros vocacionales&#8221;, aunque los detenidos en las instalaciones trabajan regularmente bajo condiciones de trabajo forzado o coercitivo.<\/p>\n\n\n\n<p>Bussiere se puso en contacto recientemente con el futbolista franc\u00e9s y delantero del Barcelona Antoine Griezmann, quien tiene un acuerdo de patrocinio con la poderosa empresa tecnol\u00f3gica china Huawei, tras un informe del Washington Post que dec\u00eda que la compa\u00f1\u00eda probablemente est\u00e1 probando la tecnolog\u00eda de reconocimiento facial para vigilar a los uigures en el XUAR.<\/p>\n\n\n\n<p>Griezmann cort\u00f3 los lazos con la empresa la semana pasada, citando &#8220;fuertes sospechas&#8221; de que est\u00e1 involucrada en la represi\u00f3n de los uigures en la regi\u00f3n. Huawei ha negado que apoye el uso de la tecnolog\u00eda para discriminar a los grupos minoritarios y ha invitado a Griezmann a discutir su historial de derechos humanos.<\/p>\n\n\n\n<p>El Servicio Uigur de la RFA habl\u00f3 recientemente con Bussiere sobre su campa\u00f1a, su interacci\u00f3n con Griezmann y sus planes para futuras acciones.<\/p>\n\n\n\n<p><strong>RFA: \u00bfPodr\u00eda explicar su campa\u00f1a de &#8220;verg\u00fcenza&#8221;? \u00bfDe qu\u00e9 se trata?<\/strong><\/p>\n\n\n\n<p>Bussiere: La idea es llamar p\u00fablicamente a las marcas que se benefician de los trabajos forzados uigures. Como ciudadanos y consumidores, tenemos derecho a saber c\u00f3mo se hacen nuestros productos y a rechazar que procedan de cr\u00edmenes contra la humanidad. Gracias a la presi\u00f3n de la opini\u00f3n p\u00fablica y de los ciudadanos, las marcas se comprometen p\u00fablicamente a cortar los lazos con sus proveedores incriminados.<\/p>\n\n\n\n<p><strong>RFA: Antoine Greizmann recientemente renunci\u00f3 a su participaci\u00f3n con Huawei en Instagram. \u00bfC\u00f3mo sucedi\u00f3?<\/strong><\/p>\n\n\n\n<p>Bussiere: Antoine Griezmann ten\u00eda una poderosa e importante asociaci\u00f3n con Huawei. Pudimos ver grandes anuncios de \u00e9l con productos de Huawei desde nuestros medios sociales hasta el metro de Par\u00eds. La semana pasada, cuando el Washington Post public\u00f3 que Huawei era fuertemente sospechoso de haber probado el software de IA con una &#8220;alerta uigur&#8221; para la polic\u00eda, pensamos en una forma de difundir la informaci\u00f3n y da\u00f1ar la reputaci\u00f3n de su marca.<\/p>\n\n\n\n<p>Publicamos una carta abierta a Griezmann en @ouighours.news, cont\u00e1ndole estos nuevos hallazgos y pidi\u00e9ndole amablemente que renuncie a esta asociaci\u00f3n, como ciudadano franc\u00e9s y uno de los m\u00e1s grandes jugadores de f\u00fatbol franc\u00e9s, y que apoye los derechos de los uigures. Tambi\u00e9n tomamos el ejemplo de la cantante Zara Larsson que termin\u00f3 su asociaci\u00f3n con la empresa hace unos meses. <br><br>M\u00e1s de 10.000 seguidores de @ouighours.news lo etiquetaron en los comentarios y compartieron el post para que pudiera verlo. Su hermano respondi\u00f3 r\u00e1pidamente y dijo que se estaban tomando el asunto muy en serio. S\u00f3lo dos d\u00edas despu\u00e9s Griezmann public\u00f3 la famosa declaraci\u00f3n, diciendo que cort\u00f3 los lazos con Huawei debido a estos hallazgos.<\/p>\n\n\n\n<p><strong>RFA: \u00bfCu\u00e1les son sus planes futuros?<\/strong><\/p>\n\n\n\n<p>Bussiere: Estamos haciendo el mismo tipo de campa\u00f1a con otro jugador de f\u00fatbol internacional\u2026 Planeamos llamar a todas las figuras p\u00fablicas que tienen una asociaci\u00f3n con esta firma.<\/p>\n\n\n\n<p><small>Reportado por Nuriman para el Servicio Uigur de RFA.<\/small><br><small>\u00a9 2020 SalaStampa.Eu  affiliate with USAGM \/ BBG Copyright \u00a9 1998-2020, RFA. Reprinted by ElCanillita.Info with the permission of Radio Free Asia, 2025 M St. NW, Suite 300, Washington DC 20036<\/small><\/p>\n","protected":false},"excerpt":{"rendered":"<p>Pierre Bussiere es un activista franc\u00e9s que lanz\u00f3 una campa\u00f1a de &#8220;verg\u00fcenza&#8221; para presionar a las empresas que venden productos fabricados con trabajos forzados en la Regi\u00f3n Aut\u00f3noma Uigur del noroeste de China (XUAR)<\/p>\n","protected":false},"author":1,"featured_media":1180,"comment_status":"closed","ping_status":"closed","sticky":false,"template":"","format":"standard","meta":{"footnotes":"","_links_to":"","_links_to_target":""},"categories":[70,16,20,25],"tags":[55],"class_list":["post-1179","post","type-post","status-publish","format-standard","has-post-thumbnail","hentry","category-actualidad","category-asia","category-economia","category-sociedad","tag-china","entry","double"],"yoast_head":"<!-- This site is optimized with the Yoast SEO plugin v27.4 - https:\/\/yoast.com\/product\/yoast-seo-wordpress\/ -->\n<title>&#039;Tenemos derecho a saber c\u00f3mo se hacen nuestros productos&#039;: Activista que lucha contra los trabajos forzados en Xinjiang - ElCanillita.Info<\/title>\n<meta name=\"robots\" content=\"index, follow, max-snippet:-1, max-image-preview:large, max-video-preview:-1\" \/>\n<link rel=\"canonical\" href=\"https:\/\/elcanillita.info\/press\/2020\/12\/16\/derecho-saber-productos-activista-lucha-trabajos-forzados\/\" \/>\n<meta property=\"og:locale\" content=\"es_ES\" \/>\n<meta property=\"og:type\" content=\"article\" \/>\n<meta property=\"og:title\" content=\"&#039;Tenemos derecho a saber c\u00f3mo se hacen nuestros productos&#039;: Activista que lucha contra los trabajos forzados en Xinjiang - ElCanillita.Info\" \/>\n<meta property=\"og:description\" content=\"Pierre Bussiere es un activista franc\u00e9s que lanz\u00f3 una campa\u00f1a de &quot;verg\u00fcenza&quot; para presionar a las empresas que venden productos fabricados con trabajos forzados en la Regi\u00f3n Aut\u00f3noma Uigur del noroeste de China (XUAR)\" \/>\n<meta property=\"og:url\" content=\"https:\/\/elcanillita.info\/press\/2020\/12\/16\/derecho-saber-productos-activista-lucha-trabajos-forzados\/\" \/>\n<meta property=\"og:site_name\" content=\"ElCanillita.Info\" \/>\n<meta property=\"article:publisher\" content=\"https:\/\/ar-ar.facebook.com\/ElCanillitainfo-114249515285712\/\" \/>\n<meta property=\"article:published_time\" content=\"2020-12-16T17:54:43+00:00\" \/>\n<meta property=\"article:modified_time\" content=\"2020-12-17T13:43:28+00:00\" \/>\n<meta property=\"og:image\" content=\"https:\/\/elcanillita.info\/press\/images\/2020\/12\/huawei-1.jpg\" \/>\n\t<meta property=\"og:image:width\" content=\"600\" \/>\n\t<meta property=\"og:image:height\" content=\"337\" \/>\n\t<meta property=\"og:image:type\" content=\"image\/jpeg\" \/>\n<meta name=\"author\" content=\"SalaStampa.eu, world press service\" \/>\n<meta name=\"twitter:card\" content=\"summary_large_image\" \/>\n<meta name=\"twitter:label1\" content=\"Escrito por\" \/>\n\t<meta name=\"twitter:data1\" content=\"SalaStampa.eu, world press service\" \/>\n\t<meta name=\"twitter:label2\" content=\"Tiempo de lectura\" \/>\n\t<meta name=\"twitter:data2\" content=\"3 minutos\" \/>\n<script type=\"application\/ld+json\" class=\"yoast-schema-graph\">{\"@context\":\"https:\\\/\\\/schema.org\",\"@graph\":[{\"@type\":\"Article\",\"@id\":\"https:\\\/\\\/elcanillita.info\\\/press\\\/2020\\\/12\\\/16\\\/derecho-saber-productos-activista-lucha-trabajos-forzados\\\/#article\",\"isPartOf\":{\"@id\":\"https:\\\/\\\/elcanillita.info\\\/press\\\/2020\\\/12\\\/16\\\/derecho-saber-productos-activista-lucha-trabajos-forzados\\\/\"},\"author\":{\"name\":\"SalaStampa.eu, world press service\",\"@id\":\"https:\\\/\\\/elcanillita.info\\\/press\\\/#\\\/schema\\\/person\\\/7fcb79f38045700919f7da6d97e71ba0\"},\"headline\":\"&#8216;Tenemos derecho a saber c\u00f3mo se hacen nuestros productos&#8217;: Activista que lucha contra los trabajos forzados en Xinjiang\",\"datePublished\":\"2020-12-16T17:54:43+00:00\",\"dateModified\":\"2020-12-17T13:43:28+00:00\",\"mainEntityOfPage\":{\"@id\":\"https:\\\/\\\/elcanillita.info\\\/press\\\/2020\\\/12\\\/16\\\/derecho-saber-productos-activista-lucha-trabajos-forzados\\\/\"},\"wordCount\":689,\"publisher\":{\"@id\":\"https:\\\/\\\/elcanillita.info\\\/press\\\/#organization\"},\"image\":{\"@id\":\"https:\\\/\\\/elcanillita.info\\\/press\\\/2020\\\/12\\\/16\\\/derecho-saber-productos-activista-lucha-trabajos-forzados\\\/#primaryimage\"},\"thumbnailUrl\":\"https:\\\/\\\/elcanillita.info\\\/press\\\/images\\\/2020\\\/12\\\/huawei-1.jpg\",\"keywords\":[\"China\"],\"articleSection\":[\"Actualidad\",\"Asia\",\"Economia\",\"Sociedad\"],\"inLanguage\":\"es-AR\"},{\"@type\":\"WebPage\",\"@id\":\"https:\\\/\\\/elcanillita.info\\\/press\\\/2020\\\/12\\\/16\\\/derecho-saber-productos-activista-lucha-trabajos-forzados\\\/\",\"url\":\"https:\\\/\\\/elcanillita.info\\\/press\\\/2020\\\/12\\\/16\\\/derecho-saber-productos-activista-lucha-trabajos-forzados\\\/\",\"name\":\"'Tenemos derecho a saber c\u00f3mo se hacen nuestros productos': Activista que lucha contra los trabajos forzados en Xinjiang - ElCanillita.Info\",\"isPartOf\":{\"@id\":\"https:\\\/\\\/elcanillita.info\\\/press\\\/#website\"},\"primaryImageOfPage\":{\"@id\":\"https:\\\/\\\/elcanillita.info\\\/press\\\/2020\\\/12\\\/16\\\/derecho-saber-productos-activista-lucha-trabajos-forzados\\\/#primaryimage\"},\"image\":{\"@id\":\"https:\\\/\\\/elcanillita.info\\\/press\\\/2020\\\/12\\\/16\\\/derecho-saber-productos-activista-lucha-trabajos-forzados\\\/#primaryimage\"},\"thumbnailUrl\":\"https:\\\/\\\/elcanillita.info\\\/press\\\/images\\\/2020\\\/12\\\/huawei-1.jpg\",\"datePublished\":\"2020-12-16T17:54:43+00:00\",\"dateModified\":\"2020-12-17T13:43:28+00:00\",\"inLanguage\":\"es-AR\",\"potentialAction\":[{\"@type\":\"ReadAction\",\"target\":[\"https:\\\/\\\/elcanillita.info\\\/press\\\/2020\\\/12\\\/16\\\/derecho-saber-productos-activista-lucha-trabajos-forzados\\\/\"]}]},{\"@type\":\"ImageObject\",\"inLanguage\":\"es-AR\",\"@id\":\"https:\\\/\\\/elcanillita.info\\\/press\\\/2020\\\/12\\\/16\\\/derecho-saber-productos-activista-lucha-trabajos-forzados\\\/#primaryimage\",\"url\":\"https:\\\/\\\/elcanillita.info\\\/press\\\/images\\\/2020\\\/12\\\/huawei-1.jpg\",\"contentUrl\":\"https:\\\/\\\/elcanillita.info\\\/press\\\/images\\\/2020\\\/12\\\/huawei-1.jpg\",\"width\":600,\"height\":337},{\"@type\":\"WebSite\",\"@id\":\"https:\\\/\\\/elcanillita.info\\\/press\\\/#website\",\"url\":\"https:\\\/\\\/elcanillita.info\\\/press\\\/\",\"name\":\"ElCanillita.Info\",\"description\":\"desde los Apeninos a los Andes\",\"publisher\":{\"@id\":\"https:\\\/\\\/elcanillita.info\\\/press\\\/#organization\"},\"potentialAction\":[{\"@type\":\"SearchAction\",\"target\":{\"@type\":\"EntryPoint\",\"urlTemplate\":\"https:\\\/\\\/elcanillita.info\\\/press\\\/?s={search_term_string}\"},\"query-input\":{\"@type\":\"PropertyValueSpecification\",\"valueRequired\":true,\"valueName\":\"search_term_string\"}}],\"inLanguage\":\"es-AR\"},{\"@type\":\"Organization\",\"@id\":\"https:\\\/\\\/elcanillita.info\\\/press\\\/#organization\",\"name\":\"Guzzo Photos & Graphic Publications\",\"url\":\"https:\\\/\\\/elcanillita.info\\\/press\\\/\",\"logo\":{\"@type\":\"ImageObject\",\"inLanguage\":\"es-AR\",\"@id\":\"https:\\\/\\\/elcanillita.info\\\/press\\\/#\\\/schema\\\/logo\\\/image\\\/\",\"url\":\"https:\\\/\\\/elcanillita.info\\\/press\\\/images\\\/2020\\\/01\\\/cropped-cropped-cropped-elcanillitainfo.png\",\"contentUrl\":\"https:\\\/\\\/elcanillita.info\\\/press\\\/images\\\/2020\\\/01\\\/cropped-cropped-cropped-elcanillitainfo.png\",\"width\":460,\"height\":50,\"caption\":\"Guzzo Photos & Graphic Publications\"},\"image\":{\"@id\":\"https:\\\/\\\/elcanillita.info\\\/press\\\/#\\\/schema\\\/logo\\\/image\\\/\"},\"sameAs\":[\"https:\\\/\\\/ar-ar.facebook.com\\\/ElCanillitainfo-114249515285712\\\/\"]},{\"@type\":\"Person\",\"@id\":\"https:\\\/\\\/elcanillita.info\\\/press\\\/#\\\/schema\\\/person\\\/7fcb79f38045700919f7da6d97e71ba0\",\"name\":\"SalaStampa.eu, world press service\",\"image\":{\"@type\":\"ImageObject\",\"inLanguage\":\"es-AR\",\"@id\":\"https:\\\/\\\/secure.gravatar.com\\\/avatar\\\/c2f0e0d515a107624234994507816ca4724c7199cef73fc8bedebf6931d73888?s=96&d=mm&r=g\",\"url\":\"https:\\\/\\\/secure.gravatar.com\\\/avatar\\\/c2f0e0d515a107624234994507816ca4724c7199cef73fc8bedebf6931d73888?s=96&d=mm&r=g\",\"contentUrl\":\"https:\\\/\\\/secure.gravatar.com\\\/avatar\\\/c2f0e0d515a107624234994507816ca4724c7199cef73fc8bedebf6931d73888?s=96&d=mm&r=g\",\"caption\":\"SalaStampa.eu, world press service\"}}]}<\/script>\n<!-- \/ Yoast SEO plugin. -->","yoast_head_json":{"title":"'Tenemos derecho a saber c\u00f3mo se hacen nuestros productos': Activista que lucha contra los trabajos forzados en Xinjiang - ElCanillita.Info","robots":{"index":"index","follow":"follow","max-snippet":"max-snippet:-1","max-image-preview":"max-image-preview:large","max-video-preview":"max-video-preview:-1"},"canonical":"https:\/\/elcanillita.info\/press\/2020\/12\/16\/derecho-saber-productos-activista-lucha-trabajos-forzados\/","og_locale":"es_ES","og_type":"article","og_title":"'Tenemos derecho a saber c\u00f3mo se hacen nuestros productos': Activista que lucha contra los trabajos forzados en Xinjiang - ElCanillita.Info","og_description":"Pierre Bussiere es un activista franc\u00e9s que lanz\u00f3 una campa\u00f1a de \"verg\u00fcenza\" para presionar a las empresas que venden productos fabricados con trabajos forzados en la Regi\u00f3n Aut\u00f3noma Uigur del noroeste de China (XUAR)","og_url":"https:\/\/elcanillita.info\/press\/2020\/12\/16\/derecho-saber-productos-activista-lucha-trabajos-forzados\/","og_site_name":"ElCanillita.Info","article_publisher":"https:\/\/ar-ar.facebook.com\/ElCanillitainfo-114249515285712\/","article_published_time":"2020-12-16T17:54:43+00:00","article_modified_time":"2020-12-17T13:43:28+00:00","og_image":[{"width":600,"height":337,"url":"https:\/\/elcanillita.info\/press\/images\/2020\/12\/huawei-1.jpg","type":"image\/jpeg"}],"author":"SalaStampa.eu, world press service","twitter_card":"summary_large_image","twitter_misc":{"Escrito por":"SalaStampa.eu, world press service","Tiempo de lectura":"3 minutos"},"schema":{"@context":"https:\/\/schema.org","@graph":[{"@type":"Article","@id":"https:\/\/elcanillita.info\/press\/2020\/12\/16\/derecho-saber-productos-activista-lucha-trabajos-forzados\/#article","isPartOf":{"@id":"https:\/\/elcanillita.info\/press\/2020\/12\/16\/derecho-saber-productos-activista-lucha-trabajos-forzados\/"},"author":{"name":"SalaStampa.eu, world press service","@id":"https:\/\/elcanillita.info\/press\/#\/schema\/person\/7fcb79f38045700919f7da6d97e71ba0"},"headline":"&#8216;Tenemos derecho a saber c\u00f3mo se hacen nuestros productos&#8217;: Activista que lucha contra los trabajos forzados en Xinjiang","datePublished":"2020-12-16T17:54:43+00:00","dateModified":"2020-12-17T13:43:28+00:00","mainEntityOfPage":{"@id":"https:\/\/elcanillita.info\/press\/2020\/12\/16\/derecho-saber-productos-activista-lucha-trabajos-forzados\/"},"wordCount":689,"publisher":{"@id":"https:\/\/elcanillita.info\/press\/#organization"},"image":{"@id":"https:\/\/elcanillita.info\/press\/2020\/12\/16\/derecho-saber-productos-activista-lucha-trabajos-forzados\/#primaryimage"},"thumbnailUrl":"https:\/\/elcanillita.info\/press\/images\/2020\/12\/huawei-1.jpg","keywords":["China"],"articleSection":["Actualidad","Asia","Economia","Sociedad"],"inLanguage":"es-AR"},{"@type":"WebPage","@id":"https:\/\/elcanillita.info\/press\/2020\/12\/16\/derecho-saber-productos-activista-lucha-trabajos-forzados\/","url":"https:\/\/elcanillita.info\/press\/2020\/12\/16\/derecho-saber-productos-activista-lucha-trabajos-forzados\/","name":"'Tenemos derecho a saber c\u00f3mo se hacen nuestros productos': Activista que lucha contra los trabajos forzados en Xinjiang - ElCanillita.Info","isPartOf":{"@id":"https:\/\/elcanillita.info\/press\/#website"},"primaryImageOfPage":{"@id":"https:\/\/elcanillita.info\/press\/2020\/12\/16\/derecho-saber-productos-activista-lucha-trabajos-forzados\/#primaryimage"},"image":{"@id":"https:\/\/elcanillita.info\/press\/2020\/12\/16\/derecho-saber-productos-activista-lucha-trabajos-forzados\/#primaryimage"},"thumbnailUrl":"https:\/\/elcanillita.info\/press\/images\/2020\/12\/huawei-1.jpg","datePublished":"2020-12-16T17:54:43+00:00","dateModified":"2020-12-17T13:43:28+00:00","inLanguage":"es-AR","potentialAction":[{"@type":"ReadAction","target":["https:\/\/elcanillita.info\/press\/2020\/12\/16\/derecho-saber-productos-activista-lucha-trabajos-forzados\/"]}]},{"@type":"ImageObject","inLanguage":"es-AR","@id":"https:\/\/elcanillita.info\/press\/2020\/12\/16\/derecho-saber-productos-activista-lucha-trabajos-forzados\/#primaryimage","url":"https:\/\/elcanillita.info\/press\/images\/2020\/12\/huawei-1.jpg","contentUrl":"https:\/\/elcanillita.info\/press\/images\/2020\/12\/huawei-1.jpg","width":600,"height":337},{"@type":"WebSite","@id":"https:\/\/elcanillita.info\/press\/#website","url":"https:\/\/elcanillita.info\/press\/","name":"ElCanillita.Info","description":"desde los Apeninos a los Andes","publisher":{"@id":"https:\/\/elcanillita.info\/press\/#organization"},"potentialAction":[{"@type":"SearchAction","target":{"@type":"EntryPoint","urlTemplate":"https:\/\/elcanillita.info\/press\/?s={search_term_string}"},"query-input":{"@type":"PropertyValueSpecification","valueRequired":true,"valueName":"search_term_string"}}],"inLanguage":"es-AR"},{"@type":"Organization","@id":"https:\/\/elcanillita.info\/press\/#organization","name":"Guzzo Photos & Graphic Publications","url":"https:\/\/elcanillita.info\/press\/","logo":{"@type":"ImageObject","inLanguage":"es-AR","@id":"https:\/\/elcanillita.info\/press\/#\/schema\/logo\/image\/","url":"https:\/\/elcanillita.info\/press\/images\/2020\/01\/cropped-cropped-cropped-elcanillitainfo.png","contentUrl":"https:\/\/elcanillita.info\/press\/images\/2020\/01\/cropped-cropped-cropped-elcanillitainfo.png","width":460,"height":50,"caption":"Guzzo Photos & Graphic Publications"},"image":{"@id":"https:\/\/elcanillita.info\/press\/#\/schema\/logo\/image\/"},"sameAs":["https:\/\/ar-ar.facebook.com\/ElCanillitainfo-114249515285712\/"]},{"@type":"Person","@id":"https:\/\/elcanillita.info\/press\/#\/schema\/person\/7fcb79f38045700919f7da6d97e71ba0","name":"SalaStampa.eu, world press service","image":{"@type":"ImageObject","inLanguage":"es-AR","@id":"https:\/\/secure.gravatar.com\/avatar\/c2f0e0d515a107624234994507816ca4724c7199cef73fc8bedebf6931d73888?s=96&d=mm&r=g","url":"https:\/\/secure.gravatar.com\/avatar\/c2f0e0d515a107624234994507816ca4724c7199cef73fc8bedebf6931d73888?s=96&d=mm&r=g","contentUrl":"https:\/\/secure.gravatar.com\/avatar\/c2f0e0d515a107624234994507816ca4724c7199cef73fc8bedebf6931d73888?s=96&d=mm&r=g","caption":"SalaStampa.eu, world press service"}}]}},"views":654,"_links":{"self":[{"href":"https:\/\/elcanillita.info\/press\/wp-json\/wp\/v2\/posts\/1179","targetHints":{"allow":["GET"]}}],"collection":[{"href":"https:\/\/elcanillita.info\/press\/wp-json\/wp\/v2\/posts"}],"about":[{"href":"https:\/\/elcanillita.info\/press\/wp-json\/wp\/v2\/types\/post"}],"author":[{"embeddable":true,"href":"https:\/\/elcanillita.info\/press\/wp-json\/wp\/v2\/users\/1"}],"replies":[{"embeddable":true,"href":"https:\/\/elcanillita.info\/press\/wp-json\/wp\/v2\/comments?post=1179"}],"version-history":[{"count":0,"href":"https:\/\/elcanillita.info\/press\/wp-json\/wp\/v2\/posts\/1179\/revisions"}],"wp:featuredmedia":[{"embeddable":true,"href":"https:\/\/elcanillita.info\/press\/wp-json\/wp\/v2\/media\/1180"}],"wp:attachment":[{"href":"https:\/\/elcanillita.info\/press\/wp-json\/wp\/v2\/media?parent=1179"}],"wp:term":[{"taxonomy":"category","embeddable":true,"href":"https:\/\/elcanillita.info\/press\/wp-json\/wp\/v2\/categories?post=1179"},{"taxonomy":"post_tag","embeddable":true,"href":"https:\/\/elcanillita.info\/press\/wp-json\/wp\/v2\/tags?post=1179"}],"curies":[{"name":"wp","href":"https:\/\/api.w.org\/{rel}","templated":true}]}}