{"id":1176,"date":"2020-12-14T07:31:06","date_gmt":"2020-12-14T10:31:06","guid":{"rendered":"https:\/\/elcanillita.info\/press\/?p=1176"},"modified":"2020-12-14T07:45:50","modified_gmt":"2020-12-14T10:45:50","slug":"alivio-pobreza","status":"publish","type":"post","link":"https:\/\/elcanillita.info\/press\/2020\/12\/14\/alivio-pobreza\/","title":{"rendered":"Alivio de la pobreza"},"content":{"rendered":"<p><img decoding=\"async\" src=\"https:\/\/elcanillita.info\/press\/images\/2020\/12\/tibetanos.jpg\"><\/p>\n\n\n<p>China declar\u00f3 a finales de noviembre que hab\u00eda cumplido oficialmente el objetivo de eliminar la pobreza extrema para 2020, una de las iniciativas firmadas por el jefe del Partido Comunista, Xi Jinping, para alcanzar el objetivo del PCCh de construir una &#8220;sociedad moderadamente pr\u00f3spera&#8221; antes del centenario del partido en 2021.<\/p>\n\n\n\n<p>Rita Cheng, del Servicio de Mandar\u00edn de la RFA, examina el impacto de las pol\u00edticas de alivio de la pobreza en las minor\u00edas \u00e9tnicas.<\/p>\n\n\n\n<p>El Partido Comunista Chino (PCC) en el poder est\u00e1 obligando a los tibetanos a trabajar, recibir formaci\u00f3n militar y &#8220;reeducaci\u00f3n&#8221; para eliminar la &#8220;influencia nociva&#8221; de su religi\u00f3n, bajo la apariencia de un plan de alivio de la pobreza en la regi\u00f3n del Himalaya, seg\u00fan demuestran investigadores, informes de los medios de comunicaci\u00f3n y documentos del gobierno.<\/p>\n\n\n\n<p>Aunque las cifras del gobierno anunciaron la eliminaci\u00f3n de la designaci\u00f3n de &#8220;pobre&#8221; de los 74 condados que la llevaban a finales de 2019, estos aparentes beneficios econ\u00f3micos han tenido un enorme coste para la poblaci\u00f3n local y para la cultura tibetana.<\/p>\n\n\n\n<p>Un informe de la Fundaci\u00f3n Jamestown con sede en Washington en septiembre encontr\u00f3 que el PCCh est\u00e1 cambiando las estad\u00edsticas, al menos en parte, empujando a un gran n\u00famero de trabajadores rurales tibetanos fuera de la tierra y en centros de entrenamiento de estilo militar recientemente construidos.<\/p>\n\n\n\n<p>Estos centros de entrenamiento los convierten en trabajadores de f\u00e1brica, reflejando un programa en la regi\u00f3n occidental de Xinjiang que los grupos de derechos han calificado de trabajo coercitivo, informaron Reuters y la Fundaci\u00f3n Jamestown, con detalles de los esquemas tambi\u00e9n destacados en documentos del gobierno chino en l\u00ednea.<\/p>\n\n\n\n<p>Los informes de los medios de comunicaci\u00f3n estatales indican que el PCCh ha establecido cuotas para el traslado masivo de tibetanos rurales de las zonas afectadas por la pobreza a otros lugares del T\u00edbet, o a otros lugares de China.<\/p>\n\n\n\n<p>Un aviso publicado en el sitio web del gobierno regional del T\u00edbet en agosto dec\u00eda que m\u00e1s de medio mill\u00f3n de personas hab\u00edan recibido capacitaci\u00f3n como parte del proyecto en los primeros siete meses de 2020, alrededor del 15 por ciento de la poblaci\u00f3n de la regi\u00f3n, inform\u00f3 Reuters.<\/p>\n\n\n\n<p>El investigador independiente Adrian Zenz ha calificado esta pol\u00edtica como &#8220;el ataque m\u00e1s fuerte, claro y dirigido contra los medios de vida tradicionales tibetanos que hemos visto casi desde la Revoluci\u00f3n Cultural (1966-1976)&#8221;.<\/p>\n\n\n\n<p>Reuters dijo que hab\u00eda corroborado las conclusiones de Zenz y encontr\u00f3 documentos de pol\u00edtica adicionales, informes de empresas, archivos de adquisiciones e informes de los medios de comunicaci\u00f3n estatales que describ\u00edan el programa.<\/p>\n\n\n\n<p>El Ministerio de Asuntos Exteriores de China ha negado rotundamente el uso del trabajo forzado como parte del plan.<\/p>\n\n\n\n<p><strong>Vigilancia de la red<\/strong><\/p>\n\n\n\n<p>Zenz dijo a RFA que un estado de vigilancia policial llevado al T\u00edbet por el ex jefe regional del PCCh, Chen Quanguo, hab\u00eda militarizado efectivamente la regi\u00f3n con el uso de una red de vigilancia &#8220;cuadriculada&#8221;.<\/p>\n\n\n\n<p>Seg\u00fan el Bolet\u00edn del Gobierno Popular de la Regi\u00f3n Aut\u00f3noma del T\u00edbet de 2019, la regi\u00f3n considera necesario utilizar un entrenamiento de tipo militar para cambiar las ideas de la gente sobre el empleo, y que dichos programas de entrenamiento incluyen la ense\u00f1anza del idioma chino y la &#8220;educaci\u00f3n pol\u00edtica&#8221;, similar al modelo utilizado en el programa de encarcelamiento masivo de Xinjiang.<\/p>\n\n\n\n<p>Dec\u00eda que el entrenamiento de habilidades deber\u00eda estar orientado a la demanda del gobierno central y de las empresas estatales de la regi\u00f3n, y que los empleos disponibles deber\u00edan ser descritos antes de que la gente fuera entrenada para cubrirlos, &#8220;por encargo&#8221;.<\/p>\n\n\n\n<p>El informe de trabajo de la Regi\u00f3n Aut\u00f3noma del T\u00edbet para 2019 mostraba que 571.000 miembros de las comunidades agr\u00edcolas y ganaderas tradicionales hab\u00edan sido readiestrados para ese empleo.<\/p>\n\n\n\n<p>En 2020, se prev\u00e9 capacitar a otras 100.000 personas de los condados rurales para hacer pedidos y trasladar a unas 600.000 personas en el marco del plan.<\/p>\n\n\n\n<p>En el momento de redactar el presente informe, los intentos de obtener comentarios por correo electr\u00f3nico de la embajada de China en los Estados Unidos no hab\u00edan obtenido respuesta.<\/p>\n\n\n\n<p>Dorjee Tseten, directora ejecutiva del Movimiento Estudiantil del T\u00edbet Libre, con sede en Nueva York, dijo que el alivio de la pobreza era un eufemismo para describir lo que es efectivamente un programa de trabajo forzado masivo.<\/p>\n\n\n\n<p>&#8220;Forzar a la gente a los llamados campos de entrenamiento no es alivio de la pobreza&#8221;, dijo. &#8220;La intenci\u00f3n del PCCh es facilitar la vigilancia y el control del T\u00edbet a gran escala&#8221;.<\/p>\n\n\n\n<p>&#8220;Su objetivo es sacar a los tibetanos de sus pueblos, cambiar su forma de vida y eliminar nuestra religi\u00f3n y cultura&#8221;, dijo. &#8220;Tambi\u00e9n utilizan la tecnolog\u00eda para controlar el acceso de los tibetanos a la informaci\u00f3n, y para hacerlos m\u00e1s dependientes del gobierno&#8221;.<\/p>\n\n\n\n<p><strong>&#8216;Sentir el amor del partido&#8217;<\/strong><\/p>\n\n\n\n<p>Seg\u00fan Zenz, el PCCh est\u00e1 llevando a cabo al menos dos programas diferentes de formaci\u00f3n profesional y colocaci\u00f3n laboral en la regi\u00f3n.<\/p>\n\n\n\n<p>Adem\u00e1s de los campos de &#8220;reeducaci\u00f3n&#8221; similares a los de Xinjiang, un programa mucho m\u00e1s amplio de &#8220;excedente de mano de obra rural&#8221; tambi\u00e9n empuja a los tibetanos a la formaci\u00f3n profesional dise\u00f1ada para satisfacer la demanda de los empleadores.<\/p>\n\n\n\n<p>Los documentos oficiales emitidos por el gobierno regional tibetano tambi\u00e9n piden que los centros de formaci\u00f3n profesional militarizados &#8220;transformen la mentalidad anticuada de los trabajadores&#8221; y &#8220;contrarresten la influencia negativa de la religi\u00f3n&#8221;.<\/p>\n\n\n\n<p>Seg\u00fan el United Daily News de Taiw\u00e1n, Wu Yingjie, secretario del partido del PCCh para la regi\u00f3n, pidi\u00f3 en una conferencia de prensa sobre el alivio de la pobreza que se trabaje m\u00e1s en la &#8220;forma de pensar&#8221; de los tibetanos, incluso motiv\u00e1ndolos a &#8220;adoptar una visi\u00f3n racional de la religi\u00f3n&#8221;.<\/p>\n\n\n\n<p>Las personas de todos los grupos \u00e9tnicos deben &#8220;sentir el amor del partido, obedecer al partido y seguir el liderazgo del partido&#8221;, dijo el peri\u00f3dico citando a Wu.<\/p>\n\n\n\n<p>Dorjee Tseten pidi\u00f3 a Pek\u00edn que permita a los medios de comunicaci\u00f3n extranjeros independientes operar libremente en el T\u00edbet, si tiene alg\u00fan resultado genuino de los programas de &#8220;alivio de la pobreza&#8221; para mostrar al resto del mundo.<\/p>\n\n\n\n<p>&#8220;Si el gobierno chino realmente ha hecho progresos, como afirma, en ayudar a los tibetanos a salir de la pobreza, entonces \u00bfpor qu\u00e9 ocultarlo?&#8221; dijo.<\/p>\n\n\n\n<p>&#8220;Deber\u00edan dejar que los medios de comunicaci\u00f3n vieran por s\u00ed mismos\u2026 \u00bfde qu\u00e9 tiene miedo el gobierno chino?&#8221;<\/p>\n\n\n\n<p><small>Reportado por Rita Cheng para el Servicio Mandar\u00edn de la RFA. Editado y traducido en castellano por Ruben Guzzo \u2013 ODG 59120 \u2013 Torino, 14.12.2020.<br><br>\u00a9 2020 SalaStampa.Eu  affiliate with USAGM \/ BBG\nCopyright \u00a9 1998-2020, RFA. Reprinted by ElCanillita.Info with the permission of Radio Free Asia, 2025 M St. NW, Suite 300, Washington DC 20036<\/small><\/p>\n","protected":false},"excerpt":{"rendered":"<p>China est\u00e1 obligando a los tibetanos a trabajar, recibir formaci\u00f3n militar y &#8220;reeducaci\u00f3n&#8221; para eliminar la &#8220;influencia nociva&#8221; de su religi\u00f3n<\/p>\n","protected":false},"author":1,"featured_media":1177,"comment_status":"closed","ping_status":"closed","sticky":false,"template":"","format":"standard","meta":{"footnotes":"","_links_to":"","_links_to_target":""},"categories":[70,16,19,23,25],"tags":[],"class_list":["post-1176","post","type-post","status-publish","format-standard","has-post-thumbnail","hentry","category-actualidad","category-asia","category-cultura","category-politica","category-sociedad","entry","double"],"yoast_head":"<!-- This site is optimized with the Yoast SEO plugin v27.4 - https:\/\/yoast.com\/product\/yoast-seo-wordpress\/ -->\n<title>Alivio de la pobreza - ElCanillita.Info<\/title>\n<meta name=\"robots\" content=\"index, follow, max-snippet:-1, max-image-preview:large, max-video-preview:-1\" \/>\n<link rel=\"canonical\" href=\"https:\/\/elcanillita.info\/press\/2020\/12\/14\/alivio-pobreza\/\" \/>\n<meta property=\"og:locale\" content=\"es_ES\" \/>\n<meta property=\"og:type\" content=\"article\" \/>\n<meta property=\"og:title\" content=\"Alivio de la pobreza - ElCanillita.Info\" \/>\n<meta property=\"og:description\" content=\"China est\u00e1 obligando a los tibetanos a trabajar, recibir formaci\u00f3n militar y &quot;reeducaci\u00f3n&quot; para eliminar la &quot;influencia nociva&quot; de su religi\u00f3n\" \/>\n<meta property=\"og:url\" content=\"https:\/\/elcanillita.info\/press\/2020\/12\/14\/alivio-pobreza\/\" \/>\n<meta property=\"og:site_name\" content=\"ElCanillita.Info\" \/>\n<meta property=\"article:publisher\" content=\"https:\/\/ar-ar.facebook.com\/ElCanillitainfo-114249515285712\/\" \/>\n<meta property=\"article:published_time\" content=\"2020-12-14T10:31:06+00:00\" \/>\n<meta property=\"article:modified_time\" content=\"2020-12-14T10:45:50+00:00\" \/>\n<meta property=\"og:image\" content=\"https:\/\/elcanillita.info\/press\/images\/2020\/12\/tibetanos-1.jpg\" \/>\n\t<meta property=\"og:image:width\" content=\"600\" \/>\n\t<meta property=\"og:image:height\" content=\"464\" \/>\n\t<meta property=\"og:image:type\" content=\"image\/jpeg\" \/>\n<meta name=\"author\" content=\"SalaStampa.eu, world press service\" \/>\n<meta name=\"twitter:card\" content=\"summary_large_image\" \/>\n<meta name=\"twitter:label1\" content=\"Escrito por\" \/>\n\t<meta name=\"twitter:data1\" content=\"SalaStampa.eu, world press service\" \/>\n\t<meta name=\"twitter:label2\" content=\"Tiempo de lectura\" \/>\n\t<meta name=\"twitter:data2\" content=\"6 minutos\" \/>\n<script type=\"application\/ld+json\" class=\"yoast-schema-graph\">{\"@context\":\"https:\\\/\\\/schema.org\",\"@graph\":[{\"@type\":\"Article\",\"@id\":\"https:\\\/\\\/elcanillita.info\\\/press\\\/2020\\\/12\\\/14\\\/alivio-pobreza\\\/#article\",\"isPartOf\":{\"@id\":\"https:\\\/\\\/elcanillita.info\\\/press\\\/2020\\\/12\\\/14\\\/alivio-pobreza\\\/\"},\"author\":{\"name\":\"SalaStampa.eu, world press service\",\"@id\":\"https:\\\/\\\/elcanillita.info\\\/press\\\/#\\\/schema\\\/person\\\/7fcb79f38045700919f7da6d97e71ba0\"},\"headline\":\"Alivio de la pobreza\",\"datePublished\":\"2020-12-14T10:31:06+00:00\",\"dateModified\":\"2020-12-14T10:45:50+00:00\",\"mainEntityOfPage\":{\"@id\":\"https:\\\/\\\/elcanillita.info\\\/press\\\/2020\\\/12\\\/14\\\/alivio-pobreza\\\/\"},\"wordCount\":1184,\"publisher\":{\"@id\":\"https:\\\/\\\/elcanillita.info\\\/press\\\/#organization\"},\"image\":{\"@id\":\"https:\\\/\\\/elcanillita.info\\\/press\\\/2020\\\/12\\\/14\\\/alivio-pobreza\\\/#primaryimage\"},\"thumbnailUrl\":\"https:\\\/\\\/elcanillita.info\\\/press\\\/images\\\/2020\\\/12\\\/tibetanos-1.jpg\",\"articleSection\":[\"Actualidad\",\"Asia\",\"Cultura\",\"Politica\",\"Sociedad\"],\"inLanguage\":\"es-AR\"},{\"@type\":\"WebPage\",\"@id\":\"https:\\\/\\\/elcanillita.info\\\/press\\\/2020\\\/12\\\/14\\\/alivio-pobreza\\\/\",\"url\":\"https:\\\/\\\/elcanillita.info\\\/press\\\/2020\\\/12\\\/14\\\/alivio-pobreza\\\/\",\"name\":\"Alivio de la pobreza - ElCanillita.Info\",\"isPartOf\":{\"@id\":\"https:\\\/\\\/elcanillita.info\\\/press\\\/#website\"},\"primaryImageOfPage\":{\"@id\":\"https:\\\/\\\/elcanillita.info\\\/press\\\/2020\\\/12\\\/14\\\/alivio-pobreza\\\/#primaryimage\"},\"image\":{\"@id\":\"https:\\\/\\\/elcanillita.info\\\/press\\\/2020\\\/12\\\/14\\\/alivio-pobreza\\\/#primaryimage\"},\"thumbnailUrl\":\"https:\\\/\\\/elcanillita.info\\\/press\\\/images\\\/2020\\\/12\\\/tibetanos-1.jpg\",\"datePublished\":\"2020-12-14T10:31:06+00:00\",\"dateModified\":\"2020-12-14T10:45:50+00:00\",\"inLanguage\":\"es-AR\",\"potentialAction\":[{\"@type\":\"ReadAction\",\"target\":[\"https:\\\/\\\/elcanillita.info\\\/press\\\/2020\\\/12\\\/14\\\/alivio-pobreza\\\/\"]}]},{\"@type\":\"ImageObject\",\"inLanguage\":\"es-AR\",\"@id\":\"https:\\\/\\\/elcanillita.info\\\/press\\\/2020\\\/12\\\/14\\\/alivio-pobreza\\\/#primaryimage\",\"url\":\"https:\\\/\\\/elcanillita.info\\\/press\\\/images\\\/2020\\\/12\\\/tibetanos-1.jpg\",\"contentUrl\":\"https:\\\/\\\/elcanillita.info\\\/press\\\/images\\\/2020\\\/12\\\/tibetanos-1.jpg\",\"width\":600,\"height\":464},{\"@type\":\"WebSite\",\"@id\":\"https:\\\/\\\/elcanillita.info\\\/press\\\/#website\",\"url\":\"https:\\\/\\\/elcanillita.info\\\/press\\\/\",\"name\":\"ElCanillita.Info\",\"description\":\"desde los Apeninos a los Andes\",\"publisher\":{\"@id\":\"https:\\\/\\\/elcanillita.info\\\/press\\\/#organization\"},\"potentialAction\":[{\"@type\":\"SearchAction\",\"target\":{\"@type\":\"EntryPoint\",\"urlTemplate\":\"https:\\\/\\\/elcanillita.info\\\/press\\\/?s={search_term_string}\"},\"query-input\":{\"@type\":\"PropertyValueSpecification\",\"valueRequired\":true,\"valueName\":\"search_term_string\"}}],\"inLanguage\":\"es-AR\"},{\"@type\":\"Organization\",\"@id\":\"https:\\\/\\\/elcanillita.info\\\/press\\\/#organization\",\"name\":\"Guzzo Photos & Graphic Publications\",\"url\":\"https:\\\/\\\/elcanillita.info\\\/press\\\/\",\"logo\":{\"@type\":\"ImageObject\",\"inLanguage\":\"es-AR\",\"@id\":\"https:\\\/\\\/elcanillita.info\\\/press\\\/#\\\/schema\\\/logo\\\/image\\\/\",\"url\":\"https:\\\/\\\/elcanillita.info\\\/press\\\/images\\\/2020\\\/01\\\/cropped-cropped-cropped-elcanillitainfo.png\",\"contentUrl\":\"https:\\\/\\\/elcanillita.info\\\/press\\\/images\\\/2020\\\/01\\\/cropped-cropped-cropped-elcanillitainfo.png\",\"width\":460,\"height\":50,\"caption\":\"Guzzo Photos & Graphic Publications\"},\"image\":{\"@id\":\"https:\\\/\\\/elcanillita.info\\\/press\\\/#\\\/schema\\\/logo\\\/image\\\/\"},\"sameAs\":[\"https:\\\/\\\/ar-ar.facebook.com\\\/ElCanillitainfo-114249515285712\\\/\"]},{\"@type\":\"Person\",\"@id\":\"https:\\\/\\\/elcanillita.info\\\/press\\\/#\\\/schema\\\/person\\\/7fcb79f38045700919f7da6d97e71ba0\",\"name\":\"SalaStampa.eu, world press service\",\"image\":{\"@type\":\"ImageObject\",\"inLanguage\":\"es-AR\",\"@id\":\"https:\\\/\\\/secure.gravatar.com\\\/avatar\\\/c2f0e0d515a107624234994507816ca4724c7199cef73fc8bedebf6931d73888?s=96&d=mm&r=g\",\"url\":\"https:\\\/\\\/secure.gravatar.com\\\/avatar\\\/c2f0e0d515a107624234994507816ca4724c7199cef73fc8bedebf6931d73888?s=96&d=mm&r=g\",\"contentUrl\":\"https:\\\/\\\/secure.gravatar.com\\\/avatar\\\/c2f0e0d515a107624234994507816ca4724c7199cef73fc8bedebf6931d73888?s=96&d=mm&r=g\",\"caption\":\"SalaStampa.eu, world press service\"}}]}<\/script>\n<!-- \/ Yoast SEO plugin. -->","yoast_head_json":{"title":"Alivio de la pobreza - ElCanillita.Info","robots":{"index":"index","follow":"follow","max-snippet":"max-snippet:-1","max-image-preview":"max-image-preview:large","max-video-preview":"max-video-preview:-1"},"canonical":"https:\/\/elcanillita.info\/press\/2020\/12\/14\/alivio-pobreza\/","og_locale":"es_ES","og_type":"article","og_title":"Alivio de la pobreza - ElCanillita.Info","og_description":"China est\u00e1 obligando a los tibetanos a trabajar, recibir formaci\u00f3n militar y \"reeducaci\u00f3n\" para eliminar la \"influencia nociva\" de su religi\u00f3n","og_url":"https:\/\/elcanillita.info\/press\/2020\/12\/14\/alivio-pobreza\/","og_site_name":"ElCanillita.Info","article_publisher":"https:\/\/ar-ar.facebook.com\/ElCanillitainfo-114249515285712\/","article_published_time":"2020-12-14T10:31:06+00:00","article_modified_time":"2020-12-14T10:45:50+00:00","og_image":[{"width":600,"height":464,"url":"https:\/\/elcanillita.info\/press\/images\/2020\/12\/tibetanos-1.jpg","type":"image\/jpeg"}],"author":"SalaStampa.eu, world press service","twitter_card":"summary_large_image","twitter_misc":{"Escrito por":"SalaStampa.eu, world press service","Tiempo de lectura":"6 minutos"},"schema":{"@context":"https:\/\/schema.org","@graph":[{"@type":"Article","@id":"https:\/\/elcanillita.info\/press\/2020\/12\/14\/alivio-pobreza\/#article","isPartOf":{"@id":"https:\/\/elcanillita.info\/press\/2020\/12\/14\/alivio-pobreza\/"},"author":{"name":"SalaStampa.eu, world press service","@id":"https:\/\/elcanillita.info\/press\/#\/schema\/person\/7fcb79f38045700919f7da6d97e71ba0"},"headline":"Alivio de la pobreza","datePublished":"2020-12-14T10:31:06+00:00","dateModified":"2020-12-14T10:45:50+00:00","mainEntityOfPage":{"@id":"https:\/\/elcanillita.info\/press\/2020\/12\/14\/alivio-pobreza\/"},"wordCount":1184,"publisher":{"@id":"https:\/\/elcanillita.info\/press\/#organization"},"image":{"@id":"https:\/\/elcanillita.info\/press\/2020\/12\/14\/alivio-pobreza\/#primaryimage"},"thumbnailUrl":"https:\/\/elcanillita.info\/press\/images\/2020\/12\/tibetanos-1.jpg","articleSection":["Actualidad","Asia","Cultura","Politica","Sociedad"],"inLanguage":"es-AR"},{"@type":"WebPage","@id":"https:\/\/elcanillita.info\/press\/2020\/12\/14\/alivio-pobreza\/","url":"https:\/\/elcanillita.info\/press\/2020\/12\/14\/alivio-pobreza\/","name":"Alivio de la pobreza - ElCanillita.Info","isPartOf":{"@id":"https:\/\/elcanillita.info\/press\/#website"},"primaryImageOfPage":{"@id":"https:\/\/elcanillita.info\/press\/2020\/12\/14\/alivio-pobreza\/#primaryimage"},"image":{"@id":"https:\/\/elcanillita.info\/press\/2020\/12\/14\/alivio-pobreza\/#primaryimage"},"thumbnailUrl":"https:\/\/elcanillita.info\/press\/images\/2020\/12\/tibetanos-1.jpg","datePublished":"2020-12-14T10:31:06+00:00","dateModified":"2020-12-14T10:45:50+00:00","inLanguage":"es-AR","potentialAction":[{"@type":"ReadAction","target":["https:\/\/elcanillita.info\/press\/2020\/12\/14\/alivio-pobreza\/"]}]},{"@type":"ImageObject","inLanguage":"es-AR","@id":"https:\/\/elcanillita.info\/press\/2020\/12\/14\/alivio-pobreza\/#primaryimage","url":"https:\/\/elcanillita.info\/press\/images\/2020\/12\/tibetanos-1.jpg","contentUrl":"https:\/\/elcanillita.info\/press\/images\/2020\/12\/tibetanos-1.jpg","width":600,"height":464},{"@type":"WebSite","@id":"https:\/\/elcanillita.info\/press\/#website","url":"https:\/\/elcanillita.info\/press\/","name":"ElCanillita.Info","description":"desde los Apeninos a los Andes","publisher":{"@id":"https:\/\/elcanillita.info\/press\/#organization"},"potentialAction":[{"@type":"SearchAction","target":{"@type":"EntryPoint","urlTemplate":"https:\/\/elcanillita.info\/press\/?s={search_term_string}"},"query-input":{"@type":"PropertyValueSpecification","valueRequired":true,"valueName":"search_term_string"}}],"inLanguage":"es-AR"},{"@type":"Organization","@id":"https:\/\/elcanillita.info\/press\/#organization","name":"Guzzo Photos & Graphic Publications","url":"https:\/\/elcanillita.info\/press\/","logo":{"@type":"ImageObject","inLanguage":"es-AR","@id":"https:\/\/elcanillita.info\/press\/#\/schema\/logo\/image\/","url":"https:\/\/elcanillita.info\/press\/images\/2020\/01\/cropped-cropped-cropped-elcanillitainfo.png","contentUrl":"https:\/\/elcanillita.info\/press\/images\/2020\/01\/cropped-cropped-cropped-elcanillitainfo.png","width":460,"height":50,"caption":"Guzzo Photos & Graphic Publications"},"image":{"@id":"https:\/\/elcanillita.info\/press\/#\/schema\/logo\/image\/"},"sameAs":["https:\/\/ar-ar.facebook.com\/ElCanillitainfo-114249515285712\/"]},{"@type":"Person","@id":"https:\/\/elcanillita.info\/press\/#\/schema\/person\/7fcb79f38045700919f7da6d97e71ba0","name":"SalaStampa.eu, world press service","image":{"@type":"ImageObject","inLanguage":"es-AR","@id":"https:\/\/secure.gravatar.com\/avatar\/c2f0e0d515a107624234994507816ca4724c7199cef73fc8bedebf6931d73888?s=96&d=mm&r=g","url":"https:\/\/secure.gravatar.com\/avatar\/c2f0e0d515a107624234994507816ca4724c7199cef73fc8bedebf6931d73888?s=96&d=mm&r=g","contentUrl":"https:\/\/secure.gravatar.com\/avatar\/c2f0e0d515a107624234994507816ca4724c7199cef73fc8bedebf6931d73888?s=96&d=mm&r=g","caption":"SalaStampa.eu, world press service"}}]}},"views":662,"_links":{"self":[{"href":"https:\/\/elcanillita.info\/press\/wp-json\/wp\/v2\/posts\/1176","targetHints":{"allow":["GET"]}}],"collection":[{"href":"https:\/\/elcanillita.info\/press\/wp-json\/wp\/v2\/posts"}],"about":[{"href":"https:\/\/elcanillita.info\/press\/wp-json\/wp\/v2\/types\/post"}],"author":[{"embeddable":true,"href":"https:\/\/elcanillita.info\/press\/wp-json\/wp\/v2\/users\/1"}],"replies":[{"embeddable":true,"href":"https:\/\/elcanillita.info\/press\/wp-json\/wp\/v2\/comments?post=1176"}],"version-history":[{"count":0,"href":"https:\/\/elcanillita.info\/press\/wp-json\/wp\/v2\/posts\/1176\/revisions"}],"wp:featuredmedia":[{"embeddable":true,"href":"https:\/\/elcanillita.info\/press\/wp-json\/wp\/v2\/media\/1177"}],"wp:attachment":[{"href":"https:\/\/elcanillita.info\/press\/wp-json\/wp\/v2\/media?parent=1176"}],"wp:term":[{"taxonomy":"category","embeddable":true,"href":"https:\/\/elcanillita.info\/press\/wp-json\/wp\/v2\/categories?post=1176"},{"taxonomy":"post_tag","embeddable":true,"href":"https:\/\/elcanillita.info\/press\/wp-json\/wp\/v2\/tags?post=1176"}],"curies":[{"name":"wp","href":"https:\/\/api.w.org\/{rel}","templated":true}]}}