{"id":1174,"date":"2020-12-11T14:14:27","date_gmt":"2020-12-11T17:14:27","guid":{"rendered":"https:\/\/elcanillita.info\/press\/?p=1174"},"modified":"2020-12-11T14:14:28","modified_gmt":"2020-12-11T17:14:28","slug":"extrano-caso-vacuna-sinopharm","status":"publish","type":"post","link":"https:\/\/elcanillita.info\/press\/2020\/12\/11\/extrano-caso-vacuna-sinopharm\/","title":{"rendered":"El extra\u00f1o caso de la vacuna Sinopharm"},"content":{"rendered":"<p><img decoding=\"async\" src=\"https:\/\/elcanillita.info\/press\/images\/2020\/12\/covidiana.jpg\"><\/p>\n\n\n<p>La China exporta una de sus vacunas en todo el mundo pero Pek\u00edn no ha autorizado el uso en el pa\u00eds.<\/p>\n\n\n\n<p>Los Emirates \u00c1rabes Unidos han dado el visto bueno a la vacuna anticovid Sinopharm , suero que Pekin a\u00fan no ha aprobado en el propio territorio.<\/p>\n\n\n\n<p>En un importante anuncio del pasado miercoles, el ministro de salud dijo que, seg\u00fan las pruebas realizadas en el pa\u00eds, el suero de la empresa estatal Sinopharm es seguro y tiene una eficacia del 86 por ciento, por lo tanto el uso est\u00e1 autorizado. El ministro no dio m\u00e1s detalles y la comunidad cient\u00edfica tendr\u00e1 que esperar para verificarlo.<\/p>\n\n\n\n<p>Resulta extra\u00f1o que China no haya participado al feliz anuncio, ni el gobierno ni Sinopharm, a pesar que la vacuna es el objetivo prioritario del r\u00e9gimen.<\/p>\n\n\n\n<p>La carrera por el suero anti-covidiano ha trasfornado todas las reglas. El mundo entero ha recortado el tiempo y los pasos, China los ha mezclado, por el momento ninguna de las cinco vacunas chinas ha llegado a las etapas finales de la experimentaci\u00f3n, y mucho menos a los resultados finales.<\/p>\n\n\n\n<p>Tampoco ha recibido el visto bueno de las autoridades de Beijing, sin embargo se administran cientos de miles de dosis en el pa\u00eds y en el extranjero.<\/p>\n\n\n\n<p>En China la m\u00e1scara anti-coronavirus sigue en uso, a pesar de que la epidemia se considera bajo control.<\/p>\n\n\n\n<p>El r\u00e9gimen de China quiere inmunizar a los ciudadanos. Pos\u00e9e tres vacunas, dos compuestos de Sinopharm y uno de la empresa privada Sinovac, que ya han sido autorizadas desde hace meses para uso de emergencia y categor\u00edas de riesgo como los m\u00e9dicos. <br><br>El suero ha sido inoculado a por lo menos un mill\u00f3n de personas, y el otro d\u00eda, cuando un peque\u00f1o brote surgi\u00f3 en la metr\u00f3poli de Chengdu, el gobierno prometi\u00f3 vacunar a dos millones de habitantes para el final del a\u00f1o, efectivamente en uso masivo. Luego lo har\u00e1 en el extranjero, porque el otro objetivo de Xi Jinping es usar la vacuna como una herramienta geopol\u00edtica, distribuy\u00e9ndola a los pa\u00edses amigos, especialmente a los pa\u00edses en desarrollo.<\/p>\n\n\n\n<p>Indonesia, que desea reabrir al turismo, Brasil, Marruecos ya han recibido los primeros env\u00edos, en los Emiratos tambi\u00e9n han comenzado a administrarla, antes del anuncio del mi\u00e9rcoles sobre su eficacia.<\/p>\n\n\n\n<p>En el gigantesco paso adelante que parece haber tomado propio a China por sorpresa, el presidente de Sinopharm dijo que &#8220;los resultados se esperan muy pronto&#8221;, el de Sinovac es un an\u00e1lisis provisional y estar\u00e1 listo &#8220;en la primera parte de diciembre&#8221;, el de CanSino, de otra empresa privada, la experimentaci\u00f3n est\u00e1 &#8220;bien encaminada&#8221;.<\/p>\n\n\n\n<p>Algunos expertos critican la forma en que China ha forzado los protocolos. Las autoridades chinas aseguran que hasta ahora no ha habido ninguna reacci\u00f3n adversa. Y una tasa de eficacia del 86%, si se confirma, colocar\u00eda el suero de Sinopharm no muy lejos de los de Pfizer y Moderna, por encima de AstraZeneca. <br><br>Sin embargo, a falta de datos oficiales, en lo \u00fanico que se puede confiar es en la buena f\u00e9. Por otra parte, muchos pa\u00edses en desarrollo que recurren a Pek\u00edn no tienen otra alternativa. Los sueros chinos, con una tecnolog\u00eda m\u00e1s tradicional, no necesitan temperaturas polares para su transporte. Y en un mercado con una enorme demanda y poca vacunas occidentales han sido en gran medida una opci\u00f3n para los pa\u00edses desarrollados.<br><br>\n<small>PanPressEu  \/ SalaStampaEu &#8211; ElCanillita.Info &#8211;  Informaci\u00f3n de dominio p\u00fablico<\/small><\/p>\n","protected":false},"excerpt":{"rendered":"<p>La China exporta una de sus vacunas en todo el mundo pero Pek\u00edn no ha autorizado el uso en el pa\u00eds.<\/p>\n","protected":false},"author":1,"featured_media":1175,"comment_status":"closed","ping_status":"closed","sticky":false,"template":"","format":"standard","meta":{"footnotes":"","_links_to":"","_links_to_target":""},"categories":[16],"tags":[55],"class_list":["post-1174","post","type-post","status-publish","format-standard","has-post-thumbnail","hentry","category-asia","tag-china","entry","double"],"yoast_head":"<!-- This site is optimized with the Yoast SEO plugin v27.4 - https:\/\/yoast.com\/product\/yoast-seo-wordpress\/ -->\n<title>El extra\u00f1o caso de la vacuna Sinopharm - ElCanillita.Info<\/title>\n<meta name=\"robots\" content=\"index, follow, max-snippet:-1, max-image-preview:large, max-video-preview:-1\" \/>\n<link rel=\"canonical\" href=\"https:\/\/elcanillita.info\/press\/2020\/12\/11\/extrano-caso-vacuna-sinopharm\/\" \/>\n<meta property=\"og:locale\" content=\"es_ES\" \/>\n<meta property=\"og:type\" content=\"article\" \/>\n<meta property=\"og:title\" content=\"El extra\u00f1o caso de la vacuna Sinopharm - ElCanillita.Info\" \/>\n<meta property=\"og:description\" content=\"La China exporta una de sus vacunas en todo el mundo pero Pek\u00edn no ha autorizado el uso en el pa\u00eds.\" \/>\n<meta property=\"og:url\" content=\"https:\/\/elcanillita.info\/press\/2020\/12\/11\/extrano-caso-vacuna-sinopharm\/\" \/>\n<meta property=\"og:site_name\" content=\"ElCanillita.Info\" \/>\n<meta property=\"article:publisher\" content=\"https:\/\/ar-ar.facebook.com\/ElCanillitainfo-114249515285712\/\" \/>\n<meta property=\"article:published_time\" content=\"2020-12-11T17:14:27+00:00\" \/>\n<meta property=\"article:modified_time\" content=\"2020-12-11T17:14:28+00:00\" \/>\n<meta property=\"og:image\" content=\"https:\/\/elcanillita.info\/press\/images\/2020\/12\/covidiana-1.jpg\" \/>\n\t<meta property=\"og:image:width\" content=\"600\" \/>\n\t<meta property=\"og:image:height\" content=\"338\" \/>\n\t<meta property=\"og:image:type\" content=\"image\/jpeg\" \/>\n<meta name=\"author\" content=\"SalaStampa.eu, world press service\" \/>\n<meta name=\"twitter:card\" content=\"summary_large_image\" \/>\n<meta name=\"twitter:label1\" content=\"Escrito por\" \/>\n\t<meta name=\"twitter:data1\" content=\"SalaStampa.eu, world press service\" \/>\n\t<meta name=\"twitter:label2\" content=\"Tiempo de lectura\" \/>\n\t<meta name=\"twitter:data2\" content=\"3 minutos\" \/>\n<script type=\"application\/ld+json\" class=\"yoast-schema-graph\">{\"@context\":\"https:\\\/\\\/schema.org\",\"@graph\":[{\"@type\":\"Article\",\"@id\":\"https:\\\/\\\/elcanillita.info\\\/press\\\/2020\\\/12\\\/11\\\/extrano-caso-vacuna-sinopharm\\\/#article\",\"isPartOf\":{\"@id\":\"https:\\\/\\\/elcanillita.info\\\/press\\\/2020\\\/12\\\/11\\\/extrano-caso-vacuna-sinopharm\\\/\"},\"author\":{\"name\":\"SalaStampa.eu, world press service\",\"@id\":\"https:\\\/\\\/elcanillita.info\\\/press\\\/#\\\/schema\\\/person\\\/7fcb79f38045700919f7da6d97e71ba0\"},\"headline\":\"El extra\u00f1o caso de la vacuna Sinopharm\",\"datePublished\":\"2020-12-11T17:14:27+00:00\",\"dateModified\":\"2020-12-11T17:14:28+00:00\",\"mainEntityOfPage\":{\"@id\":\"https:\\\/\\\/elcanillita.info\\\/press\\\/2020\\\/12\\\/11\\\/extrano-caso-vacuna-sinopharm\\\/\"},\"wordCount\":610,\"publisher\":{\"@id\":\"https:\\\/\\\/elcanillita.info\\\/press\\\/#organization\"},\"image\":{\"@id\":\"https:\\\/\\\/elcanillita.info\\\/press\\\/2020\\\/12\\\/11\\\/extrano-caso-vacuna-sinopharm\\\/#primaryimage\"},\"thumbnailUrl\":\"https:\\\/\\\/elcanillita.info\\\/press\\\/images\\\/2020\\\/12\\\/covidiana-1.jpg\",\"keywords\":[\"China\"],\"articleSection\":[\"Asia\"],\"inLanguage\":\"es-AR\"},{\"@type\":\"WebPage\",\"@id\":\"https:\\\/\\\/elcanillita.info\\\/press\\\/2020\\\/12\\\/11\\\/extrano-caso-vacuna-sinopharm\\\/\",\"url\":\"https:\\\/\\\/elcanillita.info\\\/press\\\/2020\\\/12\\\/11\\\/extrano-caso-vacuna-sinopharm\\\/\",\"name\":\"El extra\u00f1o caso de la vacuna Sinopharm - ElCanillita.Info\",\"isPartOf\":{\"@id\":\"https:\\\/\\\/elcanillita.info\\\/press\\\/#website\"},\"primaryImageOfPage\":{\"@id\":\"https:\\\/\\\/elcanillita.info\\\/press\\\/2020\\\/12\\\/11\\\/extrano-caso-vacuna-sinopharm\\\/#primaryimage\"},\"image\":{\"@id\":\"https:\\\/\\\/elcanillita.info\\\/press\\\/2020\\\/12\\\/11\\\/extrano-caso-vacuna-sinopharm\\\/#primaryimage\"},\"thumbnailUrl\":\"https:\\\/\\\/elcanillita.info\\\/press\\\/images\\\/2020\\\/12\\\/covidiana-1.jpg\",\"datePublished\":\"2020-12-11T17:14:27+00:00\",\"dateModified\":\"2020-12-11T17:14:28+00:00\",\"inLanguage\":\"es-AR\",\"potentialAction\":[{\"@type\":\"ReadAction\",\"target\":[\"https:\\\/\\\/elcanillita.info\\\/press\\\/2020\\\/12\\\/11\\\/extrano-caso-vacuna-sinopharm\\\/\"]}]},{\"@type\":\"ImageObject\",\"inLanguage\":\"es-AR\",\"@id\":\"https:\\\/\\\/elcanillita.info\\\/press\\\/2020\\\/12\\\/11\\\/extrano-caso-vacuna-sinopharm\\\/#primaryimage\",\"url\":\"https:\\\/\\\/elcanillita.info\\\/press\\\/images\\\/2020\\\/12\\\/covidiana-1.jpg\",\"contentUrl\":\"https:\\\/\\\/elcanillita.info\\\/press\\\/images\\\/2020\\\/12\\\/covidiana-1.jpg\",\"width\":600,\"height\":338,\"caption\":\"\"},{\"@type\":\"WebSite\",\"@id\":\"https:\\\/\\\/elcanillita.info\\\/press\\\/#website\",\"url\":\"https:\\\/\\\/elcanillita.info\\\/press\\\/\",\"name\":\"ElCanillita.Info\",\"description\":\"desde los Apeninos a los Andes\",\"publisher\":{\"@id\":\"https:\\\/\\\/elcanillita.info\\\/press\\\/#organization\"},\"potentialAction\":[{\"@type\":\"SearchAction\",\"target\":{\"@type\":\"EntryPoint\",\"urlTemplate\":\"https:\\\/\\\/elcanillita.info\\\/press\\\/?s={search_term_string}\"},\"query-input\":{\"@type\":\"PropertyValueSpecification\",\"valueRequired\":true,\"valueName\":\"search_term_string\"}}],\"inLanguage\":\"es-AR\"},{\"@type\":\"Organization\",\"@id\":\"https:\\\/\\\/elcanillita.info\\\/press\\\/#organization\",\"name\":\"Guzzo Photos & Graphic Publications\",\"url\":\"https:\\\/\\\/elcanillita.info\\\/press\\\/\",\"logo\":{\"@type\":\"ImageObject\",\"inLanguage\":\"es-AR\",\"@id\":\"https:\\\/\\\/elcanillita.info\\\/press\\\/#\\\/schema\\\/logo\\\/image\\\/\",\"url\":\"https:\\\/\\\/elcanillita.info\\\/press\\\/images\\\/2020\\\/01\\\/cropped-cropped-cropped-elcanillitainfo.png\",\"contentUrl\":\"https:\\\/\\\/elcanillita.info\\\/press\\\/images\\\/2020\\\/01\\\/cropped-cropped-cropped-elcanillitainfo.png\",\"width\":460,\"height\":50,\"caption\":\"Guzzo Photos & Graphic Publications\"},\"image\":{\"@id\":\"https:\\\/\\\/elcanillita.info\\\/press\\\/#\\\/schema\\\/logo\\\/image\\\/\"},\"sameAs\":[\"https:\\\/\\\/ar-ar.facebook.com\\\/ElCanillitainfo-114249515285712\\\/\"]},{\"@type\":\"Person\",\"@id\":\"https:\\\/\\\/elcanillita.info\\\/press\\\/#\\\/schema\\\/person\\\/7fcb79f38045700919f7da6d97e71ba0\",\"name\":\"SalaStampa.eu, world press service\",\"image\":{\"@type\":\"ImageObject\",\"inLanguage\":\"es-AR\",\"@id\":\"https:\\\/\\\/secure.gravatar.com\\\/avatar\\\/c2f0e0d515a107624234994507816ca4724c7199cef73fc8bedebf6931d73888?s=96&d=mm&r=g\",\"url\":\"https:\\\/\\\/secure.gravatar.com\\\/avatar\\\/c2f0e0d515a107624234994507816ca4724c7199cef73fc8bedebf6931d73888?s=96&d=mm&r=g\",\"contentUrl\":\"https:\\\/\\\/secure.gravatar.com\\\/avatar\\\/c2f0e0d515a107624234994507816ca4724c7199cef73fc8bedebf6931d73888?s=96&d=mm&r=g\",\"caption\":\"SalaStampa.eu, world press service\"}}]}<\/script>\n<!-- \/ Yoast SEO plugin. -->","yoast_head_json":{"title":"El extra\u00f1o caso de la vacuna Sinopharm - ElCanillita.Info","robots":{"index":"index","follow":"follow","max-snippet":"max-snippet:-1","max-image-preview":"max-image-preview:large","max-video-preview":"max-video-preview:-1"},"canonical":"https:\/\/elcanillita.info\/press\/2020\/12\/11\/extrano-caso-vacuna-sinopharm\/","og_locale":"es_ES","og_type":"article","og_title":"El extra\u00f1o caso de la vacuna Sinopharm - ElCanillita.Info","og_description":"La China exporta una de sus vacunas en todo el mundo pero Pek\u00edn no ha autorizado el uso en el pa\u00eds.","og_url":"https:\/\/elcanillita.info\/press\/2020\/12\/11\/extrano-caso-vacuna-sinopharm\/","og_site_name":"ElCanillita.Info","article_publisher":"https:\/\/ar-ar.facebook.com\/ElCanillitainfo-114249515285712\/","article_published_time":"2020-12-11T17:14:27+00:00","article_modified_time":"2020-12-11T17:14:28+00:00","og_image":[{"width":600,"height":338,"url":"https:\/\/elcanillita.info\/press\/images\/2020\/12\/covidiana-1.jpg","type":"image\/jpeg"}],"author":"SalaStampa.eu, world press service","twitter_card":"summary_large_image","twitter_misc":{"Escrito por":"SalaStampa.eu, world press service","Tiempo de lectura":"3 minutos"},"schema":{"@context":"https:\/\/schema.org","@graph":[{"@type":"Article","@id":"https:\/\/elcanillita.info\/press\/2020\/12\/11\/extrano-caso-vacuna-sinopharm\/#article","isPartOf":{"@id":"https:\/\/elcanillita.info\/press\/2020\/12\/11\/extrano-caso-vacuna-sinopharm\/"},"author":{"name":"SalaStampa.eu, world press service","@id":"https:\/\/elcanillita.info\/press\/#\/schema\/person\/7fcb79f38045700919f7da6d97e71ba0"},"headline":"El extra\u00f1o caso de la vacuna Sinopharm","datePublished":"2020-12-11T17:14:27+00:00","dateModified":"2020-12-11T17:14:28+00:00","mainEntityOfPage":{"@id":"https:\/\/elcanillita.info\/press\/2020\/12\/11\/extrano-caso-vacuna-sinopharm\/"},"wordCount":610,"publisher":{"@id":"https:\/\/elcanillita.info\/press\/#organization"},"image":{"@id":"https:\/\/elcanillita.info\/press\/2020\/12\/11\/extrano-caso-vacuna-sinopharm\/#primaryimage"},"thumbnailUrl":"https:\/\/elcanillita.info\/press\/images\/2020\/12\/covidiana-1.jpg","keywords":["China"],"articleSection":["Asia"],"inLanguage":"es-AR"},{"@type":"WebPage","@id":"https:\/\/elcanillita.info\/press\/2020\/12\/11\/extrano-caso-vacuna-sinopharm\/","url":"https:\/\/elcanillita.info\/press\/2020\/12\/11\/extrano-caso-vacuna-sinopharm\/","name":"El extra\u00f1o caso de la vacuna Sinopharm - ElCanillita.Info","isPartOf":{"@id":"https:\/\/elcanillita.info\/press\/#website"},"primaryImageOfPage":{"@id":"https:\/\/elcanillita.info\/press\/2020\/12\/11\/extrano-caso-vacuna-sinopharm\/#primaryimage"},"image":{"@id":"https:\/\/elcanillita.info\/press\/2020\/12\/11\/extrano-caso-vacuna-sinopharm\/#primaryimage"},"thumbnailUrl":"https:\/\/elcanillita.info\/press\/images\/2020\/12\/covidiana-1.jpg","datePublished":"2020-12-11T17:14:27+00:00","dateModified":"2020-12-11T17:14:28+00:00","inLanguage":"es-AR","potentialAction":[{"@type":"ReadAction","target":["https:\/\/elcanillita.info\/press\/2020\/12\/11\/extrano-caso-vacuna-sinopharm\/"]}]},{"@type":"ImageObject","inLanguage":"es-AR","@id":"https:\/\/elcanillita.info\/press\/2020\/12\/11\/extrano-caso-vacuna-sinopharm\/#primaryimage","url":"https:\/\/elcanillita.info\/press\/images\/2020\/12\/covidiana-1.jpg","contentUrl":"https:\/\/elcanillita.info\/press\/images\/2020\/12\/covidiana-1.jpg","width":600,"height":338,"caption":""},{"@type":"WebSite","@id":"https:\/\/elcanillita.info\/press\/#website","url":"https:\/\/elcanillita.info\/press\/","name":"ElCanillita.Info","description":"desde los Apeninos a los Andes","publisher":{"@id":"https:\/\/elcanillita.info\/press\/#organization"},"potentialAction":[{"@type":"SearchAction","target":{"@type":"EntryPoint","urlTemplate":"https:\/\/elcanillita.info\/press\/?s={search_term_string}"},"query-input":{"@type":"PropertyValueSpecification","valueRequired":true,"valueName":"search_term_string"}}],"inLanguage":"es-AR"},{"@type":"Organization","@id":"https:\/\/elcanillita.info\/press\/#organization","name":"Guzzo Photos & Graphic Publications","url":"https:\/\/elcanillita.info\/press\/","logo":{"@type":"ImageObject","inLanguage":"es-AR","@id":"https:\/\/elcanillita.info\/press\/#\/schema\/logo\/image\/","url":"https:\/\/elcanillita.info\/press\/images\/2020\/01\/cropped-cropped-cropped-elcanillitainfo.png","contentUrl":"https:\/\/elcanillita.info\/press\/images\/2020\/01\/cropped-cropped-cropped-elcanillitainfo.png","width":460,"height":50,"caption":"Guzzo Photos & Graphic Publications"},"image":{"@id":"https:\/\/elcanillita.info\/press\/#\/schema\/logo\/image\/"},"sameAs":["https:\/\/ar-ar.facebook.com\/ElCanillitainfo-114249515285712\/"]},{"@type":"Person","@id":"https:\/\/elcanillita.info\/press\/#\/schema\/person\/7fcb79f38045700919f7da6d97e71ba0","name":"SalaStampa.eu, world press service","image":{"@type":"ImageObject","inLanguage":"es-AR","@id":"https:\/\/secure.gravatar.com\/avatar\/c2f0e0d515a107624234994507816ca4724c7199cef73fc8bedebf6931d73888?s=96&d=mm&r=g","url":"https:\/\/secure.gravatar.com\/avatar\/c2f0e0d515a107624234994507816ca4724c7199cef73fc8bedebf6931d73888?s=96&d=mm&r=g","contentUrl":"https:\/\/secure.gravatar.com\/avatar\/c2f0e0d515a107624234994507816ca4724c7199cef73fc8bedebf6931d73888?s=96&d=mm&r=g","caption":"SalaStampa.eu, world press service"}}]}},"views":675,"_links":{"self":[{"href":"https:\/\/elcanillita.info\/press\/wp-json\/wp\/v2\/posts\/1174","targetHints":{"allow":["GET"]}}],"collection":[{"href":"https:\/\/elcanillita.info\/press\/wp-json\/wp\/v2\/posts"}],"about":[{"href":"https:\/\/elcanillita.info\/press\/wp-json\/wp\/v2\/types\/post"}],"author":[{"embeddable":true,"href":"https:\/\/elcanillita.info\/press\/wp-json\/wp\/v2\/users\/1"}],"replies":[{"embeddable":true,"href":"https:\/\/elcanillita.info\/press\/wp-json\/wp\/v2\/comments?post=1174"}],"version-history":[{"count":0,"href":"https:\/\/elcanillita.info\/press\/wp-json\/wp\/v2\/posts\/1174\/revisions"}],"wp:featuredmedia":[{"embeddable":true,"href":"https:\/\/elcanillita.info\/press\/wp-json\/wp\/v2\/media\/1175"}],"wp:attachment":[{"href":"https:\/\/elcanillita.info\/press\/wp-json\/wp\/v2\/media?parent=1174"}],"wp:term":[{"taxonomy":"category","embeddable":true,"href":"https:\/\/elcanillita.info\/press\/wp-json\/wp\/v2\/categories?post=1174"},{"taxonomy":"post_tag","embeddable":true,"href":"https:\/\/elcanillita.info\/press\/wp-json\/wp\/v2\/tags?post=1174"}],"curies":[{"name":"wp","href":"https:\/\/api.w.org\/{rel}","templated":true}]}}