{"id":1167,"date":"2020-12-02T19:31:41","date_gmt":"2020-12-02T22:31:41","guid":{"rendered":"https:\/\/elcanillita.info\/press\/?p=1167"},"modified":"2020-12-04T14:34:37","modified_gmt":"2020-12-04T17:34:37","slug":"nueva-biografia-oficial-del-lider-norcoreano-kim-jong-un-oculta-su-fecha-y-lugar-de-nacimiento","status":"publish","type":"post","link":"https:\/\/elcanillita.info\/press\/2020\/12\/02\/nueva-biografia-oficial-del-lider-norcoreano-kim-jong-un-oculta-su-fecha-y-lugar-de-nacimiento\/","title":{"rendered":"Nueva biograf\u00eda oficial del l\u00edder norcoreano Kim Jong Un, oculta su fecha y lugar de nacimiento"},"content":{"rendered":"<p><img decoding=\"async\" src=\"https:\/\/elcanillita.info\/press\/images\/2020\/12\/coreanito.jpg\"><strong><small>Fotos sin fecha del l\u00edder norcoreano Kim Jong Un tomadas cuando era ni\u00f1o.<\/small><\/strong><\/p>\n\n\n<p>Corea del Norte ha publicado una biograf\u00eda oficial de su l\u00edder Kim Jong Un, pero el libro omite detalles significativos como su fecha y lugar de nacimiento y su educaci\u00f3n infantil en Suiza, dijeron fuentes del pa\u00eds a RFA.<\/p>\n\n\n\n<p>Titulado &#8220;Historia revolucionaria del camarada Kim Jong Un&#8221;, el libro fue distribuido en bibliotecas, instituciones educativas, f\u00e1bricas y empresas de todo el pa\u00eds en conmemoraci\u00f3n del 75\u00ba aniversario de la fundaci\u00f3n del Partido de los Trabajadores de Corea en 1945, el 10 de octubre.<\/p>\n\n\n\n<p>Un funcionario del gobierno municipal de la capital Pyongyang dijo al Servicio Coreano de RFA el 24 de noviembre que la biograf\u00eda fue publicada por la editorial del partido, con sorprendentes omisiones.<\/p>\n\n\n\n<p>&#8220;Este libro es la \u00fanica publicaci\u00f3n oficial de las actividades de la M\u00e1s Alta Dignidad en t\u00e9rminos de la historia revolucionaria&#8221;, dijo la fuente, usando un t\u00edtulo honor\u00edfico para referirse a Kim.<\/p>\n\n\n\n<p>&#8220;Pero si lees la biograf\u00eda, es muy extra\u00f1o que no revele cu\u00e1ndo y d\u00f3nde naci\u00f3 la M\u00e1s Alta Dignidad. No tiene sentido dejar fuera la fecha y el lugar de nacimiento en un libro de historia sobre la vida de un jefe de estado&#8221;, dijo la fuente, que pidi\u00f3 el anonimato para hablar libremente.<\/p>\n\n\n\n<p>Seg\u00fan la fuente, la historia de la vida de Kim comienza con sus a\u00f1os de universidad en la Universidad Militar Kim Il Sung y no hace menci\u00f3n alguna de que haya estudiado en Suiza en su juventud.<\/p>\n\n\n\n<p>Esto contrasta con las biograf\u00edas oficiales del abuelo de Kim y fundador nacional Kim Il Sung, y del padre Kim Jong Il, que dirigi\u00f3 el pa\u00eds desde la muerte del anciano Kim en 1994 hasta su propia muerte en 2011.<\/p>\n\n\n\n<p>&#8220;Todos sabemos que Kim Il Sung naci\u00f3 en el sector meridional de la aldea Kopyong, distrito Taedong, provincia Pyongan del Sur (actualmente distrito Mangyongdae de Pyongyang), y que Kim Jong Il naci\u00f3 en Miryong, en el monte Paektu. Pero en &#8216;La historia revolucionaria del camarada Kim Jong Un&#8217; no est\u00e1 ah\u00ed&#8221;, dijo la fuente.<\/p>\n\n\n\n<p>Los registros sovi\u00e9ticos muestran que Kim Jong Il naci\u00f3 en Rusia, lo que indica que las biograf\u00edas mencionan su lugar de nacimiento como el Paektu, una monta\u00f1a sagrada en la mitolog\u00eda coreana, para embellecer sus credenciales nacionalistas.<\/p>\n\n\n\n<p>La gente empieza a especular sobre las razones por las que la biograf\u00eda de Kim Jong Un no revela su lugar de nacimiento, seg\u00fan la fuente.<\/p>\n\n\n\n<p>&#8220;As\u00ed que ahora hay una creciente sospecha de que las autoridades temen revelar su lugar de nacimiento por alguna raz\u00f3n&#8221;, dijo la fuente.<\/p>\n\n\n\n<p>Un funcionario de la provincia de Pyongan del Norte, al norte de la capital, confirm\u00f3 a la RFA el 25 de noviembre que el libro comienza desde los d\u00edas de la universidad de Kim Jong Un, y omite su vida en el extranjero.<\/p>\n\n\n\n<p>&#8220;La mayor\u00eda de los funcionarios e intelectuales saben que el l\u00edder supremo ha aprendido del mundo exterior debido a que pas\u00f3 su infancia de estudiante a bordo&#8221;, dijo la segunda fuente, que solicit\u00f3 el anonimato por razones de seguridad.<\/p>\n\n\n\n<p>&#8220;Sin embargo, el libro s\u00f3lo destaca que mientras estudiaba en la Universidad Militar Kim Il Sung, &#8216;hizo un gran plan para abrir nuevos caminos para la construcci\u00f3n socialista rompiendo las rigurosas dificultades de la historia con un inagotable poder\u00edo militar'&#8221;, dijo la segunda fuente.<\/p>\n\n\n\n<p>La omisi\u00f3n del lugar de nacimiento de Kim despierta la curiosidad de los intelectuales seg\u00fan la segunda fuente. Pero la gente com\u00fan dice que no se preocupa por asuntos tan triviales.<\/p>\n\n\n\n<p>&#8220;No podemos permitirnos preocuparnos por el l\u00edder supremo\u2026 Para ver televisi\u00f3n necesitamos electricidad. Podremos enterarnos de sus actividades revolucionarias una vez que eso ocurra&#8221;, dijo a la RFA un habitante del distrito Ryongchon de Pyong-Norte en una entrevista telef\u00f3nica a condici\u00f3n de mantener el anonimato.<\/p>\n\n\n\n<p>&#8220;No s\u00e9 cu\u00e1ndo tendr\u00e9 tiempo para preocuparme. Me estoy matando aqu\u00ed para ganarme la vida. Necesitamos electricidad. Entonces podremos saber qu\u00e9 trama el l\u00edder supremo&#8221;, dijo la tercera fuente.<\/p>\n\n\n\n<p>Corea del Norte es muy reservada en cuanto a otros detalles de la vida de Kim Jong Un. Por ejemplo, la identidad de su difunta madre, Ko Young Hui, es un secreto de estado porque ella era de herencia multi\u00e9tnica japonesa y coreana y naci\u00f3 en Jap\u00f3n, lo que la convierte en un miembro de la clase m\u00e1s baja del sistema de castas de Corea del Norte. Adem\u00e1s, nunca fue la esposa de Kim Jong Il.<\/p>\n\n\n\n<p>Estos hechos, si se revelan, podr\u00edan hacer que Kim Jong Il parezca menos leg\u00edtimo como l\u00edder de Corea del Norte.<\/p>\n\n\n\n<p>Se cree que Kim naci\u00f3 el 8 de enero de 1984, pero los medios estatales norcoreanos han dicho previamente que naci\u00f3 en 1982.<\/p>\n\n\n\n<p><small>Reportado por Hyemin Son para el Servicio Coreano de la RFA. Traducido por Leejin Jun. Escrito en castellano por Ruben Guzzo &#8211; ODG 59120 &#8211;  Torino, 02.12.2020.<\/small><br> <small>Copyright \u00a9 1998-2020, RFA. Reprinted with the permission of Radio Free Asia, 2025 M St. NW, Suite 300, Washington DC 20036..<\/small><\/p>\n\n\n\n<p><b>COMENTARIO<\/b>\n<div class=\"comments\">En todos los absolutismos pol\u00edticos, el llamado \u201cculto de la personalidad\u201d o \u201cculto al h\u00e9roe\u201d es uno de los factores dominantes del sistema, que termina por transformar toda la doctrina pol\u00edtica del estado en lo que expresa la voluntad del aut\u00f3crata. De ah\u00ed que los m\u00e1s insignificantes detalles de la personalidad del tirano, constituyen aspectos de extrema importancia institucional.\nTodo esto ocurre como consecuencia de los d\u00e9ficits objetivos en la educaci\u00f3n popular, puesto que la ignorancia civico pol\u00edtica de la mayor\u00eda, es requisito indispensable para la subsistencia de este tipo de reg\u00edmenes.<br \/>\n<i>(Gerardo Cornejo Stewart)<\/i><\/div><\/p>\n","protected":false},"excerpt":{"rendered":"<p>La biograf\u00eda comienza en la \u00e9poca universitaria de Kim, no menciona los estudios de la infancia en Suiza.<\/p>\n","protected":false},"author":1,"featured_media":1168,"comment_status":"closed","ping_status":"closed","sticky":false,"template":"","format":"standard","meta":{"footnotes":"","_links_to":"","_links_to_target":""},"categories":[70,16,23,25],"tags":[95],"class_list":["post-1167","post","type-post","status-publish","format-standard","has-post-thumbnail","hentry","category-actualidad","category-asia","category-politica","category-sociedad","tag-corea-del-norte","entry","double"],"yoast_head":"<!-- This site is optimized with the Yoast SEO plugin v27.4 - https:\/\/yoast.com\/product\/yoast-seo-wordpress\/ -->\n<title>Nueva biograf\u00eda oficial del l\u00edder norcoreano Kim Jong Un, oculta su fecha y lugar de nacimiento - ElCanillita.Info<\/title>\n<meta name=\"robots\" content=\"index, follow, max-snippet:-1, max-image-preview:large, max-video-preview:-1\" \/>\n<link rel=\"canonical\" href=\"https:\/\/elcanillita.info\/press\/2020\/12\/02\/nueva-biografia-oficial-del-lider-norcoreano-kim-jong-un-oculta-su-fecha-y-lugar-de-nacimiento\/\" \/>\n<meta property=\"og:locale\" content=\"es_ES\" \/>\n<meta property=\"og:type\" content=\"article\" \/>\n<meta property=\"og:title\" content=\"Nueva biograf\u00eda oficial del l\u00edder norcoreano Kim Jong Un, oculta su fecha y lugar de nacimiento - ElCanillita.Info\" \/>\n<meta property=\"og:description\" content=\"La biograf\u00eda comienza en la \u00e9poca universitaria de Kim, no menciona los estudios de la infancia en Suiza.\" \/>\n<meta property=\"og:url\" content=\"https:\/\/elcanillita.info\/press\/2020\/12\/02\/nueva-biografia-oficial-del-lider-norcoreano-kim-jong-un-oculta-su-fecha-y-lugar-de-nacimiento\/\" \/>\n<meta property=\"og:site_name\" content=\"ElCanillita.Info\" \/>\n<meta property=\"article:publisher\" content=\"https:\/\/ar-ar.facebook.com\/ElCanillitainfo-114249515285712\/\" \/>\n<meta property=\"article:published_time\" content=\"2020-12-02T22:31:41+00:00\" \/>\n<meta property=\"article:modified_time\" content=\"2020-12-04T17:34:37+00:00\" \/>\n<meta property=\"og:image\" content=\"https:\/\/elcanillita.info\/press\/images\/2020\/12\/coreanito-1.jpg\" \/>\n\t<meta property=\"og:image:width\" content=\"600\" \/>\n\t<meta property=\"og:image:height\" content=\"343\" \/>\n\t<meta property=\"og:image:type\" content=\"image\/jpeg\" \/>\n<meta name=\"author\" content=\"SalaStampa.eu, world press service\" \/>\n<meta name=\"twitter:card\" content=\"summary_large_image\" \/>\n<meta name=\"twitter:label1\" content=\"Escrito por\" \/>\n\t<meta name=\"twitter:data1\" content=\"SalaStampa.eu, world press service\" \/>\n\t<meta name=\"twitter:label2\" content=\"Tiempo de lectura\" \/>\n\t<meta name=\"twitter:data2\" content=\"5 minutos\" \/>\n<script type=\"application\/ld+json\" class=\"yoast-schema-graph\">{\"@context\":\"https:\\\/\\\/schema.org\",\"@graph\":[{\"@type\":\"Article\",\"@id\":\"https:\\\/\\\/elcanillita.info\\\/press\\\/2020\\\/12\\\/02\\\/nueva-biografia-oficial-del-lider-norcoreano-kim-jong-un-oculta-su-fecha-y-lugar-de-nacimiento\\\/#article\",\"isPartOf\":{\"@id\":\"https:\\\/\\\/elcanillita.info\\\/press\\\/2020\\\/12\\\/02\\\/nueva-biografia-oficial-del-lider-norcoreano-kim-jong-un-oculta-su-fecha-y-lugar-de-nacimiento\\\/\"},\"author\":{\"name\":\"SalaStampa.eu, world press service\",\"@id\":\"https:\\\/\\\/elcanillita.info\\\/press\\\/#\\\/schema\\\/person\\\/7fcb79f38045700919f7da6d97e71ba0\"},\"headline\":\"Nueva biograf\u00eda oficial del l\u00edder norcoreano Kim Jong Un, oculta su fecha y lugar de nacimiento\",\"datePublished\":\"2020-12-02T22:31:41+00:00\",\"dateModified\":\"2020-12-04T17:34:37+00:00\",\"mainEntityOfPage\":{\"@id\":\"https:\\\/\\\/elcanillita.info\\\/press\\\/2020\\\/12\\\/02\\\/nueva-biografia-oficial-del-lider-norcoreano-kim-jong-un-oculta-su-fecha-y-lugar-de-nacimiento\\\/\"},\"wordCount\":992,\"publisher\":{\"@id\":\"https:\\\/\\\/elcanillita.info\\\/press\\\/#organization\"},\"image\":{\"@id\":\"https:\\\/\\\/elcanillita.info\\\/press\\\/2020\\\/12\\\/02\\\/nueva-biografia-oficial-del-lider-norcoreano-kim-jong-un-oculta-su-fecha-y-lugar-de-nacimiento\\\/#primaryimage\"},\"thumbnailUrl\":\"https:\\\/\\\/elcanillita.info\\\/press\\\/images\\\/2020\\\/12\\\/coreanito-1.jpg\",\"keywords\":[\"Corea del Norte\"],\"articleSection\":[\"Actualidad\",\"Asia\",\"Politica\",\"Sociedad\"],\"inLanguage\":\"es-AR\"},{\"@type\":\"WebPage\",\"@id\":\"https:\\\/\\\/elcanillita.info\\\/press\\\/2020\\\/12\\\/02\\\/nueva-biografia-oficial-del-lider-norcoreano-kim-jong-un-oculta-su-fecha-y-lugar-de-nacimiento\\\/\",\"url\":\"https:\\\/\\\/elcanillita.info\\\/press\\\/2020\\\/12\\\/02\\\/nueva-biografia-oficial-del-lider-norcoreano-kim-jong-un-oculta-su-fecha-y-lugar-de-nacimiento\\\/\",\"name\":\"Nueva biograf\u00eda oficial del l\u00edder norcoreano Kim Jong Un, oculta su fecha y lugar de nacimiento - ElCanillita.Info\",\"isPartOf\":{\"@id\":\"https:\\\/\\\/elcanillita.info\\\/press\\\/#website\"},\"primaryImageOfPage\":{\"@id\":\"https:\\\/\\\/elcanillita.info\\\/press\\\/2020\\\/12\\\/02\\\/nueva-biografia-oficial-del-lider-norcoreano-kim-jong-un-oculta-su-fecha-y-lugar-de-nacimiento\\\/#primaryimage\"},\"image\":{\"@id\":\"https:\\\/\\\/elcanillita.info\\\/press\\\/2020\\\/12\\\/02\\\/nueva-biografia-oficial-del-lider-norcoreano-kim-jong-un-oculta-su-fecha-y-lugar-de-nacimiento\\\/#primaryimage\"},\"thumbnailUrl\":\"https:\\\/\\\/elcanillita.info\\\/press\\\/images\\\/2020\\\/12\\\/coreanito-1.jpg\",\"datePublished\":\"2020-12-02T22:31:41+00:00\",\"dateModified\":\"2020-12-04T17:34:37+00:00\",\"inLanguage\":\"es-AR\",\"potentialAction\":[{\"@type\":\"ReadAction\",\"target\":[\"https:\\\/\\\/elcanillita.info\\\/press\\\/2020\\\/12\\\/02\\\/nueva-biografia-oficial-del-lider-norcoreano-kim-jong-un-oculta-su-fecha-y-lugar-de-nacimiento\\\/\"]}]},{\"@type\":\"ImageObject\",\"inLanguage\":\"es-AR\",\"@id\":\"https:\\\/\\\/elcanillita.info\\\/press\\\/2020\\\/12\\\/02\\\/nueva-biografia-oficial-del-lider-norcoreano-kim-jong-un-oculta-su-fecha-y-lugar-de-nacimiento\\\/#primaryimage\",\"url\":\"https:\\\/\\\/elcanillita.info\\\/press\\\/images\\\/2020\\\/12\\\/coreanito-1.jpg\",\"contentUrl\":\"https:\\\/\\\/elcanillita.info\\\/press\\\/images\\\/2020\\\/12\\\/coreanito-1.jpg\",\"width\":600,\"height\":343},{\"@type\":\"WebSite\",\"@id\":\"https:\\\/\\\/elcanillita.info\\\/press\\\/#website\",\"url\":\"https:\\\/\\\/elcanillita.info\\\/press\\\/\",\"name\":\"ElCanillita.Info\",\"description\":\"desde los Apeninos a los Andes\",\"publisher\":{\"@id\":\"https:\\\/\\\/elcanillita.info\\\/press\\\/#organization\"},\"potentialAction\":[{\"@type\":\"SearchAction\",\"target\":{\"@type\":\"EntryPoint\",\"urlTemplate\":\"https:\\\/\\\/elcanillita.info\\\/press\\\/?s={search_term_string}\"},\"query-input\":{\"@type\":\"PropertyValueSpecification\",\"valueRequired\":true,\"valueName\":\"search_term_string\"}}],\"inLanguage\":\"es-AR\"},{\"@type\":\"Organization\",\"@id\":\"https:\\\/\\\/elcanillita.info\\\/press\\\/#organization\",\"name\":\"Guzzo Photos & Graphic Publications\",\"url\":\"https:\\\/\\\/elcanillita.info\\\/press\\\/\",\"logo\":{\"@type\":\"ImageObject\",\"inLanguage\":\"es-AR\",\"@id\":\"https:\\\/\\\/elcanillita.info\\\/press\\\/#\\\/schema\\\/logo\\\/image\\\/\",\"url\":\"https:\\\/\\\/elcanillita.info\\\/press\\\/images\\\/2020\\\/01\\\/cropped-cropped-cropped-elcanillitainfo.png\",\"contentUrl\":\"https:\\\/\\\/elcanillita.info\\\/press\\\/images\\\/2020\\\/01\\\/cropped-cropped-cropped-elcanillitainfo.png\",\"width\":460,\"height\":50,\"caption\":\"Guzzo Photos & Graphic Publications\"},\"image\":{\"@id\":\"https:\\\/\\\/elcanillita.info\\\/press\\\/#\\\/schema\\\/logo\\\/image\\\/\"},\"sameAs\":[\"https:\\\/\\\/ar-ar.facebook.com\\\/ElCanillitainfo-114249515285712\\\/\"]},{\"@type\":\"Person\",\"@id\":\"https:\\\/\\\/elcanillita.info\\\/press\\\/#\\\/schema\\\/person\\\/7fcb79f38045700919f7da6d97e71ba0\",\"name\":\"SalaStampa.eu, world press service\",\"image\":{\"@type\":\"ImageObject\",\"inLanguage\":\"es-AR\",\"@id\":\"https:\\\/\\\/secure.gravatar.com\\\/avatar\\\/c2f0e0d515a107624234994507816ca4724c7199cef73fc8bedebf6931d73888?s=96&d=mm&r=g\",\"url\":\"https:\\\/\\\/secure.gravatar.com\\\/avatar\\\/c2f0e0d515a107624234994507816ca4724c7199cef73fc8bedebf6931d73888?s=96&d=mm&r=g\",\"contentUrl\":\"https:\\\/\\\/secure.gravatar.com\\\/avatar\\\/c2f0e0d515a107624234994507816ca4724c7199cef73fc8bedebf6931d73888?s=96&d=mm&r=g\",\"caption\":\"SalaStampa.eu, world press service\"}}]}<\/script>\n<!-- \/ Yoast SEO plugin. -->","yoast_head_json":{"title":"Nueva biograf\u00eda oficial del l\u00edder norcoreano Kim Jong Un, oculta su fecha y lugar de nacimiento - ElCanillita.Info","robots":{"index":"index","follow":"follow","max-snippet":"max-snippet:-1","max-image-preview":"max-image-preview:large","max-video-preview":"max-video-preview:-1"},"canonical":"https:\/\/elcanillita.info\/press\/2020\/12\/02\/nueva-biografia-oficial-del-lider-norcoreano-kim-jong-un-oculta-su-fecha-y-lugar-de-nacimiento\/","og_locale":"es_ES","og_type":"article","og_title":"Nueva biograf\u00eda oficial del l\u00edder norcoreano Kim Jong Un, oculta su fecha y lugar de nacimiento - ElCanillita.Info","og_description":"La biograf\u00eda comienza en la \u00e9poca universitaria de Kim, no menciona los estudios de la infancia en Suiza.","og_url":"https:\/\/elcanillita.info\/press\/2020\/12\/02\/nueva-biografia-oficial-del-lider-norcoreano-kim-jong-un-oculta-su-fecha-y-lugar-de-nacimiento\/","og_site_name":"ElCanillita.Info","article_publisher":"https:\/\/ar-ar.facebook.com\/ElCanillitainfo-114249515285712\/","article_published_time":"2020-12-02T22:31:41+00:00","article_modified_time":"2020-12-04T17:34:37+00:00","og_image":[{"width":600,"height":343,"url":"https:\/\/elcanillita.info\/press\/images\/2020\/12\/coreanito-1.jpg","type":"image\/jpeg"}],"author":"SalaStampa.eu, world press service","twitter_card":"summary_large_image","twitter_misc":{"Escrito por":"SalaStampa.eu, world press service","Tiempo de lectura":"5 minutos"},"schema":{"@context":"https:\/\/schema.org","@graph":[{"@type":"Article","@id":"https:\/\/elcanillita.info\/press\/2020\/12\/02\/nueva-biografia-oficial-del-lider-norcoreano-kim-jong-un-oculta-su-fecha-y-lugar-de-nacimiento\/#article","isPartOf":{"@id":"https:\/\/elcanillita.info\/press\/2020\/12\/02\/nueva-biografia-oficial-del-lider-norcoreano-kim-jong-un-oculta-su-fecha-y-lugar-de-nacimiento\/"},"author":{"name":"SalaStampa.eu, world press service","@id":"https:\/\/elcanillita.info\/press\/#\/schema\/person\/7fcb79f38045700919f7da6d97e71ba0"},"headline":"Nueva biograf\u00eda oficial del l\u00edder norcoreano Kim Jong Un, oculta su fecha y lugar de nacimiento","datePublished":"2020-12-02T22:31:41+00:00","dateModified":"2020-12-04T17:34:37+00:00","mainEntityOfPage":{"@id":"https:\/\/elcanillita.info\/press\/2020\/12\/02\/nueva-biografia-oficial-del-lider-norcoreano-kim-jong-un-oculta-su-fecha-y-lugar-de-nacimiento\/"},"wordCount":992,"publisher":{"@id":"https:\/\/elcanillita.info\/press\/#organization"},"image":{"@id":"https:\/\/elcanillita.info\/press\/2020\/12\/02\/nueva-biografia-oficial-del-lider-norcoreano-kim-jong-un-oculta-su-fecha-y-lugar-de-nacimiento\/#primaryimage"},"thumbnailUrl":"https:\/\/elcanillita.info\/press\/images\/2020\/12\/coreanito-1.jpg","keywords":["Corea del Norte"],"articleSection":["Actualidad","Asia","Politica","Sociedad"],"inLanguage":"es-AR"},{"@type":"WebPage","@id":"https:\/\/elcanillita.info\/press\/2020\/12\/02\/nueva-biografia-oficial-del-lider-norcoreano-kim-jong-un-oculta-su-fecha-y-lugar-de-nacimiento\/","url":"https:\/\/elcanillita.info\/press\/2020\/12\/02\/nueva-biografia-oficial-del-lider-norcoreano-kim-jong-un-oculta-su-fecha-y-lugar-de-nacimiento\/","name":"Nueva biograf\u00eda oficial del l\u00edder norcoreano Kim Jong Un, oculta su fecha y lugar de nacimiento - ElCanillita.Info","isPartOf":{"@id":"https:\/\/elcanillita.info\/press\/#website"},"primaryImageOfPage":{"@id":"https:\/\/elcanillita.info\/press\/2020\/12\/02\/nueva-biografia-oficial-del-lider-norcoreano-kim-jong-un-oculta-su-fecha-y-lugar-de-nacimiento\/#primaryimage"},"image":{"@id":"https:\/\/elcanillita.info\/press\/2020\/12\/02\/nueva-biografia-oficial-del-lider-norcoreano-kim-jong-un-oculta-su-fecha-y-lugar-de-nacimiento\/#primaryimage"},"thumbnailUrl":"https:\/\/elcanillita.info\/press\/images\/2020\/12\/coreanito-1.jpg","datePublished":"2020-12-02T22:31:41+00:00","dateModified":"2020-12-04T17:34:37+00:00","inLanguage":"es-AR","potentialAction":[{"@type":"ReadAction","target":["https:\/\/elcanillita.info\/press\/2020\/12\/02\/nueva-biografia-oficial-del-lider-norcoreano-kim-jong-un-oculta-su-fecha-y-lugar-de-nacimiento\/"]}]},{"@type":"ImageObject","inLanguage":"es-AR","@id":"https:\/\/elcanillita.info\/press\/2020\/12\/02\/nueva-biografia-oficial-del-lider-norcoreano-kim-jong-un-oculta-su-fecha-y-lugar-de-nacimiento\/#primaryimage","url":"https:\/\/elcanillita.info\/press\/images\/2020\/12\/coreanito-1.jpg","contentUrl":"https:\/\/elcanillita.info\/press\/images\/2020\/12\/coreanito-1.jpg","width":600,"height":343},{"@type":"WebSite","@id":"https:\/\/elcanillita.info\/press\/#website","url":"https:\/\/elcanillita.info\/press\/","name":"ElCanillita.Info","description":"desde los Apeninos a los Andes","publisher":{"@id":"https:\/\/elcanillita.info\/press\/#organization"},"potentialAction":[{"@type":"SearchAction","target":{"@type":"EntryPoint","urlTemplate":"https:\/\/elcanillita.info\/press\/?s={search_term_string}"},"query-input":{"@type":"PropertyValueSpecification","valueRequired":true,"valueName":"search_term_string"}}],"inLanguage":"es-AR"},{"@type":"Organization","@id":"https:\/\/elcanillita.info\/press\/#organization","name":"Guzzo Photos & Graphic Publications","url":"https:\/\/elcanillita.info\/press\/","logo":{"@type":"ImageObject","inLanguage":"es-AR","@id":"https:\/\/elcanillita.info\/press\/#\/schema\/logo\/image\/","url":"https:\/\/elcanillita.info\/press\/images\/2020\/01\/cropped-cropped-cropped-elcanillitainfo.png","contentUrl":"https:\/\/elcanillita.info\/press\/images\/2020\/01\/cropped-cropped-cropped-elcanillitainfo.png","width":460,"height":50,"caption":"Guzzo Photos & Graphic Publications"},"image":{"@id":"https:\/\/elcanillita.info\/press\/#\/schema\/logo\/image\/"},"sameAs":["https:\/\/ar-ar.facebook.com\/ElCanillitainfo-114249515285712\/"]},{"@type":"Person","@id":"https:\/\/elcanillita.info\/press\/#\/schema\/person\/7fcb79f38045700919f7da6d97e71ba0","name":"SalaStampa.eu, world press service","image":{"@type":"ImageObject","inLanguage":"es-AR","@id":"https:\/\/secure.gravatar.com\/avatar\/c2f0e0d515a107624234994507816ca4724c7199cef73fc8bedebf6931d73888?s=96&d=mm&r=g","url":"https:\/\/secure.gravatar.com\/avatar\/c2f0e0d515a107624234994507816ca4724c7199cef73fc8bedebf6931d73888?s=96&d=mm&r=g","contentUrl":"https:\/\/secure.gravatar.com\/avatar\/c2f0e0d515a107624234994507816ca4724c7199cef73fc8bedebf6931d73888?s=96&d=mm&r=g","caption":"SalaStampa.eu, world press service"}}]}},"views":825,"_links":{"self":[{"href":"https:\/\/elcanillita.info\/press\/wp-json\/wp\/v2\/posts\/1167","targetHints":{"allow":["GET"]}}],"collection":[{"href":"https:\/\/elcanillita.info\/press\/wp-json\/wp\/v2\/posts"}],"about":[{"href":"https:\/\/elcanillita.info\/press\/wp-json\/wp\/v2\/types\/post"}],"author":[{"embeddable":true,"href":"https:\/\/elcanillita.info\/press\/wp-json\/wp\/v2\/users\/1"}],"replies":[{"embeddable":true,"href":"https:\/\/elcanillita.info\/press\/wp-json\/wp\/v2\/comments?post=1167"}],"version-history":[{"count":0,"href":"https:\/\/elcanillita.info\/press\/wp-json\/wp\/v2\/posts\/1167\/revisions"}],"wp:featuredmedia":[{"embeddable":true,"href":"https:\/\/elcanillita.info\/press\/wp-json\/wp\/v2\/media\/1168"}],"wp:attachment":[{"href":"https:\/\/elcanillita.info\/press\/wp-json\/wp\/v2\/media?parent=1167"}],"wp:term":[{"taxonomy":"category","embeddable":true,"href":"https:\/\/elcanillita.info\/press\/wp-json\/wp\/v2\/categories?post=1167"},{"taxonomy":"post_tag","embeddable":true,"href":"https:\/\/elcanillita.info\/press\/wp-json\/wp\/v2\/tags?post=1167"}],"curies":[{"name":"wp","href":"https:\/\/api.w.org\/{rel}","templated":true}]}}