{"id":1161,"date":"2020-11-29T19:47:01","date_gmt":"2020-11-29T22:47:01","guid":{"rendered":"https:\/\/elcanillita.info\/press\/?p=1161"},"modified":"2020-11-29T20:52:41","modified_gmt":"2020-11-29T23:52:41","slug":"moraleja-de-la-imposibilidad-moral","status":"publish","type":"post","link":"https:\/\/elcanillita.info\/press\/2020\/11\/29\/moraleja-de-la-imposibilidad-moral\/","title":{"rendered":"Imposibilidad moral"},"content":{"rendered":"<p><img decoding=\"async\" src=\"https:\/\/elcanillita.info\/press\/images\/2020\/11\/medellin.jpg\"><\/p>\n\n\n<p>El vuelo 2933 de LaMia era un vuelo charter que operaba entre el Aeropuerto Internacional Viru Viru en Bolivia y el Aeropuerto Rionegro-Jos\u00e9 Mar\u00eda C\u00f3rdova en Colombia.<\/p>\n\n\n\n<p>El 28 de noviembre de 2016, el Avro RJ 85 cuatrimotor que operaba el vuelo, se estrell\u00f3 al sur de Medell\u00edn, Colombia, matando a 71 personas a bordo, de un total de 77 pasajeros y tripulantes.<\/p>\n\n\n\n<p>Muchas de las v\u00edctimas eran jugadores de la selecci\u00f3n brasile\u00f1a de f\u00fatbol Chapecoense, que viajaban a Medell\u00edn para disputar la final de la Copa Sudamericana contra la selecci\u00f3n colombiana del Atl\u00e9tico Nacional.<\/p>\n\n\n\n<p><br>La aeronave involucrada en el accidente fue el Avro RJ85 con marcas CP-2933, n\u00famero de l\u00ednea E.2348, equipado con cuatro motores turbofan Honeywell LF 507 y entr\u00f3 en servicio en 1999 para la empresa estadounidense Mesaba Airlines. Entre 2007 y 2013 hab\u00eda operado para CityJet y luego fue comprado por LaMia en el mismo a\u00f1o.<\/p>\n\n\n\n<p>Tras constatar la desaparici\u00f3n del vuelo 2933, los rescatistas comenzaron a patrullar el \u00e1rea del \u00faltimo contacto de radar en una densa niebla y llegaron al pecio dos horas despu\u00e9s del accidente.<\/p>\n\n\n\n<p>A las 2:00 (UTC-5) uno de los supervivientes, Alan Ruschel, lleg\u00f3 al hospital de La Ceja, de las siete personas a\u00fan vivas, una muri\u00f3 poco despu\u00e9s, de 72 pasajeros y 9 miembros de la tripulaci\u00f3n, 6 personas sobrevivieron.<br> <br>Para conocer las causas del accidente, se design\u00f3 una investigaci\u00f3n presidida por la Autoridad de Aviaci\u00f3n Civil de Colombia (CCCA) con el apoyo t\u00e9cnico de AAIB y BAE Systems.<\/p>\n\n\n\n<p>En la ma\u00f1ana del 29 de noviembre, el titular de la investigaci\u00f3n manifest\u00f3 que en el lugar del accidente no hab\u00eda rastros de combustible en la aeronave al momento del accidente y que ambas cajas negras hab\u00edan sido recuperadas en buen estado. A partir de algunas evidencias recogidas en los d\u00edas posteriores al siniestro, la tesis de la falta de combustible se abri\u00f3 paso en las distintas hip\u00f3tesis sobre los motivos del siniestro, apoyadas tambi\u00e9n por algunas declaraciones en ese sentido emitidas por el auxiliar de vuelo que sobrevivi\u00f3 al accidente.<\/p>\n\n\n\n<p>Reporte final<\/p>\n\n\n\n<p>El 27 de abril de 2018, los investigadores publicaron el informe final del accidente del vuelo 2933 de LaMia, que indica las siguientes causas principales:<\/p>\n\n\n\n<p><strong>&#8211; La empresa hab\u00eda planeado incorrectamente el plan de vuelo, sin considerar la cantidad de combustible suficiente para llegar de manera segura al aeropuerto de destino. <\/strong><\/p>\n\n\n\n<p><strong>&#8211; Los cuatro motores dejaron de funcionar debido al consumo total de combustible. &#8211; Mala decisi\u00f3n de los empleados de LaMia &#8220;siguiendo procesos que no garantizaron la seguridad operativa&#8221;. <\/strong><\/p>\n\n\n\n<p><strong>&#8211; Mala decisi\u00f3n de los pilotos que, a pesar del bajo nivel de combustible disponible, decidieron continuar la ruta considerada en lugar de aterrizar en un aeropuerto cercano para repostar la aeronave.<\/strong><\/p>\n\n\n\n<p> <\/p>\n\n\n\n<p>El informe cita factores adicionales que contribuyeron a la tragedia:<\/p>\n\n\n\n<p>La decisi\u00f3n de los pilotos de realizar la configuraci\u00f3n de aterrizaje, bajando el tren de aterrizaje y extendiendo los flaps, con anticipaci\u00f3n, provoc\u00f3 un aumento de la resistencia aerodin\u00e1mica que favoreci\u00f3 el choque.<br><br>Debilidades en la planificaci\u00f3n de vuelos de la aerol\u00ednea y falta de supervisi\u00f3n por parte de los operadores de LaMia.<br><br>No informar puntualmente por parte de los pilotos luego del encendido de la luz de advertencia de combustible en la torre de control colombiana.<br><br>Tr\u00e1fico pesado alrededor del aeropuerto de Rionegro que retras\u00f3 a\u00fan m\u00e1s la aproximaci\u00f3n a la \u00fanica pista para el vuelo.<\/p>\n\n\n\n<p> <a href=\"http:\/\/blogdiario.info\/magazine\/2020\/11\/29\/volo-lamia-2933\/\" data-type=\"URL\" data-id=\"http:\/\/blogdiario.info\/magazine\/2020\/11\/29\/volo-lamia-2933\/\" target=\"_blank\" rel=\"noreferrer noopener\"><br>El vuelo LaMia 2993<\/a> fue analizado en el episodio <a href=\"http:\/\/blogdiario.info\/magazine\/2020\/11\/29\/volo-lamia-2933\/\" data-type=\"URL\" data-id=\"http:\/\/blogdiario.info\/magazine\/2020\/11\/29\/volo-lamia-2933\/\" target=\"_blank\" rel=\"noreferrer noopener\">La tragedia del equipo Chapecoense<\/a> de la decimonovena temporada del documental Investigaciones a gran altura emitido por National Geographic Channel.<br><br><small>Fuente: National Geographic Channel &#8211; SalaStampaEu &#8211; ElCanillita.Info &#8211;  Informaci\u00f3n de dominio p\u00fablico<\/small> <\/p>\n","protected":false},"excerpt":{"rendered":"<p>El 28 de noviembre de 2016, el Avro RJ 85 cuatrimotor que operaba el vuelo, se estrell\u00f3 al sur de Medell\u00edn, Colombia, matando a 71 personas a bordo, de un total de 77 pasajeros y tripulantes.<\/p>\n","protected":false},"author":1,"featured_media":1162,"comment_status":"closed","ping_status":"closed","sticky":false,"template":"","format":"standard","meta":{"footnotes":"","_links_to":"","_links_to_target":""},"categories":[11,47,23,25],"tags":[44],"class_list":["post-1161","post","type-post","status-publish","format-standard","has-post-thumbnail","hentry","category-america-del-sur","category-etiologia","category-politica","category-sociedad","tag-colombia","entry","double"],"yoast_head":"<!-- This site is optimized with the Yoast SEO plugin v27.4 - https:\/\/yoast.com\/product\/yoast-seo-wordpress\/ -->\n<title>Imposibilidad moral - ElCanillita.Info<\/title>\n<meta name=\"robots\" content=\"index, follow, max-snippet:-1, max-image-preview:large, max-video-preview:-1\" \/>\n<link rel=\"canonical\" href=\"https:\/\/elcanillita.info\/press\/2020\/11\/29\/moraleja-de-la-imposibilidad-moral\/\" \/>\n<meta property=\"og:locale\" content=\"es_ES\" \/>\n<meta property=\"og:type\" content=\"article\" \/>\n<meta property=\"og:title\" content=\"Imposibilidad moral - ElCanillita.Info\" \/>\n<meta property=\"og:description\" content=\"El 28 de noviembre de 2016, el Avro RJ 85 cuatrimotor que operaba el vuelo, se estrell\u00f3 al sur de Medell\u00edn, Colombia, matando a 71 personas a bordo, de un total de 77 pasajeros y tripulantes.\" \/>\n<meta property=\"og:url\" content=\"https:\/\/elcanillita.info\/press\/2020\/11\/29\/moraleja-de-la-imposibilidad-moral\/\" \/>\n<meta property=\"og:site_name\" content=\"ElCanillita.Info\" \/>\n<meta property=\"article:publisher\" content=\"https:\/\/ar-ar.facebook.com\/ElCanillitainfo-114249515285712\/\" \/>\n<meta property=\"article:published_time\" content=\"2020-11-29T22:47:01+00:00\" \/>\n<meta property=\"article:modified_time\" content=\"2020-11-29T23:52:41+00:00\" \/>\n<meta property=\"og:image\" content=\"https:\/\/elcanillita.info\/press\/images\/2020\/11\/medellin-1.jpg\" \/>\n\t<meta property=\"og:image:width\" content=\"600\" \/>\n\t<meta property=\"og:image:height\" content=\"450\" \/>\n\t<meta property=\"og:image:type\" content=\"image\/jpeg\" \/>\n<meta name=\"author\" content=\"SalaStampa.eu, world press service\" \/>\n<meta name=\"twitter:card\" content=\"summary_large_image\" \/>\n<meta name=\"twitter:label1\" content=\"Escrito por\" \/>\n\t<meta name=\"twitter:data1\" content=\"SalaStampa.eu, world press service\" \/>\n\t<meta name=\"twitter:label2\" content=\"Tiempo de lectura\" \/>\n\t<meta name=\"twitter:data2\" content=\"3 minutos\" \/>\n<script type=\"application\/ld+json\" class=\"yoast-schema-graph\">{\"@context\":\"https:\\\/\\\/schema.org\",\"@graph\":[{\"@type\":\"Article\",\"@id\":\"https:\\\/\\\/elcanillita.info\\\/press\\\/2020\\\/11\\\/29\\\/moraleja-de-la-imposibilidad-moral\\\/#article\",\"isPartOf\":{\"@id\":\"https:\\\/\\\/elcanillita.info\\\/press\\\/2020\\\/11\\\/29\\\/moraleja-de-la-imposibilidad-moral\\\/\"},\"author\":{\"name\":\"SalaStampa.eu, world press service\",\"@id\":\"https:\\\/\\\/elcanillita.info\\\/press\\\/#\\\/schema\\\/person\\\/7fcb79f38045700919f7da6d97e71ba0\"},\"headline\":\"Imposibilidad moral\",\"datePublished\":\"2020-11-29T22:47:01+00:00\",\"dateModified\":\"2020-11-29T23:52:41+00:00\",\"mainEntityOfPage\":{\"@id\":\"https:\\\/\\\/elcanillita.info\\\/press\\\/2020\\\/11\\\/29\\\/moraleja-de-la-imposibilidad-moral\\\/\"},\"wordCount\":631,\"publisher\":{\"@id\":\"https:\\\/\\\/elcanillita.info\\\/press\\\/#organization\"},\"image\":{\"@id\":\"https:\\\/\\\/elcanillita.info\\\/press\\\/2020\\\/11\\\/29\\\/moraleja-de-la-imposibilidad-moral\\\/#primaryimage\"},\"thumbnailUrl\":\"https:\\\/\\\/elcanillita.info\\\/press\\\/images\\\/2020\\\/11\\\/medellin-1.jpg\",\"keywords\":[\"Colombia\"],\"articleSection\":[\"Am\u00e9rica del Sur\",\"Etiologia\",\"Politica\",\"Sociedad\"],\"inLanguage\":\"es-AR\"},{\"@type\":\"WebPage\",\"@id\":\"https:\\\/\\\/elcanillita.info\\\/press\\\/2020\\\/11\\\/29\\\/moraleja-de-la-imposibilidad-moral\\\/\",\"url\":\"https:\\\/\\\/elcanillita.info\\\/press\\\/2020\\\/11\\\/29\\\/moraleja-de-la-imposibilidad-moral\\\/\",\"name\":\"Imposibilidad moral - ElCanillita.Info\",\"isPartOf\":{\"@id\":\"https:\\\/\\\/elcanillita.info\\\/press\\\/#website\"},\"primaryImageOfPage\":{\"@id\":\"https:\\\/\\\/elcanillita.info\\\/press\\\/2020\\\/11\\\/29\\\/moraleja-de-la-imposibilidad-moral\\\/#primaryimage\"},\"image\":{\"@id\":\"https:\\\/\\\/elcanillita.info\\\/press\\\/2020\\\/11\\\/29\\\/moraleja-de-la-imposibilidad-moral\\\/#primaryimage\"},\"thumbnailUrl\":\"https:\\\/\\\/elcanillita.info\\\/press\\\/images\\\/2020\\\/11\\\/medellin-1.jpg\",\"datePublished\":\"2020-11-29T22:47:01+00:00\",\"dateModified\":\"2020-11-29T23:52:41+00:00\",\"inLanguage\":\"es-AR\",\"potentialAction\":[{\"@type\":\"ReadAction\",\"target\":[\"https:\\\/\\\/elcanillita.info\\\/press\\\/2020\\\/11\\\/29\\\/moraleja-de-la-imposibilidad-moral\\\/\"]}]},{\"@type\":\"ImageObject\",\"inLanguage\":\"es-AR\",\"@id\":\"https:\\\/\\\/elcanillita.info\\\/press\\\/2020\\\/11\\\/29\\\/moraleja-de-la-imposibilidad-moral\\\/#primaryimage\",\"url\":\"https:\\\/\\\/elcanillita.info\\\/press\\\/images\\\/2020\\\/11\\\/medellin-1.jpg\",\"contentUrl\":\"https:\\\/\\\/elcanillita.info\\\/press\\\/images\\\/2020\\\/11\\\/medellin-1.jpg\",\"width\":600,\"height\":450},{\"@type\":\"WebSite\",\"@id\":\"https:\\\/\\\/elcanillita.info\\\/press\\\/#website\",\"url\":\"https:\\\/\\\/elcanillita.info\\\/press\\\/\",\"name\":\"ElCanillita.Info\",\"description\":\"desde los Apeninos a los Andes\",\"publisher\":{\"@id\":\"https:\\\/\\\/elcanillita.info\\\/press\\\/#organization\"},\"potentialAction\":[{\"@type\":\"SearchAction\",\"target\":{\"@type\":\"EntryPoint\",\"urlTemplate\":\"https:\\\/\\\/elcanillita.info\\\/press\\\/?s={search_term_string}\"},\"query-input\":{\"@type\":\"PropertyValueSpecification\",\"valueRequired\":true,\"valueName\":\"search_term_string\"}}],\"inLanguage\":\"es-AR\"},{\"@type\":\"Organization\",\"@id\":\"https:\\\/\\\/elcanillita.info\\\/press\\\/#organization\",\"name\":\"Guzzo Photos & Graphic Publications\",\"url\":\"https:\\\/\\\/elcanillita.info\\\/press\\\/\",\"logo\":{\"@type\":\"ImageObject\",\"inLanguage\":\"es-AR\",\"@id\":\"https:\\\/\\\/elcanillita.info\\\/press\\\/#\\\/schema\\\/logo\\\/image\\\/\",\"url\":\"https:\\\/\\\/elcanillita.info\\\/press\\\/images\\\/2020\\\/01\\\/cropped-cropped-cropped-elcanillitainfo.png\",\"contentUrl\":\"https:\\\/\\\/elcanillita.info\\\/press\\\/images\\\/2020\\\/01\\\/cropped-cropped-cropped-elcanillitainfo.png\",\"width\":460,\"height\":50,\"caption\":\"Guzzo Photos & Graphic Publications\"},\"image\":{\"@id\":\"https:\\\/\\\/elcanillita.info\\\/press\\\/#\\\/schema\\\/logo\\\/image\\\/\"},\"sameAs\":[\"https:\\\/\\\/ar-ar.facebook.com\\\/ElCanillitainfo-114249515285712\\\/\"]},{\"@type\":\"Person\",\"@id\":\"https:\\\/\\\/elcanillita.info\\\/press\\\/#\\\/schema\\\/person\\\/7fcb79f38045700919f7da6d97e71ba0\",\"name\":\"SalaStampa.eu, world press service\",\"image\":{\"@type\":\"ImageObject\",\"inLanguage\":\"es-AR\",\"@id\":\"https:\\\/\\\/secure.gravatar.com\\\/avatar\\\/c2f0e0d515a107624234994507816ca4724c7199cef73fc8bedebf6931d73888?s=96&d=mm&r=g\",\"url\":\"https:\\\/\\\/secure.gravatar.com\\\/avatar\\\/c2f0e0d515a107624234994507816ca4724c7199cef73fc8bedebf6931d73888?s=96&d=mm&r=g\",\"contentUrl\":\"https:\\\/\\\/secure.gravatar.com\\\/avatar\\\/c2f0e0d515a107624234994507816ca4724c7199cef73fc8bedebf6931d73888?s=96&d=mm&r=g\",\"caption\":\"SalaStampa.eu, world press service\"}}]}<\/script>\n<!-- \/ Yoast SEO plugin. -->","yoast_head_json":{"title":"Imposibilidad moral - ElCanillita.Info","robots":{"index":"index","follow":"follow","max-snippet":"max-snippet:-1","max-image-preview":"max-image-preview:large","max-video-preview":"max-video-preview:-1"},"canonical":"https:\/\/elcanillita.info\/press\/2020\/11\/29\/moraleja-de-la-imposibilidad-moral\/","og_locale":"es_ES","og_type":"article","og_title":"Imposibilidad moral - ElCanillita.Info","og_description":"El 28 de noviembre de 2016, el Avro RJ 85 cuatrimotor que operaba el vuelo, se estrell\u00f3 al sur de Medell\u00edn, Colombia, matando a 71 personas a bordo, de un total de 77 pasajeros y tripulantes.","og_url":"https:\/\/elcanillita.info\/press\/2020\/11\/29\/moraleja-de-la-imposibilidad-moral\/","og_site_name":"ElCanillita.Info","article_publisher":"https:\/\/ar-ar.facebook.com\/ElCanillitainfo-114249515285712\/","article_published_time":"2020-11-29T22:47:01+00:00","article_modified_time":"2020-11-29T23:52:41+00:00","og_image":[{"width":600,"height":450,"url":"https:\/\/elcanillita.info\/press\/images\/2020\/11\/medellin-1.jpg","type":"image\/jpeg"}],"author":"SalaStampa.eu, world press service","twitter_card":"summary_large_image","twitter_misc":{"Escrito por":"SalaStampa.eu, world press service","Tiempo de lectura":"3 minutos"},"schema":{"@context":"https:\/\/schema.org","@graph":[{"@type":"Article","@id":"https:\/\/elcanillita.info\/press\/2020\/11\/29\/moraleja-de-la-imposibilidad-moral\/#article","isPartOf":{"@id":"https:\/\/elcanillita.info\/press\/2020\/11\/29\/moraleja-de-la-imposibilidad-moral\/"},"author":{"name":"SalaStampa.eu, world press service","@id":"https:\/\/elcanillita.info\/press\/#\/schema\/person\/7fcb79f38045700919f7da6d97e71ba0"},"headline":"Imposibilidad moral","datePublished":"2020-11-29T22:47:01+00:00","dateModified":"2020-11-29T23:52:41+00:00","mainEntityOfPage":{"@id":"https:\/\/elcanillita.info\/press\/2020\/11\/29\/moraleja-de-la-imposibilidad-moral\/"},"wordCount":631,"publisher":{"@id":"https:\/\/elcanillita.info\/press\/#organization"},"image":{"@id":"https:\/\/elcanillita.info\/press\/2020\/11\/29\/moraleja-de-la-imposibilidad-moral\/#primaryimage"},"thumbnailUrl":"https:\/\/elcanillita.info\/press\/images\/2020\/11\/medellin-1.jpg","keywords":["Colombia"],"articleSection":["Am\u00e9rica del Sur","Etiologia","Politica","Sociedad"],"inLanguage":"es-AR"},{"@type":"WebPage","@id":"https:\/\/elcanillita.info\/press\/2020\/11\/29\/moraleja-de-la-imposibilidad-moral\/","url":"https:\/\/elcanillita.info\/press\/2020\/11\/29\/moraleja-de-la-imposibilidad-moral\/","name":"Imposibilidad moral - ElCanillita.Info","isPartOf":{"@id":"https:\/\/elcanillita.info\/press\/#website"},"primaryImageOfPage":{"@id":"https:\/\/elcanillita.info\/press\/2020\/11\/29\/moraleja-de-la-imposibilidad-moral\/#primaryimage"},"image":{"@id":"https:\/\/elcanillita.info\/press\/2020\/11\/29\/moraleja-de-la-imposibilidad-moral\/#primaryimage"},"thumbnailUrl":"https:\/\/elcanillita.info\/press\/images\/2020\/11\/medellin-1.jpg","datePublished":"2020-11-29T22:47:01+00:00","dateModified":"2020-11-29T23:52:41+00:00","inLanguage":"es-AR","potentialAction":[{"@type":"ReadAction","target":["https:\/\/elcanillita.info\/press\/2020\/11\/29\/moraleja-de-la-imposibilidad-moral\/"]}]},{"@type":"ImageObject","inLanguage":"es-AR","@id":"https:\/\/elcanillita.info\/press\/2020\/11\/29\/moraleja-de-la-imposibilidad-moral\/#primaryimage","url":"https:\/\/elcanillita.info\/press\/images\/2020\/11\/medellin-1.jpg","contentUrl":"https:\/\/elcanillita.info\/press\/images\/2020\/11\/medellin-1.jpg","width":600,"height":450},{"@type":"WebSite","@id":"https:\/\/elcanillita.info\/press\/#website","url":"https:\/\/elcanillita.info\/press\/","name":"ElCanillita.Info","description":"desde los Apeninos a los Andes","publisher":{"@id":"https:\/\/elcanillita.info\/press\/#organization"},"potentialAction":[{"@type":"SearchAction","target":{"@type":"EntryPoint","urlTemplate":"https:\/\/elcanillita.info\/press\/?s={search_term_string}"},"query-input":{"@type":"PropertyValueSpecification","valueRequired":true,"valueName":"search_term_string"}}],"inLanguage":"es-AR"},{"@type":"Organization","@id":"https:\/\/elcanillita.info\/press\/#organization","name":"Guzzo Photos & Graphic Publications","url":"https:\/\/elcanillita.info\/press\/","logo":{"@type":"ImageObject","inLanguage":"es-AR","@id":"https:\/\/elcanillita.info\/press\/#\/schema\/logo\/image\/","url":"https:\/\/elcanillita.info\/press\/images\/2020\/01\/cropped-cropped-cropped-elcanillitainfo.png","contentUrl":"https:\/\/elcanillita.info\/press\/images\/2020\/01\/cropped-cropped-cropped-elcanillitainfo.png","width":460,"height":50,"caption":"Guzzo Photos & Graphic Publications"},"image":{"@id":"https:\/\/elcanillita.info\/press\/#\/schema\/logo\/image\/"},"sameAs":["https:\/\/ar-ar.facebook.com\/ElCanillitainfo-114249515285712\/"]},{"@type":"Person","@id":"https:\/\/elcanillita.info\/press\/#\/schema\/person\/7fcb79f38045700919f7da6d97e71ba0","name":"SalaStampa.eu, world press service","image":{"@type":"ImageObject","inLanguage":"es-AR","@id":"https:\/\/secure.gravatar.com\/avatar\/c2f0e0d515a107624234994507816ca4724c7199cef73fc8bedebf6931d73888?s=96&d=mm&r=g","url":"https:\/\/secure.gravatar.com\/avatar\/c2f0e0d515a107624234994507816ca4724c7199cef73fc8bedebf6931d73888?s=96&d=mm&r=g","contentUrl":"https:\/\/secure.gravatar.com\/avatar\/c2f0e0d515a107624234994507816ca4724c7199cef73fc8bedebf6931d73888?s=96&d=mm&r=g","caption":"SalaStampa.eu, world press service"}}]}},"views":865,"_links":{"self":[{"href":"https:\/\/elcanillita.info\/press\/wp-json\/wp\/v2\/posts\/1161","targetHints":{"allow":["GET"]}}],"collection":[{"href":"https:\/\/elcanillita.info\/press\/wp-json\/wp\/v2\/posts"}],"about":[{"href":"https:\/\/elcanillita.info\/press\/wp-json\/wp\/v2\/types\/post"}],"author":[{"embeddable":true,"href":"https:\/\/elcanillita.info\/press\/wp-json\/wp\/v2\/users\/1"}],"replies":[{"embeddable":true,"href":"https:\/\/elcanillita.info\/press\/wp-json\/wp\/v2\/comments?post=1161"}],"version-history":[{"count":0,"href":"https:\/\/elcanillita.info\/press\/wp-json\/wp\/v2\/posts\/1161\/revisions"}],"wp:featuredmedia":[{"embeddable":true,"href":"https:\/\/elcanillita.info\/press\/wp-json\/wp\/v2\/media\/1162"}],"wp:attachment":[{"href":"https:\/\/elcanillita.info\/press\/wp-json\/wp\/v2\/media?parent=1161"}],"wp:term":[{"taxonomy":"category","embeddable":true,"href":"https:\/\/elcanillita.info\/press\/wp-json\/wp\/v2\/categories?post=1161"},{"taxonomy":"post_tag","embeddable":true,"href":"https:\/\/elcanillita.info\/press\/wp-json\/wp\/v2\/tags?post=1161"}],"curies":[{"name":"wp","href":"https:\/\/api.w.org\/{rel}","templated":true}]}}