{"id":113,"date":"2020-01-14T15:53:12","date_gmt":"2020-01-14T18:53:12","guid":{"rendered":"https:\/\/elcanillita.info\/press\/?p=113"},"modified":"2020-01-17T09:12:26","modified_gmt":"2020-01-17T12:12:26","slug":"seis-aspirantes-presidenciales-democratas-en-eeuu-listos-para-debatir-antes-de-votacion-en-primer-estado","status":"publish","type":"post","link":"https:\/\/elcanillita.info\/press\/2020\/01\/14\/seis-aspirantes-presidenciales-democratas-en-eeuu-listos-para-debatir-antes-de-votacion-en-primer-estado\/","title":{"rendered":"Seis aspirantes presidenciales dem\u00f3cratas en EEUU, listos para debatir antes de votaci\u00f3n en primer estado"},"content":{"rendered":"\n<p>Washington, 14.01.2020 &#8211; Seis pol\u00edticos dem\u00f3cratas que retan al presidente republicano Donald Trump por el cargo, se enfrentan en un debate de alto riesgo el martes por la noche, su \u00faltimo encuentro cara a cara antes de que los votantes en el estado agr\u00edcola de Iowa, en el medio oeste del pa\u00eds, comiencen a elegir a un candidato dem\u00f3crata para oponerse a Trump en las elecciones nacionales de noviembre.\u00a0<\/p>\n\n\n\n<p>Iowa, con su paisaje principalmente rural y una poblaci\u00f3n predominantemente blanca de aproximadamente 3 millones, apenas refleja a Estados Unidos en su conjunto. Pero una vez cada cuatro a\u00f1os tiene una importancia enorme en la carrera presidencial dela naci\u00f3, como el primer estado en votar en el proceso de nominaci\u00f3n de meses para republicanos y dem\u00f3cratas. Esta vez, la votaci\u00f3n del caucus se lleva a cabo la noche del 3 de febrero.<\/p>\n\n\n\n<p>Trump es el candidato seguro para la renominaci\u00f3n a un segundo mandato de cuatro a\u00f1os en la Casa Blanca. Pero la contienda dem\u00f3crata est\u00e1 muy inestable.<\/p>\n\n\n\n<p>El exvicepresidente Joe Biden, ahora en su tercer intento por la nominaci\u00f3n presidencial del partido, lidera las encuestas nacionales de votantes dem\u00f3cratas, pero en Iowa y otros estados posiblemente est\u00e1 despu\u00e9s de sus oponentes dem\u00f3cratas. Si falla al principio del proceso de nominaci\u00f3n, eso podr\u00eda afectar su argumento clave de la campa\u00f1a de que, seg\u00fan las encuestas nacionales, tiene la mejor oportunidad de derrotar a Trump.<\/p>\n\n\n\n<p>La encuesta de Iowa del fin de semana pasado muestra al senador Bernie Sanders de Vermont, que se describe a s\u00ed mismo como un socialista democr\u00e1tico, avanzando a un estrecho primer lugar, con un 20% de apoyo en el estado. La senadora progresista Elizabeth Warren de Massachusetts ocupa el segundo lugar con un 17%, por delante del ex alcalde de South Bend, Indiana, Pete Buttigieg, quien se ha convertido en un centrista pol\u00edtico, con un 16% y Biden, un pol\u00edtico de centro izquierda a trav\u00e9s de casi cinco d\u00e9cadas en Washington, con 15%.<\/p>\n\n\n\n<p>&#8220;No se puede negar que esta es una buena encuesta para Bernie Sanders&#8221;, dijo la encuestadora Ann Selzer al Des Moines Register, que patrocina el debate junto con la cadena de televisi\u00f3n CNN. &#8220;\u00c9l lidera, pero no es una ventaja indiscutible. Tiene un control m\u00e1s firme sobre sus seguidores que el resto de sus compatriotas&#8221;.<\/p>\n\n\n\n<p>Pero m\u00e1s de la mitad de los encuestados dijeron que a\u00fan podr\u00edan decidir apoyar a un candidato que no sea el que ahora prefieren o que a\u00fan tienen que decidir, un estado fluido de sentimiento pol\u00edtico que probablemente aumenta la importancia del debate de los seis candidatos, el martes.<\/p>\n\n\n\n<p>Una encuesta de la Universidad de Monmouth el lunes mostr\u00f3 resultados diferentes, con Biden por delante, de Sanders, Buttigieg y Warren.<\/p>\n\n\n\n<p>La senadora Amy Klobuchar de Minnesota y el acaudalado empresario Tom Steyer, ambos siguen a los cuatro l\u00edderes en la votaci\u00f3n preelectoral de Iowa, pero calificaron para la etapa de debate al cumplir con los est\u00e1ndares de votaci\u00f3n y recaudaci\u00f3n de fondos establecidos por el Partido Dem\u00f3crata nacional. Otros candidatos dem\u00f3cratas permanecen en un campo abarrotado de aspirantes presidenciales, pero no hicieron el corte para el debate o se retiraron, incluido el senador Cory Booker de Nueva Jersey, quien abandon\u00f3 la carrera el lunes.<\/p>\n\n\n\n<p>Sanders y Warren son amigos desde hace mucho tiempo que tienen puntos de vista liberales similares, como su mensaje, con algunas variaciones, sobre la adopci\u00f3n de un sistema nacional de atenci\u00f3n m\u00e9dica administrado por el gobierno y el fin del sistema de compa\u00f1\u00edas de seguros privadas del pa\u00eds para pagar las facturas de atenci\u00f3n m\u00e9dica. Como tal, se han adherido principalmente a un pacto de no agresi\u00f3n entre s\u00ed en debates anteriores previos al enfrentamiento del martes antes de la votaci\u00f3n de Iowa.<\/p>\n\n\n\n<p>Pero durante el fin de semana, Warren acus\u00f3 a Sanders de enviar a sus seguidores en Iowa a reunirse con votantes con puntos de conversaci\u00f3n espec\u00edficos &#8220;para destrozarme&#8221;. Los puntos de conversaci\u00f3n afirmaban que Warren no pod\u00eda atraer a m\u00e1s votantes dem\u00f3cratas en una carrera contra Trump porque es elitista, &#8220;Con el apoyo de personas altamente educadas y m\u00e1s ricas que van a presentarse y votar a los dem\u00f3cratas, pase lo que pase&#8221;.<\/p>\n\n\n\n<p>Sanders hizo caso omiso de las cr\u00edticas y dijo: &#8220;Tenemos m\u00e1s de 500 personas en nuestra campa\u00f1a. La gente hace ciertas cosas. Estoy seguro de que en la campa\u00f1a de Elizabeth la gente tambi\u00e9n hace ciertas cosas&#8221;.<\/p>\n\n\n\n<p>&#8220;Pero me han escuchado durante meses&#8221;, agreg\u00f3 Sanders, &#8220;nunca he dicho una palabra negativa sobre Elizabeth Warren, quien es amiga m\u00eda. Tenemos diferencias en [la soluci\u00f3n a] los problemas. De eso se trata una campa\u00f1a&#8221;.<\/p>\n\n\n\n<p>Mientras tanto, los informes noticiosos del lunes afirman que en una reuni\u00f3n privada en 2018, Sanders le dijo a Warren que no cre\u00eda que una mujer pudiera ganar la presidencia.<\/p>\n\n\n\n<p>Posteriormente, Warren le cont\u00f3 a asociados sobre el comentario de Sanders, inform\u00f3 The New York Times, citando a personas con conocimiento de sus comentarios.<\/p>\n\n\n\n<p>En un comunicado, Sanders neg\u00f3 el informe diciendo que era &#8220;rid\u00edculo&#8221; pensar que hubiera hecho ese comentario. \u201c\u00bfCreo que una mujer puede ganar en 2020? \u00a1Por supuesto! Despu\u00e9s de todo, Hillary Clinton venci\u00f3 a Donald Trump por tres millones de votos en 2016\u201d.<\/p>\n\n\n\n<p>Trump tambi\u00e9n ha tomado nota del reciente ascenso de Sanders en las encuestas de opini\u00f3n, diciendo en un comentario de Twitter durante el fin de semana, &#8220;\u00a1Guau! Crazy Bernie Sanders est\u00e1 aumentando en las encuestas, luciendo muy bien contra sus oponentes en el Do Nothing Party. Entonces, \u00bfqu\u00e9 significa todo esto? \u00a1Est\u00e9n atentos!.<br>\nDurante meses, Trump se hab\u00eda centrado especialmente en Biden, con ataques ocasionales contra Warren y Buttigieg, como su oponente m\u00e1s probable para 2020, en la medida en que su preocupaci\u00f3n por Biden est\u00e1 en el centro del caso de juicio pol\u00edtico en su contra.&nbsp;<\/p>\n\n\n\n<p>El juicio de destituci\u00f3n del presidente en el juicio del Senado est\u00e1 a d\u00edas de iniciarse, siendo el tercer juicio de destituci\u00f3n en dos siglos y medio de historia estadounidense.<\/p>\n\n\n\n<p>Trump es acusado de tratar de beneficiarse pol\u00edticamente presionando al presidente ucraniano Volodymyr Zelenskiy en una llamada telef\u00f3nica a fines de julio para iniciar una investigaci\u00f3n de Biden, el trabajo de su hijo Hunter Biden para una compa\u00f1\u00eda ucraniana de gas natural y una teor\u00eda de conspiraci\u00f3n desacreditada que alega que Ucrania interfiri\u00f3en la elecci\u00f3n estadounidense de 2016 para socavar la campa\u00f1a de Trump. Sus pedidos se hicieron al mismo tiempo que reten\u00eda temporalmente $ 391 millones en ayuda militar que Kiev quer\u00eda para ayudar a combatir a los separatistas pro-rusos en el este de Ucrania.<\/p>\n\n\n\n<p>Trump finalmente liber\u00f3 el dinero en septiembre sin que Zelenskiy iniciara las investigaciones de Biden. Esa es una prueba, dicen los republicanos, de que Trump no se hab\u00eda comprometido en un acuerdo rec\u00edproco de quid pro quo, la ayuda militar a cambio de las investigaciones de Biden.<\/p>\n\n\n\n<p>Tres de los principales contendientes dem\u00f3cratas, Sanders, Warren y Klobuchar, podr\u00edan verse directamente afectados por el juicio pol\u00edtico de Trump, ya que estar\u00e1n entre los 100 miembros del Senado que deciden el destino de Trump, manteni\u00e9ndolos en Washington seis d\u00edas a la semana mientras el juicio contin\u00faa, y lo m\u00e1s importante para ellos, fuera de la campa\u00f1a en Iowa para reunirse con los votantes.<\/p>\n\n\n\n<p>Con una mayor\u00eda republicana en el Senado, Trump est\u00e1 seguro de ser absuelto y se le permitir\u00e1 permanecer en el cargo para enfrentar a los votantes en noviembre. Pero un juicio completo, si los testigos son llamados a declarar como los dem\u00f3cratas y algunos republicanos quieren, podr\u00eda traer a la palestra nueva informaci\u00f3n inesperada sobre Trump y quiz\u00e1s Biden en las \u00faltimas semanas de la elecci\u00f3n de Iowa.<\/p>\n\n\n\n<p>En algunos estados hay elecciones primarias de partidos, pero en Iowa, los dem\u00f3cratas tendr\u00e1n asambleas en todo el estado, con los candidatos presionando a sus partidarios para que se re\u00fanan en estaciones de bomberos, escuelas, iglesias y otros lugares de votaci\u00f3n en la noche del 3 de febrero. Muchos de los votantes del estado posiblemente observen de cerca el martes mientras los candidatos debaten las pol\u00edticas de atenci\u00f3n m\u00e9dica, la seguridad nacional, el ataque con aviones no tripulados de Trump que mat\u00f3 a un general iran\u00ed de alto rango y una serie de otros temas.<\/p>\n\n\n\n<p>Otras contiendas de nominaciones estatales seguir\u00e1n r\u00e1pidamente y la importancia de la votaci\u00f3n de Iowa pronto se eclipsar\u00e1. Pero hasta entonces, no se puede negar su centralidad cuatrienal en la escena pol\u00edtica presidencial estadounidense.<br><br>\n<small>2020 voanoticias \u2013 salastampa.eu, afiliada a la red Broadcasting Board of Governors \u00a9 2020 BBG<\/small><\/p>\n","protected":false},"excerpt":{"rendered":"<p>Washington, 14.01.2020 &#8211; Seis pol\u00edticos dem\u00f3cratas que retan al presidente republicano Donald Trump por el cargo, se enfrentan en un debate de alto riesgo el martes por la noche, su \u00faltimo encuentro cara a cara antes de que los votantes en el estado agr\u00edcola de Iowa, en el medio oeste del pa\u00eds, comiencen a elegir a un candidato dem\u00f3crata para oponerse a Trump en las elecciones nacionales de noviembre.\u00a0<\/p>\n","protected":false},"author":1,"featured_media":0,"comment_status":"closed","ping_status":"closed","sticky":false,"template":"","format":"standard","meta":{"footnotes":"","_links_to":"","_links_to_target":""},"categories":[9,23,25],"tags":[34],"class_list":["post-113","post","type-post","status-publish","format-standard","hentry","category-america-del-norte","category-politica","category-sociedad","tag-estados-unidos","entry","double"],"yoast_head":"<!-- This site is optimized with the Yoast SEO plugin v27.4 - https:\/\/yoast.com\/product\/yoast-seo-wordpress\/ -->\n<title>Seis aspirantes presidenciales dem\u00f3cratas en EEUU, listos para debatir antes de votaci\u00f3n en primer estado - ElCanillita.Info<\/title>\n<meta name=\"robots\" content=\"index, follow, max-snippet:-1, max-image-preview:large, max-video-preview:-1\" \/>\n<link rel=\"canonical\" href=\"https:\/\/elcanillita.info\/press\/2020\/01\/14\/seis-aspirantes-presidenciales-democratas-en-eeuu-listos-para-debatir-antes-de-votacion-en-primer-estado\/\" \/>\n<meta property=\"og:locale\" content=\"es_ES\" \/>\n<meta property=\"og:type\" content=\"article\" \/>\n<meta property=\"og:title\" content=\"Seis aspirantes presidenciales dem\u00f3cratas en EEUU, listos para debatir antes de votaci\u00f3n en primer estado - ElCanillita.Info\" \/>\n<meta property=\"og:description\" content=\"Washington, 14.01.2020 - Seis pol\u00edticos dem\u00f3cratas que retan al presidente republicano Donald Trump por el cargo, se enfrentan en un debate de alto riesgo el martes por la noche, su \u00faltimo encuentro cara a cara antes de que los votantes en el estado agr\u00edcola de Iowa, en el medio oeste del pa\u00eds, comiencen a elegir a un candidato dem\u00f3crata para oponerse a Trump en las elecciones nacionales de noviembre.\u00a0\" \/>\n<meta property=\"og:url\" content=\"https:\/\/elcanillita.info\/press\/2020\/01\/14\/seis-aspirantes-presidenciales-democratas-en-eeuu-listos-para-debatir-antes-de-votacion-en-primer-estado\/\" \/>\n<meta property=\"og:site_name\" content=\"ElCanillita.Info\" \/>\n<meta property=\"article:publisher\" content=\"https:\/\/ar-ar.facebook.com\/ElCanillitainfo-114249515285712\/\" \/>\n<meta property=\"article:published_time\" content=\"2020-01-14T18:53:12+00:00\" \/>\n<meta property=\"article:modified_time\" content=\"2020-01-17T12:12:26+00:00\" \/>\n<meta name=\"author\" content=\"SalaStampa.eu, world press service\" \/>\n<meta name=\"twitter:card\" content=\"summary_large_image\" \/>\n<meta name=\"twitter:label1\" content=\"Escrito por\" \/>\n\t<meta name=\"twitter:data1\" content=\"SalaStampa.eu, world press service\" \/>\n\t<meta name=\"twitter:label2\" content=\"Tiempo de lectura\" \/>\n\t<meta name=\"twitter:data2\" content=\"8 minutos\" \/>\n<script type=\"application\/ld+json\" class=\"yoast-schema-graph\">{\"@context\":\"https:\\\/\\\/schema.org\",\"@graph\":[{\"@type\":\"Article\",\"@id\":\"https:\\\/\\\/elcanillita.info\\\/press\\\/2020\\\/01\\\/14\\\/seis-aspirantes-presidenciales-democratas-en-eeuu-listos-para-debatir-antes-de-votacion-en-primer-estado\\\/#article\",\"isPartOf\":{\"@id\":\"https:\\\/\\\/elcanillita.info\\\/press\\\/2020\\\/01\\\/14\\\/seis-aspirantes-presidenciales-democratas-en-eeuu-listos-para-debatir-antes-de-votacion-en-primer-estado\\\/\"},\"author\":{\"name\":\"SalaStampa.eu, world press service\",\"@id\":\"https:\\\/\\\/elcanillita.info\\\/press\\\/#\\\/schema\\\/person\\\/7fcb79f38045700919f7da6d97e71ba0\"},\"headline\":\"Seis aspirantes presidenciales dem\u00f3cratas en EEUU, listos para debatir antes de votaci\u00f3n en primer estado\",\"datePublished\":\"2020-01-14T18:53:12+00:00\",\"dateModified\":\"2020-01-17T12:12:26+00:00\",\"mainEntityOfPage\":{\"@id\":\"https:\\\/\\\/elcanillita.info\\\/press\\\/2020\\\/01\\\/14\\\/seis-aspirantes-presidenciales-democratas-en-eeuu-listos-para-debatir-antes-de-votacion-en-primer-estado\\\/\"},\"wordCount\":1522,\"publisher\":{\"@id\":\"https:\\\/\\\/elcanillita.info\\\/press\\\/#organization\"},\"keywords\":[\"Estados Unidos\"],\"articleSection\":[\"Am\u00e9rica del Norte\",\"Politica\",\"Sociedad\"],\"inLanguage\":\"es-AR\"},{\"@type\":\"WebPage\",\"@id\":\"https:\\\/\\\/elcanillita.info\\\/press\\\/2020\\\/01\\\/14\\\/seis-aspirantes-presidenciales-democratas-en-eeuu-listos-para-debatir-antes-de-votacion-en-primer-estado\\\/\",\"url\":\"https:\\\/\\\/elcanillita.info\\\/press\\\/2020\\\/01\\\/14\\\/seis-aspirantes-presidenciales-democratas-en-eeuu-listos-para-debatir-antes-de-votacion-en-primer-estado\\\/\",\"name\":\"Seis aspirantes presidenciales dem\u00f3cratas en EEUU, listos para debatir antes de votaci\u00f3n en primer estado - ElCanillita.Info\",\"isPartOf\":{\"@id\":\"https:\\\/\\\/elcanillita.info\\\/press\\\/#website\"},\"datePublished\":\"2020-01-14T18:53:12+00:00\",\"dateModified\":\"2020-01-17T12:12:26+00:00\",\"inLanguage\":\"es-AR\",\"potentialAction\":[{\"@type\":\"ReadAction\",\"target\":[\"https:\\\/\\\/elcanillita.info\\\/press\\\/2020\\\/01\\\/14\\\/seis-aspirantes-presidenciales-democratas-en-eeuu-listos-para-debatir-antes-de-votacion-en-primer-estado\\\/\"]}]},{\"@type\":\"WebSite\",\"@id\":\"https:\\\/\\\/elcanillita.info\\\/press\\\/#website\",\"url\":\"https:\\\/\\\/elcanillita.info\\\/press\\\/\",\"name\":\"ElCanillita.Info\",\"description\":\"desde los Apeninos a los Andes\",\"publisher\":{\"@id\":\"https:\\\/\\\/elcanillita.info\\\/press\\\/#organization\"},\"potentialAction\":[{\"@type\":\"SearchAction\",\"target\":{\"@type\":\"EntryPoint\",\"urlTemplate\":\"https:\\\/\\\/elcanillita.info\\\/press\\\/?s={search_term_string}\"},\"query-input\":{\"@type\":\"PropertyValueSpecification\",\"valueRequired\":true,\"valueName\":\"search_term_string\"}}],\"inLanguage\":\"es-AR\"},{\"@type\":\"Organization\",\"@id\":\"https:\\\/\\\/elcanillita.info\\\/press\\\/#organization\",\"name\":\"Guzzo Photos & Graphic Publications\",\"url\":\"https:\\\/\\\/elcanillita.info\\\/press\\\/\",\"logo\":{\"@type\":\"ImageObject\",\"inLanguage\":\"es-AR\",\"@id\":\"https:\\\/\\\/elcanillita.info\\\/press\\\/#\\\/schema\\\/logo\\\/image\\\/\",\"url\":\"https:\\\/\\\/elcanillita.info\\\/press\\\/images\\\/2020\\\/01\\\/cropped-cropped-cropped-elcanillitainfo.png\",\"contentUrl\":\"https:\\\/\\\/elcanillita.info\\\/press\\\/images\\\/2020\\\/01\\\/cropped-cropped-cropped-elcanillitainfo.png\",\"width\":460,\"height\":50,\"caption\":\"Guzzo Photos & Graphic Publications\"},\"image\":{\"@id\":\"https:\\\/\\\/elcanillita.info\\\/press\\\/#\\\/schema\\\/logo\\\/image\\\/\"},\"sameAs\":[\"https:\\\/\\\/ar-ar.facebook.com\\\/ElCanillitainfo-114249515285712\\\/\"]},{\"@type\":\"Person\",\"@id\":\"https:\\\/\\\/elcanillita.info\\\/press\\\/#\\\/schema\\\/person\\\/7fcb79f38045700919f7da6d97e71ba0\",\"name\":\"SalaStampa.eu, world press service\",\"image\":{\"@type\":\"ImageObject\",\"inLanguage\":\"es-AR\",\"@id\":\"https:\\\/\\\/secure.gravatar.com\\\/avatar\\\/c2f0e0d515a107624234994507816ca4724c7199cef73fc8bedebf6931d73888?s=96&d=mm&r=g\",\"url\":\"https:\\\/\\\/secure.gravatar.com\\\/avatar\\\/c2f0e0d515a107624234994507816ca4724c7199cef73fc8bedebf6931d73888?s=96&d=mm&r=g\",\"contentUrl\":\"https:\\\/\\\/secure.gravatar.com\\\/avatar\\\/c2f0e0d515a107624234994507816ca4724c7199cef73fc8bedebf6931d73888?s=96&d=mm&r=g\",\"caption\":\"SalaStampa.eu, world press service\"}}]}<\/script>\n<!-- \/ Yoast SEO plugin. -->","yoast_head_json":{"title":"Seis aspirantes presidenciales dem\u00f3cratas en EEUU, listos para debatir antes de votaci\u00f3n en primer estado - ElCanillita.Info","robots":{"index":"index","follow":"follow","max-snippet":"max-snippet:-1","max-image-preview":"max-image-preview:large","max-video-preview":"max-video-preview:-1"},"canonical":"https:\/\/elcanillita.info\/press\/2020\/01\/14\/seis-aspirantes-presidenciales-democratas-en-eeuu-listos-para-debatir-antes-de-votacion-en-primer-estado\/","og_locale":"es_ES","og_type":"article","og_title":"Seis aspirantes presidenciales dem\u00f3cratas en EEUU, listos para debatir antes de votaci\u00f3n en primer estado - ElCanillita.Info","og_description":"Washington, 14.01.2020 - Seis pol\u00edticos dem\u00f3cratas que retan al presidente republicano Donald Trump por el cargo, se enfrentan en un debate de alto riesgo el martes por la noche, su \u00faltimo encuentro cara a cara antes de que los votantes en el estado agr\u00edcola de Iowa, en el medio oeste del pa\u00eds, comiencen a elegir a un candidato dem\u00f3crata para oponerse a Trump en las elecciones nacionales de noviembre.\u00a0","og_url":"https:\/\/elcanillita.info\/press\/2020\/01\/14\/seis-aspirantes-presidenciales-democratas-en-eeuu-listos-para-debatir-antes-de-votacion-en-primer-estado\/","og_site_name":"ElCanillita.Info","article_publisher":"https:\/\/ar-ar.facebook.com\/ElCanillitainfo-114249515285712\/","article_published_time":"2020-01-14T18:53:12+00:00","article_modified_time":"2020-01-17T12:12:26+00:00","author":"SalaStampa.eu, world press service","twitter_card":"summary_large_image","twitter_misc":{"Escrito por":"SalaStampa.eu, world press service","Tiempo de lectura":"8 minutos"},"schema":{"@context":"https:\/\/schema.org","@graph":[{"@type":"Article","@id":"https:\/\/elcanillita.info\/press\/2020\/01\/14\/seis-aspirantes-presidenciales-democratas-en-eeuu-listos-para-debatir-antes-de-votacion-en-primer-estado\/#article","isPartOf":{"@id":"https:\/\/elcanillita.info\/press\/2020\/01\/14\/seis-aspirantes-presidenciales-democratas-en-eeuu-listos-para-debatir-antes-de-votacion-en-primer-estado\/"},"author":{"name":"SalaStampa.eu, world press service","@id":"https:\/\/elcanillita.info\/press\/#\/schema\/person\/7fcb79f38045700919f7da6d97e71ba0"},"headline":"Seis aspirantes presidenciales dem\u00f3cratas en EEUU, listos para debatir antes de votaci\u00f3n en primer estado","datePublished":"2020-01-14T18:53:12+00:00","dateModified":"2020-01-17T12:12:26+00:00","mainEntityOfPage":{"@id":"https:\/\/elcanillita.info\/press\/2020\/01\/14\/seis-aspirantes-presidenciales-democratas-en-eeuu-listos-para-debatir-antes-de-votacion-en-primer-estado\/"},"wordCount":1522,"publisher":{"@id":"https:\/\/elcanillita.info\/press\/#organization"},"keywords":["Estados Unidos"],"articleSection":["Am\u00e9rica del Norte","Politica","Sociedad"],"inLanguage":"es-AR"},{"@type":"WebPage","@id":"https:\/\/elcanillita.info\/press\/2020\/01\/14\/seis-aspirantes-presidenciales-democratas-en-eeuu-listos-para-debatir-antes-de-votacion-en-primer-estado\/","url":"https:\/\/elcanillita.info\/press\/2020\/01\/14\/seis-aspirantes-presidenciales-democratas-en-eeuu-listos-para-debatir-antes-de-votacion-en-primer-estado\/","name":"Seis aspirantes presidenciales dem\u00f3cratas en EEUU, listos para debatir antes de votaci\u00f3n en primer estado - ElCanillita.Info","isPartOf":{"@id":"https:\/\/elcanillita.info\/press\/#website"},"datePublished":"2020-01-14T18:53:12+00:00","dateModified":"2020-01-17T12:12:26+00:00","inLanguage":"es-AR","potentialAction":[{"@type":"ReadAction","target":["https:\/\/elcanillita.info\/press\/2020\/01\/14\/seis-aspirantes-presidenciales-democratas-en-eeuu-listos-para-debatir-antes-de-votacion-en-primer-estado\/"]}]},{"@type":"WebSite","@id":"https:\/\/elcanillita.info\/press\/#website","url":"https:\/\/elcanillita.info\/press\/","name":"ElCanillita.Info","description":"desde los Apeninos a los Andes","publisher":{"@id":"https:\/\/elcanillita.info\/press\/#organization"},"potentialAction":[{"@type":"SearchAction","target":{"@type":"EntryPoint","urlTemplate":"https:\/\/elcanillita.info\/press\/?s={search_term_string}"},"query-input":{"@type":"PropertyValueSpecification","valueRequired":true,"valueName":"search_term_string"}}],"inLanguage":"es-AR"},{"@type":"Organization","@id":"https:\/\/elcanillita.info\/press\/#organization","name":"Guzzo Photos & Graphic Publications","url":"https:\/\/elcanillita.info\/press\/","logo":{"@type":"ImageObject","inLanguage":"es-AR","@id":"https:\/\/elcanillita.info\/press\/#\/schema\/logo\/image\/","url":"https:\/\/elcanillita.info\/press\/images\/2020\/01\/cropped-cropped-cropped-elcanillitainfo.png","contentUrl":"https:\/\/elcanillita.info\/press\/images\/2020\/01\/cropped-cropped-cropped-elcanillitainfo.png","width":460,"height":50,"caption":"Guzzo Photos & Graphic Publications"},"image":{"@id":"https:\/\/elcanillita.info\/press\/#\/schema\/logo\/image\/"},"sameAs":["https:\/\/ar-ar.facebook.com\/ElCanillitainfo-114249515285712\/"]},{"@type":"Person","@id":"https:\/\/elcanillita.info\/press\/#\/schema\/person\/7fcb79f38045700919f7da6d97e71ba0","name":"SalaStampa.eu, world press service","image":{"@type":"ImageObject","inLanguage":"es-AR","@id":"https:\/\/secure.gravatar.com\/avatar\/c2f0e0d515a107624234994507816ca4724c7199cef73fc8bedebf6931d73888?s=96&d=mm&r=g","url":"https:\/\/secure.gravatar.com\/avatar\/c2f0e0d515a107624234994507816ca4724c7199cef73fc8bedebf6931d73888?s=96&d=mm&r=g","contentUrl":"https:\/\/secure.gravatar.com\/avatar\/c2f0e0d515a107624234994507816ca4724c7199cef73fc8bedebf6931d73888?s=96&d=mm&r=g","caption":"SalaStampa.eu, world press service"}}]}},"views":757,"_links":{"self":[{"href":"https:\/\/elcanillita.info\/press\/wp-json\/wp\/v2\/posts\/113","targetHints":{"allow":["GET"]}}],"collection":[{"href":"https:\/\/elcanillita.info\/press\/wp-json\/wp\/v2\/posts"}],"about":[{"href":"https:\/\/elcanillita.info\/press\/wp-json\/wp\/v2\/types\/post"}],"author":[{"embeddable":true,"href":"https:\/\/elcanillita.info\/press\/wp-json\/wp\/v2\/users\/1"}],"replies":[{"embeddable":true,"href":"https:\/\/elcanillita.info\/press\/wp-json\/wp\/v2\/comments?post=113"}],"version-history":[{"count":0,"href":"https:\/\/elcanillita.info\/press\/wp-json\/wp\/v2\/posts\/113\/revisions"}],"wp:attachment":[{"href":"https:\/\/elcanillita.info\/press\/wp-json\/wp\/v2\/media?parent=113"}],"wp:term":[{"taxonomy":"category","embeddable":true,"href":"https:\/\/elcanillita.info\/press\/wp-json\/wp\/v2\/categories?post=113"},{"taxonomy":"post_tag","embeddable":true,"href":"https:\/\/elcanillita.info\/press\/wp-json\/wp\/v2\/tags?post=113"}],"curies":[{"name":"wp","href":"https:\/\/api.w.org\/{rel}","templated":true}]}}