{"id":1122,"date":"2020-10-07T07:52:08","date_gmt":"2020-10-07T10:52:08","guid":{"rendered":"https:\/\/elcanillita.info\/press\/?p=1122"},"modified":"2023-03-03T08:39:06","modified_gmt":"2023-03-03T11:39:06","slug":"nagorno-karabaj-stepanakert-combates-azerbaiyan","status":"publish","type":"post","link":"https:\/\/elcanillita.info\/press\/2020\/10\/07\/nagorno-karabaj-stepanakert-combates-azerbaiyan\/","title":{"rendered":"La ciudad de Stepanakert, en  Nagorno-Karabaj es blanco de combates en curso en la regi\u00f3n separatista de Azerbaiy\u00e1n."},"content":{"rendered":"\n<p><img decoding=\"async\" src=\"https:\/\/elcanillita.info\/press\/images\/2020\/10\/abuela_donna-fucile-stepanakert.jpg\"><br> <small><strong>Una anciana sentada en la entrada de su casa con un rifle durante el bombardeo del ej\u00e9rcito azer\u00ed sobre la ciudad de Stepananakert durante los enfrentamientos entre Azerbaiy\u00e1n y Nagorno Karabaj. La mujer est\u00e1 decidida a no moverse y defender su hogar hasta el final<\/strong>.<\/small><br><br> BAKU \/ YEREVAN, 07.10.2020 &#8211; La Fiscal\u00eda General de Azerbaiy\u00e1n dijo el 6 de octubre que un oleoducto ha sido blanco de los combates entre las fuerzas armenias y azerbaiyanas en la regi\u00f3n separatista de Nagorno-Karabaj y sus alrededores, una acusaci\u00f3n rechazada inmediatamente por Armenia.<\/p>\n\n\n\n<p>Se dispararon cohetes en la parte del oleoducto Bak\u00fa-Tbilisi-Ceyhan que pasa por la regi\u00f3n de Yevlakh, dijo la oficina del fiscal general, seg\u00fan el Servicio Azerbaiyano de RFE \/ RL.<\/p>\n\n\n\n<p>El intento de da\u00f1ar el oleoducto, un componente importante de la seguridad energ\u00e9tica de Europa, ocurri\u00f3 alrededor de las 9 p.m. hora local el 6 de octubre, dijo la oficina. Se evit\u00f3 como resultado de las medidas tomadas por el ej\u00e9rcito azerbaiyano, dijo, y agreg\u00f3 que un civil muri\u00f3.<\/p>\n\n\n\n<p><strong>El Ministerio de Defensa de Armenia rechaz\u00f3 las acusaciones.<\/strong><\/p>\n\n\n\n<p>&#8220;Los informes de Azerbaiy\u00e1n sobre el intento de las tropas armenias de atacar el oleoducto Bak\u00fa-Tbilisi-Ceyhan son mentiras descaradas&#8221;, escribi\u00f3 la secretaria de prensa del Ministerio de Defensa de Armenia, Shushan Stepanian, en su p\u00e1gina de Facebook. &#8220;Hemos dicho en repetidas ocasiones que no consideramos la infraestructura de petr\u00f3leo y gas como nuestro objetivo&#8221;.<\/p>\n\n\n\n<p>A principios del 6 de octubre hubo un aluvi\u00f3n de cohetes contra la capital de Nagorno-Karabaj, Stepanakert, y un &#8220;ataque a gran escala&#8221; de las fuerzas azerbaiyanas a lo largo del frente sur, dijo Stepanian.<\/p>\n\n\n\n<p><strong>Azerbaiy\u00e1n dijo que las fuerzas armenias atacaron varias de sus regiones.<\/strong><\/p>\n\n\n\n<p>El presidente de Azerbaiy\u00e1n, Ilham Aliyev, habl\u00f3 por tel\u00e9fono el 6 de octubre con el presidente de Ir\u00e1n, Hassan Rohani, dijo el servicio de prensa del presidente en un comunicado. Aliyev le dijo a Rohani que 27 civiles azerbaiyanos hab\u00edan muerto, m\u00e1s de 170 heridos y m\u00e1s de 900 casas da\u00f1adas o destruidas en los recientes combates.<\/p>\n\n\n\n<p>Rohani expres\u00f3 la preocupaci\u00f3n de su pa\u00eds por el conflicto en toda la l\u00ednea de contacto que separa a las fuerzas armenias y azerbaiyanas y expres\u00f3 la esperanza de que el conflicto se resuelva pac\u00edficamente lo antes posible.<\/p>\n\n\n\n<p>Aliyev tambi\u00e9n se\u00f1al\u00f3 durante la llamada que parte del territorio a lo largo de la frontera entre Ir\u00e1n y Azerbaiy\u00e1n ha quedado bajo el control de Azerbaiy\u00e1n y que hay planes para desplegar tropas e infraestructura fronteriza azerbaiyanas en la zona.<\/p>\n\n\n\n<p>El primer ministro armenio, Nikol Pashinian, dijo el 6 de octubre en una entrevista con la agencia de noticias francesa AFP que el &#8220;apoyo total&#8221; de Turqu\u00eda hab\u00eda motivado a su aliado Azerbaiy\u00e1n a reavivar los combates.<\/p>\n\n\n\n<p>&#8220;Si bien es cierto que el liderazgo de Azerbaiy\u00e1n ha estado promoviendo activamente la ret\u00f3rica belicosa durante los \u00faltimos 15 a\u00f1os, ahora la decisi\u00f3n de desatar una guerra fue motivada por el pleno apoyo de Turqu\u00eda&#8221;, dijo Pashinian.<\/p>\n\n\n\n<p>&#8220;Sin el compromiso activo de Turqu\u00eda, esta guerra no habr\u00eda comenzado&#8221;, agreg\u00f3, hablando con AFP en la Casa de Gobierno en el coraz\u00f3n de Erev\u00e1n.<\/p>\n\n\n\n<p>Pashinian, quien se convirti\u00f3 en primer ministro en 2018 despu\u00e9s de liderar protestas contra el partido gobernante, conden\u00f3 a Azerbaiy\u00e1n por librar una &#8220;guerra terrorista contra un pueblo que lucha por su libertad&#8221;.<\/p>\n\n\n\n<p>Dijo que el conflicto actual ha visto el &#8220;compromiso activo de grupos terroristas de Oriente Medio en la zona de conflicto&#8221;, y describi\u00f3 el papel de las fuerzas armenias como una &#8220;operaci\u00f3n antiterrorista&#8221;.<br>Mientras las fuerzas armenias y azerbaiyanas luchan en y alrededor del territorio en disputa de Nagorno-Karabaj, las dos partes lanzan acusaciones sobre el supuesto despliegue de rebeldes sirios de Turqu\u00eda para ayudar a su aliado de mayor\u00eda musulmana, Bak\u00fa.<br><br>\n<img decoding=\"async\" src=\"https:\/\/elcanillita.info\/press\/images\/2020\/10\/maparmenia.jpg\"><br> <br><strong>Armenia y Azerbaiy\u00e1n en guerra de palabras por el supuesto despliegue de rebeldes sirios en Nagorno-Karabaj por Turqu\u00eda<\/strong><\/p>\n\n\n\n<p>Desde que estallaron los combates el 27 de septiembre, las dos partes han informado de al menos 240 muertes, incluidas decenas de civiles. Se cree que el n\u00famero real de v\u00edctimas es mucho mayor, ya que ambas partes afirman haber infligido muchas bajas militares. Cada lado ha acusado al otro de atacar a civiles.<\/p>\n\n\n\n<p>Las hostilidades han aumentado la preocupaci\u00f3n de que un conflicto m\u00e1s amplio pueda arrastrar al poder regional Turqu\u00eda, que es el aliado m\u00e1s cercano de Azerbaiy\u00e1n, y Rusia, que tiene un pacto de defensa con Armenia.<\/p>\n\n\n\n<p>El 5 de octubre, Rusia, Francia y los Estados Unidos, los copresidentes del llamado Grupo de Minsk de la Organizaci\u00f3n para la Seguridad y la Cooperaci\u00f3n en Europa (OSCE), que ha encabezado los esfuerzos de paz en Nagorno-Karabaj desde principios de D\u00e9cada de 1990: reiteraron su pedido de un alto el fuego inmediato en Nagorno-Karabaj y sus alrededores.<\/p>\n\n\n\n<p>Ignorando los pedidos de alto el fuego, el ministro de Relaciones Exteriores de Turqu\u00eda, Mevlut Cavusoglu, se reuni\u00f3 con Aliyev en Bak\u00fa el 6 de octubre y prometi\u00f3 profundizar la participaci\u00f3n del pa\u00eds mientras criticaba al Grupo de Minsk.<\/p>\n\n\n\n<p>&#8220;No debe haber duda de que, cuando sea necesario, actuaremos como un solo estado. Turqu\u00eda es Azerbaiy\u00e1n, Azerbaiy\u00e1n es Turqu\u00eda&#8221;, tuite\u00f3 Cavusoglu el 6 de octubre.<\/p>\n\n\n\n<p>Cavusoglu dijo en Bak\u00fa que cualquier propuesta de alto el fuego &#8220;no es diferente&#8221; de las anteriores y no abordar\u00e1 lo que describi\u00f3 como violaciones de la integridad territorial de Azerbaiy\u00e1n.<\/p>\n\n\n\n<p>Azerbaiy\u00e1n ha exigido que las fuerzas armenias se retiren de Nagorno-Karabaj y los territorios circundantes de Azerbaiy\u00e1n, diciendo que no pondr\u00e1 fin a la acci\u00f3n militar hasta que se cumplan sus demandas. Esas condiciones ser\u00edan casi imposibles de aceptar para Armenia.<br><br>\n<small>\u00a9 2020 SalaStampa.Eu  afiliada a USAGM \/ BBG<\/small><br>\n<small>Copyright(c)2020. RFE\/RL, Inc. Reprinted with the permission of Radio Free Europe\/Radio Liberty, 1201 Connecticut Ave NW, Ste 400, Washington DC 20036.<\/small><\/p>\n","protected":false},"excerpt":{"rendered":"<p> BAKU \/ YEREVAN, 07.10.2020 &#8211; La Fiscal\u00eda General de Azerbaiy\u00e1n dijo el 6 de octubre que un oleoducto ha sido blanco de los combates entre las fuerzas armenias y azerbaiyanas en la regi\u00f3n separatista de Nagorno-Karabaj y sus alrededores, una acusaci\u00f3n rechazada inmediatamente por Armenia.<\/p>\n","protected":false},"author":1,"featured_media":1123,"comment_status":"closed","ping_status":"closed","sticky":false,"template":"","format":"standard","meta":{"footnotes":"","_links_to":"","_links_to_target":""},"categories":[70,7,23,25],"tags":[],"class_list":["post-1122","post","type-post","status-publish","format-standard","has-post-thumbnail","hentry","category-actualidad","category-eurasia","category-politica","category-sociedad","entry","double"],"yoast_head":"<!-- This site is optimized with the Yoast SEO plugin v27.4 - https:\/\/yoast.com\/product\/yoast-seo-wordpress\/ -->\n<title>La ciudad de Stepanakert, en Nagorno-Karabaj es blanco de combates en curso en la regi\u00f3n separatista de Azerbaiy\u00e1n. - ElCanillita.Info<\/title>\n<meta name=\"robots\" content=\"index, follow, max-snippet:-1, max-image-preview:large, max-video-preview:-1\" \/>\n<link rel=\"canonical\" href=\"https:\/\/elcanillita.info\/press\/2020\/10\/07\/nagorno-karabaj-stepanakert-combates-azerbaiyan\/\" \/>\n<meta property=\"og:locale\" content=\"es_ES\" \/>\n<meta property=\"og:type\" content=\"article\" \/>\n<meta property=\"og:title\" content=\"La ciudad de Stepanakert, en Nagorno-Karabaj es blanco de combates en curso en la regi\u00f3n separatista de Azerbaiy\u00e1n. - ElCanillita.Info\" \/>\n<meta property=\"og:description\" content=\"BAKU \/ YEREVAN, 07.10.2020 - La Fiscal\u00eda General de Azerbaiy\u00e1n dijo el 6 de octubre que un oleoducto ha sido blanco de los combates entre las fuerzas armenias y azerbaiyanas en la regi\u00f3n separatista de Nagorno-Karabaj y sus alrededores, una acusaci\u00f3n rechazada inmediatamente por Armenia.\" \/>\n<meta property=\"og:url\" content=\"https:\/\/elcanillita.info\/press\/2020\/10\/07\/nagorno-karabaj-stepanakert-combates-azerbaiyan\/\" \/>\n<meta property=\"og:site_name\" content=\"ElCanillita.Info\" \/>\n<meta property=\"article:publisher\" content=\"https:\/\/ar-ar.facebook.com\/ElCanillitainfo-114249515285712\/\" \/>\n<meta property=\"article:published_time\" content=\"2020-10-07T10:52:08+00:00\" \/>\n<meta property=\"article:modified_time\" content=\"2023-03-03T11:39:06+00:00\" \/>\n<meta property=\"og:image\" content=\"https:\/\/elcanillita.info\/press\/images\/2020\/10\/abuela-1.jpg\" \/>\n\t<meta property=\"og:image:width\" content=\"600\" \/>\n\t<meta property=\"og:image:height\" content=\"378\" \/>\n\t<meta property=\"og:image:type\" content=\"image\/jpeg\" \/>\n<meta name=\"author\" content=\"SalaStampa.eu, world press service\" \/>\n<meta name=\"twitter:card\" content=\"summary_large_image\" \/>\n<meta name=\"twitter:label1\" content=\"Escrito por\" \/>\n\t<meta name=\"twitter:data1\" content=\"SalaStampa.eu, world press service\" \/>\n\t<meta name=\"twitter:label2\" content=\"Tiempo de lectura\" \/>\n\t<meta name=\"twitter:data2\" content=\"5 minutos\" \/>\n<script type=\"application\/ld+json\" class=\"yoast-schema-graph\">{\"@context\":\"https:\\\/\\\/schema.org\",\"@graph\":[{\"@type\":\"Article\",\"@id\":\"https:\\\/\\\/elcanillita.info\\\/press\\\/2020\\\/10\\\/07\\\/nagorno-karabaj-stepanakert-combates-azerbaiyan\\\/#article\",\"isPartOf\":{\"@id\":\"https:\\\/\\\/elcanillita.info\\\/press\\\/2020\\\/10\\\/07\\\/nagorno-karabaj-stepanakert-combates-azerbaiyan\\\/\"},\"author\":{\"name\":\"SalaStampa.eu, world press service\",\"@id\":\"https:\\\/\\\/elcanillita.info\\\/press\\\/#\\\/schema\\\/person\\\/7fcb79f38045700919f7da6d97e71ba0\"},\"headline\":\"La ciudad de Stepanakert, en Nagorno-Karabaj es blanco de combates en curso en la regi\u00f3n separatista de Azerbaiy\u00e1n.\",\"datePublished\":\"2020-10-07T10:52:08+00:00\",\"dateModified\":\"2023-03-03T11:39:06+00:00\",\"mainEntityOfPage\":{\"@id\":\"https:\\\/\\\/elcanillita.info\\\/press\\\/2020\\\/10\\\/07\\\/nagorno-karabaj-stepanakert-combates-azerbaiyan\\\/\"},\"wordCount\":1025,\"publisher\":{\"@id\":\"https:\\\/\\\/elcanillita.info\\\/press\\\/#organization\"},\"image\":{\"@id\":\"https:\\\/\\\/elcanillita.info\\\/press\\\/2020\\\/10\\\/07\\\/nagorno-karabaj-stepanakert-combates-azerbaiyan\\\/#primaryimage\"},\"thumbnailUrl\":\"https:\\\/\\\/elcanillita.info\\\/press\\\/images\\\/2020\\\/10\\\/abuela-1.jpg\",\"articleSection\":[\"Actualidad\",\"Eurasia\",\"Politica\",\"Sociedad\"],\"inLanguage\":\"es-AR\"},{\"@type\":\"WebPage\",\"@id\":\"https:\\\/\\\/elcanillita.info\\\/press\\\/2020\\\/10\\\/07\\\/nagorno-karabaj-stepanakert-combates-azerbaiyan\\\/\",\"url\":\"https:\\\/\\\/elcanillita.info\\\/press\\\/2020\\\/10\\\/07\\\/nagorno-karabaj-stepanakert-combates-azerbaiyan\\\/\",\"name\":\"La ciudad de Stepanakert, en Nagorno-Karabaj es blanco de combates en curso en la regi\u00f3n separatista de Azerbaiy\u00e1n. - ElCanillita.Info\",\"isPartOf\":{\"@id\":\"https:\\\/\\\/elcanillita.info\\\/press\\\/#website\"},\"primaryImageOfPage\":{\"@id\":\"https:\\\/\\\/elcanillita.info\\\/press\\\/2020\\\/10\\\/07\\\/nagorno-karabaj-stepanakert-combates-azerbaiyan\\\/#primaryimage\"},\"image\":{\"@id\":\"https:\\\/\\\/elcanillita.info\\\/press\\\/2020\\\/10\\\/07\\\/nagorno-karabaj-stepanakert-combates-azerbaiyan\\\/#primaryimage\"},\"thumbnailUrl\":\"https:\\\/\\\/elcanillita.info\\\/press\\\/images\\\/2020\\\/10\\\/abuela-1.jpg\",\"datePublished\":\"2020-10-07T10:52:08+00:00\",\"dateModified\":\"2023-03-03T11:39:06+00:00\",\"inLanguage\":\"es-AR\",\"potentialAction\":[{\"@type\":\"ReadAction\",\"target\":[\"https:\\\/\\\/elcanillita.info\\\/press\\\/2020\\\/10\\\/07\\\/nagorno-karabaj-stepanakert-combates-azerbaiyan\\\/\"]}]},{\"@type\":\"ImageObject\",\"inLanguage\":\"es-AR\",\"@id\":\"https:\\\/\\\/elcanillita.info\\\/press\\\/2020\\\/10\\\/07\\\/nagorno-karabaj-stepanakert-combates-azerbaiyan\\\/#primaryimage\",\"url\":\"https:\\\/\\\/elcanillita.info\\\/press\\\/images\\\/2020\\\/10\\\/abuela-1.jpg\",\"contentUrl\":\"https:\\\/\\\/elcanillita.info\\\/press\\\/images\\\/2020\\\/10\\\/abuela-1.jpg\",\"width\":600,\"height\":378,\"caption\":\"Una anciana sentada en la entrada de su casa con un rifle durante el bombardeo del ej\u00e9rcito azer\u00ed sobre la ciudad de Stepananakert durante los enfrentamientos entre Azerbaiy\u00e1n y Nagorno Karabaj. La mujer est\u00e1 decidida a no moverse y defender su hogar hasta el final.\"},{\"@type\":\"WebSite\",\"@id\":\"https:\\\/\\\/elcanillita.info\\\/press\\\/#website\",\"url\":\"https:\\\/\\\/elcanillita.info\\\/press\\\/\",\"name\":\"ElCanillita.Info\",\"description\":\"desde los Apeninos a los Andes\",\"publisher\":{\"@id\":\"https:\\\/\\\/elcanillita.info\\\/press\\\/#organization\"},\"potentialAction\":[{\"@type\":\"SearchAction\",\"target\":{\"@type\":\"EntryPoint\",\"urlTemplate\":\"https:\\\/\\\/elcanillita.info\\\/press\\\/?s={search_term_string}\"},\"query-input\":{\"@type\":\"PropertyValueSpecification\",\"valueRequired\":true,\"valueName\":\"search_term_string\"}}],\"inLanguage\":\"es-AR\"},{\"@type\":\"Organization\",\"@id\":\"https:\\\/\\\/elcanillita.info\\\/press\\\/#organization\",\"name\":\"Guzzo Photos & Graphic Publications\",\"url\":\"https:\\\/\\\/elcanillita.info\\\/press\\\/\",\"logo\":{\"@type\":\"ImageObject\",\"inLanguage\":\"es-AR\",\"@id\":\"https:\\\/\\\/elcanillita.info\\\/press\\\/#\\\/schema\\\/logo\\\/image\\\/\",\"url\":\"https:\\\/\\\/elcanillita.info\\\/press\\\/images\\\/2020\\\/01\\\/cropped-cropped-cropped-elcanillitainfo.png\",\"contentUrl\":\"https:\\\/\\\/elcanillita.info\\\/press\\\/images\\\/2020\\\/01\\\/cropped-cropped-cropped-elcanillitainfo.png\",\"width\":460,\"height\":50,\"caption\":\"Guzzo Photos & Graphic Publications\"},\"image\":{\"@id\":\"https:\\\/\\\/elcanillita.info\\\/press\\\/#\\\/schema\\\/logo\\\/image\\\/\"},\"sameAs\":[\"https:\\\/\\\/ar-ar.facebook.com\\\/ElCanillitainfo-114249515285712\\\/\"]},{\"@type\":\"Person\",\"@id\":\"https:\\\/\\\/elcanillita.info\\\/press\\\/#\\\/schema\\\/person\\\/7fcb79f38045700919f7da6d97e71ba0\",\"name\":\"SalaStampa.eu, world press service\",\"image\":{\"@type\":\"ImageObject\",\"inLanguage\":\"es-AR\",\"@id\":\"https:\\\/\\\/secure.gravatar.com\\\/avatar\\\/c2f0e0d515a107624234994507816ca4724c7199cef73fc8bedebf6931d73888?s=96&d=mm&r=g\",\"url\":\"https:\\\/\\\/secure.gravatar.com\\\/avatar\\\/c2f0e0d515a107624234994507816ca4724c7199cef73fc8bedebf6931d73888?s=96&d=mm&r=g\",\"contentUrl\":\"https:\\\/\\\/secure.gravatar.com\\\/avatar\\\/c2f0e0d515a107624234994507816ca4724c7199cef73fc8bedebf6931d73888?s=96&d=mm&r=g\",\"caption\":\"SalaStampa.eu, world press service\"}}]}<\/script>\n<!-- \/ Yoast SEO plugin. -->","yoast_head_json":{"title":"La ciudad de Stepanakert, en Nagorno-Karabaj es blanco de combates en curso en la regi\u00f3n separatista de Azerbaiy\u00e1n. - ElCanillita.Info","robots":{"index":"index","follow":"follow","max-snippet":"max-snippet:-1","max-image-preview":"max-image-preview:large","max-video-preview":"max-video-preview:-1"},"canonical":"https:\/\/elcanillita.info\/press\/2020\/10\/07\/nagorno-karabaj-stepanakert-combates-azerbaiyan\/","og_locale":"es_ES","og_type":"article","og_title":"La ciudad de Stepanakert, en Nagorno-Karabaj es blanco de combates en curso en la regi\u00f3n separatista de Azerbaiy\u00e1n. - ElCanillita.Info","og_description":"BAKU \/ YEREVAN, 07.10.2020 - La Fiscal\u00eda General de Azerbaiy\u00e1n dijo el 6 de octubre que un oleoducto ha sido blanco de los combates entre las fuerzas armenias y azerbaiyanas en la regi\u00f3n separatista de Nagorno-Karabaj y sus alrededores, una acusaci\u00f3n rechazada inmediatamente por Armenia.","og_url":"https:\/\/elcanillita.info\/press\/2020\/10\/07\/nagorno-karabaj-stepanakert-combates-azerbaiyan\/","og_site_name":"ElCanillita.Info","article_publisher":"https:\/\/ar-ar.facebook.com\/ElCanillitainfo-114249515285712\/","article_published_time":"2020-10-07T10:52:08+00:00","article_modified_time":"2023-03-03T11:39:06+00:00","og_image":[{"width":600,"height":378,"url":"https:\/\/elcanillita.info\/press\/images\/2020\/10\/abuela-1.jpg","type":"image\/jpeg"}],"author":"SalaStampa.eu, world press service","twitter_card":"summary_large_image","twitter_misc":{"Escrito por":"SalaStampa.eu, world press service","Tiempo de lectura":"5 minutos"},"schema":{"@context":"https:\/\/schema.org","@graph":[{"@type":"Article","@id":"https:\/\/elcanillita.info\/press\/2020\/10\/07\/nagorno-karabaj-stepanakert-combates-azerbaiyan\/#article","isPartOf":{"@id":"https:\/\/elcanillita.info\/press\/2020\/10\/07\/nagorno-karabaj-stepanakert-combates-azerbaiyan\/"},"author":{"name":"SalaStampa.eu, world press service","@id":"https:\/\/elcanillita.info\/press\/#\/schema\/person\/7fcb79f38045700919f7da6d97e71ba0"},"headline":"La ciudad de Stepanakert, en Nagorno-Karabaj es blanco de combates en curso en la regi\u00f3n separatista de Azerbaiy\u00e1n.","datePublished":"2020-10-07T10:52:08+00:00","dateModified":"2023-03-03T11:39:06+00:00","mainEntityOfPage":{"@id":"https:\/\/elcanillita.info\/press\/2020\/10\/07\/nagorno-karabaj-stepanakert-combates-azerbaiyan\/"},"wordCount":1025,"publisher":{"@id":"https:\/\/elcanillita.info\/press\/#organization"},"image":{"@id":"https:\/\/elcanillita.info\/press\/2020\/10\/07\/nagorno-karabaj-stepanakert-combates-azerbaiyan\/#primaryimage"},"thumbnailUrl":"https:\/\/elcanillita.info\/press\/images\/2020\/10\/abuela-1.jpg","articleSection":["Actualidad","Eurasia","Politica","Sociedad"],"inLanguage":"es-AR"},{"@type":"WebPage","@id":"https:\/\/elcanillita.info\/press\/2020\/10\/07\/nagorno-karabaj-stepanakert-combates-azerbaiyan\/","url":"https:\/\/elcanillita.info\/press\/2020\/10\/07\/nagorno-karabaj-stepanakert-combates-azerbaiyan\/","name":"La ciudad de Stepanakert, en Nagorno-Karabaj es blanco de combates en curso en la regi\u00f3n separatista de Azerbaiy\u00e1n. - ElCanillita.Info","isPartOf":{"@id":"https:\/\/elcanillita.info\/press\/#website"},"primaryImageOfPage":{"@id":"https:\/\/elcanillita.info\/press\/2020\/10\/07\/nagorno-karabaj-stepanakert-combates-azerbaiyan\/#primaryimage"},"image":{"@id":"https:\/\/elcanillita.info\/press\/2020\/10\/07\/nagorno-karabaj-stepanakert-combates-azerbaiyan\/#primaryimage"},"thumbnailUrl":"https:\/\/elcanillita.info\/press\/images\/2020\/10\/abuela-1.jpg","datePublished":"2020-10-07T10:52:08+00:00","dateModified":"2023-03-03T11:39:06+00:00","inLanguage":"es-AR","potentialAction":[{"@type":"ReadAction","target":["https:\/\/elcanillita.info\/press\/2020\/10\/07\/nagorno-karabaj-stepanakert-combates-azerbaiyan\/"]}]},{"@type":"ImageObject","inLanguage":"es-AR","@id":"https:\/\/elcanillita.info\/press\/2020\/10\/07\/nagorno-karabaj-stepanakert-combates-azerbaiyan\/#primaryimage","url":"https:\/\/elcanillita.info\/press\/images\/2020\/10\/abuela-1.jpg","contentUrl":"https:\/\/elcanillita.info\/press\/images\/2020\/10\/abuela-1.jpg","width":600,"height":378,"caption":"Una anciana sentada en la entrada de su casa con un rifle durante el bombardeo del ej\u00e9rcito azer\u00ed sobre la ciudad de Stepananakert durante los enfrentamientos entre Azerbaiy\u00e1n y Nagorno Karabaj. La mujer est\u00e1 decidida a no moverse y defender su hogar hasta el final."},{"@type":"WebSite","@id":"https:\/\/elcanillita.info\/press\/#website","url":"https:\/\/elcanillita.info\/press\/","name":"ElCanillita.Info","description":"desde los Apeninos a los Andes","publisher":{"@id":"https:\/\/elcanillita.info\/press\/#organization"},"potentialAction":[{"@type":"SearchAction","target":{"@type":"EntryPoint","urlTemplate":"https:\/\/elcanillita.info\/press\/?s={search_term_string}"},"query-input":{"@type":"PropertyValueSpecification","valueRequired":true,"valueName":"search_term_string"}}],"inLanguage":"es-AR"},{"@type":"Organization","@id":"https:\/\/elcanillita.info\/press\/#organization","name":"Guzzo Photos & Graphic Publications","url":"https:\/\/elcanillita.info\/press\/","logo":{"@type":"ImageObject","inLanguage":"es-AR","@id":"https:\/\/elcanillita.info\/press\/#\/schema\/logo\/image\/","url":"https:\/\/elcanillita.info\/press\/images\/2020\/01\/cropped-cropped-cropped-elcanillitainfo.png","contentUrl":"https:\/\/elcanillita.info\/press\/images\/2020\/01\/cropped-cropped-cropped-elcanillitainfo.png","width":460,"height":50,"caption":"Guzzo Photos & Graphic Publications"},"image":{"@id":"https:\/\/elcanillita.info\/press\/#\/schema\/logo\/image\/"},"sameAs":["https:\/\/ar-ar.facebook.com\/ElCanillitainfo-114249515285712\/"]},{"@type":"Person","@id":"https:\/\/elcanillita.info\/press\/#\/schema\/person\/7fcb79f38045700919f7da6d97e71ba0","name":"SalaStampa.eu, world press service","image":{"@type":"ImageObject","inLanguage":"es-AR","@id":"https:\/\/secure.gravatar.com\/avatar\/c2f0e0d515a107624234994507816ca4724c7199cef73fc8bedebf6931d73888?s=96&d=mm&r=g","url":"https:\/\/secure.gravatar.com\/avatar\/c2f0e0d515a107624234994507816ca4724c7199cef73fc8bedebf6931d73888?s=96&d=mm&r=g","contentUrl":"https:\/\/secure.gravatar.com\/avatar\/c2f0e0d515a107624234994507816ca4724c7199cef73fc8bedebf6931d73888?s=96&d=mm&r=g","caption":"SalaStampa.eu, world press service"}}]}},"views":713,"_links":{"self":[{"href":"https:\/\/elcanillita.info\/press\/wp-json\/wp\/v2\/posts\/1122","targetHints":{"allow":["GET"]}}],"collection":[{"href":"https:\/\/elcanillita.info\/press\/wp-json\/wp\/v2\/posts"}],"about":[{"href":"https:\/\/elcanillita.info\/press\/wp-json\/wp\/v2\/types\/post"}],"author":[{"embeddable":true,"href":"https:\/\/elcanillita.info\/press\/wp-json\/wp\/v2\/users\/1"}],"replies":[{"embeddable":true,"href":"https:\/\/elcanillita.info\/press\/wp-json\/wp\/v2\/comments?post=1122"}],"version-history":[{"count":0,"href":"https:\/\/elcanillita.info\/press\/wp-json\/wp\/v2\/posts\/1122\/revisions"}],"wp:featuredmedia":[{"embeddable":true,"href":"https:\/\/elcanillita.info\/press\/wp-json\/wp\/v2\/media\/1123"}],"wp:attachment":[{"href":"https:\/\/elcanillita.info\/press\/wp-json\/wp\/v2\/media?parent=1122"}],"wp:term":[{"taxonomy":"category","embeddable":true,"href":"https:\/\/elcanillita.info\/press\/wp-json\/wp\/v2\/categories?post=1122"},{"taxonomy":"post_tag","embeddable":true,"href":"https:\/\/elcanillita.info\/press\/wp-json\/wp\/v2\/tags?post=1122"}],"curies":[{"name":"wp","href":"https:\/\/api.w.org\/{rel}","templated":true}]}}