{"id":1109,"date":"2020-09-25T16:24:54","date_gmt":"2020-09-25T19:24:54","guid":{"rendered":"https:\/\/elcanillita.info\/press\/?p=1109"},"modified":"2024-02-26T18:44:56","modified_gmt":"2024-02-26T21:44:56","slug":"conexion-malandrina","status":"publish","type":"post","link":"https:\/\/elcanillita.info\/press\/2020\/09\/25\/conexion-malandrina\/","title":{"rendered":"Conexi\u00f3n Malandrina"},"content":{"rendered":"\n<p>Argentina Hoy &#8211; Juan Emilio Ameri hasta el 24 de septiembre era s\u00f3lo un diputado nacional por la provincia norte\u00f1a argentina de Salta, perteneciente a la coalici\u00f3n pol\u00edtica &#8220;Frente de Todos&#8221; y lleg\u00f3 a ser diputado en sustituci\u00f3n de Sergio Leavy en los dos a\u00f1os de su mandato. , mientras tanto, electo senador.<\/p>\n\n\n\n<p>Durante una sesi\u00f3n de la C\u00e1mara de Diputados el 24 de septiembre, que se llev\u00f3 a cabo de forma remota y seguida por webcam, Juan Ameri se conect\u00f3 desde su casa a trav\u00e9s de una l\u00ednea de internet deficiente e intermitente.<\/p>\n\n\n\n<p>En un momento de interrupci\u00f3n de la conexi\u00f3n internet, bes\u00f3 a su novia en el pecho, quien mientras tanto, reci\u00e9n saliendo del ba\u00f1o y vestida con un vestido bastante escotado, hab\u00eda pasado a su lado y se sent\u00f3 en su regazo. La l\u00ednea malandrina, habiendo vuelto a funcionar, inmortaliz\u00f3 y retransmiti\u00f3 toda la escena en directo.<\/p>\n\n\n\n<p>Admiti\u00f3 la ligereza y present\u00f3 su renuncia al mandato, a ra\u00edz de un hecho que le hace sonre\u00edr y afecta muy remotamente sus responsabilidades hacia la ciudadan\u00eda.<\/p>\n\n\n\n<p><figure style=\"width: 350px\" class=\"wp-caption alignright\"><img decoding=\"async\" src=\"http:\/\/elcanillita.info\/press\/images\/2020\/09\/stanislao-fernandez-dhyzy_big.jpg\" alt=\"Estanislao Fern\u00e1ndez, drag queen Dhyzy.\" width=\"350\"><figcaption class=\"wp-caption-text\">Estanislao Fern\u00e1ndez (hijo del actual presidente argentino) en una exhibici\u00f3n como drag queen. Nombre art\u00edstico: Dhyzy.<\/figcaption><\/figure><p>Parece extra\u00f1a la disposici\u00f3n con la que se grit\u00f3 el &#8220;esc\u00e1ndalo sexual&#8221; por un beso a su novia de un diputado, mientras que ahora nadie hace caso a las deliberadas y provocativas actuaciones como Drag Queen de Estanislao Fern\u00e1ndez, hijo del actual presidente Alberto Fern\u00e1ndez.<\/p><\/p>\n\n\n\n<p>\u00bfY Cristina Kirchner, tambi\u00e9n perteneciente a la coalici\u00f3n pol\u00edtica &#8220;Frente de Todos&#8221; y actualmente vicepresidenta de la naci\u00f3n (luego de dos mandatos consecutivos como presidente en las legislaciones 2007-2011 y 2011-2015)?&#8230;\nSu tr\u00e1fico es bien conocido y documentado, con malversaciones y actos de corrupci\u00f3n en perjuicio del pueblo argentino. Y no mencionamos nombres, porque sus maniobras para privar, o hacer inofensivos, a quienes investigan y juzgan o podr\u00edan testificar contra ella y sus simpatizantes son noticia diaria. A pesar de esto, est\u00e1 acusada en unos diez juicios.<\/p>\n\n\n\n<p>\u00bfPero por qu\u00e9, ante el comportamiento inescrupuloso que lleva tantos a\u00f1os exhibiendo Cristina Kirchner, son tan pocos los que se escandalizan de que la Naci\u00f3n Argentina en realidad est\u00e9 dirigida por una mujer exitosa pero ladrona?<\/p>\n\n\n<p><small>\u00a9 2020 Dolores de La Press para BlogDiario.info.<br>\nTodos los derechos reservados. Reproducci\u00f3n prohibida.<\/small><\/p>","protected":false},"excerpt":{"rendered":"<p>Argentina Hoy &#8211; Parece extra\u00f1a la disposici\u00f3n con la que se grit\u00f3 el &#8220;esc\u00e1ndalo sexual&#8221; por un beso a su novia de un diputado.<\/p>\n","protected":false},"author":1,"featured_media":1110,"comment_status":"closed","ping_status":"closed","sticky":false,"template":"","format":"standard","meta":{"footnotes":"","_links_to":"","_links_to_target":""},"categories":[70,11,126,23,25],"tags":[],"class_list":["post-1109","post","type-post","status-publish","format-standard","has-post-thumbnail","hentry","category-actualidad","category-america-del-sur","category-dolores-de-la-press","category-politica","category-sociedad","entry","double"],"yoast_head":"<!-- This site is optimized with the Yoast SEO plugin v27.4 - https:\/\/yoast.com\/product\/yoast-seo-wordpress\/ -->\n<title>Conexi\u00f3n Malandrina - ElCanillita.Info<\/title>\n<meta name=\"robots\" content=\"index, follow, max-snippet:-1, max-image-preview:large, max-video-preview:-1\" \/>\n<link rel=\"canonical\" href=\"https:\/\/elcanillita.info\/press\/2020\/09\/25\/conexion-malandrina\/\" \/>\n<meta property=\"og:locale\" content=\"es_ES\" \/>\n<meta property=\"og:type\" content=\"article\" \/>\n<meta property=\"og:title\" content=\"Conexi\u00f3n Malandrina - ElCanillita.Info\" \/>\n<meta property=\"og:description\" content=\"Argentina Hoy - Parece extra\u00f1a la disposici\u00f3n con la que se grit\u00f3 el &quot;esc\u00e1ndalo sexual&quot; por un beso a su novia de un diputado.\" \/>\n<meta property=\"og:url\" content=\"https:\/\/elcanillita.info\/press\/2020\/09\/25\/conexion-malandrina\/\" \/>\n<meta property=\"og:site_name\" content=\"ElCanillita.Info\" \/>\n<meta property=\"article:publisher\" content=\"https:\/\/ar-ar.facebook.com\/ElCanillitainfo-114249515285712\/\" \/>\n<meta property=\"article:published_time\" content=\"2020-09-25T19:24:54+00:00\" \/>\n<meta property=\"article:modified_time\" content=\"2024-02-26T21:44:56+00:00\" \/>\n<meta property=\"og:image\" content=\"https:\/\/elcanillita.info\/press\/images\/2020\/09\/stanislao-fernandez-dhyzy.jpg\" \/>\n\t<meta property=\"og:image:width\" content=\"528\" \/>\n\t<meta property=\"og:image:height\" content=\"352\" \/>\n\t<meta property=\"og:image:type\" content=\"image\/jpeg\" \/>\n<meta name=\"author\" content=\"SalaStampa.eu, world press service\" \/>\n<meta name=\"twitter:card\" content=\"summary_large_image\" \/>\n<meta name=\"twitter:label1\" content=\"Escrito por\" \/>\n\t<meta name=\"twitter:data1\" content=\"SalaStampa.eu, world press service\" \/>\n\t<meta name=\"twitter:label2\" content=\"Tiempo de lectura\" \/>\n\t<meta name=\"twitter:data2\" content=\"2 minutos\" \/>\n<script type=\"application\/ld+json\" class=\"yoast-schema-graph\">{\"@context\":\"https:\\\/\\\/schema.org\",\"@graph\":[{\"@type\":\"Article\",\"@id\":\"https:\\\/\\\/elcanillita.info\\\/press\\\/2020\\\/09\\\/25\\\/conexion-malandrina\\\/#article\",\"isPartOf\":{\"@id\":\"https:\\\/\\\/elcanillita.info\\\/press\\\/2020\\\/09\\\/25\\\/conexion-malandrina\\\/\"},\"author\":{\"name\":\"SalaStampa.eu, world press service\",\"@id\":\"https:\\\/\\\/elcanillita.info\\\/press\\\/#\\\/schema\\\/person\\\/7fcb79f38045700919f7da6d97e71ba0\"},\"headline\":\"Conexi\u00f3n Malandrina\",\"datePublished\":\"2020-09-25T19:24:54+00:00\",\"dateModified\":\"2024-02-26T21:44:56+00:00\",\"mainEntityOfPage\":{\"@id\":\"https:\\\/\\\/elcanillita.info\\\/press\\\/2020\\\/09\\\/25\\\/conexion-malandrina\\\/\"},\"wordCount\":416,\"publisher\":{\"@id\":\"https:\\\/\\\/elcanillita.info\\\/press\\\/#organization\"},\"image\":{\"@id\":\"https:\\\/\\\/elcanillita.info\\\/press\\\/2020\\\/09\\\/25\\\/conexion-malandrina\\\/#primaryimage\"},\"thumbnailUrl\":\"https:\\\/\\\/elcanillita.info\\\/press\\\/images\\\/2020\\\/09\\\/stanislao-fernandez-dhyzy.jpg\",\"articleSection\":[\"Actualidad\",\"Am\u00e9rica del Sur\",\"Dolores de La Press\",\"Politica\",\"Sociedad\"],\"inLanguage\":\"es-AR\"},{\"@type\":\"WebPage\",\"@id\":\"https:\\\/\\\/elcanillita.info\\\/press\\\/2020\\\/09\\\/25\\\/conexion-malandrina\\\/\",\"url\":\"https:\\\/\\\/elcanillita.info\\\/press\\\/2020\\\/09\\\/25\\\/conexion-malandrina\\\/\",\"name\":\"Conexi\u00f3n Malandrina - ElCanillita.Info\",\"isPartOf\":{\"@id\":\"https:\\\/\\\/elcanillita.info\\\/press\\\/#website\"},\"primaryImageOfPage\":{\"@id\":\"https:\\\/\\\/elcanillita.info\\\/press\\\/2020\\\/09\\\/25\\\/conexion-malandrina\\\/#primaryimage\"},\"image\":{\"@id\":\"https:\\\/\\\/elcanillita.info\\\/press\\\/2020\\\/09\\\/25\\\/conexion-malandrina\\\/#primaryimage\"},\"thumbnailUrl\":\"https:\\\/\\\/elcanillita.info\\\/press\\\/images\\\/2020\\\/09\\\/stanislao-fernandez-dhyzy.jpg\",\"datePublished\":\"2020-09-25T19:24:54+00:00\",\"dateModified\":\"2024-02-26T21:44:56+00:00\",\"inLanguage\":\"es-AR\",\"potentialAction\":[{\"@type\":\"ReadAction\",\"target\":[\"https:\\\/\\\/elcanillita.info\\\/press\\\/2020\\\/09\\\/25\\\/conexion-malandrina\\\/\"]}]},{\"@type\":\"ImageObject\",\"inLanguage\":\"es-AR\",\"@id\":\"https:\\\/\\\/elcanillita.info\\\/press\\\/2020\\\/09\\\/25\\\/conexion-malandrina\\\/#primaryimage\",\"url\":\"https:\\\/\\\/elcanillita.info\\\/press\\\/images\\\/2020\\\/09\\\/stanislao-fernandez-dhyzy.jpg\",\"contentUrl\":\"https:\\\/\\\/elcanillita.info\\\/press\\\/images\\\/2020\\\/09\\\/stanislao-fernandez-dhyzy.jpg\",\"width\":528,\"height\":352,\"caption\":\"Estanislao Fernandez drag queen Dhyzy.\"},{\"@type\":\"WebSite\",\"@id\":\"https:\\\/\\\/elcanillita.info\\\/press\\\/#website\",\"url\":\"https:\\\/\\\/elcanillita.info\\\/press\\\/\",\"name\":\"ElCanillita.Info\",\"description\":\"desde los Apeninos a los Andes\",\"publisher\":{\"@id\":\"https:\\\/\\\/elcanillita.info\\\/press\\\/#organization\"},\"potentialAction\":[{\"@type\":\"SearchAction\",\"target\":{\"@type\":\"EntryPoint\",\"urlTemplate\":\"https:\\\/\\\/elcanillita.info\\\/press\\\/?s={search_term_string}\"},\"query-input\":{\"@type\":\"PropertyValueSpecification\",\"valueRequired\":true,\"valueName\":\"search_term_string\"}}],\"inLanguage\":\"es-AR\"},{\"@type\":\"Organization\",\"@id\":\"https:\\\/\\\/elcanillita.info\\\/press\\\/#organization\",\"name\":\"Guzzo Photos & Graphic Publications\",\"url\":\"https:\\\/\\\/elcanillita.info\\\/press\\\/\",\"logo\":{\"@type\":\"ImageObject\",\"inLanguage\":\"es-AR\",\"@id\":\"https:\\\/\\\/elcanillita.info\\\/press\\\/#\\\/schema\\\/logo\\\/image\\\/\",\"url\":\"https:\\\/\\\/elcanillita.info\\\/press\\\/images\\\/2020\\\/01\\\/cropped-cropped-cropped-elcanillitainfo.png\",\"contentUrl\":\"https:\\\/\\\/elcanillita.info\\\/press\\\/images\\\/2020\\\/01\\\/cropped-cropped-cropped-elcanillitainfo.png\",\"width\":460,\"height\":50,\"caption\":\"Guzzo Photos & Graphic Publications\"},\"image\":{\"@id\":\"https:\\\/\\\/elcanillita.info\\\/press\\\/#\\\/schema\\\/logo\\\/image\\\/\"},\"sameAs\":[\"https:\\\/\\\/ar-ar.facebook.com\\\/ElCanillitainfo-114249515285712\\\/\"]},{\"@type\":\"Person\",\"@id\":\"https:\\\/\\\/elcanillita.info\\\/press\\\/#\\\/schema\\\/person\\\/7fcb79f38045700919f7da6d97e71ba0\",\"name\":\"SalaStampa.eu, world press service\",\"image\":{\"@type\":\"ImageObject\",\"inLanguage\":\"es-AR\",\"@id\":\"https:\\\/\\\/secure.gravatar.com\\\/avatar\\\/c2f0e0d515a107624234994507816ca4724c7199cef73fc8bedebf6931d73888?s=96&d=mm&r=g\",\"url\":\"https:\\\/\\\/secure.gravatar.com\\\/avatar\\\/c2f0e0d515a107624234994507816ca4724c7199cef73fc8bedebf6931d73888?s=96&d=mm&r=g\",\"contentUrl\":\"https:\\\/\\\/secure.gravatar.com\\\/avatar\\\/c2f0e0d515a107624234994507816ca4724c7199cef73fc8bedebf6931d73888?s=96&d=mm&r=g\",\"caption\":\"SalaStampa.eu, world press service\"}}]}<\/script>\n<!-- \/ Yoast SEO plugin. -->","yoast_head_json":{"title":"Conexi\u00f3n Malandrina - ElCanillita.Info","robots":{"index":"index","follow":"follow","max-snippet":"max-snippet:-1","max-image-preview":"max-image-preview:large","max-video-preview":"max-video-preview:-1"},"canonical":"https:\/\/elcanillita.info\/press\/2020\/09\/25\/conexion-malandrina\/","og_locale":"es_ES","og_type":"article","og_title":"Conexi\u00f3n Malandrina - ElCanillita.Info","og_description":"Argentina Hoy - Parece extra\u00f1a la disposici\u00f3n con la que se grit\u00f3 el \"esc\u00e1ndalo sexual\" por un beso a su novia de un diputado.","og_url":"https:\/\/elcanillita.info\/press\/2020\/09\/25\/conexion-malandrina\/","og_site_name":"ElCanillita.Info","article_publisher":"https:\/\/ar-ar.facebook.com\/ElCanillitainfo-114249515285712\/","article_published_time":"2020-09-25T19:24:54+00:00","article_modified_time":"2024-02-26T21:44:56+00:00","og_image":[{"width":528,"height":352,"url":"https:\/\/elcanillita.info\/press\/images\/2020\/09\/stanislao-fernandez-dhyzy.jpg","type":"image\/jpeg"}],"author":"SalaStampa.eu, world press service","twitter_card":"summary_large_image","twitter_misc":{"Escrito por":"SalaStampa.eu, world press service","Tiempo de lectura":"2 minutos"},"schema":{"@context":"https:\/\/schema.org","@graph":[{"@type":"Article","@id":"https:\/\/elcanillita.info\/press\/2020\/09\/25\/conexion-malandrina\/#article","isPartOf":{"@id":"https:\/\/elcanillita.info\/press\/2020\/09\/25\/conexion-malandrina\/"},"author":{"name":"SalaStampa.eu, world press service","@id":"https:\/\/elcanillita.info\/press\/#\/schema\/person\/7fcb79f38045700919f7da6d97e71ba0"},"headline":"Conexi\u00f3n Malandrina","datePublished":"2020-09-25T19:24:54+00:00","dateModified":"2024-02-26T21:44:56+00:00","mainEntityOfPage":{"@id":"https:\/\/elcanillita.info\/press\/2020\/09\/25\/conexion-malandrina\/"},"wordCount":416,"publisher":{"@id":"https:\/\/elcanillita.info\/press\/#organization"},"image":{"@id":"https:\/\/elcanillita.info\/press\/2020\/09\/25\/conexion-malandrina\/#primaryimage"},"thumbnailUrl":"https:\/\/elcanillita.info\/press\/images\/2020\/09\/stanislao-fernandez-dhyzy.jpg","articleSection":["Actualidad","Am\u00e9rica del Sur","Dolores de La Press","Politica","Sociedad"],"inLanguage":"es-AR"},{"@type":"WebPage","@id":"https:\/\/elcanillita.info\/press\/2020\/09\/25\/conexion-malandrina\/","url":"https:\/\/elcanillita.info\/press\/2020\/09\/25\/conexion-malandrina\/","name":"Conexi\u00f3n Malandrina - ElCanillita.Info","isPartOf":{"@id":"https:\/\/elcanillita.info\/press\/#website"},"primaryImageOfPage":{"@id":"https:\/\/elcanillita.info\/press\/2020\/09\/25\/conexion-malandrina\/#primaryimage"},"image":{"@id":"https:\/\/elcanillita.info\/press\/2020\/09\/25\/conexion-malandrina\/#primaryimage"},"thumbnailUrl":"https:\/\/elcanillita.info\/press\/images\/2020\/09\/stanislao-fernandez-dhyzy.jpg","datePublished":"2020-09-25T19:24:54+00:00","dateModified":"2024-02-26T21:44:56+00:00","inLanguage":"es-AR","potentialAction":[{"@type":"ReadAction","target":["https:\/\/elcanillita.info\/press\/2020\/09\/25\/conexion-malandrina\/"]}]},{"@type":"ImageObject","inLanguage":"es-AR","@id":"https:\/\/elcanillita.info\/press\/2020\/09\/25\/conexion-malandrina\/#primaryimage","url":"https:\/\/elcanillita.info\/press\/images\/2020\/09\/stanislao-fernandez-dhyzy.jpg","contentUrl":"https:\/\/elcanillita.info\/press\/images\/2020\/09\/stanislao-fernandez-dhyzy.jpg","width":528,"height":352,"caption":"Estanislao Fernandez drag queen Dhyzy."},{"@type":"WebSite","@id":"https:\/\/elcanillita.info\/press\/#website","url":"https:\/\/elcanillita.info\/press\/","name":"ElCanillita.Info","description":"desde los Apeninos a los Andes","publisher":{"@id":"https:\/\/elcanillita.info\/press\/#organization"},"potentialAction":[{"@type":"SearchAction","target":{"@type":"EntryPoint","urlTemplate":"https:\/\/elcanillita.info\/press\/?s={search_term_string}"},"query-input":{"@type":"PropertyValueSpecification","valueRequired":true,"valueName":"search_term_string"}}],"inLanguage":"es-AR"},{"@type":"Organization","@id":"https:\/\/elcanillita.info\/press\/#organization","name":"Guzzo Photos & Graphic Publications","url":"https:\/\/elcanillita.info\/press\/","logo":{"@type":"ImageObject","inLanguage":"es-AR","@id":"https:\/\/elcanillita.info\/press\/#\/schema\/logo\/image\/","url":"https:\/\/elcanillita.info\/press\/images\/2020\/01\/cropped-cropped-cropped-elcanillitainfo.png","contentUrl":"https:\/\/elcanillita.info\/press\/images\/2020\/01\/cropped-cropped-cropped-elcanillitainfo.png","width":460,"height":50,"caption":"Guzzo Photos & Graphic Publications"},"image":{"@id":"https:\/\/elcanillita.info\/press\/#\/schema\/logo\/image\/"},"sameAs":["https:\/\/ar-ar.facebook.com\/ElCanillitainfo-114249515285712\/"]},{"@type":"Person","@id":"https:\/\/elcanillita.info\/press\/#\/schema\/person\/7fcb79f38045700919f7da6d97e71ba0","name":"SalaStampa.eu, world press service","image":{"@type":"ImageObject","inLanguage":"es-AR","@id":"https:\/\/secure.gravatar.com\/avatar\/c2f0e0d515a107624234994507816ca4724c7199cef73fc8bedebf6931d73888?s=96&d=mm&r=g","url":"https:\/\/secure.gravatar.com\/avatar\/c2f0e0d515a107624234994507816ca4724c7199cef73fc8bedebf6931d73888?s=96&d=mm&r=g","contentUrl":"https:\/\/secure.gravatar.com\/avatar\/c2f0e0d515a107624234994507816ca4724c7199cef73fc8bedebf6931d73888?s=96&d=mm&r=g","caption":"SalaStampa.eu, world press service"}}]}},"views":727,"_links":{"self":[{"href":"https:\/\/elcanillita.info\/press\/wp-json\/wp\/v2\/posts\/1109","targetHints":{"allow":["GET"]}}],"collection":[{"href":"https:\/\/elcanillita.info\/press\/wp-json\/wp\/v2\/posts"}],"about":[{"href":"https:\/\/elcanillita.info\/press\/wp-json\/wp\/v2\/types\/post"}],"author":[{"embeddable":true,"href":"https:\/\/elcanillita.info\/press\/wp-json\/wp\/v2\/users\/1"}],"replies":[{"embeddable":true,"href":"https:\/\/elcanillita.info\/press\/wp-json\/wp\/v2\/comments?post=1109"}],"version-history":[{"count":0,"href":"https:\/\/elcanillita.info\/press\/wp-json\/wp\/v2\/posts\/1109\/revisions"}],"wp:featuredmedia":[{"embeddable":true,"href":"https:\/\/elcanillita.info\/press\/wp-json\/wp\/v2\/media\/1110"}],"wp:attachment":[{"href":"https:\/\/elcanillita.info\/press\/wp-json\/wp\/v2\/media?parent=1109"}],"wp:term":[{"taxonomy":"category","embeddable":true,"href":"https:\/\/elcanillita.info\/press\/wp-json\/wp\/v2\/categories?post=1109"},{"taxonomy":"post_tag","embeddable":true,"href":"https:\/\/elcanillita.info\/press\/wp-json\/wp\/v2\/tags?post=1109"}],"curies":[{"name":"wp","href":"https:\/\/api.w.org\/{rel}","templated":true}]}}