{"id":1104,"date":"2020-09-22T11:27:57","date_gmt":"2020-09-22T14:27:57","guid":{"rendered":"https:\/\/elcanillita.info\/press\/?p=1104"},"modified":"2020-09-22T19:14:09","modified_gmt":"2020-09-22T22:14:09","slug":"boris-johnson-nuevas-restricciones","status":"publish","type":"post","link":"https:\/\/elcanillita.info\/press\/2020\/09\/22\/boris-johnson-nuevas-restricciones\/","title":{"rendered":"Boris Johnson se prepara para anunciar nuevas restricciones"},"content":{"rendered":"\n<p><img decoding=\"async\" src=\"https:\/\/elcanillita.info\/press\/images\/2020\/09\/Johnson_20200922.jpg\">\n<small>Todos los lugares de hospitalidad en Inglaterra cerrar\u00e1n a las 10 p.m. a partir del jueves, ya que el estado de alerta de coronavirus se eleva al segundo nivel m\u00e1s alto.<\/small><\/p>\n\n\n\n<p>Londres, 22.09.2020 &#8211; Boris Johnson har\u00e1 un discurso televisado a la naci\u00f3n \u00e9ste martes por la noche.<\/p>\n\n\n\n<p>Boris Johnson anunciar\u00e1 las restricciones nacionales de Covid-19, incluido el cierre anticipado de los pubs y el regreso al trabajo desde casa, mientras comienza a revertir las libertades de los \u00faltimos meses.<\/p>\n\n\n\n<p>El primer ministro ordenar\u00e1 que todos los lugares de hospitalidad en Inglaterra cierren a las 22:00 hs. a partir de este jueves despu\u00e9s de que, el estado de alerta de coronavirus se elevara al segundo nivel m\u00e1s alto por primera vez desde junio.<\/p>\n\n\n\n<p>En un discurso televisado a la naci\u00f3n de \u00e9sta noche, seguramente Johnson le dir\u00e1 a la gente que regrese a trabajar desde casa donde no afecte negativamente a las empresas y reafirmar\u00e1 la necesidad de usar m\u00e1scaras, lavarse las manos y el distanciamiento social.<\/p>\n\n\n\n<p>Hecho que se produce despu\u00e9s de que los asesores cient\u00edficos del Gobierno advirtieran que los casos de coronavirus podr\u00edan aumentar a 50.000 por d\u00eda a mediados de octubre, con 200 o m\u00e1s muertes por d\u00eda en noviembre &#8220;si no cambiamos de rumbo&#8221;.<\/p>\n\n\n\n<p>Chris Whitty, el director m\u00e9dico, sugiri\u00f3 que se necesitar\u00edan restricciones durante otros seis meses y dijo que era vital &#8220;romper los v\u00ednculos innecesarios&#8221; entre los hogares.<\/p>\n\n\n\n<p>Johnson, por ahora, se detendr\u00e1 antes del bloqueo de dos semanas por &#8220;interrupci\u00f3n del circuito&#8221; que algunos de sus asesores hab\u00edan favorecido, pero los ministros est\u00e1n tan preocupados por el creciente numeros de infecciones y han discutido eliminar la &#8220;regla de los seis&#8221; prohibiendo a personas de diferentes hogares mezclarse socialmente. <\/p>\n\n\n\n<p>Se espera que el Primer Ministro mantenga esa opci\u00f3n en reserva, pero fuentes gubernamentales confirmaron que alentar\u00e1 a las personas a volver a trabajar desde casa, si tienen la bendici\u00f3n de un buen empleador, ante un nuevo golpe a los establecimientos de restauraci\u00f3n y minoristas que dependen de ellos.<\/p>\n\n\n\n<p>Los ministros del gabinete est\u00e1n divididos sobre la severidad de las restricciones que deben imponerse, y se entiende que Rishi Sunak, el canciller, y Alok Sharma, el secretario de Negocios, est\u00e1n entre los que argumentan el caso econ\u00f3mico para mantener las nuevas restricciones al m\u00ednimo.<\/p>\n\n\n\n<p>Johnson tambi\u00e9n enfrenta una reacci\u00f3n violenta de muchos de sus defensores, quienes creen que cualquier reimposici\u00f3n de medidas de bloqueo ser\u00e1 un peligro innecesario para la econom\u00eda. Adem\u00e1s, 32 cient\u00edficos, acad\u00e9micos y m\u00e9dicos destacados, han escrito al Primer Ministro inst\u00e1ndolo a&#8221;dar un paso atr\u00e1s&#8221; y &#8220;reconsiderar fundamentalmente&#8221; la respuesta del Gobierno a la pandemia.<\/p>\n\n\n\n<p>Los autores, que incluyen a los profesores Sunetra Gupta y Carl Heneghan de la Universidad de Oxford, argumentan que imponer restricciones generales, que afectan tanto a las personas sanas en edad laboral como a las vulnerables, har\u00e1 m\u00e1s da\u00f1o que bien a largo plazo.<\/p>\n\n\n\n<p>Despu\u00e9s de una reuni\u00f3n del Gabinete el martes por la ma\u00f1ana, Johnson presidir\u00e1 su primera reuni\u00f3n del comit\u00e9 de emergencia &#8220;Cobra&#8221;, por el subsidio de cuatro meses, a la que asistir\u00e1n los l\u00edderes de las cuatro naciones del Reino Unido.<\/p>\n\n\n\n<p>Luego har\u00e1 una declaraci\u00f3n en el Parlamento antes de su discurso televisado a las 20:00 hs, que se har\u00e1 eco de la forma en que anunci\u00f3 el mensaje original &#8220;Qu\u00e9dese en casa&#8221;, cuando se impuso por primera vez el bloqueo.<\/p>\n\n\n\n<p>Adem\u00e1s de obligar a los pubs y restaurantes a cerrar a las 22:00 hs., Johnson restringir\u00e1 legalmente el sector hotelero al servicio de mesa \u00fanicamente, lo que significa que la compra de bebidas en el bar estar\u00e1 prohibida. Otras medidas que se discutir\u00e1n en el Gabinete incluyen el cierre de las salas de conciertos bajo techo y un mayor retraso en la concurrencia de los espectadores que asisten a presenciar deportes profesionales como la Premier League.<\/p>\n\n\n\n<p>En el n\u00famero 10, se dijo que el anuncio televisado incluir\u00eda &#8220;otras formas en que enfrentaremos el virus&#8221;, que se ultimar\u00edan en la reuni\u00f3n del gabinete.<\/p>\n\n\n\n<p>El lunes por la noche, el Sr. Johnson le dijo al Comit\u00e9 de diputados que lo respaldan, partido conservador desde el 1922, que -cito- &#8220;tomar medidas ahora significa que es posible que no tengamos que tomar medidas , dr\u00e1sticas m\u00e1s adelante&#8221;.<\/p>\n\n\n\n<p>Un portavoz de Downing Street dijo el lunes por la noche: &#8220;Nadie subestima los desaf\u00edos que las nuevas medidas plantear\u00e1n para muchas personas y empresas. Sabemos que esto no ser\u00e1 f\u00e1cil, pero debemos tomar m\u00e1s medidas para controlar el resurgimiento en los casos del virus. y proteger el NHS&#8221;.<\/p>\n\n\n\n<p>Otras 4.368 personas dieron positivo por coronavirus el lunes, con otras 11 muertes, y el Comit\u00e9 Conjunto de Bioseguridad recomend\u00f3 que el nivel de alerta de Covid-19 de cinco etapas se mueva de nuevo al nivel cuatro desde el nivel tres por primera vez desde el 19 de junio.<\/p>\n\n\n\n<p>Significa que la transmisi\u00f3n del virus es &#8220;alta&#8221; o est\u00e1 aumentando exponencialmente y debe existir un distanciamiento social. En el nivel tres, se hab\u00eda producido una &#8220;relajaci\u00f3n gradual de las restricciones&#8221;.<\/p>\n\n\n\n<p>Al hacer un discurso televisado con Sir Patrick Vallance, el principal asesor cient\u00edfico, el lunes, el profesor Whitty dijo: &#8220;Si no hacemos lo suficiente, el virus despegar\u00e1 y en este momento ese es el camino claramente en el que estamos &#8211; y si no cambiamos de rumbo nos vamos a encontrar con un problema muy dif\u00edcil.<\/p>\n\n\n\n<p>&#8220;Tenemos que romper v\u00ednculos innecesarios entre hogares, porque esa es la forma en que se transmite este virus. Y esto significa reducir los contactos sociales ya sea en el trabajo \u2026 y tambi\u00e9n en los entornos sociales&#8221;.<\/p>\n\n\n\n<p>El profesor Whitty agreg\u00f3: &#8220;Deber\u00edamos ver esto como un problema de seis meses que tenemos que tratar colectivamente, no es indefinido&#8221;.<\/p>\n\n\n\n<p>Sus comentarios sobre la ruptura de v\u00ednculos innecesarios entre hogares llevaron a la especulaci\u00f3n de que las restricciones sociales m\u00e1s estrictas podr\u00edan estar a solo unos d\u00edas de distancia, mientras que Matt Hancock, el Secretario de Salud, insinu\u00f3 restricciones para que los hogares socialicen.<\/p>\n\n\n\n<p>El Sr. Hancock dijo a ITV&#8217;s This Morning: &#8220;El lugar donde la gente contrae la enfermedad tiende a ser en entornos sociales, la gente que viene a su casa o usted sale y socializa, esencialmente&#8221;. Se neg\u00f3 a descartar el cierre total de los pubs de Inglaterra.<\/p>\n\n\n\n<p>Mientras tanto, el alcalde de Londres, Sadiq Khan, pedir\u00e1 \u00e9ste martes al primer ministro que imponga medidas de bloqueo local en la capital. Pide que el cubrimiento facial sea obligatorio en todos los espacios p\u00fablicos y que se reduzca el n\u00famero m\u00e1ximo de personas en bodas y funerales, que actualmente es de 30.<\/p>\n\n\n\n<p>Significar\u00e1 que m\u00e1s de 23 millones de personas en todo el pa\u00eds vivir\u00e1n bajo alg\u00fan tipo de bloqueo local.<\/p>\n\n\n\n<p>En Irlanda del Norte, la Primera Ministra, Arlene Foster, anunci\u00f3 la prohibici\u00f3n de mezclar dos o m\u00e1s hogares en interiores.<\/p>\n\n\n\n<p>Mientras tanto, un documento filtrado mostr\u00f3 que, en Escocia, las propuestas para una &#8220;interrupci\u00f3n del circuito&#8221;de dos semanas implicaban un regreso al bloqueo total, con escuelas cerradas por un per\u00edodo extendido de medio t\u00e9rmino, restricciones de viaje de entre cinco y 50 kms desde los hogares de las personas y el cierre de servicios de contacto cercano como peluquer\u00edas, cines, casinos y otros lugares de entretenimiento.<\/p>\n\n\n\n<p>En la ciudad, los temores de un segundo bloqueo borraron \u00a3 51 mil millones del valor del \u00edndice de acciones FTSE 100, una ca\u00edda del 3.3 por ciento que fue su mayor ca\u00edda en tres meses.<\/p>\n\n\n\n<p>El asesor de la Casa Blanca, Larry Kudlow, describi\u00f3 los informes de que &#8220;Gran Breta\u00f1a podr\u00eda cerrar&#8221; como &#8220;una gran preocupaci\u00f3n&#8221;.<\/p>\n\n\n\n<p class=\"has-text-align-left\">Pedro S\u00e1nchez, el primer ministro espa\u00f1ol, acord\u00f3 desplegar el ej\u00e9rcito en Madrid en medio de los crecientes disturbios en la ciudad tras el anuncio de un nuevo y estricto bloqueo.<br><br><small>Informe de The Telegraph escrito por Gordon Rayner &#8211; SalaStampaEu <\/small><br><small>\u00a9 2020 ElCanillita.Info &#8211;  Informaci\u00f3n de dominio p\u00fablico<\/small><\/p>\n","protected":false},"excerpt":{"rendered":"<p>Londres, 22.09.2020 &#8211; Boris Johnson anunciar\u00e1 las restricciones nacionales de Covid-19, incluido el cierre anticipado de los pubs y el regreso al trabajo desde casa, mientras comienza a revertir las libertades de los \u00faltimos meses.<\/p>\n","protected":false},"author":1,"featured_media":1105,"comment_status":"closed","ping_status":"closed","sticky":false,"template":"","format":"standard","meta":{"footnotes":"","_links_to":"","_links_to_target":""},"categories":[70,20,5,23,78,25],"tags":[58],"class_list":["post-1104","post","type-post","status-publish","format-standard","has-post-thumbnail","hentry","category-actualidad","category-economia","category-europa","category-politica","category-sanidad","category-sociedad","tag-reino-unido","entry","double"],"yoast_head":"<!-- This site is optimized with the Yoast SEO plugin v27.4 - https:\/\/yoast.com\/product\/yoast-seo-wordpress\/ -->\n<title>Boris Johnson se prepara para anunciar nuevas restricciones - ElCanillita.Info<\/title>\n<meta name=\"robots\" content=\"index, follow, max-snippet:-1, max-image-preview:large, max-video-preview:-1\" \/>\n<link rel=\"canonical\" href=\"https:\/\/elcanillita.info\/press\/2020\/09\/22\/boris-johnson-nuevas-restricciones\/\" \/>\n<meta property=\"og:locale\" content=\"es_ES\" \/>\n<meta property=\"og:type\" content=\"article\" \/>\n<meta property=\"og:title\" content=\"Boris Johnson se prepara para anunciar nuevas restricciones - ElCanillita.Info\" \/>\n<meta property=\"og:description\" content=\"Londres, 22.09.2020 - Boris Johnson anunciar\u00e1 las restricciones nacionales de Covid-19, incluido el cierre anticipado de los pubs y el regreso al trabajo desde casa, mientras comienza a revertir las libertades de los \u00faltimos meses.\" \/>\n<meta property=\"og:url\" content=\"https:\/\/elcanillita.info\/press\/2020\/09\/22\/boris-johnson-nuevas-restricciones\/\" \/>\n<meta property=\"og:site_name\" content=\"ElCanillita.Info\" \/>\n<meta property=\"article:publisher\" content=\"https:\/\/ar-ar.facebook.com\/ElCanillitainfo-114249515285712\/\" \/>\n<meta property=\"article:published_time\" content=\"2020-09-22T14:27:57+00:00\" \/>\n<meta property=\"article:modified_time\" content=\"2020-09-22T22:14:09+00:00\" \/>\n<meta property=\"og:image\" content=\"https:\/\/elcanillita.info\/press\/images\/2020\/09\/Johnson_20200922-1.jpg\" \/>\n\t<meta property=\"og:image:width\" content=\"600\" \/>\n\t<meta property=\"og:image:height\" content=\"374\" \/>\n\t<meta property=\"og:image:type\" content=\"image\/jpeg\" \/>\n<meta name=\"author\" content=\"SalaStampa.eu, world press service\" \/>\n<meta name=\"twitter:card\" content=\"summary_large_image\" \/>\n<meta name=\"twitter:label1\" content=\"Escrito por\" \/>\n\t<meta name=\"twitter:data1\" content=\"SalaStampa.eu, world press service\" \/>\n\t<meta name=\"twitter:label2\" content=\"Tiempo de lectura\" \/>\n\t<meta name=\"twitter:data2\" content=\"7 minutos\" \/>\n<script type=\"application\/ld+json\" class=\"yoast-schema-graph\">{\"@context\":\"https:\\\/\\\/schema.org\",\"@graph\":[{\"@type\":\"Article\",\"@id\":\"https:\\\/\\\/elcanillita.info\\\/press\\\/2020\\\/09\\\/22\\\/boris-johnson-nuevas-restricciones\\\/#article\",\"isPartOf\":{\"@id\":\"https:\\\/\\\/elcanillita.info\\\/press\\\/2020\\\/09\\\/22\\\/boris-johnson-nuevas-restricciones\\\/\"},\"author\":{\"name\":\"SalaStampa.eu, world press service\",\"@id\":\"https:\\\/\\\/elcanillita.info\\\/press\\\/#\\\/schema\\\/person\\\/7fcb79f38045700919f7da6d97e71ba0\"},\"headline\":\"Boris Johnson se prepara para anunciar nuevas restricciones\",\"datePublished\":\"2020-09-22T14:27:57+00:00\",\"dateModified\":\"2020-09-22T22:14:09+00:00\",\"mainEntityOfPage\":{\"@id\":\"https:\\\/\\\/elcanillita.info\\\/press\\\/2020\\\/09\\\/22\\\/boris-johnson-nuevas-restricciones\\\/\"},\"wordCount\":1381,\"publisher\":{\"@id\":\"https:\\\/\\\/elcanillita.info\\\/press\\\/#organization\"},\"image\":{\"@id\":\"https:\\\/\\\/elcanillita.info\\\/press\\\/2020\\\/09\\\/22\\\/boris-johnson-nuevas-restricciones\\\/#primaryimage\"},\"thumbnailUrl\":\"https:\\\/\\\/elcanillita.info\\\/press\\\/images\\\/2020\\\/09\\\/Johnson_20200922-1.jpg\",\"keywords\":[\"Reino Unido\"],\"articleSection\":[\"Actualidad\",\"Economia\",\"Europa\",\"Politica\",\"Sanidad\",\"Sociedad\"],\"inLanguage\":\"es-AR\"},{\"@type\":\"WebPage\",\"@id\":\"https:\\\/\\\/elcanillita.info\\\/press\\\/2020\\\/09\\\/22\\\/boris-johnson-nuevas-restricciones\\\/\",\"url\":\"https:\\\/\\\/elcanillita.info\\\/press\\\/2020\\\/09\\\/22\\\/boris-johnson-nuevas-restricciones\\\/\",\"name\":\"Boris Johnson se prepara para anunciar nuevas restricciones - ElCanillita.Info\",\"isPartOf\":{\"@id\":\"https:\\\/\\\/elcanillita.info\\\/press\\\/#website\"},\"primaryImageOfPage\":{\"@id\":\"https:\\\/\\\/elcanillita.info\\\/press\\\/2020\\\/09\\\/22\\\/boris-johnson-nuevas-restricciones\\\/#primaryimage\"},\"image\":{\"@id\":\"https:\\\/\\\/elcanillita.info\\\/press\\\/2020\\\/09\\\/22\\\/boris-johnson-nuevas-restricciones\\\/#primaryimage\"},\"thumbnailUrl\":\"https:\\\/\\\/elcanillita.info\\\/press\\\/images\\\/2020\\\/09\\\/Johnson_20200922-1.jpg\",\"datePublished\":\"2020-09-22T14:27:57+00:00\",\"dateModified\":\"2020-09-22T22:14:09+00:00\",\"inLanguage\":\"es-AR\",\"potentialAction\":[{\"@type\":\"ReadAction\",\"target\":[\"https:\\\/\\\/elcanillita.info\\\/press\\\/2020\\\/09\\\/22\\\/boris-johnson-nuevas-restricciones\\\/\"]}]},{\"@type\":\"ImageObject\",\"inLanguage\":\"es-AR\",\"@id\":\"https:\\\/\\\/elcanillita.info\\\/press\\\/2020\\\/09\\\/22\\\/boris-johnson-nuevas-restricciones\\\/#primaryimage\",\"url\":\"https:\\\/\\\/elcanillita.info\\\/press\\\/images\\\/2020\\\/09\\\/Johnson_20200922-1.jpg\",\"contentUrl\":\"https:\\\/\\\/elcanillita.info\\\/press\\\/images\\\/2020\\\/09\\\/Johnson_20200922-1.jpg\",\"width\":600,\"height\":374,\"caption\":\"Boris Johnson anunciar\u00e1 las restricciones nacionales de Covid-19\"},{\"@type\":\"WebSite\",\"@id\":\"https:\\\/\\\/elcanillita.info\\\/press\\\/#website\",\"url\":\"https:\\\/\\\/elcanillita.info\\\/press\\\/\",\"name\":\"ElCanillita.Info\",\"description\":\"desde los Apeninos a los Andes\",\"publisher\":{\"@id\":\"https:\\\/\\\/elcanillita.info\\\/press\\\/#organization\"},\"potentialAction\":[{\"@type\":\"SearchAction\",\"target\":{\"@type\":\"EntryPoint\",\"urlTemplate\":\"https:\\\/\\\/elcanillita.info\\\/press\\\/?s={search_term_string}\"},\"query-input\":{\"@type\":\"PropertyValueSpecification\",\"valueRequired\":true,\"valueName\":\"search_term_string\"}}],\"inLanguage\":\"es-AR\"},{\"@type\":\"Organization\",\"@id\":\"https:\\\/\\\/elcanillita.info\\\/press\\\/#organization\",\"name\":\"Guzzo Photos & Graphic Publications\",\"url\":\"https:\\\/\\\/elcanillita.info\\\/press\\\/\",\"logo\":{\"@type\":\"ImageObject\",\"inLanguage\":\"es-AR\",\"@id\":\"https:\\\/\\\/elcanillita.info\\\/press\\\/#\\\/schema\\\/logo\\\/image\\\/\",\"url\":\"https:\\\/\\\/elcanillita.info\\\/press\\\/images\\\/2020\\\/01\\\/cropped-cropped-cropped-elcanillitainfo.png\",\"contentUrl\":\"https:\\\/\\\/elcanillita.info\\\/press\\\/images\\\/2020\\\/01\\\/cropped-cropped-cropped-elcanillitainfo.png\",\"width\":460,\"height\":50,\"caption\":\"Guzzo Photos & Graphic Publications\"},\"image\":{\"@id\":\"https:\\\/\\\/elcanillita.info\\\/press\\\/#\\\/schema\\\/logo\\\/image\\\/\"},\"sameAs\":[\"https:\\\/\\\/ar-ar.facebook.com\\\/ElCanillitainfo-114249515285712\\\/\"]},{\"@type\":\"Person\",\"@id\":\"https:\\\/\\\/elcanillita.info\\\/press\\\/#\\\/schema\\\/person\\\/7fcb79f38045700919f7da6d97e71ba0\",\"name\":\"SalaStampa.eu, world press service\",\"image\":{\"@type\":\"ImageObject\",\"inLanguage\":\"es-AR\",\"@id\":\"https:\\\/\\\/secure.gravatar.com\\\/avatar\\\/c2f0e0d515a107624234994507816ca4724c7199cef73fc8bedebf6931d73888?s=96&d=mm&r=g\",\"url\":\"https:\\\/\\\/secure.gravatar.com\\\/avatar\\\/c2f0e0d515a107624234994507816ca4724c7199cef73fc8bedebf6931d73888?s=96&d=mm&r=g\",\"contentUrl\":\"https:\\\/\\\/secure.gravatar.com\\\/avatar\\\/c2f0e0d515a107624234994507816ca4724c7199cef73fc8bedebf6931d73888?s=96&d=mm&r=g\",\"caption\":\"SalaStampa.eu, world press service\"}}]}<\/script>\n<!-- \/ Yoast SEO plugin. -->","yoast_head_json":{"title":"Boris Johnson se prepara para anunciar nuevas restricciones - ElCanillita.Info","robots":{"index":"index","follow":"follow","max-snippet":"max-snippet:-1","max-image-preview":"max-image-preview:large","max-video-preview":"max-video-preview:-1"},"canonical":"https:\/\/elcanillita.info\/press\/2020\/09\/22\/boris-johnson-nuevas-restricciones\/","og_locale":"es_ES","og_type":"article","og_title":"Boris Johnson se prepara para anunciar nuevas restricciones - ElCanillita.Info","og_description":"Londres, 22.09.2020 - Boris Johnson anunciar\u00e1 las restricciones nacionales de Covid-19, incluido el cierre anticipado de los pubs y el regreso al trabajo desde casa, mientras comienza a revertir las libertades de los \u00faltimos meses.","og_url":"https:\/\/elcanillita.info\/press\/2020\/09\/22\/boris-johnson-nuevas-restricciones\/","og_site_name":"ElCanillita.Info","article_publisher":"https:\/\/ar-ar.facebook.com\/ElCanillitainfo-114249515285712\/","article_published_time":"2020-09-22T14:27:57+00:00","article_modified_time":"2020-09-22T22:14:09+00:00","og_image":[{"width":600,"height":374,"url":"https:\/\/elcanillita.info\/press\/images\/2020\/09\/Johnson_20200922-1.jpg","type":"image\/jpeg"}],"author":"SalaStampa.eu, world press service","twitter_card":"summary_large_image","twitter_misc":{"Escrito por":"SalaStampa.eu, world press service","Tiempo de lectura":"7 minutos"},"schema":{"@context":"https:\/\/schema.org","@graph":[{"@type":"Article","@id":"https:\/\/elcanillita.info\/press\/2020\/09\/22\/boris-johnson-nuevas-restricciones\/#article","isPartOf":{"@id":"https:\/\/elcanillita.info\/press\/2020\/09\/22\/boris-johnson-nuevas-restricciones\/"},"author":{"name":"SalaStampa.eu, world press service","@id":"https:\/\/elcanillita.info\/press\/#\/schema\/person\/7fcb79f38045700919f7da6d97e71ba0"},"headline":"Boris Johnson se prepara para anunciar nuevas restricciones","datePublished":"2020-09-22T14:27:57+00:00","dateModified":"2020-09-22T22:14:09+00:00","mainEntityOfPage":{"@id":"https:\/\/elcanillita.info\/press\/2020\/09\/22\/boris-johnson-nuevas-restricciones\/"},"wordCount":1381,"publisher":{"@id":"https:\/\/elcanillita.info\/press\/#organization"},"image":{"@id":"https:\/\/elcanillita.info\/press\/2020\/09\/22\/boris-johnson-nuevas-restricciones\/#primaryimage"},"thumbnailUrl":"https:\/\/elcanillita.info\/press\/images\/2020\/09\/Johnson_20200922-1.jpg","keywords":["Reino Unido"],"articleSection":["Actualidad","Economia","Europa","Politica","Sanidad","Sociedad"],"inLanguage":"es-AR"},{"@type":"WebPage","@id":"https:\/\/elcanillita.info\/press\/2020\/09\/22\/boris-johnson-nuevas-restricciones\/","url":"https:\/\/elcanillita.info\/press\/2020\/09\/22\/boris-johnson-nuevas-restricciones\/","name":"Boris Johnson se prepara para anunciar nuevas restricciones - ElCanillita.Info","isPartOf":{"@id":"https:\/\/elcanillita.info\/press\/#website"},"primaryImageOfPage":{"@id":"https:\/\/elcanillita.info\/press\/2020\/09\/22\/boris-johnson-nuevas-restricciones\/#primaryimage"},"image":{"@id":"https:\/\/elcanillita.info\/press\/2020\/09\/22\/boris-johnson-nuevas-restricciones\/#primaryimage"},"thumbnailUrl":"https:\/\/elcanillita.info\/press\/images\/2020\/09\/Johnson_20200922-1.jpg","datePublished":"2020-09-22T14:27:57+00:00","dateModified":"2020-09-22T22:14:09+00:00","inLanguage":"es-AR","potentialAction":[{"@type":"ReadAction","target":["https:\/\/elcanillita.info\/press\/2020\/09\/22\/boris-johnson-nuevas-restricciones\/"]}]},{"@type":"ImageObject","inLanguage":"es-AR","@id":"https:\/\/elcanillita.info\/press\/2020\/09\/22\/boris-johnson-nuevas-restricciones\/#primaryimage","url":"https:\/\/elcanillita.info\/press\/images\/2020\/09\/Johnson_20200922-1.jpg","contentUrl":"https:\/\/elcanillita.info\/press\/images\/2020\/09\/Johnson_20200922-1.jpg","width":600,"height":374,"caption":"Boris Johnson anunciar\u00e1 las restricciones nacionales de Covid-19"},{"@type":"WebSite","@id":"https:\/\/elcanillita.info\/press\/#website","url":"https:\/\/elcanillita.info\/press\/","name":"ElCanillita.Info","description":"desde los Apeninos a los Andes","publisher":{"@id":"https:\/\/elcanillita.info\/press\/#organization"},"potentialAction":[{"@type":"SearchAction","target":{"@type":"EntryPoint","urlTemplate":"https:\/\/elcanillita.info\/press\/?s={search_term_string}"},"query-input":{"@type":"PropertyValueSpecification","valueRequired":true,"valueName":"search_term_string"}}],"inLanguage":"es-AR"},{"@type":"Organization","@id":"https:\/\/elcanillita.info\/press\/#organization","name":"Guzzo Photos & Graphic Publications","url":"https:\/\/elcanillita.info\/press\/","logo":{"@type":"ImageObject","inLanguage":"es-AR","@id":"https:\/\/elcanillita.info\/press\/#\/schema\/logo\/image\/","url":"https:\/\/elcanillita.info\/press\/images\/2020\/01\/cropped-cropped-cropped-elcanillitainfo.png","contentUrl":"https:\/\/elcanillita.info\/press\/images\/2020\/01\/cropped-cropped-cropped-elcanillitainfo.png","width":460,"height":50,"caption":"Guzzo Photos & Graphic Publications"},"image":{"@id":"https:\/\/elcanillita.info\/press\/#\/schema\/logo\/image\/"},"sameAs":["https:\/\/ar-ar.facebook.com\/ElCanillitainfo-114249515285712\/"]},{"@type":"Person","@id":"https:\/\/elcanillita.info\/press\/#\/schema\/person\/7fcb79f38045700919f7da6d97e71ba0","name":"SalaStampa.eu, world press service","image":{"@type":"ImageObject","inLanguage":"es-AR","@id":"https:\/\/secure.gravatar.com\/avatar\/c2f0e0d515a107624234994507816ca4724c7199cef73fc8bedebf6931d73888?s=96&d=mm&r=g","url":"https:\/\/secure.gravatar.com\/avatar\/c2f0e0d515a107624234994507816ca4724c7199cef73fc8bedebf6931d73888?s=96&d=mm&r=g","contentUrl":"https:\/\/secure.gravatar.com\/avatar\/c2f0e0d515a107624234994507816ca4724c7199cef73fc8bedebf6931d73888?s=96&d=mm&r=g","caption":"SalaStampa.eu, world press service"}}]}},"views":663,"_links":{"self":[{"href":"https:\/\/elcanillita.info\/press\/wp-json\/wp\/v2\/posts\/1104","targetHints":{"allow":["GET"]}}],"collection":[{"href":"https:\/\/elcanillita.info\/press\/wp-json\/wp\/v2\/posts"}],"about":[{"href":"https:\/\/elcanillita.info\/press\/wp-json\/wp\/v2\/types\/post"}],"author":[{"embeddable":true,"href":"https:\/\/elcanillita.info\/press\/wp-json\/wp\/v2\/users\/1"}],"replies":[{"embeddable":true,"href":"https:\/\/elcanillita.info\/press\/wp-json\/wp\/v2\/comments?post=1104"}],"version-history":[{"count":0,"href":"https:\/\/elcanillita.info\/press\/wp-json\/wp\/v2\/posts\/1104\/revisions"}],"wp:featuredmedia":[{"embeddable":true,"href":"https:\/\/elcanillita.info\/press\/wp-json\/wp\/v2\/media\/1105"}],"wp:attachment":[{"href":"https:\/\/elcanillita.info\/press\/wp-json\/wp\/v2\/media?parent=1104"}],"wp:term":[{"taxonomy":"category","embeddable":true,"href":"https:\/\/elcanillita.info\/press\/wp-json\/wp\/v2\/categories?post=1104"},{"taxonomy":"post_tag","embeddable":true,"href":"https:\/\/elcanillita.info\/press\/wp-json\/wp\/v2\/tags?post=1104"}],"curies":[{"name":"wp","href":"https:\/\/api.w.org\/{rel}","templated":true}]}}