{"id":110,"date":"2020-01-14T15:21:02","date_gmt":"2020-01-14T18:21:02","guid":{"rendered":"https:\/\/elcanillita.info\/press\/?p=110"},"modified":"2020-01-17T09:11:14","modified_gmt":"2020-01-17T12:11:14","slug":"tribunal-paquistani-cancela-pena-de-muerte-para-musharraf","status":"publish","type":"post","link":"https:\/\/elcanillita.info\/press\/2020\/01\/14\/tribunal-paquistani-cancela-pena-de-muerte-para-musharraf\/","title":{"rendered":"Tribunal paquistan\u00ed cancela la pena de muerte al ex presidente Pervez Musharraf"},"content":{"rendered":"\n<p>Islamabad, 14.01.2020 &#8211; Un tribunal pakistan\u00ed anul\u00f3 el lunes la sentencia de muerte dictada al ex gobernante militar Pervez Musharraf, declarando ilegal el proceso legal que condujo a su condena.<\/p>\n\n\n\n<p>El ex presidente Musharraf, de 76 a\u00f1os, hab\u00eda cuestionado la formaci\u00f3n de un tribunal especial de tres jueces que lo juzg\u00f3 y lo declar\u00f3 culpable de traici\u00f3n en diciembre por subvertir la constituci\u00f3n del pa\u00eds. El delito conlleva la pena de muerte seg\u00fan las leyes pakistan\u00edes.<\/p>\n\n\n\n<p>El enfermo ex dictador militar, que vive en el exilio autoimpuesto en Dubai, denunci\u00f3 el fallo, diciendo que fue el resultado de una &#8220;venganza personal&#8221; y entregado sin darle permiso a \u00e9l o su abogado para decir &#8220;algo en su defensa&#8221;.<\/p>\n\n\n\n<p>El lunes, el tribunal superior de la ciudad oriental de Lahore respondi\u00f3 a la apelaci\u00f3n de Musharraf y anul\u00f3 el veredicto.<\/p>\n\n\n\n<p>El fiscal del gobierno Ishtiaq Khan dijo que la orden judicial declar\u00f3 como &#8220;inconstitucional&#8221; el proceso de iniciar la denuncia contra Musharraf y la constituci\u00f3n del tribunal especial.<\/p>\n\n\n\n<p>M\u00e1s tarde, el abogado de Musharraf tambi\u00e9n dijo a los periodistas que el tribunal hab\u00eda &#8220;anulado&#8221; el fallo contra su cliente.<\/p>\n\n\n\n<p>El veredicto original sin precedentes que dio sentencia de muerte a Musharraf tambi\u00e9n conmocion\u00f3 a los poderosos militares, que gobernaron Pakist\u00e1n a trav\u00e9s de golpes directos durante casi la mitad de la historia del pa\u00eds e indirectamente dominan los asuntos pol\u00edticos incluso durante el gobierno civil.<\/p>\n\n\n\n<p>Musharraf tom\u00f3 el poder en un golpe militar incruento en 1999, una acci\u00f3n que hab\u00eda sido validada por la Corte Suprema en ese momento, allanando el camino para que \u00e9l tambi\u00e9n se convirtiera en presidente de Pakist\u00e1n, mientras serv\u00eda como jefe del ej\u00e9rcito.<\/p>\n\n\n\n<p>El juicio por alta traici\u00f3n a Musharraf, que comenz\u00f3 hace seis a\u00f1os, surgi\u00f3 de su suspensi\u00f3n de la constituci\u00f3n en 2007 despu\u00e9s de imponer un r\u00e9gimen de emergencia en el pa\u00eds en un intento por aferrarse al poder. Tambi\u00e9n coloc\u00f3 a jueces de alto rango, incluido el entonces presidente del tribunal, bajo arresto domiciliario por oponerse a su gobierno.<\/p>\n\n\n\n<p>M\u00e1s tarde, Musharraf renunci\u00f3 como jefe del ej\u00e9rcito y renunci\u00f3 a principios de 2008 de la presidencia, por temor a la destituci\u00f3n del nuevo parlamento paquistan\u00ed, que estaba compuesto principalmente por partidos pol\u00edticos que se opon\u00edan a su gobierno.<br><br>\n<small>2020 voanoticias \u2013 salastampa.eu, afiliada a la red Broadcasting Board of Governors \u00a9 2020 BBG<\/small><\/p>\n","protected":false},"excerpt":{"rendered":"<p>Islamabad, 14.01.2020 &#8211; Un tribunal pakistan\u00ed anul\u00f3 el lunes la sentencia de muerte dictada al ex gobernante militar Pervez Musharraf, declarando ilegal el proceso legal que condujo a su condena.<\/p>\n","protected":false},"author":1,"featured_media":0,"comment_status":"closed","ping_status":"closed","sticky":false,"template":"","format":"standard","meta":{"footnotes":"","_links_to":"","_links_to_target":""},"categories":[22,15,23],"tags":[36],"class_list":["post-110","post","type-post","status-publish","format-standard","hentry","category-justicia","category-medio-oriente","category-politica","tag-pakistan","entry","double"],"yoast_head":"<!-- This site is optimized with the Yoast SEO plugin v27.4 - https:\/\/yoast.com\/product\/yoast-seo-wordpress\/ -->\n<title>Tribunal paquistan\u00ed cancela la pena de muerte al ex presidente Pervez Musharraf - ElCanillita.Info<\/title>\n<meta name=\"robots\" content=\"index, follow, max-snippet:-1, max-image-preview:large, max-video-preview:-1\" \/>\n<link rel=\"canonical\" href=\"https:\/\/elcanillita.info\/press\/2020\/01\/14\/tribunal-paquistani-cancela-pena-de-muerte-para-musharraf\/\" \/>\n<meta property=\"og:locale\" content=\"es_ES\" \/>\n<meta property=\"og:type\" content=\"article\" \/>\n<meta property=\"og:title\" content=\"Tribunal paquistan\u00ed cancela la pena de muerte al ex presidente Pervez Musharraf - ElCanillita.Info\" \/>\n<meta property=\"og:description\" content=\"Islamabad, 14.01.2020 - Un tribunal pakistan\u00ed anul\u00f3 el lunes la sentencia de muerte dictada al ex gobernante militar Pervez Musharraf, declarando ilegal el proceso legal que condujo a su condena.\" \/>\n<meta property=\"og:url\" content=\"https:\/\/elcanillita.info\/press\/2020\/01\/14\/tribunal-paquistani-cancela-pena-de-muerte-para-musharraf\/\" \/>\n<meta property=\"og:site_name\" content=\"ElCanillita.Info\" \/>\n<meta property=\"article:publisher\" content=\"https:\/\/ar-ar.facebook.com\/ElCanillitainfo-114249515285712\/\" \/>\n<meta property=\"article:published_time\" content=\"2020-01-14T18:21:02+00:00\" \/>\n<meta property=\"article:modified_time\" content=\"2020-01-17T12:11:14+00:00\" \/>\n<meta name=\"author\" content=\"SalaStampa.eu, world press service\" \/>\n<meta name=\"twitter:card\" content=\"summary_large_image\" \/>\n<meta name=\"twitter:label1\" content=\"Escrito por\" \/>\n\t<meta name=\"twitter:data1\" content=\"SalaStampa.eu, world press service\" \/>\n\t<meta name=\"twitter:label2\" content=\"Tiempo de lectura\" \/>\n\t<meta name=\"twitter:data2\" content=\"2 minutos\" \/>\n<script type=\"application\/ld+json\" class=\"yoast-schema-graph\">{\"@context\":\"https:\\\/\\\/schema.org\",\"@graph\":[{\"@type\":\"Article\",\"@id\":\"https:\\\/\\\/elcanillita.info\\\/press\\\/2020\\\/01\\\/14\\\/tribunal-paquistani-cancela-pena-de-muerte-para-musharraf\\\/#article\",\"isPartOf\":{\"@id\":\"https:\\\/\\\/elcanillita.info\\\/press\\\/2020\\\/01\\\/14\\\/tribunal-paquistani-cancela-pena-de-muerte-para-musharraf\\\/\"},\"author\":{\"name\":\"SalaStampa.eu, world press service\",\"@id\":\"https:\\\/\\\/elcanillita.info\\\/press\\\/#\\\/schema\\\/person\\\/7fcb79f38045700919f7da6d97e71ba0\"},\"headline\":\"Tribunal paquistan\u00ed cancela la pena de muerte al ex presidente Pervez Musharraf\",\"datePublished\":\"2020-01-14T18:21:02+00:00\",\"dateModified\":\"2020-01-17T12:11:14+00:00\",\"mainEntityOfPage\":{\"@id\":\"https:\\\/\\\/elcanillita.info\\\/press\\\/2020\\\/01\\\/14\\\/tribunal-paquistani-cancela-pena-de-muerte-para-musharraf\\\/\"},\"wordCount\":430,\"publisher\":{\"@id\":\"https:\\\/\\\/elcanillita.info\\\/press\\\/#organization\"},\"keywords\":[\"Pakist\u00e1n\"],\"articleSection\":[\"Justicia\",\"Medio Oriente\",\"Politica\"],\"inLanguage\":\"es-AR\"},{\"@type\":\"WebPage\",\"@id\":\"https:\\\/\\\/elcanillita.info\\\/press\\\/2020\\\/01\\\/14\\\/tribunal-paquistani-cancela-pena-de-muerte-para-musharraf\\\/\",\"url\":\"https:\\\/\\\/elcanillita.info\\\/press\\\/2020\\\/01\\\/14\\\/tribunal-paquistani-cancela-pena-de-muerte-para-musharraf\\\/\",\"name\":\"Tribunal paquistan\u00ed cancela la pena de muerte al ex presidente Pervez Musharraf - ElCanillita.Info\",\"isPartOf\":{\"@id\":\"https:\\\/\\\/elcanillita.info\\\/press\\\/#website\"},\"datePublished\":\"2020-01-14T18:21:02+00:00\",\"dateModified\":\"2020-01-17T12:11:14+00:00\",\"inLanguage\":\"es-AR\",\"potentialAction\":[{\"@type\":\"ReadAction\",\"target\":[\"https:\\\/\\\/elcanillita.info\\\/press\\\/2020\\\/01\\\/14\\\/tribunal-paquistani-cancela-pena-de-muerte-para-musharraf\\\/\"]}]},{\"@type\":\"WebSite\",\"@id\":\"https:\\\/\\\/elcanillita.info\\\/press\\\/#website\",\"url\":\"https:\\\/\\\/elcanillita.info\\\/press\\\/\",\"name\":\"ElCanillita.Info\",\"description\":\"desde los Apeninos a los Andes\",\"publisher\":{\"@id\":\"https:\\\/\\\/elcanillita.info\\\/press\\\/#organization\"},\"potentialAction\":[{\"@type\":\"SearchAction\",\"target\":{\"@type\":\"EntryPoint\",\"urlTemplate\":\"https:\\\/\\\/elcanillita.info\\\/press\\\/?s={search_term_string}\"},\"query-input\":{\"@type\":\"PropertyValueSpecification\",\"valueRequired\":true,\"valueName\":\"search_term_string\"}}],\"inLanguage\":\"es-AR\"},{\"@type\":\"Organization\",\"@id\":\"https:\\\/\\\/elcanillita.info\\\/press\\\/#organization\",\"name\":\"Guzzo Photos & Graphic Publications\",\"url\":\"https:\\\/\\\/elcanillita.info\\\/press\\\/\",\"logo\":{\"@type\":\"ImageObject\",\"inLanguage\":\"es-AR\",\"@id\":\"https:\\\/\\\/elcanillita.info\\\/press\\\/#\\\/schema\\\/logo\\\/image\\\/\",\"url\":\"https:\\\/\\\/elcanillita.info\\\/press\\\/images\\\/2020\\\/01\\\/cropped-cropped-cropped-elcanillitainfo.png\",\"contentUrl\":\"https:\\\/\\\/elcanillita.info\\\/press\\\/images\\\/2020\\\/01\\\/cropped-cropped-cropped-elcanillitainfo.png\",\"width\":460,\"height\":50,\"caption\":\"Guzzo Photos & Graphic Publications\"},\"image\":{\"@id\":\"https:\\\/\\\/elcanillita.info\\\/press\\\/#\\\/schema\\\/logo\\\/image\\\/\"},\"sameAs\":[\"https:\\\/\\\/ar-ar.facebook.com\\\/ElCanillitainfo-114249515285712\\\/\"]},{\"@type\":\"Person\",\"@id\":\"https:\\\/\\\/elcanillita.info\\\/press\\\/#\\\/schema\\\/person\\\/7fcb79f38045700919f7da6d97e71ba0\",\"name\":\"SalaStampa.eu, world press service\",\"image\":{\"@type\":\"ImageObject\",\"inLanguage\":\"es-AR\",\"@id\":\"https:\\\/\\\/secure.gravatar.com\\\/avatar\\\/c2f0e0d515a107624234994507816ca4724c7199cef73fc8bedebf6931d73888?s=96&d=mm&r=g\",\"url\":\"https:\\\/\\\/secure.gravatar.com\\\/avatar\\\/c2f0e0d515a107624234994507816ca4724c7199cef73fc8bedebf6931d73888?s=96&d=mm&r=g\",\"contentUrl\":\"https:\\\/\\\/secure.gravatar.com\\\/avatar\\\/c2f0e0d515a107624234994507816ca4724c7199cef73fc8bedebf6931d73888?s=96&d=mm&r=g\",\"caption\":\"SalaStampa.eu, world press service\"}}]}<\/script>\n<!-- \/ Yoast SEO plugin. -->","yoast_head_json":{"title":"Tribunal paquistan\u00ed cancela la pena de muerte al ex presidente Pervez Musharraf - ElCanillita.Info","robots":{"index":"index","follow":"follow","max-snippet":"max-snippet:-1","max-image-preview":"max-image-preview:large","max-video-preview":"max-video-preview:-1"},"canonical":"https:\/\/elcanillita.info\/press\/2020\/01\/14\/tribunal-paquistani-cancela-pena-de-muerte-para-musharraf\/","og_locale":"es_ES","og_type":"article","og_title":"Tribunal paquistan\u00ed cancela la pena de muerte al ex presidente Pervez Musharraf - ElCanillita.Info","og_description":"Islamabad, 14.01.2020 - Un tribunal pakistan\u00ed anul\u00f3 el lunes la sentencia de muerte dictada al ex gobernante militar Pervez Musharraf, declarando ilegal el proceso legal que condujo a su condena.","og_url":"https:\/\/elcanillita.info\/press\/2020\/01\/14\/tribunal-paquistani-cancela-pena-de-muerte-para-musharraf\/","og_site_name":"ElCanillita.Info","article_publisher":"https:\/\/ar-ar.facebook.com\/ElCanillitainfo-114249515285712\/","article_published_time":"2020-01-14T18:21:02+00:00","article_modified_time":"2020-01-17T12:11:14+00:00","author":"SalaStampa.eu, world press service","twitter_card":"summary_large_image","twitter_misc":{"Escrito por":"SalaStampa.eu, world press service","Tiempo de lectura":"2 minutos"},"schema":{"@context":"https:\/\/schema.org","@graph":[{"@type":"Article","@id":"https:\/\/elcanillita.info\/press\/2020\/01\/14\/tribunal-paquistani-cancela-pena-de-muerte-para-musharraf\/#article","isPartOf":{"@id":"https:\/\/elcanillita.info\/press\/2020\/01\/14\/tribunal-paquistani-cancela-pena-de-muerte-para-musharraf\/"},"author":{"name":"SalaStampa.eu, world press service","@id":"https:\/\/elcanillita.info\/press\/#\/schema\/person\/7fcb79f38045700919f7da6d97e71ba0"},"headline":"Tribunal paquistan\u00ed cancela la pena de muerte al ex presidente Pervez Musharraf","datePublished":"2020-01-14T18:21:02+00:00","dateModified":"2020-01-17T12:11:14+00:00","mainEntityOfPage":{"@id":"https:\/\/elcanillita.info\/press\/2020\/01\/14\/tribunal-paquistani-cancela-pena-de-muerte-para-musharraf\/"},"wordCount":430,"publisher":{"@id":"https:\/\/elcanillita.info\/press\/#organization"},"keywords":["Pakist\u00e1n"],"articleSection":["Justicia","Medio Oriente","Politica"],"inLanguage":"es-AR"},{"@type":"WebPage","@id":"https:\/\/elcanillita.info\/press\/2020\/01\/14\/tribunal-paquistani-cancela-pena-de-muerte-para-musharraf\/","url":"https:\/\/elcanillita.info\/press\/2020\/01\/14\/tribunal-paquistani-cancela-pena-de-muerte-para-musharraf\/","name":"Tribunal paquistan\u00ed cancela la pena de muerte al ex presidente Pervez Musharraf - ElCanillita.Info","isPartOf":{"@id":"https:\/\/elcanillita.info\/press\/#website"},"datePublished":"2020-01-14T18:21:02+00:00","dateModified":"2020-01-17T12:11:14+00:00","inLanguage":"es-AR","potentialAction":[{"@type":"ReadAction","target":["https:\/\/elcanillita.info\/press\/2020\/01\/14\/tribunal-paquistani-cancela-pena-de-muerte-para-musharraf\/"]}]},{"@type":"WebSite","@id":"https:\/\/elcanillita.info\/press\/#website","url":"https:\/\/elcanillita.info\/press\/","name":"ElCanillita.Info","description":"desde los Apeninos a los Andes","publisher":{"@id":"https:\/\/elcanillita.info\/press\/#organization"},"potentialAction":[{"@type":"SearchAction","target":{"@type":"EntryPoint","urlTemplate":"https:\/\/elcanillita.info\/press\/?s={search_term_string}"},"query-input":{"@type":"PropertyValueSpecification","valueRequired":true,"valueName":"search_term_string"}}],"inLanguage":"es-AR"},{"@type":"Organization","@id":"https:\/\/elcanillita.info\/press\/#organization","name":"Guzzo Photos & Graphic Publications","url":"https:\/\/elcanillita.info\/press\/","logo":{"@type":"ImageObject","inLanguage":"es-AR","@id":"https:\/\/elcanillita.info\/press\/#\/schema\/logo\/image\/","url":"https:\/\/elcanillita.info\/press\/images\/2020\/01\/cropped-cropped-cropped-elcanillitainfo.png","contentUrl":"https:\/\/elcanillita.info\/press\/images\/2020\/01\/cropped-cropped-cropped-elcanillitainfo.png","width":460,"height":50,"caption":"Guzzo Photos & Graphic Publications"},"image":{"@id":"https:\/\/elcanillita.info\/press\/#\/schema\/logo\/image\/"},"sameAs":["https:\/\/ar-ar.facebook.com\/ElCanillitainfo-114249515285712\/"]},{"@type":"Person","@id":"https:\/\/elcanillita.info\/press\/#\/schema\/person\/7fcb79f38045700919f7da6d97e71ba0","name":"SalaStampa.eu, world press service","image":{"@type":"ImageObject","inLanguage":"es-AR","@id":"https:\/\/secure.gravatar.com\/avatar\/c2f0e0d515a107624234994507816ca4724c7199cef73fc8bedebf6931d73888?s=96&d=mm&r=g","url":"https:\/\/secure.gravatar.com\/avatar\/c2f0e0d515a107624234994507816ca4724c7199cef73fc8bedebf6931d73888?s=96&d=mm&r=g","contentUrl":"https:\/\/secure.gravatar.com\/avatar\/c2f0e0d515a107624234994507816ca4724c7199cef73fc8bedebf6931d73888?s=96&d=mm&r=g","caption":"SalaStampa.eu, world press service"}}]}},"views":734,"_links":{"self":[{"href":"https:\/\/elcanillita.info\/press\/wp-json\/wp\/v2\/posts\/110","targetHints":{"allow":["GET"]}}],"collection":[{"href":"https:\/\/elcanillita.info\/press\/wp-json\/wp\/v2\/posts"}],"about":[{"href":"https:\/\/elcanillita.info\/press\/wp-json\/wp\/v2\/types\/post"}],"author":[{"embeddable":true,"href":"https:\/\/elcanillita.info\/press\/wp-json\/wp\/v2\/users\/1"}],"replies":[{"embeddable":true,"href":"https:\/\/elcanillita.info\/press\/wp-json\/wp\/v2\/comments?post=110"}],"version-history":[{"count":0,"href":"https:\/\/elcanillita.info\/press\/wp-json\/wp\/v2\/posts\/110\/revisions"}],"wp:attachment":[{"href":"https:\/\/elcanillita.info\/press\/wp-json\/wp\/v2\/media?parent=110"}],"wp:term":[{"taxonomy":"category","embeddable":true,"href":"https:\/\/elcanillita.info\/press\/wp-json\/wp\/v2\/categories?post=110"},{"taxonomy":"post_tag","embeddable":true,"href":"https:\/\/elcanillita.info\/press\/wp-json\/wp\/v2\/tags?post=110"}],"curies":[{"name":"wp","href":"https:\/\/api.w.org\/{rel}","templated":true}]}}