{"id":1093,"date":"2020-09-15T21:48:44","date_gmt":"2020-09-16T00:48:44","guid":{"rendered":"https:\/\/elcanillita.info\/press\/?p=1093"},"modified":"2020-09-16T12:14:36","modified_gmt":"2020-09-16T15:14:36","slug":"mafiosos-kirchneristas-asoldados-irrumpen-amedrentan-opositora-fernandez","status":"publish","type":"post","link":"https:\/\/elcanillita.info\/press\/2020\/09\/15\/mafiosos-kirchneristas-asoldados-irrumpen-amedrentan-opositora-fernandez\/","title":{"rendered":"Mafiosos kirchneristas asoldados, irrumpen y amedrentan una opositora de los Fernandez"},"content":{"rendered":"\n<figure class=\"wp-block-video\"><video controls src=\"http:\/\/elcanillita.info\/press\/images\/2020\/09\/mafia fernandez.mp4\"><\/video><\/figure>\n\n\n\n<p>Regi\u00f3n de Cuyo, 15.09.2020 &#8211; Hoy el diario argentino El Zonda de San Juan, reporta que 40 piqueteros kirchneristas, se dieron cita ante las puertas de la habitaci\u00f3n de una opositora a las medidas del gobierno de los Fernandez, para amedrentarla.<\/p>\n\n\n\n<p>La joven madre opositora al gobierno, explica en la nota, que su grupo de autoconvocados manifiestan pacificamente, pidiendo una Ley de Transparencia P\u00fablica y el fin de la corrupci\u00f3n.<\/p>\n\n\n\n<p>Situaci\u00f3n que no desenredan las declaraciones del mismo Presidente de la Rep\u00fablica.<\/p>\n\n\n\n<p>D\u00edas pasados, el neo mandatario Fernandez, en un discurso que pronunci\u00f3 al presentar un nuevo programa&#8221;Precios Cuidados&#8221;para el sector de la construcci\u00f3n, en una f\u00e1brica del partido bonaerense de San Fernando, declar\u00f3 a la agencia Telam:<\/p>\n\n\n\n<p>&#8220;No queremos multiplicar la estafa que vivimos los \u00faltimos cuatro a\u00f1os&#8221;(refiriendose al gobierno Macri &#8211; nr-)&#8221;el gran dilema es hoy entre los que creen en un Estado asociado al que produce y a los trabajadores&#8221;y los que creen que &#8220;es un pa\u00eds para pocos&#8221;y llevan &#8220;su dinero a para\u00edsos fiscales&#8221;mientras &#8220;sumergen en la pobreza a la Argentina&#8221;.<\/p>\n\n\n\n<p>Tales declaraciones, las hizo disimulando ignorar que Cristina Fern\u00e1ndez, la abogada exitosa y mandataria argentina, pos\u00e9e un patrimonio de m\u00e1s de siete millones de euros y que es la gobernante m\u00e1s rica de la regi\u00f3n, sin haber dado una explicaci\u00f3n veraz de su fortuna.<\/p>\n\n\n\n<p>Junto a su difunto marido, N\u00e9stor Kirchner, prosperar\u00f3n a un ritmo mayor que el pa\u00eds y, en s\u00f3lo siete a\u00f1os, multiplic\u00f3 por diez su fortuna, a\u00fan cuando debi\u00f3 rapartir&#8221;la herencia del expresidente&#8221;.<\/p>\n\n\n\n<p>Cuando termin\u00f3 el plazo para que los altos funcionarios presentaran ante la Oficina Anticorrupci\u00f3n su declaraci\u00f3n anual de patrimonio, correspondiente al 2011, Cristina Fern\u00e1ndez esper\u00f3 hasta el \u00faltimo momento para hacerlo y los datos que proporcion\u00f3, no se conocieron en modo preciso.<\/p>\n\n\n\n<p>Cuando N\u00e9stor Kirchner lleg\u00f3 al poder en el 2003, el matrimonio pose\u00eda 1,3 millones de euros. <br><br>En el 2010, con Cristina ya presidente, el patrimonio del matrimonio Kirchner se multiplic\u00f3 hasta12,5 millones de euros. Ese a\u00f1o Nestor Kirchner falleci\u00f3 y en el 2011la herencia se reparti\u00f3 en partes iguales entre la presidente y sus dos hijos, M\u00e1ximo y Florencia, cuyos bienes no aparecieron en la declaraci\u00f3n de r\u00e9ditos. Hecho que permite deducir que el patrimonio de los Kirchner Fernandez supera los 12 millones de euros, tomando en cuenta que los valores catastrales de las propiedades est\u00e1n lejos de su valor de mercado.<\/p>\n\n\n\n<p>El otro bien inm\u00f3vil familiar es el hotel Los Sauces, situado en El Calafate. All\u00ed, los Kirchner y varios funcionarios y empresarios &#8220;amigos&#8221; del matrimonio concentraron buena parte de sus bienes.<\/p>\n\n\n\n<p>En el 2006 la adjudicaci\u00f3n, de terrenos p\u00fablicos que algunos intimos de la familia Kirchner compraron a precios irrisorios fu\u00e9 escandalosa.<\/p>\n\n\n\n<p>Nestor Kirchner adquiri\u00f3 dos hect\u00e1reas por 26.000 euros y las vendi\u00f3 en el 2008 por dos millones de euros a un grupo chileno de grandes superficies, con importantes inversiones en Argentina, pero que hasta poco tiempo atr\u00e1s no construy\u00f3 ning\u00fan hipermercado en El Calafate.<\/p>\n\n\n\n<p>El incremento patrimonial de los Kirchner del 2007 al 2008 fue del 160% y motivo de una denuncia, sobrese\u00edda velozmente como el caf\u00e9 instant\u00e1neo, por un juez cercano al kirchnerismo.<\/p>\n\n\n\n<p>Tambi\u00e9n ha sido denunciada la venta de terrenos p\u00fablicos en El Calafate pero el caso no avanz\u00f3, porque la fiscal a cargo era una sobrina de los Kirchner.<\/p>\n\n\n\n<p>La presidente declar\u00f3 un sueldo de 4.370 euros mensuales en el 2011, un aumento del 25% respecto al a\u00f1o anterior, porcentaje que coincidi\u00f3 con la inflaci\u00f3n real, pese a que el gobierno insisti\u00f3 en que no superaba el 12%. Por otra parte, todos los ministros kirchneristas incrementaron su patrimonio entre el 9% y el 102% el \u00faltimo a\u00f1o de gobierno.<\/p>\n\n\n\n<p>Hoy el Presidente Anibal Fernandez declar\u00f3 en San Juan, que&#8221;La Naci\u00f3n aportar\u00e1 2.785 millones de pesos para la construir el 50% del Penal y un nuevo hospital en Calingasta&#8221;.<\/p>\n\n\n\n<p>Tomando acto de cuanto afirm\u00f3 el pasado lunes, acompa\u00f1ado en la f\u00e1brica de grifer\u00eda Hidromet por el gobernador de la provincia de Buenos Aires, Axel Kicillof, el titular de la cartera de Producci\u00f3n, Mat\u00edas Kulfas; y la secretaria de Comercio Interior, Paula Espa\u00f1ol\u2026.que si&#8221;uno gana mucho y otros pocos, no es una sociedad sino una estafa&#8221;.<\/p>\n\n\n\n<p>\u2026\u00bfexigir\u00e1 Don Alberto al clan Kirchner, rembolsar al Estado Argentino el dinero robado, para rendir honor a cuanto representa?<br><br><small>Fuente:Diario El Zonda &#8211; Telam &#8211; PanPress.Eu SalaStampaEu<\/small>  <small>\u00a92020 El Canillita. Info &#8211; Informaci\u00f3n de dominio p\u00fablico<\/small><\/p>\n","protected":false},"excerpt":{"rendered":"<p>Hoy el diario argentino El Zonda de San Juan , reporta, que 40 piqueteros kirchneristas, se dieron cita ante las puertas de la habitaci\u00f3n de una opositora a las medidas del gobierno de los Fernandez, para amedrentarla.<\/p>\n","protected":false},"author":1,"featured_media":1094,"comment_status":"closed","ping_status":"closed","sticky":false,"template":"","format":"standard","meta":{"footnotes":"","_links_to":"","_links_to_target":""},"categories":[70,11,20,22,23,25],"tags":[],"class_list":["post-1093","post","type-post","status-publish","format-standard","has-post-thumbnail","hentry","category-actualidad","category-america-del-sur","category-economia","category-justicia","category-politica","category-sociedad","entry","double"],"yoast_head":"<!-- This site is optimized with the Yoast SEO plugin v27.4 - https:\/\/yoast.com\/product\/yoast-seo-wordpress\/ -->\n<title>Mafiosos kirchneristas asoldados, irrumpen y amedrentan una opositora de los Fernandez - ElCanillita.Info<\/title>\n<meta name=\"robots\" content=\"index, follow, max-snippet:-1, max-image-preview:large, max-video-preview:-1\" \/>\n<link rel=\"canonical\" href=\"https:\/\/elcanillita.info\/press\/2020\/09\/15\/mafiosos-kirchneristas-asoldados-irrumpen-amedrentan-opositora-fernandez\/\" \/>\n<meta property=\"og:locale\" content=\"es_ES\" \/>\n<meta property=\"og:type\" content=\"article\" \/>\n<meta property=\"og:title\" content=\"Mafiosos kirchneristas asoldados, irrumpen y amedrentan una opositora de los Fernandez - ElCanillita.Info\" \/>\n<meta property=\"og:description\" content=\"Hoy el diario argentino El Zonda de San Juan , reporta, que 40 piqueteros kirchneristas, se dieron cita ante las puertas de la habitaci\u00f3n de una opositora a las medidas del gobierno de los Fernandez, para amedrentarla.\" \/>\n<meta property=\"og:url\" content=\"https:\/\/elcanillita.info\/press\/2020\/09\/15\/mafiosos-kirchneristas-asoldados-irrumpen-amedrentan-opositora-fernandez\/\" \/>\n<meta property=\"og:site_name\" content=\"ElCanillita.Info\" \/>\n<meta property=\"article:publisher\" content=\"https:\/\/ar-ar.facebook.com\/ElCanillitainfo-114249515285712\/\" \/>\n<meta property=\"article:published_time\" content=\"2020-09-16T00:48:44+00:00\" \/>\n<meta property=\"article:modified_time\" content=\"2020-09-16T15:14:36+00:00\" \/>\n<meta property=\"og:image\" content=\"https:\/\/elcanillita.info\/press\/images\/2020\/09\/cristina-corteggiata-alberto_dolores-de-la-press-1.jpg\" \/>\n\t<meta property=\"og:image:width\" content=\"569\" \/>\n\t<meta property=\"og:image:height\" content=\"590\" \/>\n\t<meta property=\"og:image:type\" content=\"image\/jpeg\" \/>\n<meta name=\"author\" content=\"SalaStampa.eu, world press service\" \/>\n<meta name=\"twitter:card\" content=\"summary_large_image\" \/>\n<meta name=\"twitter:label1\" content=\"Escrito por\" \/>\n\t<meta name=\"twitter:data1\" content=\"SalaStampa.eu, world press service\" \/>\n\t<meta name=\"twitter:label2\" content=\"Tiempo de lectura\" \/>\n\t<meta name=\"twitter:data2\" content=\"4 minutos\" \/>\n<script type=\"application\/ld+json\" class=\"yoast-schema-graph\">{\"@context\":\"https:\\\/\\\/schema.org\",\"@graph\":[{\"@type\":\"Article\",\"@id\":\"https:\\\/\\\/elcanillita.info\\\/press\\\/2020\\\/09\\\/15\\\/mafiosos-kirchneristas-asoldados-irrumpen-amedrentan-opositora-fernandez\\\/#article\",\"isPartOf\":{\"@id\":\"https:\\\/\\\/elcanillita.info\\\/press\\\/2020\\\/09\\\/15\\\/mafiosos-kirchneristas-asoldados-irrumpen-amedrentan-opositora-fernandez\\\/\"},\"author\":{\"name\":\"SalaStampa.eu, world press service\",\"@id\":\"https:\\\/\\\/elcanillita.info\\\/press\\\/#\\\/schema\\\/person\\\/7fcb79f38045700919f7da6d97e71ba0\"},\"headline\":\"Mafiosos kirchneristas asoldados, irrumpen y amedrentan una opositora de los Fernandez\",\"datePublished\":\"2020-09-16T00:48:44+00:00\",\"dateModified\":\"2020-09-16T15:14:36+00:00\",\"mainEntityOfPage\":{\"@id\":\"https:\\\/\\\/elcanillita.info\\\/press\\\/2020\\\/09\\\/15\\\/mafiosos-kirchneristas-asoldados-irrumpen-amedrentan-opositora-fernandez\\\/\"},\"wordCount\":788,\"publisher\":{\"@id\":\"https:\\\/\\\/elcanillita.info\\\/press\\\/#organization\"},\"image\":{\"@id\":\"https:\\\/\\\/elcanillita.info\\\/press\\\/2020\\\/09\\\/15\\\/mafiosos-kirchneristas-asoldados-irrumpen-amedrentan-opositora-fernandez\\\/#primaryimage\"},\"thumbnailUrl\":\"https:\\\/\\\/elcanillita.info\\\/press\\\/images\\\/2020\\\/09\\\/cristina-corteggiata-alberto_dolores-de-la-press-1.jpg\",\"articleSection\":[\"Actualidad\",\"Am\u00e9rica del Sur\",\"Economia\",\"Justicia\",\"Politica\",\"Sociedad\"],\"inLanguage\":\"es-AR\"},{\"@type\":\"WebPage\",\"@id\":\"https:\\\/\\\/elcanillita.info\\\/press\\\/2020\\\/09\\\/15\\\/mafiosos-kirchneristas-asoldados-irrumpen-amedrentan-opositora-fernandez\\\/\",\"url\":\"https:\\\/\\\/elcanillita.info\\\/press\\\/2020\\\/09\\\/15\\\/mafiosos-kirchneristas-asoldados-irrumpen-amedrentan-opositora-fernandez\\\/\",\"name\":\"Mafiosos kirchneristas asoldados, irrumpen y amedrentan una opositora de los Fernandez - ElCanillita.Info\",\"isPartOf\":{\"@id\":\"https:\\\/\\\/elcanillita.info\\\/press\\\/#website\"},\"primaryImageOfPage\":{\"@id\":\"https:\\\/\\\/elcanillita.info\\\/press\\\/2020\\\/09\\\/15\\\/mafiosos-kirchneristas-asoldados-irrumpen-amedrentan-opositora-fernandez\\\/#primaryimage\"},\"image\":{\"@id\":\"https:\\\/\\\/elcanillita.info\\\/press\\\/2020\\\/09\\\/15\\\/mafiosos-kirchneristas-asoldados-irrumpen-amedrentan-opositora-fernandez\\\/#primaryimage\"},\"thumbnailUrl\":\"https:\\\/\\\/elcanillita.info\\\/press\\\/images\\\/2020\\\/09\\\/cristina-corteggiata-alberto_dolores-de-la-press-1.jpg\",\"datePublished\":\"2020-09-16T00:48:44+00:00\",\"dateModified\":\"2020-09-16T15:14:36+00:00\",\"inLanguage\":\"es-AR\",\"potentialAction\":[{\"@type\":\"ReadAction\",\"target\":[\"https:\\\/\\\/elcanillita.info\\\/press\\\/2020\\\/09\\\/15\\\/mafiosos-kirchneristas-asoldados-irrumpen-amedrentan-opositora-fernandez\\\/\"]}]},{\"@type\":\"ImageObject\",\"inLanguage\":\"es-AR\",\"@id\":\"https:\\\/\\\/elcanillita.info\\\/press\\\/2020\\\/09\\\/15\\\/mafiosos-kirchneristas-asoldados-irrumpen-amedrentan-opositora-fernandez\\\/#primaryimage\",\"url\":\"https:\\\/\\\/elcanillita.info\\\/press\\\/images\\\/2020\\\/09\\\/cristina-corteggiata-alberto_dolores-de-la-press-1.jpg\",\"contentUrl\":\"https:\\\/\\\/elcanillita.info\\\/press\\\/images\\\/2020\\\/09\\\/cristina-corteggiata-alberto_dolores-de-la-press-1.jpg\",\"width\":569,\"height\":590},{\"@type\":\"WebSite\",\"@id\":\"https:\\\/\\\/elcanillita.info\\\/press\\\/#website\",\"url\":\"https:\\\/\\\/elcanillita.info\\\/press\\\/\",\"name\":\"ElCanillita.Info\",\"description\":\"desde los Apeninos a los Andes\",\"publisher\":{\"@id\":\"https:\\\/\\\/elcanillita.info\\\/press\\\/#organization\"},\"potentialAction\":[{\"@type\":\"SearchAction\",\"target\":{\"@type\":\"EntryPoint\",\"urlTemplate\":\"https:\\\/\\\/elcanillita.info\\\/press\\\/?s={search_term_string}\"},\"query-input\":{\"@type\":\"PropertyValueSpecification\",\"valueRequired\":true,\"valueName\":\"search_term_string\"}}],\"inLanguage\":\"es-AR\"},{\"@type\":\"Organization\",\"@id\":\"https:\\\/\\\/elcanillita.info\\\/press\\\/#organization\",\"name\":\"Guzzo Photos & Graphic Publications\",\"url\":\"https:\\\/\\\/elcanillita.info\\\/press\\\/\",\"logo\":{\"@type\":\"ImageObject\",\"inLanguage\":\"es-AR\",\"@id\":\"https:\\\/\\\/elcanillita.info\\\/press\\\/#\\\/schema\\\/logo\\\/image\\\/\",\"url\":\"https:\\\/\\\/elcanillita.info\\\/press\\\/images\\\/2020\\\/01\\\/cropped-cropped-cropped-elcanillitainfo.png\",\"contentUrl\":\"https:\\\/\\\/elcanillita.info\\\/press\\\/images\\\/2020\\\/01\\\/cropped-cropped-cropped-elcanillitainfo.png\",\"width\":460,\"height\":50,\"caption\":\"Guzzo Photos & Graphic Publications\"},\"image\":{\"@id\":\"https:\\\/\\\/elcanillita.info\\\/press\\\/#\\\/schema\\\/logo\\\/image\\\/\"},\"sameAs\":[\"https:\\\/\\\/ar-ar.facebook.com\\\/ElCanillitainfo-114249515285712\\\/\"]},{\"@type\":\"Person\",\"@id\":\"https:\\\/\\\/elcanillita.info\\\/press\\\/#\\\/schema\\\/person\\\/7fcb79f38045700919f7da6d97e71ba0\",\"name\":\"SalaStampa.eu, world press service\",\"image\":{\"@type\":\"ImageObject\",\"inLanguage\":\"es-AR\",\"@id\":\"https:\\\/\\\/secure.gravatar.com\\\/avatar\\\/c2f0e0d515a107624234994507816ca4724c7199cef73fc8bedebf6931d73888?s=96&d=mm&r=g\",\"url\":\"https:\\\/\\\/secure.gravatar.com\\\/avatar\\\/c2f0e0d515a107624234994507816ca4724c7199cef73fc8bedebf6931d73888?s=96&d=mm&r=g\",\"contentUrl\":\"https:\\\/\\\/secure.gravatar.com\\\/avatar\\\/c2f0e0d515a107624234994507816ca4724c7199cef73fc8bedebf6931d73888?s=96&d=mm&r=g\",\"caption\":\"SalaStampa.eu, world press service\"}}]}<\/script>\n<!-- \/ Yoast SEO plugin. -->","yoast_head_json":{"title":"Mafiosos kirchneristas asoldados, irrumpen y amedrentan una opositora de los Fernandez - ElCanillita.Info","robots":{"index":"index","follow":"follow","max-snippet":"max-snippet:-1","max-image-preview":"max-image-preview:large","max-video-preview":"max-video-preview:-1"},"canonical":"https:\/\/elcanillita.info\/press\/2020\/09\/15\/mafiosos-kirchneristas-asoldados-irrumpen-amedrentan-opositora-fernandez\/","og_locale":"es_ES","og_type":"article","og_title":"Mafiosos kirchneristas asoldados, irrumpen y amedrentan una opositora de los Fernandez - ElCanillita.Info","og_description":"Hoy el diario argentino El Zonda de San Juan , reporta, que 40 piqueteros kirchneristas, se dieron cita ante las puertas de la habitaci\u00f3n de una opositora a las medidas del gobierno de los Fernandez, para amedrentarla.","og_url":"https:\/\/elcanillita.info\/press\/2020\/09\/15\/mafiosos-kirchneristas-asoldados-irrumpen-amedrentan-opositora-fernandez\/","og_site_name":"ElCanillita.Info","article_publisher":"https:\/\/ar-ar.facebook.com\/ElCanillitainfo-114249515285712\/","article_published_time":"2020-09-16T00:48:44+00:00","article_modified_time":"2020-09-16T15:14:36+00:00","og_image":[{"width":569,"height":590,"url":"https:\/\/elcanillita.info\/press\/images\/2020\/09\/cristina-corteggiata-alberto_dolores-de-la-press-1.jpg","type":"image\/jpeg"}],"author":"SalaStampa.eu, world press service","twitter_card":"summary_large_image","twitter_misc":{"Escrito por":"SalaStampa.eu, world press service","Tiempo de lectura":"4 minutos"},"schema":{"@context":"https:\/\/schema.org","@graph":[{"@type":"Article","@id":"https:\/\/elcanillita.info\/press\/2020\/09\/15\/mafiosos-kirchneristas-asoldados-irrumpen-amedrentan-opositora-fernandez\/#article","isPartOf":{"@id":"https:\/\/elcanillita.info\/press\/2020\/09\/15\/mafiosos-kirchneristas-asoldados-irrumpen-amedrentan-opositora-fernandez\/"},"author":{"name":"SalaStampa.eu, world press service","@id":"https:\/\/elcanillita.info\/press\/#\/schema\/person\/7fcb79f38045700919f7da6d97e71ba0"},"headline":"Mafiosos kirchneristas asoldados, irrumpen y amedrentan una opositora de los Fernandez","datePublished":"2020-09-16T00:48:44+00:00","dateModified":"2020-09-16T15:14:36+00:00","mainEntityOfPage":{"@id":"https:\/\/elcanillita.info\/press\/2020\/09\/15\/mafiosos-kirchneristas-asoldados-irrumpen-amedrentan-opositora-fernandez\/"},"wordCount":788,"publisher":{"@id":"https:\/\/elcanillita.info\/press\/#organization"},"image":{"@id":"https:\/\/elcanillita.info\/press\/2020\/09\/15\/mafiosos-kirchneristas-asoldados-irrumpen-amedrentan-opositora-fernandez\/#primaryimage"},"thumbnailUrl":"https:\/\/elcanillita.info\/press\/images\/2020\/09\/cristina-corteggiata-alberto_dolores-de-la-press-1.jpg","articleSection":["Actualidad","Am\u00e9rica del Sur","Economia","Justicia","Politica","Sociedad"],"inLanguage":"es-AR"},{"@type":"WebPage","@id":"https:\/\/elcanillita.info\/press\/2020\/09\/15\/mafiosos-kirchneristas-asoldados-irrumpen-amedrentan-opositora-fernandez\/","url":"https:\/\/elcanillita.info\/press\/2020\/09\/15\/mafiosos-kirchneristas-asoldados-irrumpen-amedrentan-opositora-fernandez\/","name":"Mafiosos kirchneristas asoldados, irrumpen y amedrentan una opositora de los Fernandez - ElCanillita.Info","isPartOf":{"@id":"https:\/\/elcanillita.info\/press\/#website"},"primaryImageOfPage":{"@id":"https:\/\/elcanillita.info\/press\/2020\/09\/15\/mafiosos-kirchneristas-asoldados-irrumpen-amedrentan-opositora-fernandez\/#primaryimage"},"image":{"@id":"https:\/\/elcanillita.info\/press\/2020\/09\/15\/mafiosos-kirchneristas-asoldados-irrumpen-amedrentan-opositora-fernandez\/#primaryimage"},"thumbnailUrl":"https:\/\/elcanillita.info\/press\/images\/2020\/09\/cristina-corteggiata-alberto_dolores-de-la-press-1.jpg","datePublished":"2020-09-16T00:48:44+00:00","dateModified":"2020-09-16T15:14:36+00:00","inLanguage":"es-AR","potentialAction":[{"@type":"ReadAction","target":["https:\/\/elcanillita.info\/press\/2020\/09\/15\/mafiosos-kirchneristas-asoldados-irrumpen-amedrentan-opositora-fernandez\/"]}]},{"@type":"ImageObject","inLanguage":"es-AR","@id":"https:\/\/elcanillita.info\/press\/2020\/09\/15\/mafiosos-kirchneristas-asoldados-irrumpen-amedrentan-opositora-fernandez\/#primaryimage","url":"https:\/\/elcanillita.info\/press\/images\/2020\/09\/cristina-corteggiata-alberto_dolores-de-la-press-1.jpg","contentUrl":"https:\/\/elcanillita.info\/press\/images\/2020\/09\/cristina-corteggiata-alberto_dolores-de-la-press-1.jpg","width":569,"height":590},{"@type":"WebSite","@id":"https:\/\/elcanillita.info\/press\/#website","url":"https:\/\/elcanillita.info\/press\/","name":"ElCanillita.Info","description":"desde los Apeninos a los Andes","publisher":{"@id":"https:\/\/elcanillita.info\/press\/#organization"},"potentialAction":[{"@type":"SearchAction","target":{"@type":"EntryPoint","urlTemplate":"https:\/\/elcanillita.info\/press\/?s={search_term_string}"},"query-input":{"@type":"PropertyValueSpecification","valueRequired":true,"valueName":"search_term_string"}}],"inLanguage":"es-AR"},{"@type":"Organization","@id":"https:\/\/elcanillita.info\/press\/#organization","name":"Guzzo Photos & Graphic Publications","url":"https:\/\/elcanillita.info\/press\/","logo":{"@type":"ImageObject","inLanguage":"es-AR","@id":"https:\/\/elcanillita.info\/press\/#\/schema\/logo\/image\/","url":"https:\/\/elcanillita.info\/press\/images\/2020\/01\/cropped-cropped-cropped-elcanillitainfo.png","contentUrl":"https:\/\/elcanillita.info\/press\/images\/2020\/01\/cropped-cropped-cropped-elcanillitainfo.png","width":460,"height":50,"caption":"Guzzo Photos & Graphic Publications"},"image":{"@id":"https:\/\/elcanillita.info\/press\/#\/schema\/logo\/image\/"},"sameAs":["https:\/\/ar-ar.facebook.com\/ElCanillitainfo-114249515285712\/"]},{"@type":"Person","@id":"https:\/\/elcanillita.info\/press\/#\/schema\/person\/7fcb79f38045700919f7da6d97e71ba0","name":"SalaStampa.eu, world press service","image":{"@type":"ImageObject","inLanguage":"es-AR","@id":"https:\/\/secure.gravatar.com\/avatar\/c2f0e0d515a107624234994507816ca4724c7199cef73fc8bedebf6931d73888?s=96&d=mm&r=g","url":"https:\/\/secure.gravatar.com\/avatar\/c2f0e0d515a107624234994507816ca4724c7199cef73fc8bedebf6931d73888?s=96&d=mm&r=g","contentUrl":"https:\/\/secure.gravatar.com\/avatar\/c2f0e0d515a107624234994507816ca4724c7199cef73fc8bedebf6931d73888?s=96&d=mm&r=g","caption":"SalaStampa.eu, world press service"}}]}},"views":834,"_links":{"self":[{"href":"https:\/\/elcanillita.info\/press\/wp-json\/wp\/v2\/posts\/1093","targetHints":{"allow":["GET"]}}],"collection":[{"href":"https:\/\/elcanillita.info\/press\/wp-json\/wp\/v2\/posts"}],"about":[{"href":"https:\/\/elcanillita.info\/press\/wp-json\/wp\/v2\/types\/post"}],"author":[{"embeddable":true,"href":"https:\/\/elcanillita.info\/press\/wp-json\/wp\/v2\/users\/1"}],"replies":[{"embeddable":true,"href":"https:\/\/elcanillita.info\/press\/wp-json\/wp\/v2\/comments?post=1093"}],"version-history":[{"count":0,"href":"https:\/\/elcanillita.info\/press\/wp-json\/wp\/v2\/posts\/1093\/revisions"}],"wp:featuredmedia":[{"embeddable":true,"href":"https:\/\/elcanillita.info\/press\/wp-json\/wp\/v2\/media\/1094"}],"wp:attachment":[{"href":"https:\/\/elcanillita.info\/press\/wp-json\/wp\/v2\/media?parent=1093"}],"wp:term":[{"taxonomy":"category","embeddable":true,"href":"https:\/\/elcanillita.info\/press\/wp-json\/wp\/v2\/categories?post=1093"},{"taxonomy":"post_tag","embeddable":true,"href":"https:\/\/elcanillita.info\/press\/wp-json\/wp\/v2\/tags?post=1093"}],"curies":[{"name":"wp","href":"https:\/\/api.w.org\/{rel}","templated":true}]}}