{"id":1087,"date":"2020-09-08T02:46:08","date_gmt":"2020-09-08T05:46:08","guid":{"rendered":"https:\/\/elcanillita.info\/press\/?p=1087"},"modified":"2020-09-08T08:47:39","modified_gmt":"2020-09-08T11:47:39","slug":"el-angel-encarnado","status":"publish","type":"post","link":"https:\/\/elcanillita.info\/press\/2020\/09\/08\/el-angel-encarnado\/","title":{"rendered":"El \u00e1ngel encarnado"},"content":{"rendered":"\n<p><img decoding=\"async\" src=\"https:\/\/elcanillita.info\/press\/images\/2020\/09\/leo1.jpg\"><strong> <small>Obra de Leonardo da Vinci (Anchiano, 15.04.1452 \u2013 Amboise, 2.05.1519)<\/small> <\/strong><br><br>\n\u00bfDe d\u00f3nde viene este dise\u00f1o de &#8220;luz roja&#8221;?<br> En el siglo XIX, el dibujo perteneci\u00f3 a las colecciones reales de Windsor, donde se conserv\u00f3 junto con otros once, todos de Leonardo da Vinci, todos con un trasfondo er\u00f3tico.<br><br> Como recuerda Brian Sewell, cr\u00edtico de arte brit\u00e1nico, un d\u00eda lleg\u00f3 a Windsor un conocido erudito alem\u00e1n, &#8220;un hombre imponente con una capa al estilo de Sherlock Holmes&#8221;, que empez\u00f3 a examinar estas hojas.<\/p>\n\n\n\n<p>Tiempo despu\u00e9s, el mismo desapareci\u00f3, con evidente alivio general, lo que sugiere un consentimiento t\u00e1cito de la reina Victoria, feliz de deshacerse de temas que son nada menos que vergonzosos.<\/p>\n\n\n\n<p>El grupo de trabajos licenciosos acab\u00f3 as\u00ed en Alemania. Y aqu\u00ed es necesario se\u00f1alar un episodio que no se menciona en el cat\u00e1logo de la exposici\u00f3n y que representa una novedad.<br><br>La sobrina de Goethe, Ottilie von Goethe, se refiere a una de estas hojas, cuando en uno de sus escritos cuenta, en 1857,  de un dibujo anat\u00f3mico leonardesco &#8220;abominable&#8221; que vio en el castillo de Weimar. <br><br>Observando el tema se puede constatar que es una de las obras de Windsor y entre otras cosas, se descubre que el bibliotecario de Windsor, una vez jubilado, se traslad\u00f3 a Weimar, donde evidentemente se ocup\u00f3 de la custodia de esos atrevidos y preciosos dibujos.<\/p>\n\n\n\n<p>Por tanto, durante m\u00e1s de un siglo, el &#8220;\u00c1ngel encarnado&#8221; permaneci\u00f3 enterrado en una colecci\u00f3n alemana. En 1991, finalmente, se pudo sacar a la luz, consiguiendo que los propietarios lo presentaran en varias ocasiones, en prestigiosas exposiciones y en diversas partes del mundo.<\/p>\n\n\n\n<p>\u00bfC\u00f3mo encaja este trabajo en el proceso de transformaci\u00f3n figurativa de Leonardo?<\/p>\n\n\n\n<p>Conocemos numerosas representaciones leonardescas de \u00e1ngeles, generalmente inspiradas en el artista Gian Giacomo Caprotti, su modelo desde los diez a\u00f1os, y curiosamente apodado por \u00e9l Sala\u00ef, es decir &#8220;el diablillo&#8221;  como en el &#8220;Morgante Maggiore&#8221; de Pulci. <br><br>En particular, hay varias versiones escolares de un &#8220;\u00c1ngel de la Anunciaci\u00f3n&#8221;, del cual tambi\u00e9n hay un boceto de un alumno con correcciones de la mano del maestro, datable alrededor de 1505 y conservado en Windsor. A diferencia de estas obras &#8220;can\u00f3nicas&#8221;, en el &#8220;\u00c1ngel encarnado&#8221; la ingle es expl\u00edcita en su desnudez, con el miembro viril en erecci\u00f3n. La sonrisa angelical se ha convertido en una mueca, en una expresi\u00f3n de s\u00e1tiro a la que contribuye la estructura animal de la cabeza. El torso tiene caracteres femeninos, resaltados por el pecho pronunciado. En resumen, un hermafrodita, (con ambos sexos).<br><br>De all\u00ed el t\u00e9rmino &#8220;transexual&#8221; usado hoy, para describir una persona que se siente del sexo contrario, y adopta sus atuendos y comportamientos.  Fue acu\u00f1ado en 1949 por el Dr. David Cauldwell (1897-1959), pero se volvi\u00f3 com\u00fan despu\u00e9s de la publicaci\u00f3n del libro &#8220;The Transsexual Phenomenon&#8221; del Dr. Harry Benjamin, publicado en 1966, que pronto se convirti\u00f3 en texto de estudio universitario, por ser el primer libro que investiga la transexualidad desde un punto de vista nosol\u00f3gico, afirmando que es la \u00fanica patolog\u00eda clasificada como psiqui\u00e1trica que no se trata psiqui\u00e1tricamente. <br><br>De hecho, el psiquiatra no &#8220;cura&#8221; a la persona transexual haci\u00e9ndola sentir c\u00f3moda con su sexo de origen, sino iniciando a la persona diagnosticada con &#8220;trastorno de identidad de g\u00e9nero&#8221; a terapias endocrinol\u00f3gicas y \/ o quir\u00fargicas para iniciar el proceso de transici\u00f3n.<\/p>\n\n\n\n<p>Esta discrepancia debe enmarcarse en el hecho de que durante muchas d\u00e9cadas entre finales del siglo XIX y los primeros veinte a\u00f1os del siglo XX, la persona transexual fue realmente sometida a intentos de &#8220;curaci\u00f3n&#8221; o la desaparici\u00f3n del &#8220;trastorno&#8221;, tanto a trav\u00e9s de la psicoterapia como a trav\u00e9s de la administraci\u00f3n de hormonas del sexo gen\u00e9tico de uno.<\/p>\n\n\n\n<p>Estos intentos no tuvieron \u00e9xito y resultaron en un n\u00famero muy alto de suicidios de transexuales que se sometieron a tales tratamientos. Reci\u00e9n en 1960 se empez\u00f3 a pensar que la \u00fanica &#8220;curaci\u00f3n&#8221; de la persona transexual pod\u00eda obtenerse adaptando el cuerpo a la psique y no al rev\u00e9s.<\/p>\n\n\n\n<p>El movimiento transexual mundial rechaza el marco psiqui\u00e1trico de su condici\u00f3n, aunque es consciente de que su condici\u00f3n requiere la intervenci\u00f3n de la medicina para transformar la &#8220;disforia&#8221; en &#8220;euforia&#8221; o al menos una estabilizaci\u00f3n aceptable de la calidad de vida.<\/p>\n\n\n\n<p><strong>Clasificaci\u00f3n m\u00e9dica<\/strong><\/p>\n\n\n\n<p>Durante mucho tiempo de acuerdo con el Manual diagn\u00f3stico y estad\u00edstico de los trastornos mentales (Manual de clasificaci\u00f3n de los trastornos mentales, elaborado por la Asociaci\u00f3n Americana de Psiquiatras) y la Clasificaci\u00f3n Internacional de Enfermedades (editado por la Organizaci\u00f3n Mundial de la Salud, X edici\u00f3n ), la persona transg\u00e9nero padece un trastorno de identidad de g\u00e9nero.<br><br>Esta sensaci\u00f3n de diston\u00eda y disforia hacia el sexo de nacimiento puede desarrollarse en los primeros a\u00f1os de vida, durante la adolescencia o, m\u00e1s raramente, en la edad adulta. <br><br>El 19 de junio de 2018, la Organizaci\u00f3n Mundial de la Salud elimin\u00f3 la transexualidad de la Clasificaci\u00f3n Estad\u00edstica Internacional de Enfermedades, Lesiones y Causas de Muerte (CIE), es decir, la lista de enfermedades mentales.<\/p>\n\n\n\n<p><strong>La cuesti\u00f3n de las causas<\/strong><\/p>\n\n\n\n<p>La etiolog\u00eda del transexualismo es oficialmente desconocida y el marco psiqui\u00e1trico parece m\u00e1s una estratagema, para asegurar que los transexuales puedan acceder a la mutualidad de los Sistemas Nacionales de Salud de sus pa\u00edses, a la espera de que se aclare su verdadera etiolog\u00eda.<\/p>\n\n\n\n<p>Al respecto, la respuesta que la Dra. Peggy Cohen-Kettenis (profesora de psicolog\u00eda de la Vrije Universiteit de Amsterdam y jefa del Grupo de Trastornos de Identidad de G\u00e9nero del Departamento de Psicolog\u00eda del Centro M\u00e9dico de la misma Universidad, figura entre las importantes expertos internacionales en transexualismo) es la que di\u00f3 durante una conferencia celebrada en Bari el 31 de mayo de 2003.<\/p>\n\n\n\n<p>En esa ocasi\u00f3n, Cohen-Kettenis, a la pregunta planteada por la audiencia \u00abSi el transexual&#8221; real &#8220;es aquel al que se le permite cambiar de sexo, no tiene psicopatolog\u00eda asociada, tiene un buen resultado postratamiento, etc., \u00bfpor qu\u00e9 entonces? \u00bfLos trastornos de identidad de g\u00e9nero se incluyen en el DSM-IV, es decir, se clasifican como trastornos mentales? \u201d<br><br> Respondi\u00f3: \u201cEste es un buen punto. Creo que las principales razones se encuentran fuera del DSM.<br> <br>Por ejemplo, una raz\u00f3n pr\u00e1ctica, aunque no la m\u00e1s importante, es que sin un trastorno clasificado en el DSM, las compa\u00f1\u00edas de seguros de muchos pa\u00edses no cubrir\u00edan los costos del tratamiento. S\u00e9 que este es un problema que se est\u00e1 discutiendo en la preparaci\u00f3n del DSM-V&#8221;.<\/p>\n\n\n\n<p>Adem\u00e1s, estudios recientes parecen demostrar tanto una predisposici\u00f3n gen\u00e9tica al transexualismo como la presencia en las personas transexuales de un dimorfismo sexual del cerebro opuesto al sexo biol\u00f3gico en el que nacieron. De hecho, parece que la causa la tiene un gen que codifica una enzima llamada citocromo, que supervisa el metabolismo de las hormonas sexuales.<br><br><\/p>\n\n\n\n<p>Volviendo la mirada sobre el dise\u00f1o del da Vinci, es posible admitir que Leonardo, cuando cre\u00f3 este \u00c1ngel, lo hiciera con muchas ganas de divertirse, logrando imaginar un Leonardo inmerso y participante de la extraordinaria tradici\u00f3n popular de su tierra, pasando por una vena burlona, lasciva y malhablada.<\/p>\n\n\n\n<p>Un Leonardo que bromeaba, definiendo la &#8220;vara&#8221; como &#8220;ministro de especies humanas&#8221;; o quien se propuso a la posteridad como el autor m\u00e1s probable de una asombrosa &#8220;Cabeza f\u00e1lica&#8221;.<\/p>\n\n\n\n<p>Posiblemente sonreir\u00eda, si pudiese leer hoy en internet, el <a href=\"https:\/\/www.boletinoficial.gob.ar\/detalleAviso\/primera\/234520\/20200904\" target=\"_blank\" rel=\"noopener noreferrer\">Bolet\u00edn Oficial de la Rep\u00fablica Argentina, secci\u00f3n Legislaci\u00f3n y Avisos Oficiales, sector p\u00fablico, el Decreto 721\/2020<\/a>.<br><br><small>\u00a9 2020 Ruben Guzzo \/ SalaStampaEu &#8211; ElCanillita.Info &#8211;  Informaci\u00f3n de dominio p\u00fablico<\/small> <\/p>\n","protected":false},"excerpt":{"rendered":"<p>En el siglo XIX, el dibujo perteneci\u00f3 a las colecciones reales de Windsor, donde se conserv\u00f3 junto con otros once, todos de Leonardo da Vinci, todos con un trasfondo er\u00f3tico.<\/p>\n","protected":false},"author":1,"featured_media":1088,"comment_status":"closed","ping_status":"closed","sticky":false,"template":"","format":"standard","meta":{"footnotes":"","_links_to":"","_links_to_target":""},"categories":[70,18,19,47,25],"tags":[],"class_list":["post-1087","post","type-post","status-publish","format-standard","has-post-thumbnail","hentry","category-actualidad","category-cosmo","category-cultura","category-etiologia","category-sociedad","entry","double"],"yoast_head":"<!-- This site is optimized with the Yoast SEO plugin v27.4 - https:\/\/yoast.com\/product\/yoast-seo-wordpress\/ -->\n<title>El \u00e1ngel encarnado - ElCanillita.Info<\/title>\n<meta name=\"robots\" content=\"index, follow, max-snippet:-1, max-image-preview:large, max-video-preview:-1\" \/>\n<link rel=\"canonical\" href=\"https:\/\/elcanillita.info\/press\/2020\/09\/08\/el-angel-encarnado\/\" \/>\n<meta property=\"og:locale\" content=\"es_ES\" \/>\n<meta property=\"og:type\" content=\"article\" \/>\n<meta property=\"og:title\" content=\"El \u00e1ngel encarnado - ElCanillita.Info\" \/>\n<meta property=\"og:description\" content=\"En el siglo XIX, el dibujo perteneci\u00f3 a las colecciones reales de Windsor, donde se conserv\u00f3 junto con otros once, todos de Leonardo da Vinci, todos con un trasfondo er\u00f3tico.\" \/>\n<meta property=\"og:url\" content=\"https:\/\/elcanillita.info\/press\/2020\/09\/08\/el-angel-encarnado\/\" \/>\n<meta property=\"og:site_name\" content=\"ElCanillita.Info\" \/>\n<meta property=\"article:publisher\" content=\"https:\/\/ar-ar.facebook.com\/ElCanillitainfo-114249515285712\/\" \/>\n<meta property=\"article:published_time\" content=\"2020-09-08T05:46:08+00:00\" \/>\n<meta property=\"article:modified_time\" content=\"2020-09-08T11:47:39+00:00\" \/>\n<meta property=\"og:image\" content=\"https:\/\/elcanillita.info\/press\/images\/2020\/09\/leo-1.jpg\" \/>\n\t<meta property=\"og:image:width\" content=\"600\" \/>\n\t<meta property=\"og:image:height\" content=\"400\" \/>\n\t<meta property=\"og:image:type\" content=\"image\/jpeg\" \/>\n<meta name=\"author\" content=\"SalaStampa.eu, world press service\" \/>\n<meta name=\"twitter:card\" content=\"summary_large_image\" \/>\n<meta name=\"twitter:label1\" content=\"Escrito por\" \/>\n\t<meta name=\"twitter:data1\" content=\"SalaStampa.eu, world press service\" \/>\n\t<meta name=\"twitter:label2\" content=\"Tiempo de lectura\" \/>\n\t<meta name=\"twitter:data2\" content=\"7 minutos\" \/>\n<script type=\"application\/ld+json\" class=\"yoast-schema-graph\">{\"@context\":\"https:\\\/\\\/schema.org\",\"@graph\":[{\"@type\":\"Article\",\"@id\":\"https:\\\/\\\/elcanillita.info\\\/press\\\/2020\\\/09\\\/08\\\/el-angel-encarnado\\\/#article\",\"isPartOf\":{\"@id\":\"https:\\\/\\\/elcanillita.info\\\/press\\\/2020\\\/09\\\/08\\\/el-angel-encarnado\\\/\"},\"author\":{\"name\":\"SalaStampa.eu, world press service\",\"@id\":\"https:\\\/\\\/elcanillita.info\\\/press\\\/#\\\/schema\\\/person\\\/7fcb79f38045700919f7da6d97e71ba0\"},\"headline\":\"El \u00e1ngel encarnado\",\"datePublished\":\"2020-09-08T05:46:08+00:00\",\"dateModified\":\"2020-09-08T11:47:39+00:00\",\"mainEntityOfPage\":{\"@id\":\"https:\\\/\\\/elcanillita.info\\\/press\\\/2020\\\/09\\\/08\\\/el-angel-encarnado\\\/\"},\"wordCount\":1320,\"publisher\":{\"@id\":\"https:\\\/\\\/elcanillita.info\\\/press\\\/#organization\"},\"image\":{\"@id\":\"https:\\\/\\\/elcanillita.info\\\/press\\\/2020\\\/09\\\/08\\\/el-angel-encarnado\\\/#primaryimage\"},\"thumbnailUrl\":\"https:\\\/\\\/elcanillita.info\\\/press\\\/images\\\/2020\\\/09\\\/leo-1.jpg\",\"articleSection\":[\"Actualidad\",\"Cosmo\",\"Cultura\",\"Etiologia\",\"Sociedad\"],\"inLanguage\":\"es-AR\"},{\"@type\":\"WebPage\",\"@id\":\"https:\\\/\\\/elcanillita.info\\\/press\\\/2020\\\/09\\\/08\\\/el-angel-encarnado\\\/\",\"url\":\"https:\\\/\\\/elcanillita.info\\\/press\\\/2020\\\/09\\\/08\\\/el-angel-encarnado\\\/\",\"name\":\"El \u00e1ngel encarnado - ElCanillita.Info\",\"isPartOf\":{\"@id\":\"https:\\\/\\\/elcanillita.info\\\/press\\\/#website\"},\"primaryImageOfPage\":{\"@id\":\"https:\\\/\\\/elcanillita.info\\\/press\\\/2020\\\/09\\\/08\\\/el-angel-encarnado\\\/#primaryimage\"},\"image\":{\"@id\":\"https:\\\/\\\/elcanillita.info\\\/press\\\/2020\\\/09\\\/08\\\/el-angel-encarnado\\\/#primaryimage\"},\"thumbnailUrl\":\"https:\\\/\\\/elcanillita.info\\\/press\\\/images\\\/2020\\\/09\\\/leo-1.jpg\",\"datePublished\":\"2020-09-08T05:46:08+00:00\",\"dateModified\":\"2020-09-08T11:47:39+00:00\",\"inLanguage\":\"es-AR\",\"potentialAction\":[{\"@type\":\"ReadAction\",\"target\":[\"https:\\\/\\\/elcanillita.info\\\/press\\\/2020\\\/09\\\/08\\\/el-angel-encarnado\\\/\"]}]},{\"@type\":\"ImageObject\",\"inLanguage\":\"es-AR\",\"@id\":\"https:\\\/\\\/elcanillita.info\\\/press\\\/2020\\\/09\\\/08\\\/el-angel-encarnado\\\/#primaryimage\",\"url\":\"https:\\\/\\\/elcanillita.info\\\/press\\\/images\\\/2020\\\/09\\\/leo-1.jpg\",\"contentUrl\":\"https:\\\/\\\/elcanillita.info\\\/press\\\/images\\\/2020\\\/09\\\/leo-1.jpg\",\"width\":600,\"height\":400},{\"@type\":\"WebSite\",\"@id\":\"https:\\\/\\\/elcanillita.info\\\/press\\\/#website\",\"url\":\"https:\\\/\\\/elcanillita.info\\\/press\\\/\",\"name\":\"ElCanillita.Info\",\"description\":\"desde los Apeninos a los Andes\",\"publisher\":{\"@id\":\"https:\\\/\\\/elcanillita.info\\\/press\\\/#organization\"},\"potentialAction\":[{\"@type\":\"SearchAction\",\"target\":{\"@type\":\"EntryPoint\",\"urlTemplate\":\"https:\\\/\\\/elcanillita.info\\\/press\\\/?s={search_term_string}\"},\"query-input\":{\"@type\":\"PropertyValueSpecification\",\"valueRequired\":true,\"valueName\":\"search_term_string\"}}],\"inLanguage\":\"es-AR\"},{\"@type\":\"Organization\",\"@id\":\"https:\\\/\\\/elcanillita.info\\\/press\\\/#organization\",\"name\":\"Guzzo Photos & Graphic Publications\",\"url\":\"https:\\\/\\\/elcanillita.info\\\/press\\\/\",\"logo\":{\"@type\":\"ImageObject\",\"inLanguage\":\"es-AR\",\"@id\":\"https:\\\/\\\/elcanillita.info\\\/press\\\/#\\\/schema\\\/logo\\\/image\\\/\",\"url\":\"https:\\\/\\\/elcanillita.info\\\/press\\\/images\\\/2020\\\/01\\\/cropped-cropped-cropped-elcanillitainfo.png\",\"contentUrl\":\"https:\\\/\\\/elcanillita.info\\\/press\\\/images\\\/2020\\\/01\\\/cropped-cropped-cropped-elcanillitainfo.png\",\"width\":460,\"height\":50,\"caption\":\"Guzzo Photos & Graphic Publications\"},\"image\":{\"@id\":\"https:\\\/\\\/elcanillita.info\\\/press\\\/#\\\/schema\\\/logo\\\/image\\\/\"},\"sameAs\":[\"https:\\\/\\\/ar-ar.facebook.com\\\/ElCanillitainfo-114249515285712\\\/\"]},{\"@type\":\"Person\",\"@id\":\"https:\\\/\\\/elcanillita.info\\\/press\\\/#\\\/schema\\\/person\\\/7fcb79f38045700919f7da6d97e71ba0\",\"name\":\"SalaStampa.eu, world press service\",\"image\":{\"@type\":\"ImageObject\",\"inLanguage\":\"es-AR\",\"@id\":\"https:\\\/\\\/secure.gravatar.com\\\/avatar\\\/c2f0e0d515a107624234994507816ca4724c7199cef73fc8bedebf6931d73888?s=96&d=mm&r=g\",\"url\":\"https:\\\/\\\/secure.gravatar.com\\\/avatar\\\/c2f0e0d515a107624234994507816ca4724c7199cef73fc8bedebf6931d73888?s=96&d=mm&r=g\",\"contentUrl\":\"https:\\\/\\\/secure.gravatar.com\\\/avatar\\\/c2f0e0d515a107624234994507816ca4724c7199cef73fc8bedebf6931d73888?s=96&d=mm&r=g\",\"caption\":\"SalaStampa.eu, world press service\"}}]}<\/script>\n<!-- \/ Yoast SEO plugin. -->","yoast_head_json":{"title":"El \u00e1ngel encarnado - ElCanillita.Info","robots":{"index":"index","follow":"follow","max-snippet":"max-snippet:-1","max-image-preview":"max-image-preview:large","max-video-preview":"max-video-preview:-1"},"canonical":"https:\/\/elcanillita.info\/press\/2020\/09\/08\/el-angel-encarnado\/","og_locale":"es_ES","og_type":"article","og_title":"El \u00e1ngel encarnado - ElCanillita.Info","og_description":"En el siglo XIX, el dibujo perteneci\u00f3 a las colecciones reales de Windsor, donde se conserv\u00f3 junto con otros once, todos de Leonardo da Vinci, todos con un trasfondo er\u00f3tico.","og_url":"https:\/\/elcanillita.info\/press\/2020\/09\/08\/el-angel-encarnado\/","og_site_name":"ElCanillita.Info","article_publisher":"https:\/\/ar-ar.facebook.com\/ElCanillitainfo-114249515285712\/","article_published_time":"2020-09-08T05:46:08+00:00","article_modified_time":"2020-09-08T11:47:39+00:00","og_image":[{"width":600,"height":400,"url":"https:\/\/elcanillita.info\/press\/images\/2020\/09\/leo-1.jpg","type":"image\/jpeg"}],"author":"SalaStampa.eu, world press service","twitter_card":"summary_large_image","twitter_misc":{"Escrito por":"SalaStampa.eu, world press service","Tiempo de lectura":"7 minutos"},"schema":{"@context":"https:\/\/schema.org","@graph":[{"@type":"Article","@id":"https:\/\/elcanillita.info\/press\/2020\/09\/08\/el-angel-encarnado\/#article","isPartOf":{"@id":"https:\/\/elcanillita.info\/press\/2020\/09\/08\/el-angel-encarnado\/"},"author":{"name":"SalaStampa.eu, world press service","@id":"https:\/\/elcanillita.info\/press\/#\/schema\/person\/7fcb79f38045700919f7da6d97e71ba0"},"headline":"El \u00e1ngel encarnado","datePublished":"2020-09-08T05:46:08+00:00","dateModified":"2020-09-08T11:47:39+00:00","mainEntityOfPage":{"@id":"https:\/\/elcanillita.info\/press\/2020\/09\/08\/el-angel-encarnado\/"},"wordCount":1320,"publisher":{"@id":"https:\/\/elcanillita.info\/press\/#organization"},"image":{"@id":"https:\/\/elcanillita.info\/press\/2020\/09\/08\/el-angel-encarnado\/#primaryimage"},"thumbnailUrl":"https:\/\/elcanillita.info\/press\/images\/2020\/09\/leo-1.jpg","articleSection":["Actualidad","Cosmo","Cultura","Etiologia","Sociedad"],"inLanguage":"es-AR"},{"@type":"WebPage","@id":"https:\/\/elcanillita.info\/press\/2020\/09\/08\/el-angel-encarnado\/","url":"https:\/\/elcanillita.info\/press\/2020\/09\/08\/el-angel-encarnado\/","name":"El \u00e1ngel encarnado - ElCanillita.Info","isPartOf":{"@id":"https:\/\/elcanillita.info\/press\/#website"},"primaryImageOfPage":{"@id":"https:\/\/elcanillita.info\/press\/2020\/09\/08\/el-angel-encarnado\/#primaryimage"},"image":{"@id":"https:\/\/elcanillita.info\/press\/2020\/09\/08\/el-angel-encarnado\/#primaryimage"},"thumbnailUrl":"https:\/\/elcanillita.info\/press\/images\/2020\/09\/leo-1.jpg","datePublished":"2020-09-08T05:46:08+00:00","dateModified":"2020-09-08T11:47:39+00:00","inLanguage":"es-AR","potentialAction":[{"@type":"ReadAction","target":["https:\/\/elcanillita.info\/press\/2020\/09\/08\/el-angel-encarnado\/"]}]},{"@type":"ImageObject","inLanguage":"es-AR","@id":"https:\/\/elcanillita.info\/press\/2020\/09\/08\/el-angel-encarnado\/#primaryimage","url":"https:\/\/elcanillita.info\/press\/images\/2020\/09\/leo-1.jpg","contentUrl":"https:\/\/elcanillita.info\/press\/images\/2020\/09\/leo-1.jpg","width":600,"height":400},{"@type":"WebSite","@id":"https:\/\/elcanillita.info\/press\/#website","url":"https:\/\/elcanillita.info\/press\/","name":"ElCanillita.Info","description":"desde los Apeninos a los Andes","publisher":{"@id":"https:\/\/elcanillita.info\/press\/#organization"},"potentialAction":[{"@type":"SearchAction","target":{"@type":"EntryPoint","urlTemplate":"https:\/\/elcanillita.info\/press\/?s={search_term_string}"},"query-input":{"@type":"PropertyValueSpecification","valueRequired":true,"valueName":"search_term_string"}}],"inLanguage":"es-AR"},{"@type":"Organization","@id":"https:\/\/elcanillita.info\/press\/#organization","name":"Guzzo Photos & Graphic Publications","url":"https:\/\/elcanillita.info\/press\/","logo":{"@type":"ImageObject","inLanguage":"es-AR","@id":"https:\/\/elcanillita.info\/press\/#\/schema\/logo\/image\/","url":"https:\/\/elcanillita.info\/press\/images\/2020\/01\/cropped-cropped-cropped-elcanillitainfo.png","contentUrl":"https:\/\/elcanillita.info\/press\/images\/2020\/01\/cropped-cropped-cropped-elcanillitainfo.png","width":460,"height":50,"caption":"Guzzo Photos & Graphic Publications"},"image":{"@id":"https:\/\/elcanillita.info\/press\/#\/schema\/logo\/image\/"},"sameAs":["https:\/\/ar-ar.facebook.com\/ElCanillitainfo-114249515285712\/"]},{"@type":"Person","@id":"https:\/\/elcanillita.info\/press\/#\/schema\/person\/7fcb79f38045700919f7da6d97e71ba0","name":"SalaStampa.eu, world press service","image":{"@type":"ImageObject","inLanguage":"es-AR","@id":"https:\/\/secure.gravatar.com\/avatar\/c2f0e0d515a107624234994507816ca4724c7199cef73fc8bedebf6931d73888?s=96&d=mm&r=g","url":"https:\/\/secure.gravatar.com\/avatar\/c2f0e0d515a107624234994507816ca4724c7199cef73fc8bedebf6931d73888?s=96&d=mm&r=g","contentUrl":"https:\/\/secure.gravatar.com\/avatar\/c2f0e0d515a107624234994507816ca4724c7199cef73fc8bedebf6931d73888?s=96&d=mm&r=g","caption":"SalaStampa.eu, world press service"}}]}},"views":902,"_links":{"self":[{"href":"https:\/\/elcanillita.info\/press\/wp-json\/wp\/v2\/posts\/1087","targetHints":{"allow":["GET"]}}],"collection":[{"href":"https:\/\/elcanillita.info\/press\/wp-json\/wp\/v2\/posts"}],"about":[{"href":"https:\/\/elcanillita.info\/press\/wp-json\/wp\/v2\/types\/post"}],"author":[{"embeddable":true,"href":"https:\/\/elcanillita.info\/press\/wp-json\/wp\/v2\/users\/1"}],"replies":[{"embeddable":true,"href":"https:\/\/elcanillita.info\/press\/wp-json\/wp\/v2\/comments?post=1087"}],"version-history":[{"count":0,"href":"https:\/\/elcanillita.info\/press\/wp-json\/wp\/v2\/posts\/1087\/revisions"}],"wp:featuredmedia":[{"embeddable":true,"href":"https:\/\/elcanillita.info\/press\/wp-json\/wp\/v2\/media\/1088"}],"wp:attachment":[{"href":"https:\/\/elcanillita.info\/press\/wp-json\/wp\/v2\/media?parent=1087"}],"wp:term":[{"taxonomy":"category","embeddable":true,"href":"https:\/\/elcanillita.info\/press\/wp-json\/wp\/v2\/categories?post=1087"},{"taxonomy":"post_tag","embeddable":true,"href":"https:\/\/elcanillita.info\/press\/wp-json\/wp\/v2\/tags?post=1087"}],"curies":[{"name":"wp","href":"https:\/\/api.w.org\/{rel}","templated":true}]}}