{"id":108,"date":"2020-01-14T15:13:14","date_gmt":"2020-01-14T18:13:14","guid":{"rendered":"https:\/\/elcanillita.info\/press\/?p=108"},"modified":"2020-01-17T09:09:48","modified_gmt":"2020-01-17T12:09:48","slug":"tribunal-supremo-venezuela-pide-a-parra-documentos-de-junta-directiva-del-parlamento","status":"publish","type":"post","link":"https:\/\/elcanillita.info\/press\/2020\/01\/14\/tribunal-supremo-venezuela-pide-a-parra-documentos-de-junta-directiva-del-parlamento\/","title":{"rendered":"Tribunal Supremo de Venezuela pide a Parra documentos de Junta Directiva del Parlamento"},"content":{"rendered":"\n<p>Caracas, 14.01.2020 &#8211; El Tribunal Supremo de Justicia (TSJ) de Venezuela orden\u00f3 este lunes al diputado Luis Parra y el resto de los diputados que lo apoyan, enviar los documentos necesarios de la elecci\u00f3n de la Junta Directiva de la Asamblea Nacional.<\/p>\n\n\n\n<p>En un comunicado de prensa, el m\u00e1ximo tribunal del pa\u00eds le pidi\u00f3 a Parra, Franklin Duarte y Jos\u00e9 Gregorio Noriega, quienes actuar\u00edan como presidente y vicepresidentes respectivamente, el informe sobre el acto parlamentario de conformaci\u00f3n de la nueva Junta Directiva y el qu\u00f3rum de la sesi\u00f3n realizado el pasado 5 de enero. Tienen cinco d\u00edas para entregarlos.<\/p>\n\n\n\n<p>Amnist\u00eda Internacional condena acciones de Maduro contra diputados opositores<\/p>\n\n\n\n<p>Ese domingo, como lo establecen las leyes venezolanas, los diputados opositores sesionaron en una sala del diario&nbsp;El Nacional, despu\u00e9s de que se le impidiera el acceso a Juan Guaid\u00f3 y a otros diputados a la sede del poder legislativo para la sesi\u00f3n de instalaci\u00f3n. En esta reuni\u00f3n, 100 diputados eligieron a la junta directiva de la AN y ratificaron a Juan Guaid\u00f3 como presidente encargado del pa\u00eds.&nbsp;<\/p>\n\n\n\n<p>Sin embargo, la bancada oficialista y un grupo de diputados que hab\u00eda sido separado de la oposici\u00f3n jurament\u00f3 al diputado Parra. El parlamentario obtuvo el reconocimiento del gobierno en disputa a pesar de que su elecci\u00f3n no cont\u00f3 con las condiciones.<\/p>\n\n\n\n<p>Ya el presidente en disputa Nicol\u00e1s Maduro y la oficialista Asamblea Nacional Constituyente le ofrecieron su respaldo. Sin embargo, el Departamento de Tesoro estadounidense sancion\u00f3 este mismo lunes a los tres diputados que el TSJ llama a presentar credencial y a otros cuatro diputados separados de la oposici\u00f3n.&nbsp;<\/p>\n\n\n\n<p>EE.UU. sanciona a Luis Parra y otros seis diputados venezolanos<\/p>\n\n\n\n<p>En el comunicado, el TSJ tambi\u00e9n acept\u00f3 la acci\u00f3n de amparo constitucional contra quienes la oposici\u00f3n reconoce como la leg\u00edtima Junta Directiva de la AN: Guaid\u00f3, Juan Pablo Guanipa y Carlos Berrizbeitia.<\/p>\n\n\n\n<p>Este mismo d\u00eda&nbsp;la Canciller\u00eda inform\u00f3 que Maduro realizar\u00e1 el mensaje anual al pa\u00eds este martes en el Palacio Federal Legislativo. Las leyes venezolanas estipulan que debe hacerlo ante la AN.<br><br>\n<small>2020 voanoticias \u2013 salastampa.eu, afiliada a la red Broadcasting Board of Governors \u00a9 2020 BBG<\/small><\/p>\n","protected":false},"excerpt":{"rendered":"<p>Caracas, 14.01.2020 &#8211; El Tribunal Supremo de Justicia (TSJ) de Venezuela orden\u00f3 este lunes al diputado Luis Parra y el resto de los diputados que lo apoyan, enviar los documentos necesarios de la elecci\u00f3n de la Junta Directiva de la Asamblea Nacional.<\/p>\n","protected":false},"author":1,"featured_media":0,"comment_status":"closed","ping_status":"closed","sticky":false,"template":"","format":"standard","meta":{"footnotes":"","_links_to":"","_links_to_target":""},"categories":[11,23,25],"tags":[37],"class_list":["post-108","post","type-post","status-publish","format-standard","hentry","category-america-del-sur","category-politica","category-sociedad","tag-venezuela","entry","double"],"yoast_head":"<!-- This site is optimized with the Yoast SEO plugin v27.4 - https:\/\/yoast.com\/product\/yoast-seo-wordpress\/ -->\n<title>Tribunal Supremo de Venezuela pide a Parra documentos de Junta Directiva del Parlamento - ElCanillita.Info<\/title>\n<meta name=\"robots\" content=\"index, follow, max-snippet:-1, max-image-preview:large, max-video-preview:-1\" \/>\n<link rel=\"canonical\" href=\"https:\/\/elcanillita.info\/press\/2020\/01\/14\/tribunal-supremo-venezuela-pide-a-parra-documentos-de-junta-directiva-del-parlamento\/\" \/>\n<meta property=\"og:locale\" content=\"es_ES\" \/>\n<meta property=\"og:type\" content=\"article\" \/>\n<meta property=\"og:title\" content=\"Tribunal Supremo de Venezuela pide a Parra documentos de Junta Directiva del Parlamento - ElCanillita.Info\" \/>\n<meta property=\"og:description\" content=\"Caracas, 14.01.2020 - El Tribunal Supremo de Justicia (TSJ) de Venezuela orden\u00f3 este lunes al diputado Luis Parra y el resto de los diputados que lo apoyan, enviar los documentos necesarios de la elecci\u00f3n de la Junta Directiva de la Asamblea Nacional.\" \/>\n<meta property=\"og:url\" content=\"https:\/\/elcanillita.info\/press\/2020\/01\/14\/tribunal-supremo-venezuela-pide-a-parra-documentos-de-junta-directiva-del-parlamento\/\" \/>\n<meta property=\"og:site_name\" content=\"ElCanillita.Info\" \/>\n<meta property=\"article:publisher\" content=\"https:\/\/ar-ar.facebook.com\/ElCanillitainfo-114249515285712\/\" \/>\n<meta property=\"article:published_time\" content=\"2020-01-14T18:13:14+00:00\" \/>\n<meta property=\"article:modified_time\" content=\"2020-01-17T12:09:48+00:00\" \/>\n<meta name=\"author\" content=\"SalaStampa.eu, world press service\" \/>\n<meta name=\"twitter:card\" content=\"summary_large_image\" \/>\n<meta name=\"twitter:label1\" content=\"Escrito por\" \/>\n\t<meta name=\"twitter:data1\" content=\"SalaStampa.eu, world press service\" \/>\n\t<meta name=\"twitter:label2\" content=\"Tiempo de lectura\" \/>\n\t<meta name=\"twitter:data2\" content=\"2 minutos\" \/>\n<script type=\"application\/ld+json\" class=\"yoast-schema-graph\">{\"@context\":\"https:\\\/\\\/schema.org\",\"@graph\":[{\"@type\":\"Article\",\"@id\":\"https:\\\/\\\/elcanillita.info\\\/press\\\/2020\\\/01\\\/14\\\/tribunal-supremo-venezuela-pide-a-parra-documentos-de-junta-directiva-del-parlamento\\\/#article\",\"isPartOf\":{\"@id\":\"https:\\\/\\\/elcanillita.info\\\/press\\\/2020\\\/01\\\/14\\\/tribunal-supremo-venezuela-pide-a-parra-documentos-de-junta-directiva-del-parlamento\\\/\"},\"author\":{\"name\":\"SalaStampa.eu, world press service\",\"@id\":\"https:\\\/\\\/elcanillita.info\\\/press\\\/#\\\/schema\\\/person\\\/7fcb79f38045700919f7da6d97e71ba0\"},\"headline\":\"Tribunal Supremo de Venezuela pide a Parra documentos de Junta Directiva del Parlamento\",\"datePublished\":\"2020-01-14T18:13:14+00:00\",\"dateModified\":\"2020-01-17T12:09:48+00:00\",\"mainEntityOfPage\":{\"@id\":\"https:\\\/\\\/elcanillita.info\\\/press\\\/2020\\\/01\\\/14\\\/tribunal-supremo-venezuela-pide-a-parra-documentos-de-junta-directiva-del-parlamento\\\/\"},\"wordCount\":391,\"publisher\":{\"@id\":\"https:\\\/\\\/elcanillita.info\\\/press\\\/#organization\"},\"keywords\":[\"Venezuela\"],\"articleSection\":[\"Am\u00e9rica del Sur\",\"Politica\",\"Sociedad\"],\"inLanguage\":\"es-AR\"},{\"@type\":\"WebPage\",\"@id\":\"https:\\\/\\\/elcanillita.info\\\/press\\\/2020\\\/01\\\/14\\\/tribunal-supremo-venezuela-pide-a-parra-documentos-de-junta-directiva-del-parlamento\\\/\",\"url\":\"https:\\\/\\\/elcanillita.info\\\/press\\\/2020\\\/01\\\/14\\\/tribunal-supremo-venezuela-pide-a-parra-documentos-de-junta-directiva-del-parlamento\\\/\",\"name\":\"Tribunal Supremo de Venezuela pide a Parra documentos de Junta Directiva del Parlamento - ElCanillita.Info\",\"isPartOf\":{\"@id\":\"https:\\\/\\\/elcanillita.info\\\/press\\\/#website\"},\"datePublished\":\"2020-01-14T18:13:14+00:00\",\"dateModified\":\"2020-01-17T12:09:48+00:00\",\"inLanguage\":\"es-AR\",\"potentialAction\":[{\"@type\":\"ReadAction\",\"target\":[\"https:\\\/\\\/elcanillita.info\\\/press\\\/2020\\\/01\\\/14\\\/tribunal-supremo-venezuela-pide-a-parra-documentos-de-junta-directiva-del-parlamento\\\/\"]}]},{\"@type\":\"WebSite\",\"@id\":\"https:\\\/\\\/elcanillita.info\\\/press\\\/#website\",\"url\":\"https:\\\/\\\/elcanillita.info\\\/press\\\/\",\"name\":\"ElCanillita.Info\",\"description\":\"desde los Apeninos a los Andes\",\"publisher\":{\"@id\":\"https:\\\/\\\/elcanillita.info\\\/press\\\/#organization\"},\"potentialAction\":[{\"@type\":\"SearchAction\",\"target\":{\"@type\":\"EntryPoint\",\"urlTemplate\":\"https:\\\/\\\/elcanillita.info\\\/press\\\/?s={search_term_string}\"},\"query-input\":{\"@type\":\"PropertyValueSpecification\",\"valueRequired\":true,\"valueName\":\"search_term_string\"}}],\"inLanguage\":\"es-AR\"},{\"@type\":\"Organization\",\"@id\":\"https:\\\/\\\/elcanillita.info\\\/press\\\/#organization\",\"name\":\"Guzzo Photos & Graphic Publications\",\"url\":\"https:\\\/\\\/elcanillita.info\\\/press\\\/\",\"logo\":{\"@type\":\"ImageObject\",\"inLanguage\":\"es-AR\",\"@id\":\"https:\\\/\\\/elcanillita.info\\\/press\\\/#\\\/schema\\\/logo\\\/image\\\/\",\"url\":\"https:\\\/\\\/elcanillita.info\\\/press\\\/images\\\/2020\\\/01\\\/cropped-cropped-cropped-elcanillitainfo.png\",\"contentUrl\":\"https:\\\/\\\/elcanillita.info\\\/press\\\/images\\\/2020\\\/01\\\/cropped-cropped-cropped-elcanillitainfo.png\",\"width\":460,\"height\":50,\"caption\":\"Guzzo Photos & Graphic Publications\"},\"image\":{\"@id\":\"https:\\\/\\\/elcanillita.info\\\/press\\\/#\\\/schema\\\/logo\\\/image\\\/\"},\"sameAs\":[\"https:\\\/\\\/ar-ar.facebook.com\\\/ElCanillitainfo-114249515285712\\\/\"]},{\"@type\":\"Person\",\"@id\":\"https:\\\/\\\/elcanillita.info\\\/press\\\/#\\\/schema\\\/person\\\/7fcb79f38045700919f7da6d97e71ba0\",\"name\":\"SalaStampa.eu, world press service\",\"image\":{\"@type\":\"ImageObject\",\"inLanguage\":\"es-AR\",\"@id\":\"https:\\\/\\\/secure.gravatar.com\\\/avatar\\\/c2f0e0d515a107624234994507816ca4724c7199cef73fc8bedebf6931d73888?s=96&d=mm&r=g\",\"url\":\"https:\\\/\\\/secure.gravatar.com\\\/avatar\\\/c2f0e0d515a107624234994507816ca4724c7199cef73fc8bedebf6931d73888?s=96&d=mm&r=g\",\"contentUrl\":\"https:\\\/\\\/secure.gravatar.com\\\/avatar\\\/c2f0e0d515a107624234994507816ca4724c7199cef73fc8bedebf6931d73888?s=96&d=mm&r=g\",\"caption\":\"SalaStampa.eu, world press service\"}}]}<\/script>\n<!-- \/ Yoast SEO plugin. -->","yoast_head_json":{"title":"Tribunal Supremo de Venezuela pide a Parra documentos de Junta Directiva del Parlamento - ElCanillita.Info","robots":{"index":"index","follow":"follow","max-snippet":"max-snippet:-1","max-image-preview":"max-image-preview:large","max-video-preview":"max-video-preview:-1"},"canonical":"https:\/\/elcanillita.info\/press\/2020\/01\/14\/tribunal-supremo-venezuela-pide-a-parra-documentos-de-junta-directiva-del-parlamento\/","og_locale":"es_ES","og_type":"article","og_title":"Tribunal Supremo de Venezuela pide a Parra documentos de Junta Directiva del Parlamento - ElCanillita.Info","og_description":"Caracas, 14.01.2020 - El Tribunal Supremo de Justicia (TSJ) de Venezuela orden\u00f3 este lunes al diputado Luis Parra y el resto de los diputados que lo apoyan, enviar los documentos necesarios de la elecci\u00f3n de la Junta Directiva de la Asamblea Nacional.","og_url":"https:\/\/elcanillita.info\/press\/2020\/01\/14\/tribunal-supremo-venezuela-pide-a-parra-documentos-de-junta-directiva-del-parlamento\/","og_site_name":"ElCanillita.Info","article_publisher":"https:\/\/ar-ar.facebook.com\/ElCanillitainfo-114249515285712\/","article_published_time":"2020-01-14T18:13:14+00:00","article_modified_time":"2020-01-17T12:09:48+00:00","author":"SalaStampa.eu, world press service","twitter_card":"summary_large_image","twitter_misc":{"Escrito por":"SalaStampa.eu, world press service","Tiempo de lectura":"2 minutos"},"schema":{"@context":"https:\/\/schema.org","@graph":[{"@type":"Article","@id":"https:\/\/elcanillita.info\/press\/2020\/01\/14\/tribunal-supremo-venezuela-pide-a-parra-documentos-de-junta-directiva-del-parlamento\/#article","isPartOf":{"@id":"https:\/\/elcanillita.info\/press\/2020\/01\/14\/tribunal-supremo-venezuela-pide-a-parra-documentos-de-junta-directiva-del-parlamento\/"},"author":{"name":"SalaStampa.eu, world press service","@id":"https:\/\/elcanillita.info\/press\/#\/schema\/person\/7fcb79f38045700919f7da6d97e71ba0"},"headline":"Tribunal Supremo de Venezuela pide a Parra documentos de Junta Directiva del Parlamento","datePublished":"2020-01-14T18:13:14+00:00","dateModified":"2020-01-17T12:09:48+00:00","mainEntityOfPage":{"@id":"https:\/\/elcanillita.info\/press\/2020\/01\/14\/tribunal-supremo-venezuela-pide-a-parra-documentos-de-junta-directiva-del-parlamento\/"},"wordCount":391,"publisher":{"@id":"https:\/\/elcanillita.info\/press\/#organization"},"keywords":["Venezuela"],"articleSection":["Am\u00e9rica del Sur","Politica","Sociedad"],"inLanguage":"es-AR"},{"@type":"WebPage","@id":"https:\/\/elcanillita.info\/press\/2020\/01\/14\/tribunal-supremo-venezuela-pide-a-parra-documentos-de-junta-directiva-del-parlamento\/","url":"https:\/\/elcanillita.info\/press\/2020\/01\/14\/tribunal-supremo-venezuela-pide-a-parra-documentos-de-junta-directiva-del-parlamento\/","name":"Tribunal Supremo de Venezuela pide a Parra documentos de Junta Directiva del Parlamento - ElCanillita.Info","isPartOf":{"@id":"https:\/\/elcanillita.info\/press\/#website"},"datePublished":"2020-01-14T18:13:14+00:00","dateModified":"2020-01-17T12:09:48+00:00","inLanguage":"es-AR","potentialAction":[{"@type":"ReadAction","target":["https:\/\/elcanillita.info\/press\/2020\/01\/14\/tribunal-supremo-venezuela-pide-a-parra-documentos-de-junta-directiva-del-parlamento\/"]}]},{"@type":"WebSite","@id":"https:\/\/elcanillita.info\/press\/#website","url":"https:\/\/elcanillita.info\/press\/","name":"ElCanillita.Info","description":"desde los Apeninos a los Andes","publisher":{"@id":"https:\/\/elcanillita.info\/press\/#organization"},"potentialAction":[{"@type":"SearchAction","target":{"@type":"EntryPoint","urlTemplate":"https:\/\/elcanillita.info\/press\/?s={search_term_string}"},"query-input":{"@type":"PropertyValueSpecification","valueRequired":true,"valueName":"search_term_string"}}],"inLanguage":"es-AR"},{"@type":"Organization","@id":"https:\/\/elcanillita.info\/press\/#organization","name":"Guzzo Photos & Graphic Publications","url":"https:\/\/elcanillita.info\/press\/","logo":{"@type":"ImageObject","inLanguage":"es-AR","@id":"https:\/\/elcanillita.info\/press\/#\/schema\/logo\/image\/","url":"https:\/\/elcanillita.info\/press\/images\/2020\/01\/cropped-cropped-cropped-elcanillitainfo.png","contentUrl":"https:\/\/elcanillita.info\/press\/images\/2020\/01\/cropped-cropped-cropped-elcanillitainfo.png","width":460,"height":50,"caption":"Guzzo Photos & Graphic Publications"},"image":{"@id":"https:\/\/elcanillita.info\/press\/#\/schema\/logo\/image\/"},"sameAs":["https:\/\/ar-ar.facebook.com\/ElCanillitainfo-114249515285712\/"]},{"@type":"Person","@id":"https:\/\/elcanillita.info\/press\/#\/schema\/person\/7fcb79f38045700919f7da6d97e71ba0","name":"SalaStampa.eu, world press service","image":{"@type":"ImageObject","inLanguage":"es-AR","@id":"https:\/\/secure.gravatar.com\/avatar\/c2f0e0d515a107624234994507816ca4724c7199cef73fc8bedebf6931d73888?s=96&d=mm&r=g","url":"https:\/\/secure.gravatar.com\/avatar\/c2f0e0d515a107624234994507816ca4724c7199cef73fc8bedebf6931d73888?s=96&d=mm&r=g","contentUrl":"https:\/\/secure.gravatar.com\/avatar\/c2f0e0d515a107624234994507816ca4724c7199cef73fc8bedebf6931d73888?s=96&d=mm&r=g","caption":"SalaStampa.eu, world press service"}}]}},"views":665,"_links":{"self":[{"href":"https:\/\/elcanillita.info\/press\/wp-json\/wp\/v2\/posts\/108","targetHints":{"allow":["GET"]}}],"collection":[{"href":"https:\/\/elcanillita.info\/press\/wp-json\/wp\/v2\/posts"}],"about":[{"href":"https:\/\/elcanillita.info\/press\/wp-json\/wp\/v2\/types\/post"}],"author":[{"embeddable":true,"href":"https:\/\/elcanillita.info\/press\/wp-json\/wp\/v2\/users\/1"}],"replies":[{"embeddable":true,"href":"https:\/\/elcanillita.info\/press\/wp-json\/wp\/v2\/comments?post=108"}],"version-history":[{"count":0,"href":"https:\/\/elcanillita.info\/press\/wp-json\/wp\/v2\/posts\/108\/revisions"}],"wp:attachment":[{"href":"https:\/\/elcanillita.info\/press\/wp-json\/wp\/v2\/media?parent=108"}],"wp:term":[{"taxonomy":"category","embeddable":true,"href":"https:\/\/elcanillita.info\/press\/wp-json\/wp\/v2\/categories?post=108"},{"taxonomy":"post_tag","embeddable":true,"href":"https:\/\/elcanillita.info\/press\/wp-json\/wp\/v2\/tags?post=108"}],"curies":[{"name":"wp","href":"https:\/\/api.w.org\/{rel}","templated":true}]}}