{"id":1068,"date":"2020-09-01T00:12:19","date_gmt":"2020-09-01T03:12:19","guid":{"rendered":"https:\/\/elcanillita.info\/press\/?p=1068"},"modified":"2021-09-10T09:59:21","modified_gmt":"2021-09-10T12:59:21","slug":"argentina-cierres-prolongados-desastre","status":"publish","type":"post","link":"https:\/\/elcanillita.info\/press\/2020\/09\/01\/argentina-cierres-prolongados-desastre\/","title":{"rendered":"Argentina ofrece evidencia irrefutable de que los cierres prolongados significan un desastre"},"content":{"rendered":"\n<p> <img decoding=\"async\" src=\"https:\/\/elcanillita.info\/press\/images\/2020\/09\/laboca.jpg\"> <small><strong>Restaurantes y bares permanecen cerrados en Buenos Aires por el bloqueo<\/strong><\/small><\/p>\n\n\n\n<p>Buenos Aires, 31.08.2020 &#8211; Con un bloqueo aclamado como modelo al comienzo de la pandemia, el encierro m\u00e1s largo del mundo no ha salvado a la Argentina de la miseria del coronavirus, mientras los casos y las muertes diarias contin\u00faan dispar\u00e1ndose.<\/p>\n\n\n\n<p>A medida que Argentina entra en otro bloqueo, se tambalea al borde del top ten mundial de casos de coronavirus, y es uno de los pocos pa\u00edses donde la curva en casi todos los gr\u00e1ficos estad\u00edsticos est\u00e1 aumentando.<\/p>\n\n\n\n<p>El viernes 28 de agosto, el presidente Alberto Fern\u00e1ndez inform\u00f3 a la naci\u00f3n que eran necesarias tres semanas m\u00e1s de encierro para\u201cdetener la propagaci\u00f3n del virus y detener las muertes\u2026<\/p>\n\n\n\n<p>El problema no est\u00e1 solo en AMBA; el problema est\u00e1 en todo el pa\u00eds \u201d.<\/p>\n\n\n\n<p>\u201cAMBA\u201d se refiere al Gran Buenos Aires, donde vive m\u00e1s de un tercio de los 44,5 millones de argentinos. Es aqu\u00ed donde ha estado en vigor un estricto cierre, con solo modificaciones ocasionales, desde el 20 de marzo. Durante largos per\u00edodos la gente no ha podido salir de casa excepto para comprar alimentos o recoger medicinas. Incluso la recreaci\u00f3n al aire libre estuvo prohibida durante semanas.<\/p>\n\n\n\n<p>A pesar de esto, muchas empresas permanecen cerradas. Los restaurantes y bares solo pueden ofrecer un servicio de comida para llevar. No se permiten reuniones de grupos en interiores.<\/p>\n\n\n\n<p>Las reglas han estado vigentes durante m\u00e1s de 164 d\u00edas en partes de Buenos Aires. No obstante, incluso el presidente admite: &#8220;Estamos muy lejos de resolver el problema en AMBA&#8221;.<\/p>\n\n\n\n<p>Con la llegada de la primavera a Argentina, la temporada tur\u00edstica suele reiniciarse. Antes de la pandemia, los vuelos directos desde el Reino Unido as\u00ed como desde Europa y muchos centros de los Estados Unidos aseguraban que la capital disfrutara de un flujo constante de turistas.<\/p>\n\n\n\n<p>Pero el Covid-19 y lo que ahora es el bloqueo m\u00e1s largo del mundo ha impactado todos los aspectos de la vida en Buenos Aires.<\/p>\n\n\n\n<p>Su c\u00e9lebre escena cultural se ha derrumbado. Todos los museos y galer\u00edas de propiedad estatal est\u00e1n cerrados. Las clases de tango, milongas (noches de baile de sal\u00f3n) y espect\u00e1culos est\u00e1n cerrados. El Campeonato Mundial de Tango anual, que se desarroll\u00f3 del 26 al 30 de agosto, fue un evento solo virtual.<\/p>\n\n\n\n<p>Los 700 teatros, salas de conciertos y centros culturales de la ciudad, 200 revistas peque\u00f1as y miles de artistas callejeros y de circo est\u00e1n en espera.<\/p>\n\n\n\n<p>Buenos Aires es el hogar de una de las grandes sociedades cafeteras del mundo y es un importante centro gastron\u00f3mico. Los porte\u00f1os, residentes de Buenos Aires, no hacen cola para comprar vasos de pl\u00e1stico de caf\u00e9 con leche o s\u00e1ndwiches en caja. Se sientan para relajarse y charlar, reunirse con amigos y familiares en sus caf\u00e9s locales y parrillas (asadores) baratas y alegres. Un estilo de vida mediterr\u00e1neo, heredado de antepasados \u200b\u200bitalianos y espa\u00f1oles, es la norma, pero no encerrado, con un efecto devastador.<\/p>\n\n\n\n<p>Seg\u00fan la Asociaci\u00f3n de Hoteles Restaurantes, Confiter\u00edas y Cafeter\u00edas de la Rep\u00fablica Argentina (AHRCC), entre 1.200 y 1.500 establecimientos de comidas y bebidas ya han cerrado definitivamente, y hasta 8.000 \u201cest\u00e1n al borde de un abismo\u201d. Ya se han despedido diez mil personas en el sector de la hosteler\u00eda.<\/p>\n\n\n\n<p>La facturaci\u00f3n ya se ha desplomado entre un 80% y un 90%. Los servicios de entrega, que suponen una reducci\u00f3n del 20% al 35% del precio minorista de la comida y la bebida, ayudan poco a los propietarios a equilibrar los libros.<\/p>\n\n\n\n<p>En el moderno Palermo, los establecimientos venerables como El Trapiche, as\u00ed como los lugares exclusivos dirigidos a los bebedores y comensales m\u00e1s j\u00f3venes, han cerrado sus puertas para siempre.<\/p>\n\n\n\n<p>A fines de mayo, el Gran Caf\u00e9 Tortoni, fundado en 1858 y el caf\u00e9 m\u00e1s c\u00e9lebre de Argentina, dijo que estaba vendiendo AR $ 1,000 (\u00a3 10) por d\u00eda. Incluso La Biela, en la adinerada Recoleta, est\u00e1 luchando por sobrevivir.<\/p>\n\n\n\n<p>La grandeza de Buenos Aires ya est\u00e1 muy descolorida; ahora est\u00e1 en peligro de desaparecer a medida que se extiende el bloqueo. Donde otras ciudades sudamericanas tienen sitios antiguos, palacios hist\u00f3ricos, playas u otros atractivos naturales, su principal patrimonio es su vida social y cultural. Si esto es eliminado por Covid-19, quedar\u00e1 muy poco para disfrutar.<\/p>\n\n\n\n<p>Argentina ha superado m\u00e1s crisis econ\u00f3micas que la mayor\u00eda de los dem\u00e1s pa\u00edses. Pero la pandemia ha golpeado m\u00e1s fuerte que cualquier ca\u00edda reciente. En 2001, cuando la moneda se desplom\u00f3, los turistas llenaron las mesas vac\u00edas.<\/p>\n\n\n\n<p>La gran econom\u00eda informal se ha derrumbado m\u00e1s o menos. El desempleo masivo podr\u00eda tener consecuencias nefastas, una de las cuales es el hecho de que el sistema de seguro m\u00e9dico privado del que depende la mayor\u00eda de la gente se financia con los salarios.<\/p>\n\n\n\n<p>En marzo, Argentina fue ampliamente elogiada por su r\u00e1pida respuesta a la crisis. \u201cSe puede recuperar de una ca\u00edda del PIB\u201d, declar\u00f3 el presidente Alberto Fern\u00e1ndez, luego de implementar un cierre anticipado. &#8220;Pero no puedes recuperarte de la muerte&#8221;.<\/p>\n\n\n\n<p>Mat\u00edas de Crist\u00f3bal, director general del grupo hotelero de lujo Awasi, lamenta la arrogancia. \u201cDurante los primeros meses, el gobierno cont\u00f3 con el apoyo de la mayor\u00eda de la gente. Pero la falta de capacidad de comunicaci\u00f3n y falta de noci\u00f3n de cu\u00e1ndo los casos podr\u00edan alcanzar su punto m\u00e1ximo han erosionado la confianza.<\/p>\n\n\n\n<p>\u201cEl gobierno se compar\u00f3 favorablemente con Chile, Brasil y Per\u00fa, e incluso con Europa, a menudo usando datos defectuosos. Cometieron un grave error al predecir un pico en abril, luego en mayo y luego en junio. Han apostado a permitir que la econom\u00eda se derrumbe con la historia de que habr\u00e1 muchas menos muertes porque el gobierno est\u00e1 &#8216;encima&#8217; y cuid\u00e1ndonos &#8220;.<\/p>\n\n\n\n<p>Argentina ha registrado 408.426 casos de coronavirus hasta la fecha. En la pr\u00f3xima semana, superar\u00e1 a Chile en el ranking mundial y hay muchas posibilidades de que pronto supere a Espa\u00f1a, uno de los pa\u00edses m\u00e1s afectados por la pandemia.<\/p>\n\n\n\n<p>El recuento oficial de muertes del gobierno es de 8.457, mucho m\u00e1s bajo que en muchos pa\u00edses, pero actualmente se duplica cada tres semanas.<\/p>\n\n\n\n<p>Pero, \u00bfqu\u00e9 tan precisos son estos n\u00fameros cuando no se hacen pruebas a m\u00e1s de diez mil personas cada d\u00eda y en los \u00faltimos d\u00edas m\u00e1s del 50 por ciento de las pruebas dan positivo?<\/p>\n\n\n\n<p>\u201cLos aplausos de abril fueron prematuros\u201d, dice Peter Lloyd-Sherlock, profesor de pol\u00edtica social y experto en Am\u00e9rica Latina de la Universidad de East Anglia.<\/p>\n\n\n\n<p>&#8220;Todo el mundo estaba elaborando pol\u00edticas sobre la marcha y el cierre inicial all\u00ed, como en otros lugares, estaba destinado a ser una gran declaraci\u00f3n de pol\u00edtica&#8221;.<\/p>\n\n\n\n<p>Se\u00f1ala la diferencia entre declaraciones p\u00fablicas y la vida en el terreno. \u201cCualquiera que haya pasado alg\u00fan tiempo en Argentina sabe que controlar los movimientos de la poblaci\u00f3n es imposible. Es an\u00e1rquico en el mejor de los casos&#8221;.<\/p>\n\n\n\n<p>Durante la temporada de invierno, una gran poblaci\u00f3n de ancianos con una experiencia limitada para hacer frente a enfermedades infecciosas, en comparaci\u00f3n con Brasil, que ha tenido importantes brotes de Zika, dengue y malaria, han contribuido al problema.<\/p>\n\n\n\n<p>\u201cLa edad promedio de las muertes por Covid est\u00e1 muy por encima de los 70 y ciertamente hay un subregistro de muertes en este grupo de edad\u201d, dice el profesor Lloyd-Sherlock.<\/p>\n\n\n\n<p>En las \u00faltimas semanas, el virus se ha propagado r\u00e1pidamente en provincias como Jujuy en el noroeste de los Andes y Mendoza, una regi\u00f3n vin\u00edcola de fama mundial. Tierra del Fuego, la provincia m\u00e1s austral, tambi\u00e9n es motivo de preocupaci\u00f3n. Para las empresas de turismo del Reino Unido, estos son los destinos a los que se dirigen los viajeros despu\u00e9s de probar los caf\u00e9s y las rachas de Buenos Aires.<\/p>\n\n\n\n<p>\u201cLamentablemente, la realidad que est\u00e1n viendo Australia, Nueva Zelanda y ahora Argentina es que un bloqueo demasiado severo no solo aplana la curva, sino que tambi\u00e9n la extiende\u201d, dice Edward Paine, director gerente del especialista regional Last Frontiers.<\/p>\n\n\n\n<p>\u201cMe encantar\u00eda que Argentina siguiera el ejemplo de M\u00e9xico, Costa Rica y Brasil y abriera fronteras internacionales, aunque con precauciones sensatas, como requerir una prueba de PCR a la llegada. El eclipse solar total de principios de diciembre es una oportunidad perfecta para que el pa\u00eds estimule el reinicio del turismo, un proceso que se necesita desesperadamente para evitar un desempleo generalizado y un da\u00f1o m\u00e1s permanente a un sector tan importante de la econom\u00eda \u201d.<\/p>\n\n\n\n<p>Aproximadamente una d\u00e9cima parte de la poblaci\u00f3n argentina trabaja en el sector de viajes y turismo y se estima que genera hasta una d\u00e9cima parte del PIB nacional. La mayor parte de los ingresos se generan durante los meses pico entre Navidad y marzo.<\/p>\n\n\n\n<p>Las medidas Covid-19 de Fern\u00e1ndez se implementaron para permitir que el pa\u00eds y su servicio de salud atraviesen los meses fr\u00edos, pero a medida que se acerca la primavera, las fronteras internacionales permanecen cerradas sin perspectivas de vuelos regulares en el corto plazo: las empresas ahora no esperan turistas extranjeros en Argentina hasta el verano de 2021-22. Parece probable que este a\u00f1o la temporada &#8220;pico&#8221; para el turismo sea reemplazada por un pico en los casos de Covid-19.<br><br><small>Chris Moss<\/small><br><br> <small>PanPressEu  \/ SalaStampaEu &#8211; ElCanillita.Info &#8211;  Informaci\u00f3n de dominio p\u00fablico<\/small>  <\/p>\n","protected":false},"excerpt":{"rendered":"<p>Buenos Aires, 31.08.2020 &#8211; Con un bloqueo aclamado como modelo al comienzo de la pandemia, el encierro m\u00e1s largo del mundo no ha salvado a la Argentina de la miseria del coronavirus, mientras los casos y las muertes diarias contin\u00faan dispar\u00e1ndose.<\/p>\n","protected":false},"author":1,"featured_media":1069,"comment_status":"closed","ping_status":"closed","sticky":false,"template":"","format":"standard","meta":{"footnotes":"","_links_to":"","_links_to_target":""},"categories":[70,11,20,25],"tags":[29],"class_list":["post-1068","post","type-post","status-publish","format-standard","has-post-thumbnail","hentry","category-actualidad","category-america-del-sur","category-economia","category-sociedad","tag-argentina","entry","double"],"yoast_head":"<!-- This site is optimized with the Yoast SEO plugin v27.4 - https:\/\/yoast.com\/product\/yoast-seo-wordpress\/ -->\n<title>Argentina ofrece evidencia irrefutable de que los cierres prolongados significan un desastre - ElCanillita.Info<\/title>\n<meta name=\"robots\" content=\"index, follow, max-snippet:-1, max-image-preview:large, max-video-preview:-1\" \/>\n<link rel=\"canonical\" href=\"https:\/\/elcanillita.info\/press\/2020\/09\/01\/argentina-cierres-prolongados-desastre\/\" \/>\n<meta property=\"og:locale\" content=\"es_ES\" \/>\n<meta property=\"og:type\" content=\"article\" \/>\n<meta property=\"og:title\" content=\"Argentina ofrece evidencia irrefutable de que los cierres prolongados significan un desastre - ElCanillita.Info\" \/>\n<meta property=\"og:description\" content=\"Buenos Aires, 31.08.2020 - Con un bloqueo aclamado como modelo al comienzo de la pandemia, el encierro m\u00e1s largo del mundo no ha salvado a la Argentina de la miseria del coronavirus, mientras los casos y las muertes diarias contin\u00faan dispar\u00e1ndose.\" \/>\n<meta property=\"og:url\" content=\"https:\/\/elcanillita.info\/press\/2020\/09\/01\/argentina-cierres-prolongados-desastre\/\" \/>\n<meta property=\"og:site_name\" content=\"ElCanillita.Info\" \/>\n<meta property=\"article:publisher\" content=\"https:\/\/ar-ar.facebook.com\/ElCanillitainfo-114249515285712\/\" \/>\n<meta property=\"article:published_time\" content=\"2020-09-01T03:12:19+00:00\" \/>\n<meta property=\"article:modified_time\" content=\"2021-09-10T12:59:21+00:00\" \/>\n<meta property=\"og:image\" content=\"https:\/\/elcanillita.info\/press\/images\/2020\/09\/festival-1.jpg\" \/>\n\t<meta property=\"og:image:width\" content=\"600\" \/>\n\t<meta property=\"og:image:height\" content=\"394\" \/>\n\t<meta property=\"og:image:type\" content=\"image\/jpeg\" \/>\n<meta name=\"author\" content=\"SalaStampa.eu, world press service\" \/>\n<meta name=\"twitter:card\" content=\"summary_large_image\" \/>\n<meta name=\"twitter:label1\" content=\"Escrito por\" \/>\n\t<meta name=\"twitter:data1\" content=\"SalaStampa.eu, world press service\" \/>\n\t<meta name=\"twitter:label2\" content=\"Tiempo de lectura\" \/>\n\t<meta name=\"twitter:data2\" content=\"8 minutos\" \/>\n<script type=\"application\/ld+json\" class=\"yoast-schema-graph\">{\"@context\":\"https:\\\/\\\/schema.org\",\"@graph\":[{\"@type\":\"Article\",\"@id\":\"https:\\\/\\\/elcanillita.info\\\/press\\\/2020\\\/09\\\/01\\\/argentina-cierres-prolongados-desastre\\\/#article\",\"isPartOf\":{\"@id\":\"https:\\\/\\\/elcanillita.info\\\/press\\\/2020\\\/09\\\/01\\\/argentina-cierres-prolongados-desastre\\\/\"},\"author\":{\"name\":\"SalaStampa.eu, world press service\",\"@id\":\"https:\\\/\\\/elcanillita.info\\\/press\\\/#\\\/schema\\\/person\\\/7fcb79f38045700919f7da6d97e71ba0\"},\"headline\":\"Argentina ofrece evidencia irrefutable de que los cierres prolongados significan un desastre\",\"datePublished\":\"2020-09-01T03:12:19+00:00\",\"dateModified\":\"2021-09-10T12:59:21+00:00\",\"mainEntityOfPage\":{\"@id\":\"https:\\\/\\\/elcanillita.info\\\/press\\\/2020\\\/09\\\/01\\\/argentina-cierres-prolongados-desastre\\\/\"},\"wordCount\":1626,\"publisher\":{\"@id\":\"https:\\\/\\\/elcanillita.info\\\/press\\\/#organization\"},\"image\":{\"@id\":\"https:\\\/\\\/elcanillita.info\\\/press\\\/2020\\\/09\\\/01\\\/argentina-cierres-prolongados-desastre\\\/#primaryimage\"},\"thumbnailUrl\":\"https:\\\/\\\/elcanillita.info\\\/press\\\/images\\\/2020\\\/09\\\/festival-1.jpg\",\"keywords\":[\"Argentina\"],\"articleSection\":[\"Actualidad\",\"Am\u00e9rica del Sur\",\"Economia\",\"Sociedad\"],\"inLanguage\":\"es-AR\"},{\"@type\":\"WebPage\",\"@id\":\"https:\\\/\\\/elcanillita.info\\\/press\\\/2020\\\/09\\\/01\\\/argentina-cierres-prolongados-desastre\\\/\",\"url\":\"https:\\\/\\\/elcanillita.info\\\/press\\\/2020\\\/09\\\/01\\\/argentina-cierres-prolongados-desastre\\\/\",\"name\":\"Argentina ofrece evidencia irrefutable de que los cierres prolongados significan un desastre - ElCanillita.Info\",\"isPartOf\":{\"@id\":\"https:\\\/\\\/elcanillita.info\\\/press\\\/#website\"},\"primaryImageOfPage\":{\"@id\":\"https:\\\/\\\/elcanillita.info\\\/press\\\/2020\\\/09\\\/01\\\/argentina-cierres-prolongados-desastre\\\/#primaryimage\"},\"image\":{\"@id\":\"https:\\\/\\\/elcanillita.info\\\/press\\\/2020\\\/09\\\/01\\\/argentina-cierres-prolongados-desastre\\\/#primaryimage\"},\"thumbnailUrl\":\"https:\\\/\\\/elcanillita.info\\\/press\\\/images\\\/2020\\\/09\\\/festival-1.jpg\",\"datePublished\":\"2020-09-01T03:12:19+00:00\",\"dateModified\":\"2021-09-10T12:59:21+00:00\",\"inLanguage\":\"es-AR\",\"potentialAction\":[{\"@type\":\"ReadAction\",\"target\":[\"https:\\\/\\\/elcanillita.info\\\/press\\\/2020\\\/09\\\/01\\\/argentina-cierres-prolongados-desastre\\\/\"]}]},{\"@type\":\"ImageObject\",\"inLanguage\":\"es-AR\",\"@id\":\"https:\\\/\\\/elcanillita.info\\\/press\\\/2020\\\/09\\\/01\\\/argentina-cierres-prolongados-desastre\\\/#primaryimage\",\"url\":\"https:\\\/\\\/elcanillita.info\\\/press\\\/images\\\/2020\\\/09\\\/festival-1.jpg\",\"contentUrl\":\"https:\\\/\\\/elcanillita.info\\\/press\\\/images\\\/2020\\\/09\\\/festival-1.jpg\",\"width\":600,\"height\":394},{\"@type\":\"WebSite\",\"@id\":\"https:\\\/\\\/elcanillita.info\\\/press\\\/#website\",\"url\":\"https:\\\/\\\/elcanillita.info\\\/press\\\/\",\"name\":\"ElCanillita.Info\",\"description\":\"desde los Apeninos a los Andes\",\"publisher\":{\"@id\":\"https:\\\/\\\/elcanillita.info\\\/press\\\/#organization\"},\"potentialAction\":[{\"@type\":\"SearchAction\",\"target\":{\"@type\":\"EntryPoint\",\"urlTemplate\":\"https:\\\/\\\/elcanillita.info\\\/press\\\/?s={search_term_string}\"},\"query-input\":{\"@type\":\"PropertyValueSpecification\",\"valueRequired\":true,\"valueName\":\"search_term_string\"}}],\"inLanguage\":\"es-AR\"},{\"@type\":\"Organization\",\"@id\":\"https:\\\/\\\/elcanillita.info\\\/press\\\/#organization\",\"name\":\"Guzzo Photos & Graphic Publications\",\"url\":\"https:\\\/\\\/elcanillita.info\\\/press\\\/\",\"logo\":{\"@type\":\"ImageObject\",\"inLanguage\":\"es-AR\",\"@id\":\"https:\\\/\\\/elcanillita.info\\\/press\\\/#\\\/schema\\\/logo\\\/image\\\/\",\"url\":\"https:\\\/\\\/elcanillita.info\\\/press\\\/images\\\/2020\\\/01\\\/cropped-cropped-cropped-elcanillitainfo.png\",\"contentUrl\":\"https:\\\/\\\/elcanillita.info\\\/press\\\/images\\\/2020\\\/01\\\/cropped-cropped-cropped-elcanillitainfo.png\",\"width\":460,\"height\":50,\"caption\":\"Guzzo Photos & Graphic Publications\"},\"image\":{\"@id\":\"https:\\\/\\\/elcanillita.info\\\/press\\\/#\\\/schema\\\/logo\\\/image\\\/\"},\"sameAs\":[\"https:\\\/\\\/ar-ar.facebook.com\\\/ElCanillitainfo-114249515285712\\\/\"]},{\"@type\":\"Person\",\"@id\":\"https:\\\/\\\/elcanillita.info\\\/press\\\/#\\\/schema\\\/person\\\/7fcb79f38045700919f7da6d97e71ba0\",\"name\":\"SalaStampa.eu, world press service\",\"image\":{\"@type\":\"ImageObject\",\"inLanguage\":\"es-AR\",\"@id\":\"https:\\\/\\\/secure.gravatar.com\\\/avatar\\\/c2f0e0d515a107624234994507816ca4724c7199cef73fc8bedebf6931d73888?s=96&d=mm&r=g\",\"url\":\"https:\\\/\\\/secure.gravatar.com\\\/avatar\\\/c2f0e0d515a107624234994507816ca4724c7199cef73fc8bedebf6931d73888?s=96&d=mm&r=g\",\"contentUrl\":\"https:\\\/\\\/secure.gravatar.com\\\/avatar\\\/c2f0e0d515a107624234994507816ca4724c7199cef73fc8bedebf6931d73888?s=96&d=mm&r=g\",\"caption\":\"SalaStampa.eu, world press service\"}}]}<\/script>\n<!-- \/ Yoast SEO plugin. -->","yoast_head_json":{"title":"Argentina ofrece evidencia irrefutable de que los cierres prolongados significan un desastre - ElCanillita.Info","robots":{"index":"index","follow":"follow","max-snippet":"max-snippet:-1","max-image-preview":"max-image-preview:large","max-video-preview":"max-video-preview:-1"},"canonical":"https:\/\/elcanillita.info\/press\/2020\/09\/01\/argentina-cierres-prolongados-desastre\/","og_locale":"es_ES","og_type":"article","og_title":"Argentina ofrece evidencia irrefutable de que los cierres prolongados significan un desastre - ElCanillita.Info","og_description":"Buenos Aires, 31.08.2020 - Con un bloqueo aclamado como modelo al comienzo de la pandemia, el encierro m\u00e1s largo del mundo no ha salvado a la Argentina de la miseria del coronavirus, mientras los casos y las muertes diarias contin\u00faan dispar\u00e1ndose.","og_url":"https:\/\/elcanillita.info\/press\/2020\/09\/01\/argentina-cierres-prolongados-desastre\/","og_site_name":"ElCanillita.Info","article_publisher":"https:\/\/ar-ar.facebook.com\/ElCanillitainfo-114249515285712\/","article_published_time":"2020-09-01T03:12:19+00:00","article_modified_time":"2021-09-10T12:59:21+00:00","og_image":[{"width":600,"height":394,"url":"https:\/\/elcanillita.info\/press\/images\/2020\/09\/festival-1.jpg","type":"image\/jpeg"}],"author":"SalaStampa.eu, world press service","twitter_card":"summary_large_image","twitter_misc":{"Escrito por":"SalaStampa.eu, world press service","Tiempo de lectura":"8 minutos"},"schema":{"@context":"https:\/\/schema.org","@graph":[{"@type":"Article","@id":"https:\/\/elcanillita.info\/press\/2020\/09\/01\/argentina-cierres-prolongados-desastre\/#article","isPartOf":{"@id":"https:\/\/elcanillita.info\/press\/2020\/09\/01\/argentina-cierres-prolongados-desastre\/"},"author":{"name":"SalaStampa.eu, world press service","@id":"https:\/\/elcanillita.info\/press\/#\/schema\/person\/7fcb79f38045700919f7da6d97e71ba0"},"headline":"Argentina ofrece evidencia irrefutable de que los cierres prolongados significan un desastre","datePublished":"2020-09-01T03:12:19+00:00","dateModified":"2021-09-10T12:59:21+00:00","mainEntityOfPage":{"@id":"https:\/\/elcanillita.info\/press\/2020\/09\/01\/argentina-cierres-prolongados-desastre\/"},"wordCount":1626,"publisher":{"@id":"https:\/\/elcanillita.info\/press\/#organization"},"image":{"@id":"https:\/\/elcanillita.info\/press\/2020\/09\/01\/argentina-cierres-prolongados-desastre\/#primaryimage"},"thumbnailUrl":"https:\/\/elcanillita.info\/press\/images\/2020\/09\/festival-1.jpg","keywords":["Argentina"],"articleSection":["Actualidad","Am\u00e9rica del Sur","Economia","Sociedad"],"inLanguage":"es-AR"},{"@type":"WebPage","@id":"https:\/\/elcanillita.info\/press\/2020\/09\/01\/argentina-cierres-prolongados-desastre\/","url":"https:\/\/elcanillita.info\/press\/2020\/09\/01\/argentina-cierres-prolongados-desastre\/","name":"Argentina ofrece evidencia irrefutable de que los cierres prolongados significan un desastre - ElCanillita.Info","isPartOf":{"@id":"https:\/\/elcanillita.info\/press\/#website"},"primaryImageOfPage":{"@id":"https:\/\/elcanillita.info\/press\/2020\/09\/01\/argentina-cierres-prolongados-desastre\/#primaryimage"},"image":{"@id":"https:\/\/elcanillita.info\/press\/2020\/09\/01\/argentina-cierres-prolongados-desastre\/#primaryimage"},"thumbnailUrl":"https:\/\/elcanillita.info\/press\/images\/2020\/09\/festival-1.jpg","datePublished":"2020-09-01T03:12:19+00:00","dateModified":"2021-09-10T12:59:21+00:00","inLanguage":"es-AR","potentialAction":[{"@type":"ReadAction","target":["https:\/\/elcanillita.info\/press\/2020\/09\/01\/argentina-cierres-prolongados-desastre\/"]}]},{"@type":"ImageObject","inLanguage":"es-AR","@id":"https:\/\/elcanillita.info\/press\/2020\/09\/01\/argentina-cierres-prolongados-desastre\/#primaryimage","url":"https:\/\/elcanillita.info\/press\/images\/2020\/09\/festival-1.jpg","contentUrl":"https:\/\/elcanillita.info\/press\/images\/2020\/09\/festival-1.jpg","width":600,"height":394},{"@type":"WebSite","@id":"https:\/\/elcanillita.info\/press\/#website","url":"https:\/\/elcanillita.info\/press\/","name":"ElCanillita.Info","description":"desde los Apeninos a los Andes","publisher":{"@id":"https:\/\/elcanillita.info\/press\/#organization"},"potentialAction":[{"@type":"SearchAction","target":{"@type":"EntryPoint","urlTemplate":"https:\/\/elcanillita.info\/press\/?s={search_term_string}"},"query-input":{"@type":"PropertyValueSpecification","valueRequired":true,"valueName":"search_term_string"}}],"inLanguage":"es-AR"},{"@type":"Organization","@id":"https:\/\/elcanillita.info\/press\/#organization","name":"Guzzo Photos & Graphic Publications","url":"https:\/\/elcanillita.info\/press\/","logo":{"@type":"ImageObject","inLanguage":"es-AR","@id":"https:\/\/elcanillita.info\/press\/#\/schema\/logo\/image\/","url":"https:\/\/elcanillita.info\/press\/images\/2020\/01\/cropped-cropped-cropped-elcanillitainfo.png","contentUrl":"https:\/\/elcanillita.info\/press\/images\/2020\/01\/cropped-cropped-cropped-elcanillitainfo.png","width":460,"height":50,"caption":"Guzzo Photos & Graphic Publications"},"image":{"@id":"https:\/\/elcanillita.info\/press\/#\/schema\/logo\/image\/"},"sameAs":["https:\/\/ar-ar.facebook.com\/ElCanillitainfo-114249515285712\/"]},{"@type":"Person","@id":"https:\/\/elcanillita.info\/press\/#\/schema\/person\/7fcb79f38045700919f7da6d97e71ba0","name":"SalaStampa.eu, world press service","image":{"@type":"ImageObject","inLanguage":"es-AR","@id":"https:\/\/secure.gravatar.com\/avatar\/c2f0e0d515a107624234994507816ca4724c7199cef73fc8bedebf6931d73888?s=96&d=mm&r=g","url":"https:\/\/secure.gravatar.com\/avatar\/c2f0e0d515a107624234994507816ca4724c7199cef73fc8bedebf6931d73888?s=96&d=mm&r=g","contentUrl":"https:\/\/secure.gravatar.com\/avatar\/c2f0e0d515a107624234994507816ca4724c7199cef73fc8bedebf6931d73888?s=96&d=mm&r=g","caption":"SalaStampa.eu, world press service"}}]}},"views":1026,"_links":{"self":[{"href":"https:\/\/elcanillita.info\/press\/wp-json\/wp\/v2\/posts\/1068","targetHints":{"allow":["GET"]}}],"collection":[{"href":"https:\/\/elcanillita.info\/press\/wp-json\/wp\/v2\/posts"}],"about":[{"href":"https:\/\/elcanillita.info\/press\/wp-json\/wp\/v2\/types\/post"}],"author":[{"embeddable":true,"href":"https:\/\/elcanillita.info\/press\/wp-json\/wp\/v2\/users\/1"}],"replies":[{"embeddable":true,"href":"https:\/\/elcanillita.info\/press\/wp-json\/wp\/v2\/comments?post=1068"}],"version-history":[{"count":0,"href":"https:\/\/elcanillita.info\/press\/wp-json\/wp\/v2\/posts\/1068\/revisions"}],"wp:featuredmedia":[{"embeddable":true,"href":"https:\/\/elcanillita.info\/press\/wp-json\/wp\/v2\/media\/1069"}],"wp:attachment":[{"href":"https:\/\/elcanillita.info\/press\/wp-json\/wp\/v2\/media?parent=1068"}],"wp:term":[{"taxonomy":"category","embeddable":true,"href":"https:\/\/elcanillita.info\/press\/wp-json\/wp\/v2\/categories?post=1068"},{"taxonomy":"post_tag","embeddable":true,"href":"https:\/\/elcanillita.info\/press\/wp-json\/wp\/v2\/tags?post=1068"}],"curies":[{"name":"wp","href":"https:\/\/api.w.org\/{rel}","templated":true}]}}