{"id":106,"date":"2020-01-14T15:06:23","date_gmt":"2020-01-14T18:06:23","guid":{"rendered":"https:\/\/elcanillita.info\/press\/?p=106"},"modified":"2020-01-17T09:08:44","modified_gmt":"2020-01-17T12:08:44","slug":"canal-de-panama-cobrara-a-clientes-por-uso-de-agua-dulce","status":"publish","type":"post","link":"https:\/\/elcanillita.info\/press\/2020\/01\/14\/canal-de-panama-cobrara-a-clientes-por-uso-de-agua-dulce\/","title":{"rendered":"Canal de Panam\u00e1 cobrar\u00e1 a clientes por uso de agua dulce"},"content":{"rendered":"\n<p>Panam\u00e1, 14.01.2020 &#8211; El Canal de Panam\u00e1 cobrar\u00e1 por primera vez en su historia un nuevo cargo a sus clientes navieros por el uso de agua dulce durante su tr\u00e1nsito, como parte de las acciones para enfrentar la crisis por la reducci\u00f3n de las lluvias que impactan los niveles del principal lago que abastece del vital l\u00edquido para consumo humano de casi la mitad de los paname\u00f1os y la operaci\u00f3n mar\u00edtima.<\/p>\n\n\n\n<p>No es el primer canal en el mundo que aplica un costo por uso de agua dulce, seg\u00fan las autoridades que operan la v\u00eda. Sin embargo, se trata de una medida llamativa empujada por los efectos del cambio clim\u00e1tico, que ha redundado en menos precipitaci\u00f3n sobre la cuenca hidrogr\u00e1fica del canal y un calentamiento de las temperaturas que evaporan m\u00e1s r\u00e1pido los niveles de los lagos en los \u00faltimos tiempos.<\/p>\n\n\n\n<p>No se sabe con precisi\u00f3n los efectos que tendr\u00eda en el negocio canalero las nuevas medidas, aunque las autoridades no descartan una disminuci\u00f3n en los tr\u00e1nsitos. El administrador Ricaurte V\u00e1squez dijo durante un anuncio que los nuevos ingresos podr\u00edan ayudar en inversiones futuras que se planean hacer para solucionar la crisis del agua. El canal avanza en los estudios preliminares para la construcci\u00f3n de nuevas fuentes de agua o reservorios para consumo humano y la operaci\u00f3n de la v\u00eda.<\/p>\n\n\n\n<p>\u201cNo es una decisi\u00f3n f\u00e1cil\u201d, admiti\u00f3 V\u00e1squez, aunque sostuvo que ayudar\u00e1 a \u201cgarantizar la disponibilidad de agua y la confiabilidad de la ruta\u201d hasta que se implemente m\u00e1s adelante una soluci\u00f3n m\u00e1s duradera.<\/p>\n\n\n\n<p>El canal, de 105 a\u00f1os, es considerado la buj\u00eda que mueve la econom\u00eda de servicios del pa\u00eds centroamericano y por donde pasa una buena porci\u00f3n del comercio mar\u00edtimo mundial.<\/p>\n\n\n\n<p>Estados Unidos, que termin\u00f3 la construcci\u00f3n y oper\u00f3 el canal entre 1914-1999, es el principal usuario, seguido por China, Jap\u00f3n y Corea del Sur.<\/p>\n\n\n\n<p>La sobretasa se pondr\u00e1 en vigor el 15 de febrero y no tiene fecha de t\u00e9rmino. Se aplicar\u00e1 a todos los buques de m\u00e1s de 125 pies de eslora (largo) y consiste en un cargo fijo de 10.000 d\u00f3lares por cada tr\u00e1nsito y otro cargo variable que se aplicar\u00e1 al peaje establecido por cruzar el canal y cuyo porcentaje depender\u00e1 del nivel que tenga en ese momento el lago Gat\u00fan, el m\u00e1s importante y creado artificialmente para el funcionamiento de la v\u00eda.<\/p>\n\n\n\n<p>Unos 38 buques cruzaron diariamente por las viejas y nuevas esclusas el a\u00f1o pasado. Cada esclusaje o tr\u00e1nsito obliga al uso de millones de galones de agua dulce, de la cual buena parte se va al mar. El canal es un cruce entre los oc\u00e9anos Atl\u00e1ntico y Pac\u00edfico.<\/p>\n\n\n\n<p>Los clientes pagan un peaje promedio de 188.000 d\u00f3lares por tr\u00e1nsito, aunque hay naves que pueden llegar a pagar hasta un mill\u00f3n de d\u00f3lares, seg\u00fan estimaciones de las autoridades.<\/p>\n\n\n\n<p>\u201cEl nivel de sobretasa disminuye cuando el nivel del lago est\u00e1 en plena capacidad\u201d, explic\u00f3 el administrador, quien con la junta directiva del canal anunciar\u00e1n el lunes a sus clientes las nuevas medidas.<\/p>\n\n\n\n<p>V\u00e1squez inform\u00f3 que tambi\u00e9n habr\u00e1 cambios en el sistema de reservaciones de cupos que tramitan con anticipaci\u00f3n los clientes para cruzar m\u00e1s expeditamente. \u201cPanam\u00e1 necesita tener mayor certeza sobre la cantidad y tipo de buques que van a transitar\u201d durante la escasez de lluvias, destac\u00f3 la Autoridad del Canal en un comunicado.<\/p>\n\n\n\n<p>El anuncio tiene lugar despu\u00e9s de que las autoridades reportaron que 2019 fue el quinto a\u00f1o m\u00e1s seco de los \u00faltimos 70, como consecuencia de una reducci\u00f3n del 20% de las precipitaciones sobre la cuenca hidrogr\u00e1fica, una zona natural de r\u00edos y quebradas que drenan los lagos en la estaci\u00f3n lluviosa.<\/p>\n\n\n\n<p>V\u00e1squez advirti\u00f3 recientemente que el cambio clim\u00e1tico se ha convertido en la principal amenaza para la operaci\u00f3n del canal. De momento, seg\u00fan el administrador, no se ha decidido si se aplicar\u00e1n nuevas restricciones de calado, como sucedi\u00f3 en la v\u00eda ampliada el a\u00f1o pasado, que registr\u00f3 el periodo seco m\u00e1s severo en d\u00e9cadas.<\/p>\n\n\n\n<p>Desde octubre de 2018 el canal implementa acciones para mitigar los bajos niveles del Gat\u00fan y de otro lago m\u00e1s peque\u00f1o, Alajuela, incluyendo la suspensi\u00f3n de generaci\u00f3n de energ\u00eda el\u00e9ctrica en el Gat\u00fan y el uso de las tinas de ahorro de agua en las nuevas esclusas, entre otras.<br><br>\n<small>2020 voanoticias \u2013 salastampa.eu, afiliada a la red Broadcasting Board of Governors \u00a9 2020 BBG<\/small><\/p>\n","protected":false},"excerpt":{"rendered":"<p>Panam\u00e1, 14.01.2020 &#8211; El Canal de Panam\u00e1 cobrar\u00e1 por primera vez en su historia un nuevo cargo a sus clientes navieros por el uso de agua dulce durante su tr\u00e1nsito<\/p>\n","protected":false},"author":1,"featured_media":0,"comment_status":"closed","ping_status":"closed","sticky":false,"template":"","format":"standard","meta":{"footnotes":"","_links_to":"","_links_to_target":""},"categories":[10,20,21],"tags":[38],"class_list":["post-106","post","type-post","status-publish","format-standard","hentry","category-america-central","category-economia","category-geo","tag-panama","entry","double"],"yoast_head":"<!-- This site is optimized with the Yoast SEO plugin v27.4 - https:\/\/yoast.com\/product\/yoast-seo-wordpress\/ -->\n<title>Canal de Panam\u00e1 cobrar\u00e1 a clientes por uso de agua dulce - ElCanillita.Info<\/title>\n<meta name=\"robots\" content=\"index, follow, max-snippet:-1, max-image-preview:large, max-video-preview:-1\" \/>\n<link rel=\"canonical\" href=\"https:\/\/elcanillita.info\/press\/2020\/01\/14\/canal-de-panama-cobrara-a-clientes-por-uso-de-agua-dulce\/\" \/>\n<meta property=\"og:locale\" content=\"es_ES\" \/>\n<meta property=\"og:type\" content=\"article\" \/>\n<meta property=\"og:title\" content=\"Canal de Panam\u00e1 cobrar\u00e1 a clientes por uso de agua dulce - ElCanillita.Info\" \/>\n<meta property=\"og:description\" content=\"Panam\u00e1, 14.01.2020 - El Canal de Panam\u00e1 cobrar\u00e1 por primera vez en su historia un nuevo cargo a sus clientes navieros por el uso de agua dulce durante su tr\u00e1nsito\" \/>\n<meta property=\"og:url\" content=\"https:\/\/elcanillita.info\/press\/2020\/01\/14\/canal-de-panama-cobrara-a-clientes-por-uso-de-agua-dulce\/\" \/>\n<meta property=\"og:site_name\" content=\"ElCanillita.Info\" \/>\n<meta property=\"article:publisher\" content=\"https:\/\/ar-ar.facebook.com\/ElCanillitainfo-114249515285712\/\" \/>\n<meta property=\"article:published_time\" content=\"2020-01-14T18:06:23+00:00\" \/>\n<meta property=\"article:modified_time\" content=\"2020-01-17T12:08:44+00:00\" \/>\n<meta name=\"author\" content=\"SalaStampa.eu, world press service\" \/>\n<meta name=\"twitter:card\" content=\"summary_large_image\" \/>\n<meta name=\"twitter:label1\" content=\"Escrito por\" \/>\n\t<meta name=\"twitter:data1\" content=\"SalaStampa.eu, world press service\" \/>\n\t<meta name=\"twitter:label2\" content=\"Tiempo de lectura\" \/>\n\t<meta name=\"twitter:data2\" content=\"4 minutos\" \/>\n<script type=\"application\/ld+json\" class=\"yoast-schema-graph\">{\"@context\":\"https:\\\/\\\/schema.org\",\"@graph\":[{\"@type\":\"Article\",\"@id\":\"https:\\\/\\\/elcanillita.info\\\/press\\\/2020\\\/01\\\/14\\\/canal-de-panama-cobrara-a-clientes-por-uso-de-agua-dulce\\\/#article\",\"isPartOf\":{\"@id\":\"https:\\\/\\\/elcanillita.info\\\/press\\\/2020\\\/01\\\/14\\\/canal-de-panama-cobrara-a-clientes-por-uso-de-agua-dulce\\\/\"},\"author\":{\"name\":\"SalaStampa.eu, world press service\",\"@id\":\"https:\\\/\\\/elcanillita.info\\\/press\\\/#\\\/schema\\\/person\\\/7fcb79f38045700919f7da6d97e71ba0\"},\"headline\":\"Canal de Panam\u00e1 cobrar\u00e1 a clientes por uso de agua dulce\",\"datePublished\":\"2020-01-14T18:06:23+00:00\",\"dateModified\":\"2020-01-17T12:08:44+00:00\",\"mainEntityOfPage\":{\"@id\":\"https:\\\/\\\/elcanillita.info\\\/press\\\/2020\\\/01\\\/14\\\/canal-de-panama-cobrara-a-clientes-por-uso-de-agua-dulce\\\/\"},\"wordCount\":797,\"publisher\":{\"@id\":\"https:\\\/\\\/elcanillita.info\\\/press\\\/#organization\"},\"keywords\":[\"Panam\u00e1\"],\"articleSection\":[\"Am\u00e9rica Central\",\"Economia\",\"Geo\"],\"inLanguage\":\"es-AR\"},{\"@type\":\"WebPage\",\"@id\":\"https:\\\/\\\/elcanillita.info\\\/press\\\/2020\\\/01\\\/14\\\/canal-de-panama-cobrara-a-clientes-por-uso-de-agua-dulce\\\/\",\"url\":\"https:\\\/\\\/elcanillita.info\\\/press\\\/2020\\\/01\\\/14\\\/canal-de-panama-cobrara-a-clientes-por-uso-de-agua-dulce\\\/\",\"name\":\"Canal de Panam\u00e1 cobrar\u00e1 a clientes por uso de agua dulce - ElCanillita.Info\",\"isPartOf\":{\"@id\":\"https:\\\/\\\/elcanillita.info\\\/press\\\/#website\"},\"datePublished\":\"2020-01-14T18:06:23+00:00\",\"dateModified\":\"2020-01-17T12:08:44+00:00\",\"inLanguage\":\"es-AR\",\"potentialAction\":[{\"@type\":\"ReadAction\",\"target\":[\"https:\\\/\\\/elcanillita.info\\\/press\\\/2020\\\/01\\\/14\\\/canal-de-panama-cobrara-a-clientes-por-uso-de-agua-dulce\\\/\"]}]},{\"@type\":\"WebSite\",\"@id\":\"https:\\\/\\\/elcanillita.info\\\/press\\\/#website\",\"url\":\"https:\\\/\\\/elcanillita.info\\\/press\\\/\",\"name\":\"ElCanillita.Info\",\"description\":\"desde los Apeninos a los Andes\",\"publisher\":{\"@id\":\"https:\\\/\\\/elcanillita.info\\\/press\\\/#organization\"},\"potentialAction\":[{\"@type\":\"SearchAction\",\"target\":{\"@type\":\"EntryPoint\",\"urlTemplate\":\"https:\\\/\\\/elcanillita.info\\\/press\\\/?s={search_term_string}\"},\"query-input\":{\"@type\":\"PropertyValueSpecification\",\"valueRequired\":true,\"valueName\":\"search_term_string\"}}],\"inLanguage\":\"es-AR\"},{\"@type\":\"Organization\",\"@id\":\"https:\\\/\\\/elcanillita.info\\\/press\\\/#organization\",\"name\":\"Guzzo Photos & Graphic Publications\",\"url\":\"https:\\\/\\\/elcanillita.info\\\/press\\\/\",\"logo\":{\"@type\":\"ImageObject\",\"inLanguage\":\"es-AR\",\"@id\":\"https:\\\/\\\/elcanillita.info\\\/press\\\/#\\\/schema\\\/logo\\\/image\\\/\",\"url\":\"https:\\\/\\\/elcanillita.info\\\/press\\\/images\\\/2020\\\/01\\\/cropped-cropped-cropped-elcanillitainfo.png\",\"contentUrl\":\"https:\\\/\\\/elcanillita.info\\\/press\\\/images\\\/2020\\\/01\\\/cropped-cropped-cropped-elcanillitainfo.png\",\"width\":460,\"height\":50,\"caption\":\"Guzzo Photos & Graphic Publications\"},\"image\":{\"@id\":\"https:\\\/\\\/elcanillita.info\\\/press\\\/#\\\/schema\\\/logo\\\/image\\\/\"},\"sameAs\":[\"https:\\\/\\\/ar-ar.facebook.com\\\/ElCanillitainfo-114249515285712\\\/\"]},{\"@type\":\"Person\",\"@id\":\"https:\\\/\\\/elcanillita.info\\\/press\\\/#\\\/schema\\\/person\\\/7fcb79f38045700919f7da6d97e71ba0\",\"name\":\"SalaStampa.eu, world press service\",\"image\":{\"@type\":\"ImageObject\",\"inLanguage\":\"es-AR\",\"@id\":\"https:\\\/\\\/secure.gravatar.com\\\/avatar\\\/c2f0e0d515a107624234994507816ca4724c7199cef73fc8bedebf6931d73888?s=96&d=mm&r=g\",\"url\":\"https:\\\/\\\/secure.gravatar.com\\\/avatar\\\/c2f0e0d515a107624234994507816ca4724c7199cef73fc8bedebf6931d73888?s=96&d=mm&r=g\",\"contentUrl\":\"https:\\\/\\\/secure.gravatar.com\\\/avatar\\\/c2f0e0d515a107624234994507816ca4724c7199cef73fc8bedebf6931d73888?s=96&d=mm&r=g\",\"caption\":\"SalaStampa.eu, world press service\"}}]}<\/script>\n<!-- \/ Yoast SEO plugin. -->","yoast_head_json":{"title":"Canal de Panam\u00e1 cobrar\u00e1 a clientes por uso de agua dulce - ElCanillita.Info","robots":{"index":"index","follow":"follow","max-snippet":"max-snippet:-1","max-image-preview":"max-image-preview:large","max-video-preview":"max-video-preview:-1"},"canonical":"https:\/\/elcanillita.info\/press\/2020\/01\/14\/canal-de-panama-cobrara-a-clientes-por-uso-de-agua-dulce\/","og_locale":"es_ES","og_type":"article","og_title":"Canal de Panam\u00e1 cobrar\u00e1 a clientes por uso de agua dulce - ElCanillita.Info","og_description":"Panam\u00e1, 14.01.2020 - El Canal de Panam\u00e1 cobrar\u00e1 por primera vez en su historia un nuevo cargo a sus clientes navieros por el uso de agua dulce durante su tr\u00e1nsito","og_url":"https:\/\/elcanillita.info\/press\/2020\/01\/14\/canal-de-panama-cobrara-a-clientes-por-uso-de-agua-dulce\/","og_site_name":"ElCanillita.Info","article_publisher":"https:\/\/ar-ar.facebook.com\/ElCanillitainfo-114249515285712\/","article_published_time":"2020-01-14T18:06:23+00:00","article_modified_time":"2020-01-17T12:08:44+00:00","author":"SalaStampa.eu, world press service","twitter_card":"summary_large_image","twitter_misc":{"Escrito por":"SalaStampa.eu, world press service","Tiempo de lectura":"4 minutos"},"schema":{"@context":"https:\/\/schema.org","@graph":[{"@type":"Article","@id":"https:\/\/elcanillita.info\/press\/2020\/01\/14\/canal-de-panama-cobrara-a-clientes-por-uso-de-agua-dulce\/#article","isPartOf":{"@id":"https:\/\/elcanillita.info\/press\/2020\/01\/14\/canal-de-panama-cobrara-a-clientes-por-uso-de-agua-dulce\/"},"author":{"name":"SalaStampa.eu, world press service","@id":"https:\/\/elcanillita.info\/press\/#\/schema\/person\/7fcb79f38045700919f7da6d97e71ba0"},"headline":"Canal de Panam\u00e1 cobrar\u00e1 a clientes por uso de agua dulce","datePublished":"2020-01-14T18:06:23+00:00","dateModified":"2020-01-17T12:08:44+00:00","mainEntityOfPage":{"@id":"https:\/\/elcanillita.info\/press\/2020\/01\/14\/canal-de-panama-cobrara-a-clientes-por-uso-de-agua-dulce\/"},"wordCount":797,"publisher":{"@id":"https:\/\/elcanillita.info\/press\/#organization"},"keywords":["Panam\u00e1"],"articleSection":["Am\u00e9rica Central","Economia","Geo"],"inLanguage":"es-AR"},{"@type":"WebPage","@id":"https:\/\/elcanillita.info\/press\/2020\/01\/14\/canal-de-panama-cobrara-a-clientes-por-uso-de-agua-dulce\/","url":"https:\/\/elcanillita.info\/press\/2020\/01\/14\/canal-de-panama-cobrara-a-clientes-por-uso-de-agua-dulce\/","name":"Canal de Panam\u00e1 cobrar\u00e1 a clientes por uso de agua dulce - ElCanillita.Info","isPartOf":{"@id":"https:\/\/elcanillita.info\/press\/#website"},"datePublished":"2020-01-14T18:06:23+00:00","dateModified":"2020-01-17T12:08:44+00:00","inLanguage":"es-AR","potentialAction":[{"@type":"ReadAction","target":["https:\/\/elcanillita.info\/press\/2020\/01\/14\/canal-de-panama-cobrara-a-clientes-por-uso-de-agua-dulce\/"]}]},{"@type":"WebSite","@id":"https:\/\/elcanillita.info\/press\/#website","url":"https:\/\/elcanillita.info\/press\/","name":"ElCanillita.Info","description":"desde los Apeninos a los Andes","publisher":{"@id":"https:\/\/elcanillita.info\/press\/#organization"},"potentialAction":[{"@type":"SearchAction","target":{"@type":"EntryPoint","urlTemplate":"https:\/\/elcanillita.info\/press\/?s={search_term_string}"},"query-input":{"@type":"PropertyValueSpecification","valueRequired":true,"valueName":"search_term_string"}}],"inLanguage":"es-AR"},{"@type":"Organization","@id":"https:\/\/elcanillita.info\/press\/#organization","name":"Guzzo Photos & Graphic Publications","url":"https:\/\/elcanillita.info\/press\/","logo":{"@type":"ImageObject","inLanguage":"es-AR","@id":"https:\/\/elcanillita.info\/press\/#\/schema\/logo\/image\/","url":"https:\/\/elcanillita.info\/press\/images\/2020\/01\/cropped-cropped-cropped-elcanillitainfo.png","contentUrl":"https:\/\/elcanillita.info\/press\/images\/2020\/01\/cropped-cropped-cropped-elcanillitainfo.png","width":460,"height":50,"caption":"Guzzo Photos & Graphic Publications"},"image":{"@id":"https:\/\/elcanillita.info\/press\/#\/schema\/logo\/image\/"},"sameAs":["https:\/\/ar-ar.facebook.com\/ElCanillitainfo-114249515285712\/"]},{"@type":"Person","@id":"https:\/\/elcanillita.info\/press\/#\/schema\/person\/7fcb79f38045700919f7da6d97e71ba0","name":"SalaStampa.eu, world press service","image":{"@type":"ImageObject","inLanguage":"es-AR","@id":"https:\/\/secure.gravatar.com\/avatar\/c2f0e0d515a107624234994507816ca4724c7199cef73fc8bedebf6931d73888?s=96&d=mm&r=g","url":"https:\/\/secure.gravatar.com\/avatar\/c2f0e0d515a107624234994507816ca4724c7199cef73fc8bedebf6931d73888?s=96&d=mm&r=g","contentUrl":"https:\/\/secure.gravatar.com\/avatar\/c2f0e0d515a107624234994507816ca4724c7199cef73fc8bedebf6931d73888?s=96&d=mm&r=g","caption":"SalaStampa.eu, world press service"}}]}},"views":797,"_links":{"self":[{"href":"https:\/\/elcanillita.info\/press\/wp-json\/wp\/v2\/posts\/106","targetHints":{"allow":["GET"]}}],"collection":[{"href":"https:\/\/elcanillita.info\/press\/wp-json\/wp\/v2\/posts"}],"about":[{"href":"https:\/\/elcanillita.info\/press\/wp-json\/wp\/v2\/types\/post"}],"author":[{"embeddable":true,"href":"https:\/\/elcanillita.info\/press\/wp-json\/wp\/v2\/users\/1"}],"replies":[{"embeddable":true,"href":"https:\/\/elcanillita.info\/press\/wp-json\/wp\/v2\/comments?post=106"}],"version-history":[{"count":0,"href":"https:\/\/elcanillita.info\/press\/wp-json\/wp\/v2\/posts\/106\/revisions"}],"wp:attachment":[{"href":"https:\/\/elcanillita.info\/press\/wp-json\/wp\/v2\/media?parent=106"}],"wp:term":[{"taxonomy":"category","embeddable":true,"href":"https:\/\/elcanillita.info\/press\/wp-json\/wp\/v2\/categories?post=106"},{"taxonomy":"post_tag","embeddable":true,"href":"https:\/\/elcanillita.info\/press\/wp-json\/wp\/v2\/tags?post=106"}],"curies":[{"name":"wp","href":"https:\/\/api.w.org\/{rel}","templated":true}]}}