{"id":1056,"date":"2020-08-27T19:29:17","date_gmt":"2020-08-27T22:29:17","guid":{"rendered":"https:\/\/elcanillita.info\/press\/?p=1056"},"modified":"2020-09-08T06:07:17","modified_gmt":"2020-09-08T09:07:17","slug":"rolls-royce-planea-vender-perdida-record","status":"publish","type":"post","link":"https:\/\/elcanillita.info\/press\/2020\/08\/27\/rolls-royce-planea-vender-perdida-record\/","title":{"rendered":"Rolls-Royce planea vender despu\u00e9s de una p\u00e9rdida r\u00e9cord de \u00a3 5.4 mil millones"},"content":{"rendered":"\n<p><img decoding=\"async\" src=\"https:\/\/elcanillita.info\/press\/images\/2020\/08\/rolls.jpg\"><br><small><strong>El gigante aeroespacial y de defensa dice que est\u00e1 &#8216;evaluando opciones&#8217; para fortalecer su balance<\/strong><\/small><\/p>\n\n\n\n<p>Londres, 27 de agosto de 2020  &#8211; Rolls-Royce ha advertido que su futuro podr\u00eda estar en riesgo si la recesi\u00f3n de Covid se vuelve a\u00fan m\u00e1s severa, despu\u00e9s de caer a una p\u00e9rdida r\u00e9cord de \u00a3 5.4 mil millones en medio a\u00f1o.<\/p>\n\n\n\n<p>La p\u00e9rdida antes de impuestos para los seis meses hasta junio incluy\u00f3 un impacto de casi 1.500 millones de libras esterlinas por los movimientos de las divisas, ya que los mercados se movieron violentamente cuando golpe\u00f3 la pandemia.<\/p>\n\n\n\n<p>Los ingresos se redujeron en un cuarto a \u00a3 5.6 mil millones luego de un colapso en los viajes a\u00e9reos que aplast\u00f3 la demanda de los motores de la empresa, y Rolls tambi\u00e9n anunci\u00f3 que su jefe de finanzas tiene un nuevo trabajo.<\/p>\n\n\n\n<p>Los jefes ahora luchan por recaudar 2.000 millones de libras esterlinas mediante la venta de activos, incluida su divisi\u00f3n ITP Aero, que fabrica piezas para el Eurofighter Typhoon.<\/p>\n\n\n\n<p>Los analistas de JP Morgan dijeron: &#8220;S\u00f3lo un aumento de capital muy importante pondr\u00eda a [Rolls] en una base s\u00f3lida&#8221;.<\/p>\n\n\n\n<p>Rolls advirti\u00f3 que si la econom\u00eda no se recupera de Covid, su futuro podr\u00eda estar en riesgo. La empresa dijo que en un &#8220;escenario a la baja severo pero plausible&#8221;, las incertidumbres sobre la gravedad y la duraci\u00f3n de la interrupci\u00f3n causada por la pandemia &#8220;representan incertidumbres materiales que pueden arrojar dudas significativas sobre la capacidad del grupo para continuar como una empresa en funcionamiento&#8221;.<\/p>\n\n\n\n<p>El director ejecutivo Warren East dijo: &#8220;Si bien nuestras acciones han ayudado a asegurar el futuro inmediato del grupo, reconocemos las incertidumbres materiales resultantes de Covid-19 y la necesidad de reconstruir nuestro balance a largo plazo.<\/p>\n\n\n\n<p>&#8220;Nuestra opini\u00f3n es que estamos explorando una variedad de opciones. No tenemos mucha prisa porque tenemos la liquidez y no nos veremos obligados a hacer nada demasiado r\u00e1pido&#8221;.<\/p>\n\n\n\n<p>En un d\u00eda sombr\u00edo para la firma FTSE 100, el director financiero Stephen Daintith tambi\u00e9n anunci\u00f3 que se ir\u00eda para unirse a la tienda de comestibles en l\u00ednea Ocado, lo que aumenta la presi\u00f3n sobre East mientras lucha por impulsar el plan de cambio m\u00e1s grande en la historia de Rolls. El Sr. Daintith fue anteriormente director financiero del propietario de Daily Mail, DMGT.<\/p>\n\n\n\n<p>El Sr. East dijo: &#8220;Obviamente, no puedo fingir que no estaba decepcionado [por la partida del Sr. Daintith] porque Stephen nos ha dado tres a\u00f1os de dedicaci\u00f3n absoluta.<\/p>\n\n\n\n<p>&#8220;Como individuo y como ser humano, tiene derecho a tomar estas decisiones y no hay duda al respecto, la oportunidad que tiene es buena&#8221;.<\/p>\n\n\n\n<p>La compa\u00f1\u00eda ha sido golpeada por un paro casi total del tr\u00e1fico a\u00e9reo global, enviando sus acciones a sus niveles m\u00e1s bajos en una d\u00e9cada y valorando a la compa\u00f1\u00eda en solo \u00a3 5 mil millones, un tercio del nivel en el que estaba hace un a\u00f1o.<\/p>\n\n\n\n<p>Las acciones cayeron m\u00e1s de un 7% el jueves, antes de revertir sus p\u00e9rdidas para cerrar un 1,4% a 256,5 peniques.<\/p>\n\n\n\n<p>Rolls tambi\u00e9n dijo que el flujo de caja libre subyacente, una medida de cu\u00e1nto dinero tiene la empresa despu\u00e9s de los gastos y una de sus m\u00e9tricas clave, se situ\u00f3 en 2.800 millones de libras esterlinas negativas, frente a 429 millones de libras esterlinas negativas para el mismo per\u00edodo del a\u00f1o pasado.<\/p>\n\n\n\n<p>Las horas de vuelo del motor, otro indicador clave del rendimiento, se redujeron en un 75 por ciento en el segundo trimestre.<\/p>\n\n\n\n<p>Rolls fabrica motores para aviones de fuselaje ancho como el Airbus A350 y A330 y el 787 Dreamliner de Boeing. La firma ha buscado apuntalar sus finanzas recortando su cartera de cambio de divisas y eliminando 9.000 puestos de trabajo.<\/p>\n\n\n\n<p>El jueves, dijo que 4.000 personas ya se han ido del negocio, y se espera que al menos 5.000 m\u00e1s se vayan antes de fin de a\u00f1o.<\/p>\n\n\n\n<p>La firma dijo que la revalorizaci\u00f3n de su cartera de cambio de divisas llev\u00f3 a un golpe de 2.600 millones de libras durante el per\u00edodo.<\/p>\n\n\n\n<p>En abril, el gigante aeroespacial tambi\u00e9n recort\u00f3 sus dividendos por primera vez desde que fue privatizado en 1987.<\/p>\n\n\n\n<p>Las fuentes dijeron el mes pasado que Rolls est\u00e1 en conversaciones con casas de capital privado sobre una posible venta de ITP, su negocio de piezas de motor con sede en Espa\u00f1a, mientras que la compa\u00f1\u00eda ha insinuado que tambi\u00e9n est\u00e1 considerando otras opciones, incluida la recaudaci\u00f3n de fondos.<\/p>\n\n\n\n<p>El gobierno tiene una &#8220;acci\u00f3n de oro&#8221; en Rolls que le da la \u00faltima palabra en caso de una adquisici\u00f3n, un legado de cuando la empresa fue nacionalizada en 1971 despu\u00e9s de tener problemas financieros para desarrollar un nuevo motor avanzado.<\/p>\n\n\n\n<p>Impide que una potencia extranjera controle el delicado trabajo de la empresa en motores a reacci\u00f3n para aviones militares y plantas de energ\u00eda nuclear para submarinos.<\/p>\n\n\n\n<p>Los analistas de Jefferies dijeron que mucho depende de c\u00f3mo se desarrollen las horas de vuelo del motor para Rolls, y agregaron que la empresa har\u00e1 lo que sea necesario para proteger el valor para los accionistas.<\/p>\n\n\n\n<p><small> SalaStampaEu &#8211; ElCanillita.Info &#8211;  Informaci\u00f3n de dominio p\u00fablico<\/small>  <\/p>\n\n\n\n<p><\/p>\n","protected":false},"excerpt":{"rendered":"<p>Londres, 27 de agosto de 2020<br \/>\n Rolls-Royce ha advertido que su futuro podr\u00eda estar en riesgo si la recesi\u00f3n de Covid se vuelve a\u00fan m\u00e1s severa&#8230;<\/p>\n","protected":false},"author":1,"featured_media":1057,"comment_status":"closed","ping_status":"closed","sticky":false,"template":"","format":"standard","meta":{"footnotes":"","_links_to":"","_links_to_target":""},"categories":[70,20,5,78,25],"tags":[58],"class_list":["post-1056","post","type-post","status-publish","format-standard","has-post-thumbnail","hentry","category-actualidad","category-economia","category-europa","category-sanidad","category-sociedad","tag-reino-unido","entry","double"],"yoast_head":"<!-- This site is optimized with the Yoast SEO plugin v27.4 - https:\/\/yoast.com\/product\/yoast-seo-wordpress\/ -->\n<title>Rolls-Royce planea vender despu\u00e9s de una p\u00e9rdida r\u00e9cord de \u00a3 5.4 mil millones - ElCanillita.Info<\/title>\n<meta name=\"robots\" content=\"index, follow, max-snippet:-1, max-image-preview:large, max-video-preview:-1\" \/>\n<link rel=\"canonical\" href=\"https:\/\/elcanillita.info\/press\/2020\/08\/27\/rolls-royce-planea-vender-perdida-record\/\" \/>\n<meta property=\"og:locale\" content=\"es_ES\" \/>\n<meta property=\"og:type\" content=\"article\" \/>\n<meta property=\"og:title\" content=\"Rolls-Royce planea vender despu\u00e9s de una p\u00e9rdida r\u00e9cord de \u00a3 5.4 mil millones - ElCanillita.Info\" \/>\n<meta property=\"og:description\" content=\"Londres, 27 de agosto de 2020   Rolls-Royce ha advertido que su futuro podr\u00eda estar en riesgo si la recesi\u00f3n de Covid se vuelve a\u00fan m\u00e1s severa...\" \/>\n<meta property=\"og:url\" content=\"https:\/\/elcanillita.info\/press\/2020\/08\/27\/rolls-royce-planea-vender-perdida-record\/\" \/>\n<meta property=\"og:site_name\" content=\"ElCanillita.Info\" \/>\n<meta property=\"article:publisher\" content=\"https:\/\/ar-ar.facebook.com\/ElCanillitainfo-114249515285712\/\" \/>\n<meta property=\"article:published_time\" content=\"2020-08-27T22:29:17+00:00\" \/>\n<meta property=\"article:modified_time\" content=\"2020-09-08T09:07:17+00:00\" \/>\n<meta property=\"og:image\" content=\"https:\/\/elcanillita.info\/press\/images\/2020\/08\/rolls-1.jpg\" \/>\n\t<meta property=\"og:image:width\" content=\"600\" \/>\n\t<meta property=\"og:image:height\" content=\"400\" \/>\n\t<meta property=\"og:image:type\" content=\"image\/jpeg\" \/>\n<meta name=\"author\" content=\"SalaStampa.eu, world press service\" \/>\n<meta name=\"twitter:card\" content=\"summary_large_image\" \/>\n<meta name=\"twitter:label1\" content=\"Escrito por\" \/>\n\t<meta name=\"twitter:data1\" content=\"SalaStampa.eu, world press service\" \/>\n\t<meta name=\"twitter:label2\" content=\"Tiempo de lectura\" \/>\n\t<meta name=\"twitter:data2\" content=\"4 minutos\" \/>\n<script type=\"application\/ld+json\" class=\"yoast-schema-graph\">{\"@context\":\"https:\\\/\\\/schema.org\",\"@graph\":[{\"@type\":\"Article\",\"@id\":\"https:\\\/\\\/elcanillita.info\\\/press\\\/2020\\\/08\\\/27\\\/rolls-royce-planea-vender-perdida-record\\\/#article\",\"isPartOf\":{\"@id\":\"https:\\\/\\\/elcanillita.info\\\/press\\\/2020\\\/08\\\/27\\\/rolls-royce-planea-vender-perdida-record\\\/\"},\"author\":{\"name\":\"SalaStampa.eu, world press service\",\"@id\":\"https:\\\/\\\/elcanillita.info\\\/press\\\/#\\\/schema\\\/person\\\/7fcb79f38045700919f7da6d97e71ba0\"},\"headline\":\"Rolls-Royce planea vender despu\u00e9s de una p\u00e9rdida r\u00e9cord de \u00a3 5.4 mil millones\",\"datePublished\":\"2020-08-27T22:29:17+00:00\",\"dateModified\":\"2020-09-08T09:07:17+00:00\",\"mainEntityOfPage\":{\"@id\":\"https:\\\/\\\/elcanillita.info\\\/press\\\/2020\\\/08\\\/27\\\/rolls-royce-planea-vender-perdida-record\\\/\"},\"wordCount\":897,\"publisher\":{\"@id\":\"https:\\\/\\\/elcanillita.info\\\/press\\\/#organization\"},\"image\":{\"@id\":\"https:\\\/\\\/elcanillita.info\\\/press\\\/2020\\\/08\\\/27\\\/rolls-royce-planea-vender-perdida-record\\\/#primaryimage\"},\"thumbnailUrl\":\"https:\\\/\\\/elcanillita.info\\\/press\\\/images\\\/2020\\\/08\\\/rolls-1.jpg\",\"keywords\":[\"Reino Unido\"],\"articleSection\":[\"Actualidad\",\"Economia\",\"Europa\",\"Sanidad\",\"Sociedad\"],\"inLanguage\":\"es-AR\"},{\"@type\":\"WebPage\",\"@id\":\"https:\\\/\\\/elcanillita.info\\\/press\\\/2020\\\/08\\\/27\\\/rolls-royce-planea-vender-perdida-record\\\/\",\"url\":\"https:\\\/\\\/elcanillita.info\\\/press\\\/2020\\\/08\\\/27\\\/rolls-royce-planea-vender-perdida-record\\\/\",\"name\":\"Rolls-Royce planea vender despu\u00e9s de una p\u00e9rdida r\u00e9cord de \u00a3 5.4 mil millones - ElCanillita.Info\",\"isPartOf\":{\"@id\":\"https:\\\/\\\/elcanillita.info\\\/press\\\/#website\"},\"primaryImageOfPage\":{\"@id\":\"https:\\\/\\\/elcanillita.info\\\/press\\\/2020\\\/08\\\/27\\\/rolls-royce-planea-vender-perdida-record\\\/#primaryimage\"},\"image\":{\"@id\":\"https:\\\/\\\/elcanillita.info\\\/press\\\/2020\\\/08\\\/27\\\/rolls-royce-planea-vender-perdida-record\\\/#primaryimage\"},\"thumbnailUrl\":\"https:\\\/\\\/elcanillita.info\\\/press\\\/images\\\/2020\\\/08\\\/rolls-1.jpg\",\"datePublished\":\"2020-08-27T22:29:17+00:00\",\"dateModified\":\"2020-09-08T09:07:17+00:00\",\"inLanguage\":\"es-AR\",\"potentialAction\":[{\"@type\":\"ReadAction\",\"target\":[\"https:\\\/\\\/elcanillita.info\\\/press\\\/2020\\\/08\\\/27\\\/rolls-royce-planea-vender-perdida-record\\\/\"]}]},{\"@type\":\"ImageObject\",\"inLanguage\":\"es-AR\",\"@id\":\"https:\\\/\\\/elcanillita.info\\\/press\\\/2020\\\/08\\\/27\\\/rolls-royce-planea-vender-perdida-record\\\/#primaryimage\",\"url\":\"https:\\\/\\\/elcanillita.info\\\/press\\\/images\\\/2020\\\/08\\\/rolls-1.jpg\",\"contentUrl\":\"https:\\\/\\\/elcanillita.info\\\/press\\\/images\\\/2020\\\/08\\\/rolls-1.jpg\",\"width\":600,\"height\":400},{\"@type\":\"WebSite\",\"@id\":\"https:\\\/\\\/elcanillita.info\\\/press\\\/#website\",\"url\":\"https:\\\/\\\/elcanillita.info\\\/press\\\/\",\"name\":\"ElCanillita.Info\",\"description\":\"desde los Apeninos a los Andes\",\"publisher\":{\"@id\":\"https:\\\/\\\/elcanillita.info\\\/press\\\/#organization\"},\"potentialAction\":[{\"@type\":\"SearchAction\",\"target\":{\"@type\":\"EntryPoint\",\"urlTemplate\":\"https:\\\/\\\/elcanillita.info\\\/press\\\/?s={search_term_string}\"},\"query-input\":{\"@type\":\"PropertyValueSpecification\",\"valueRequired\":true,\"valueName\":\"search_term_string\"}}],\"inLanguage\":\"es-AR\"},{\"@type\":\"Organization\",\"@id\":\"https:\\\/\\\/elcanillita.info\\\/press\\\/#organization\",\"name\":\"Guzzo Photos & Graphic Publications\",\"url\":\"https:\\\/\\\/elcanillita.info\\\/press\\\/\",\"logo\":{\"@type\":\"ImageObject\",\"inLanguage\":\"es-AR\",\"@id\":\"https:\\\/\\\/elcanillita.info\\\/press\\\/#\\\/schema\\\/logo\\\/image\\\/\",\"url\":\"https:\\\/\\\/elcanillita.info\\\/press\\\/images\\\/2020\\\/01\\\/cropped-cropped-cropped-elcanillitainfo.png\",\"contentUrl\":\"https:\\\/\\\/elcanillita.info\\\/press\\\/images\\\/2020\\\/01\\\/cropped-cropped-cropped-elcanillitainfo.png\",\"width\":460,\"height\":50,\"caption\":\"Guzzo Photos & Graphic Publications\"},\"image\":{\"@id\":\"https:\\\/\\\/elcanillita.info\\\/press\\\/#\\\/schema\\\/logo\\\/image\\\/\"},\"sameAs\":[\"https:\\\/\\\/ar-ar.facebook.com\\\/ElCanillitainfo-114249515285712\\\/\"]},{\"@type\":\"Person\",\"@id\":\"https:\\\/\\\/elcanillita.info\\\/press\\\/#\\\/schema\\\/person\\\/7fcb79f38045700919f7da6d97e71ba0\",\"name\":\"SalaStampa.eu, world press service\",\"image\":{\"@type\":\"ImageObject\",\"inLanguage\":\"es-AR\",\"@id\":\"https:\\\/\\\/secure.gravatar.com\\\/avatar\\\/c2f0e0d515a107624234994507816ca4724c7199cef73fc8bedebf6931d73888?s=96&d=mm&r=g\",\"url\":\"https:\\\/\\\/secure.gravatar.com\\\/avatar\\\/c2f0e0d515a107624234994507816ca4724c7199cef73fc8bedebf6931d73888?s=96&d=mm&r=g\",\"contentUrl\":\"https:\\\/\\\/secure.gravatar.com\\\/avatar\\\/c2f0e0d515a107624234994507816ca4724c7199cef73fc8bedebf6931d73888?s=96&d=mm&r=g\",\"caption\":\"SalaStampa.eu, world press service\"}}]}<\/script>\n<!-- \/ Yoast SEO plugin. -->","yoast_head_json":{"title":"Rolls-Royce planea vender despu\u00e9s de una p\u00e9rdida r\u00e9cord de \u00a3 5.4 mil millones - ElCanillita.Info","robots":{"index":"index","follow":"follow","max-snippet":"max-snippet:-1","max-image-preview":"max-image-preview:large","max-video-preview":"max-video-preview:-1"},"canonical":"https:\/\/elcanillita.info\/press\/2020\/08\/27\/rolls-royce-planea-vender-perdida-record\/","og_locale":"es_ES","og_type":"article","og_title":"Rolls-Royce planea vender despu\u00e9s de una p\u00e9rdida r\u00e9cord de \u00a3 5.4 mil millones - ElCanillita.Info","og_description":"Londres, 27 de agosto de 2020   Rolls-Royce ha advertido que su futuro podr\u00eda estar en riesgo si la recesi\u00f3n de Covid se vuelve a\u00fan m\u00e1s severa...","og_url":"https:\/\/elcanillita.info\/press\/2020\/08\/27\/rolls-royce-planea-vender-perdida-record\/","og_site_name":"ElCanillita.Info","article_publisher":"https:\/\/ar-ar.facebook.com\/ElCanillitainfo-114249515285712\/","article_published_time":"2020-08-27T22:29:17+00:00","article_modified_time":"2020-09-08T09:07:17+00:00","og_image":[{"width":600,"height":400,"url":"https:\/\/elcanillita.info\/press\/images\/2020\/08\/rolls-1.jpg","type":"image\/jpeg"}],"author":"SalaStampa.eu, world press service","twitter_card":"summary_large_image","twitter_misc":{"Escrito por":"SalaStampa.eu, world press service","Tiempo de lectura":"4 minutos"},"schema":{"@context":"https:\/\/schema.org","@graph":[{"@type":"Article","@id":"https:\/\/elcanillita.info\/press\/2020\/08\/27\/rolls-royce-planea-vender-perdida-record\/#article","isPartOf":{"@id":"https:\/\/elcanillita.info\/press\/2020\/08\/27\/rolls-royce-planea-vender-perdida-record\/"},"author":{"name":"SalaStampa.eu, world press service","@id":"https:\/\/elcanillita.info\/press\/#\/schema\/person\/7fcb79f38045700919f7da6d97e71ba0"},"headline":"Rolls-Royce planea vender despu\u00e9s de una p\u00e9rdida r\u00e9cord de \u00a3 5.4 mil millones","datePublished":"2020-08-27T22:29:17+00:00","dateModified":"2020-09-08T09:07:17+00:00","mainEntityOfPage":{"@id":"https:\/\/elcanillita.info\/press\/2020\/08\/27\/rolls-royce-planea-vender-perdida-record\/"},"wordCount":897,"publisher":{"@id":"https:\/\/elcanillita.info\/press\/#organization"},"image":{"@id":"https:\/\/elcanillita.info\/press\/2020\/08\/27\/rolls-royce-planea-vender-perdida-record\/#primaryimage"},"thumbnailUrl":"https:\/\/elcanillita.info\/press\/images\/2020\/08\/rolls-1.jpg","keywords":["Reino Unido"],"articleSection":["Actualidad","Economia","Europa","Sanidad","Sociedad"],"inLanguage":"es-AR"},{"@type":"WebPage","@id":"https:\/\/elcanillita.info\/press\/2020\/08\/27\/rolls-royce-planea-vender-perdida-record\/","url":"https:\/\/elcanillita.info\/press\/2020\/08\/27\/rolls-royce-planea-vender-perdida-record\/","name":"Rolls-Royce planea vender despu\u00e9s de una p\u00e9rdida r\u00e9cord de \u00a3 5.4 mil millones - ElCanillita.Info","isPartOf":{"@id":"https:\/\/elcanillita.info\/press\/#website"},"primaryImageOfPage":{"@id":"https:\/\/elcanillita.info\/press\/2020\/08\/27\/rolls-royce-planea-vender-perdida-record\/#primaryimage"},"image":{"@id":"https:\/\/elcanillita.info\/press\/2020\/08\/27\/rolls-royce-planea-vender-perdida-record\/#primaryimage"},"thumbnailUrl":"https:\/\/elcanillita.info\/press\/images\/2020\/08\/rolls-1.jpg","datePublished":"2020-08-27T22:29:17+00:00","dateModified":"2020-09-08T09:07:17+00:00","inLanguage":"es-AR","potentialAction":[{"@type":"ReadAction","target":["https:\/\/elcanillita.info\/press\/2020\/08\/27\/rolls-royce-planea-vender-perdida-record\/"]}]},{"@type":"ImageObject","inLanguage":"es-AR","@id":"https:\/\/elcanillita.info\/press\/2020\/08\/27\/rolls-royce-planea-vender-perdida-record\/#primaryimage","url":"https:\/\/elcanillita.info\/press\/images\/2020\/08\/rolls-1.jpg","contentUrl":"https:\/\/elcanillita.info\/press\/images\/2020\/08\/rolls-1.jpg","width":600,"height":400},{"@type":"WebSite","@id":"https:\/\/elcanillita.info\/press\/#website","url":"https:\/\/elcanillita.info\/press\/","name":"ElCanillita.Info","description":"desde los Apeninos a los Andes","publisher":{"@id":"https:\/\/elcanillita.info\/press\/#organization"},"potentialAction":[{"@type":"SearchAction","target":{"@type":"EntryPoint","urlTemplate":"https:\/\/elcanillita.info\/press\/?s={search_term_string}"},"query-input":{"@type":"PropertyValueSpecification","valueRequired":true,"valueName":"search_term_string"}}],"inLanguage":"es-AR"},{"@type":"Organization","@id":"https:\/\/elcanillita.info\/press\/#organization","name":"Guzzo Photos & Graphic Publications","url":"https:\/\/elcanillita.info\/press\/","logo":{"@type":"ImageObject","inLanguage":"es-AR","@id":"https:\/\/elcanillita.info\/press\/#\/schema\/logo\/image\/","url":"https:\/\/elcanillita.info\/press\/images\/2020\/01\/cropped-cropped-cropped-elcanillitainfo.png","contentUrl":"https:\/\/elcanillita.info\/press\/images\/2020\/01\/cropped-cropped-cropped-elcanillitainfo.png","width":460,"height":50,"caption":"Guzzo Photos & Graphic Publications"},"image":{"@id":"https:\/\/elcanillita.info\/press\/#\/schema\/logo\/image\/"},"sameAs":["https:\/\/ar-ar.facebook.com\/ElCanillitainfo-114249515285712\/"]},{"@type":"Person","@id":"https:\/\/elcanillita.info\/press\/#\/schema\/person\/7fcb79f38045700919f7da6d97e71ba0","name":"SalaStampa.eu, world press service","image":{"@type":"ImageObject","inLanguage":"es-AR","@id":"https:\/\/secure.gravatar.com\/avatar\/c2f0e0d515a107624234994507816ca4724c7199cef73fc8bedebf6931d73888?s=96&d=mm&r=g","url":"https:\/\/secure.gravatar.com\/avatar\/c2f0e0d515a107624234994507816ca4724c7199cef73fc8bedebf6931d73888?s=96&d=mm&r=g","contentUrl":"https:\/\/secure.gravatar.com\/avatar\/c2f0e0d515a107624234994507816ca4724c7199cef73fc8bedebf6931d73888?s=96&d=mm&r=g","caption":"SalaStampa.eu, world press service"}}]}},"views":656,"_links":{"self":[{"href":"https:\/\/elcanillita.info\/press\/wp-json\/wp\/v2\/posts\/1056","targetHints":{"allow":["GET"]}}],"collection":[{"href":"https:\/\/elcanillita.info\/press\/wp-json\/wp\/v2\/posts"}],"about":[{"href":"https:\/\/elcanillita.info\/press\/wp-json\/wp\/v2\/types\/post"}],"author":[{"embeddable":true,"href":"https:\/\/elcanillita.info\/press\/wp-json\/wp\/v2\/users\/1"}],"replies":[{"embeddable":true,"href":"https:\/\/elcanillita.info\/press\/wp-json\/wp\/v2\/comments?post=1056"}],"version-history":[{"count":0,"href":"https:\/\/elcanillita.info\/press\/wp-json\/wp\/v2\/posts\/1056\/revisions"}],"wp:featuredmedia":[{"embeddable":true,"href":"https:\/\/elcanillita.info\/press\/wp-json\/wp\/v2\/media\/1057"}],"wp:attachment":[{"href":"https:\/\/elcanillita.info\/press\/wp-json\/wp\/v2\/media?parent=1056"}],"wp:term":[{"taxonomy":"category","embeddable":true,"href":"https:\/\/elcanillita.info\/press\/wp-json\/wp\/v2\/categories?post=1056"},{"taxonomy":"post_tag","embeddable":true,"href":"https:\/\/elcanillita.info\/press\/wp-json\/wp\/v2\/tags?post=1056"}],"curies":[{"name":"wp","href":"https:\/\/api.w.org\/{rel}","templated":true}]}}